{"id":8505,"date":"2025-03-04T08:50:00","date_gmt":"2025-03-04T11:50:00","guid":{"rendered":"https:\/\/www.correiobraziliense.com.br\/cbradar\/?p=8505"},"modified":"2025-06-17T16:32:27","modified_gmt":"2025-06-17T19:32:27","slug":"engenharia-e-tecnologia-lideram-ranking-de-melhores-salarios-veja-lista","status":"publish","type":"post","link":"https:\/\/www.correiobraziliense.com.br\/cbradar\/engenharia-e-tecnologia-lideram-ranking-de-melhores-salarios-veja-lista\/","title":{"rendered":"Engenharia e tecnologia lideram ranking de melhores sal\u00e1rios, veja lista"},"content":{"rendered":"\n<p>Um estudo recente da <strong><a href=\"https:\/\/firjan.com.br\/pagina-inicial.htm\" target=\"_blank\" rel=\"noreferrer noopener\">Federa\u00e7\u00e3o das Ind\u00fastrias do Estado do Rio de Janeiro (Firjan)<\/a> <\/strong>revelou as profiss\u00f5es com os melhores sal\u00e1rios iniciais no <strong>Brasil<\/strong>. A pesquisa, divulgada em fevereiro de 2025, destacou a predomin\u00e2ncia dos engenheiros no mercado de trabalho, com a engenharia de computa\u00e7\u00e3o liderando a lista. Este setor oferece uma remunera\u00e7\u00e3o m\u00e9dia inicial de R$ 13.794, seguido por engenharia de minas, dire\u00e7\u00e3o de espet\u00e1culos, engenharia qu\u00edmica e engenharia mec\u00e2nica.<\/p>\n\n\n\n<p>O aumento nos sal\u00e1rios iniciais \u00e9 atribu\u00eddo ao aquecimento do mercado de trabalho. Em 2024, o sal\u00e1rio m\u00e9dio de admiss\u00e3o no pa\u00eds subiu 2%, alcan\u00e7ando R$ 2.178. Este crescimento reflete a menor taxa de desemprego no <strong>Brasil<\/strong>, conforme observado por <strong>Jonathas Goulart<\/strong>, gerente de Estudos Econ\u00f4micos da<strong> Firjan<\/strong>. Profiss\u00f5es t\u00e9cnicas, especialmente em tecnologia e infraestrutura, continuam a ser altamente valorizadas.<\/p>\n\n\n\n<h2 class=\"wp-block-heading\"><strong>Quais fatores impulsionam o aumento dos sal\u00e1rios iniciais?<\/strong><\/h2>\n\n\n\n<p>O aumento dos sal\u00e1rios iniciais no <strong>Brasil<\/strong> \u00e9 impulsionado por diversos fatores, incluindo a demanda crescente por profissionais qualificados em setores t\u00e9cnicos. A tecnologia e a infraestrutura s\u00e3o \u00e1reas que exigem alta capacidade t\u00e9cnica, resultando em sal\u00e1rios mais elevados devido \u00e0 escassez de profissionais capacitados. O avan\u00e7o das m\u00eddias digitais tamb\u00e9m contribuiu para o aumento da demanda por trabalhadores na \u00e1rea de tecnologia.<\/p>\n\n\n\n<p>Al\u00e9m disso, a infla\u00e7\u00e3o salarial \u00e9 um reflexo do desequil\u00edbrio entre oferta e demanda. Com a procura por profissionais qualificados superando a oferta, os sal\u00e1rios acabam sendo inflacionados. A <strong>Firjan <\/strong>considera os sal\u00e1rios reais, descontando o efeito inflacion\u00e1rio, para fornecer uma vis\u00e3o precisa do mercado.<\/p>\n\n\n\n<ol class=\"wp-block-list\">\n<li>Engenheiro da computa\u00e7\u00e3o<\/li>\n\n\n\n<li>Engenheiro de Minas e afins<\/li>\n\n\n\n<li>Direitores de espet\u00e1culos<\/li>\n\n\n\n<li>Engenheiros qu\u00edmicos<\/li>\n\n\n\n<li>Engenheiros mec\u00e2nicos<\/li>\n\n\n\n<li>Ge\u00f3logo, ocean\u00f3grafo<\/li>\n\n\n\n<li>M\u00e9dicos<\/li>\n\n\n\n<li>Engenheiros de produ\u00e7\u00e3o<\/li>\n\n\n\n<li>Pesquisadores de engenharia e tecnologia<\/li>\n\n\n\n<li>Engenheiros eletricistas<\/li>\n<\/ol>\n\n\n\n<figure class=\"wp-block-image size-large\"><img decoding=\"async\" width=\"1024\" height=\"576\" src=\"https:\/\/www.correiobraziliense.com.br\/cbradar\/wp-content\/uploads\/2025\/03\/faculdade-brasil_1741023081567-1024x576.jpg\" alt=\"Engenharia e tecnologia lideram ranking de melhores sal\u00e1rios, veja lista\" class=\"wp-image-8518\" srcset=\"https:\/\/www.correiobraziliense.com.br\/cbradar\/wp-content\/uploads\/2025\/03\/faculdade-brasil_1741023081567-1024x576.jpg 1024w, https:\/\/www.correiobraziliense.com.br\/cbradar\/wp-content\/uploads\/2025\/03\/faculdade-brasil_1741023081567-300x169.jpg 300w, https:\/\/www.correiobraziliense.com.br\/cbradar\/wp-content\/uploads\/2025\/03\/faculdade-brasil_1741023081567-768x432.jpg 768w, https:\/\/www.correiobraziliense.com.br\/cbradar\/wp-content\/uploads\/2025\/03\/faculdade-brasil_1741023081567-750x422.jpg 750w, https:\/\/www.correiobraziliense.com.br\/cbradar\/wp-content\/uploads\/2025\/03\/faculdade-brasil_1741023081567-1140x641.jpg 1140w, https:\/\/www.correiobraziliense.com.br\/cbradar\/wp-content\/uploads\/2025\/03\/faculdade-brasil_1741023081567.jpg 1280w\" sizes=\"(max-width: 1024px) 100vw, 1024px\" \/><figcaption class=\"wp-element-caption\">faculdade\nCr\u00e9ditos: depositphotos.com \/ joasouza<\/figcaption><\/figure>\n\n\n\n<h2 class=\"wp-block-heading\"><strong>Como a Firjan realiza o levantamento dos melhores sal\u00e1rios?<\/strong><\/h2>\n\n\n\n<p>A pesquisa da <strong>Firjan <\/strong>\u00e9 realizada anualmente com base nos dados da <strong>Rela\u00e7\u00e3o Anual de Informa\u00e7\u00f5es Sociais (RAIS)<\/strong> do <strong>Minist\u00e9rio do Trabalho<\/strong>. Diferente de outros levantamentos, a <strong>Firjan <\/strong>n\u00e3o define previamente as profiss\u00f5es a serem analisadas. O estudo identifica as profiss\u00f5es com os maiores sal\u00e1rios a partir de uma an\u00e1lise t\u00e9cnica de todas as ocupa\u00e7\u00f5es listadas no <strong>Cadastro Brasileiro de Ocupa\u00e7\u00f5es (CBO)<\/strong>.<\/p>\n\n\n\n<p>Para os pr\u00f3ximos anos, a expectativa \u00e9 de um crescimento mais moderado nos sal\u00e1rios iniciais, mas mantendo a valoriza\u00e7\u00e3o das profiss\u00f5es t\u00e9cnicas. O mercado de trabalho tende a se equilibrar, com a oferta se igualando \u00e0 demanda, resultando em um crescimento salarial menos acelerado.<\/p>\n\n\n\n<h2 class=\"wp-block-heading\"><strong>O que motiva os jovens a escolherem profiss\u00f5es t\u00e9cnicas?<\/strong><\/h2>\n\n\n\n<p><strong>Ant\u00f4nio Rocha<\/strong>, de 17 anos, escolheu cursar engenharia qu\u00edmica na <strong>Universidade de Bras\u00edlia (UnB)<\/strong> ap\u00f3s passar em segundo lugar no <strong>Programa de Avalia\u00e7\u00e3o Seriada (PAS)<\/strong>. A escolha foi motivada pelo interesse em ci\u00eancias e pelas oportunidades de carreira. Embora n\u00e3o soubesse inicialmente sobre os altos sal\u00e1rios da profiss\u00e3o, considera isso um b\u00f4nus.<\/p>\n\n\n\n<p><strong>Igor Davi Moraes<\/strong>, de 25 anos, est\u00e1 concluindo sua gradua\u00e7\u00e3o em engenharia da computa\u00e7\u00e3o na <strong>UnB<\/strong>. Ele optou por essa \u00e1rea devido \u00e0 alta demanda no mercado de trabalho e ao potencial financeiro. A escolha foi influenciada tanto pelo gosto pessoal quanto pela busca por estabilidade futura.<\/p>\n\n\n\n<h2 class=\"wp-block-heading\"><strong>Desafios e expectativas no mercado de trabalho<\/strong><\/h2>\n\n\n\n<p>Apesar dos altos sal\u00e1rios mencionados na pesquisa, a realidade pode ser diferente para muitos profissionais. <strong>Nando Villardo<\/strong>, diretor teatral com mais de 33 anos de experi\u00eancia, ressalta que os valores citados se aplicam a casos espec\u00edficos, como diretores com patroc\u00ednio. A paix\u00e3o pela cultura \u00e9 o que mant\u00e9m muitos profissionais na \u00e1rea, mais do que o dinheiro.<\/p>\n\n\n\n<p><strong>Villardo <\/strong>espera que sua companhia teatral conquiste apoiadores no futuro, garantindo melhores condi\u00e7\u00f5es para toda a equipe. A expectativa \u00e9 que, nos pr\u00f3ximos anos, o mercado de trabalho se torne mais equilibrado, com sal\u00e1rios compat\u00edveis com as responsabilidades dos profissionais.<\/p>\n","protected":false},"excerpt":{"rendered":"<p>Confira as profiss\u00f5es com os melhores sal\u00e1rios iniciais no Brasil em 2025, lideradas por engenharia e tecnologia.<\/p>\n","protected":false},"author":3,"featured_media":8513,"comment_status":"open","ping_status":"open","sticky":false,"template":"","format":"standard","meta":{"_yoast_wpseo_focuskw":"sal\u00e1rios","_yoast_wpseo_title":"%%title%%","_yoast_wpseo_metadesc":"Confira as profiss\u00f5es com os melhores sal\u00e1rios iniciais no Brasil em 2025, lideradas por engenharia e tecnologia.","jnews-multi-image_gallery":[],"jnews_single_post":{"format":"standard"},"jnews_primary_category":[],"jnews_social_meta":[],"jnews_override_counter":[],"footnotes":""},"categories":[112],"post_tag":[550,617,114,185],"class_list":["post-8505","post","type-post","status-publish","format-standard","has-post-thumbnail","hentry","category-curiosidades","tag-engenharia","tag-salarios","tag-tecnologia","tag-trabalho"],"yoast_head":"<!-- This site is optimized with the Yoast SEO plugin v24.6 - https:\/\/yoast.com\/wordpress\/plugins\/seo\/ -->\n<title>Engenharia e tecnologia lideram ranking de melhores sal\u00e1rios, veja lista<\/title>\n<meta name=\"description\" content=\"Confira as profiss\u00f5es com os melhores sal\u00e1rios iniciais no Brasil em 2025, lideradas por engenharia e tecnologia.\" \/>\n<meta name=\"robots\" content=\"index, follow, max-snippet:-1, max-image-preview:large, max-video-preview:-1\" \/>\n<link rel=\"canonical\" href=\"https:\/\/www.correiobraziliense.com.br\/cbradar\/engenharia-e-tecnologia-lideram-ranking-de-melhores-salarios-veja-lista\/\" \/>\n<meta property=\"og:locale\" content=\"pt_BR\" \/>\n<meta property=\"og:type\" content=\"article\" \/>\n<meta property=\"og:title\" content=\"Engenharia e tecnologia lideram ranking de melhores sal\u00e1rios, veja lista\" \/>\n<meta property=\"og:description\" content=\"Confira as profiss\u00f5es com os melhores sal\u00e1rios iniciais no Brasil em 2025, lideradas por engenharia e tecnologia.\" \/>\n<meta property=\"og:url\" content=\"https:\/\/www.correiobraziliense.com.br\/cbradar\/engenharia-e-tecnologia-lideram-ranking-de-melhores-salarios-veja-lista\/\" \/>\n<meta property=\"og:site_name\" content=\"Correio Braziliense - Radar\" \/>\n<meta property=\"article:published_time\" content=\"2025-03-04T11:50:00+00:00\" \/>\n<meta property=\"article:modified_time\" content=\"2025-06-17T19:32:27+00:00\" \/>\n<meta property=\"og:image\" content=\"https:\/\/www.correiobraziliense.com.br\/cbradar\/wp-content\/uploads\/2025\/03\/tecnologia_1741022973483.jpg\" \/>\n\t<meta property=\"og:image:width\" content=\"1280\" \/>\n\t<meta property=\"og:image:height\" content=\"720\" \/>\n\t<meta property=\"og:image:type\" content=\"image\/jpeg\" \/>\n<meta name=\"author\" content=\"Larissa Carvalho\" \/>\n<meta name=\"twitter:card\" content=\"summary_large_image\" \/>\n<meta name=\"twitter:label1\" content=\"Escrito por\" \/>\n\t<meta name=\"twitter:data1\" content=\"Larissa Carvalho\" \/>\n\t<meta name=\"twitter:label2\" content=\"Est. tempo de leitura\" \/>\n\t<meta name=\"twitter:data2\" content=\"4 minutos\" \/>\n<!-- \/ Yoast SEO plugin. -->","yoast_head_json":{"title":"Engenharia e tecnologia lideram ranking de melhores sal\u00e1rios, veja lista","description":"Confira as profiss\u00f5es com os melhores sal\u00e1rios iniciais no Brasil em 2025, lideradas por engenharia e tecnologia.","robots":{"index":"index","follow":"follow","max-snippet":"max-snippet:-1","max-image-preview":"max-image-preview:large","max-video-preview":"max-video-preview:-1"},"canonical":"https:\/\/www.correiobraziliense.com.br\/cbradar\/engenharia-e-tecnologia-lideram-ranking-de-melhores-salarios-veja-lista\/","og_locale":"pt_BR","og_type":"article","og_title":"Engenharia e tecnologia lideram ranking de melhores sal\u00e1rios, veja lista","og_description":"Confira as profiss\u00f5es com os melhores sal\u00e1rios iniciais no Brasil em 2025, lideradas por engenharia e tecnologia.","og_url":"https:\/\/www.correiobraziliense.com.br\/cbradar\/engenharia-e-tecnologia-lideram-ranking-de-melhores-salarios-veja-lista\/","og_site_name":"Correio Braziliense - Radar","article_published_time":"2025-03-04T11:50:00+00:00","article_modified_time":"2025-06-17T19:32:27+00:00","og_image":[{"width":1280,"height":720,"url":"https:\/\/www.correiobraziliense.com.br\/cbradar\/wp-content\/uploads\/2025\/03\/tecnologia_1741022973483.jpg","type":"image\/jpeg"}],"author":"Larissa Carvalho","twitter_card":"summary_large_image","twitter_misc":{"Escrito por":"Larissa Carvalho","Est. tempo de leitura":"4 minutos"},"schema":{"@context":"https:\/\/schema.org","@graph":[{"@type":"WebPage","@id":"https:\/\/www.correiobraziliense.com.br\/cbradar\/engenharia-e-tecnologia-lideram-ranking-de-melhores-salarios-veja-lista\/","url":"https:\/\/www.correiobraziliense.com.br\/cbradar\/engenharia-e-tecnologia-lideram-ranking-de-melhores-salarios-veja-lista\/","name":"Engenharia e tecnologia lideram ranking de melhores sal\u00e1rios, veja lista","isPartOf":{"@id":"https:\/\/www.correiobraziliense.com.br\/cbradar\/#website"},"primaryImageOfPage":{"@id":"https:\/\/www.correiobraziliense.com.br\/cbradar\/engenharia-e-tecnologia-lideram-ranking-de-melhores-salarios-veja-lista\/#primaryimage"},"image":{"@id":"https:\/\/www.correiobraziliense.com.br\/cbradar\/engenharia-e-tecnologia-lideram-ranking-de-melhores-salarios-veja-lista\/#primaryimage"},"thumbnailUrl":"https:\/\/www.correiobraziliense.com.br\/cbradar\/wp-content\/uploads\/2025\/03\/tecnologia_1741022973483.jpg","datePublished":"2025-03-04T11:50:00+00:00","dateModified":"2025-06-17T19:32:27+00:00","author":{"@id":"https:\/\/www.correiobraziliense.com.br\/cbradar\/#\/schema\/person\/58422787644df994b53a19d3e56c1513"},"description":"Confira as profiss\u00f5es com os melhores sal\u00e1rios iniciais no Brasil em 2025, lideradas por engenharia e tecnologia.","breadcrumb":{"@id":"https:\/\/www.correiobraziliense.com.br\/cbradar\/engenharia-e-tecnologia-lideram-ranking-de-melhores-salarios-veja-lista\/#breadcrumb"},"inLanguage":"pt-BR","potentialAction":[{"@type":"ReadAction","target":["https:\/\/www.correiobraziliense.com.br\/cbradar\/engenharia-e-tecnologia-lideram-ranking-de-melhores-salarios-veja-lista\/"]}]},{"@type":"ImageObject","inLanguage":"pt-BR","@id":"https:\/\/www.correiobraziliense.com.br\/cbradar\/engenharia-e-tecnologia-lideram-ranking-de-melhores-salarios-veja-lista\/#primaryimage","url":"https:\/\/www.correiobraziliense.com.br\/cbradar\/wp-content\/uploads\/2025\/03\/tecnologia_1741022973483.jpg","contentUrl":"https:\/\/www.correiobraziliense.com.br\/cbradar\/wp-content\/uploads\/2025\/03\/tecnologia_1741022973483.jpg","width":1280,"height":720,"caption":"Trabalhos. Cr\u00e9ditos: depositphotos.com \/ HayDmitriy"},{"@type":"BreadcrumbList","@id":"https:\/\/www.correiobraziliense.com.br\/cbradar\/engenharia-e-tecnologia-lideram-ranking-de-melhores-salarios-veja-lista\/#breadcrumb","itemListElement":[{"@type":"ListItem","position":1,"name":"In\u00edcio","item":"https:\/\/www.correiobraziliense.com.br\/cbradar\/"},{"@type":"ListItem","position":2,"name":"Engenharia e tecnologia lideram ranking de melhores sal\u00e1rios, veja lista"}]},{"@type":"WebSite","@id":"https:\/\/www.correiobraziliense.com.br\/cbradar\/#website","url":"https:\/\/www.correiobraziliense.com.br\/cbradar\/","name":"Correio Braziliense - Radar","description":"Acompanhe as \u00faltimas not\u00edcias e fique bem informado sobre tudo o que acontece no Brasil e no mundo.","potentialAction":[{"@type":"SearchAction","target":{"@type":"EntryPoint","urlTemplate":"https:\/\/www.correiobraziliense.com.br\/cbradar\/?s={search_term_string}"},"query-input":{"@type":"PropertyValueSpecification","valueRequired":true,"valueName":"search_term_string"}}],"inLanguage":"pt-BR"},{"@type":"Person","@id":"https:\/\/www.correiobraziliense.com.br\/cbradar\/#\/schema\/person\/58422787644df994b53a19d3e56c1513","name":"Larissa Carvalho","image":{"@type":"ImageObject","inLanguage":"pt-BR","@id":"https:\/\/www.correiobraziliense.com.br\/cbradar\/#\/schema\/person\/image\/","url":"https:\/\/secure.gravatar.com\/avatar\/fe4f91a0de32b52a838d0d612abdc1aa?s=96&d=mm&r=g","contentUrl":"https:\/\/secure.gravatar.com\/avatar\/fe4f91a0de32b52a838d0d612abdc1aa?s=96&d=mm&r=g","caption":"Larissa Carvalho"},"url":"https:\/\/www.correiobraziliense.com.br\/cbradar\/author\/larissamyth\/"}]}},"_links":{"self":[{"href":"https:\/\/www.correiobraziliense.com.br\/cbradar\/wp-json\/wp\/v2\/posts\/8505","targetHints":{"allow":["GET"]}}],"collection":[{"href":"https:\/\/www.correiobraziliense.com.br\/cbradar\/wp-json\/wp\/v2\/posts"}],"about":[{"href":"https:\/\/www.correiobraziliense.com.br\/cbradar\/wp-json\/wp\/v2\/types\/post"}],"author":[{"embeddable":true,"href":"https:\/\/www.correiobraziliense.com.br\/cbradar\/wp-json\/wp\/v2\/users\/3"}],"replies":[{"embeddable":true,"href":"https:\/\/www.correiobraziliense.com.br\/cbradar\/wp-json\/wp\/v2\/comments?post=8505"}],"version-history":[{"count":2,"href":"https:\/\/www.correiobraziliense.com.br\/cbradar\/wp-json\/wp\/v2\/posts\/8505\/revisions"}],"predecessor-version":[{"id":8631,"href":"https:\/\/www.correiobraziliense.com.br\/cbradar\/wp-json\/wp\/v2\/posts\/8505\/revisions\/8631"}],"wp:featuredmedia":[{"embeddable":true,"href":"https:\/\/www.correiobraziliense.com.br\/cbradar\/wp-json\/wp\/v2\/media\/8513"}],"wp:attachment":[{"href":"https:\/\/www.correiobraziliense.com.br\/cbradar\/wp-json\/wp\/v2\/media?parent=8505"}],"wp:term":[{"taxonomy":"category","embeddable":true,"href":"https:\/\/www.correiobraziliense.com.br\/cbradar\/wp-json\/wp\/v2\/categories?post=8505"},{"taxonomy":"post_tag","embeddable":true,"href":"https:\/\/www.correiobraziliense.com.br\/cbradar\/wp-json\/wp\/v2\/post_tag?post=8505"}],"curies":[{"name":"wp","href":"https:\/\/api.w.org\/{rel}","templated":true}]}}