{"id":85391,"date":"2025-08-17T17:13:00","date_gmt":"2025-08-17T20:13:00","guid":{"rendered":"https:\/\/www.correiobraziliense.com.br\/cbradar\/?p=85391"},"modified":"2025-08-12T10:49:58","modified_gmt":"2025-08-12T13:49:58","slug":"a-fruta-seca-que-ajuda-no-transito-intestinal-e-saciedade","status":"publish","type":"post","link":"https:\/\/www.correiobraziliense.com.br\/cbradar\/a-fruta-seca-que-ajuda-no-transito-intestinal-e-saciedade\/","title":{"rendered":"A fruta seca que ajuda no tr\u00e2nsito intestinal e saciedade"},"content":{"rendered":"\n<p>No universo das frutas secas, repletas de nutrientes e energia concentrada, uma se destaca h\u00e1 gera\u00e7\u00f5es por sua reputa\u00e7\u00e3o em promover a regularidade intestinal e o bem-estar digestivo: a <strong><a href=\"https:\/\/pt.wikipedia.org\/wiki\/Ameixa_seca\" target=\"_blank\" rel=\"noreferrer noopener\">ameixa seca<\/a><\/strong>. Longe de ser apenas uma solu\u00e7\u00e3o caseira, seus benef\u00edcios s\u00e3o apoiados pela ci\u00eancia, que desvendou os mecanismos por tr\u00e1s de sua efic\u00e1cia.<\/p>\n\n\n\n<p>Al\u00e9m de seu conhecido papel na sa\u00fade intestinal, a ameixa seca tamb\u00e9m se revela uma ferramenta surpreendentemente \u00fatil para o controle do apetite e da saciedade. Este artigo ir\u00e1 explorar, de forma clara e baseada em evid\u00eancias, como a inclus\u00e3o moderada desta fruta na dieta pode ser uma estrat\u00e9gia saborosa e natural para manter o sistema digestivo em dia e ajudar no controle de peso.<\/p>\n\n\n\n<h2 class=\"wp-block-heading\">Qual a combina\u00e7\u00e3o de nutrientes que torna a ameixa seca t\u00e3o eficaz para o intestino?<\/h2>\n\n\n\n<p>A efic\u00e1cia da ameixa seca no combate \u00e0 constipa\u00e7\u00e3o n\u00e3o se deve a um \u00fanico componente, mas sim a uma poderosa combina\u00e7\u00e3o sin\u00e9rgica de tr\u00eas elementos principais: fibras, sorbitol e compostos fen\u00f3licos.<\/p>\n\n\n\n<h3 class=\"wp-block-heading\">Fibras sol\u00faveis e insol\u00faveis<\/h3>\n\n\n\n<p>A ameixa seca \u00e9 uma excelente fonte de ambos os tipos de fibras. As <strong>fibras insol\u00faveis<\/strong> adicionam volume \u00e0s fezes, o que estimula os movimentos intestinais. As <strong>fibras sol\u00faveis<\/strong> absorvem \u00e1gua, formando um gel que amacia as fezes e facilita sua passagem. Essa combina\u00e7\u00e3o \u00e9 fundamental para um tr\u00e2nsito intestinal regular e saud\u00e1vel.<\/p>\n\n\n\n<h3 class=\"wp-block-heading\">Sorbitol<\/h3>\n\n\n\n<p>Este \u00e9 um tipo de \u00e1lcool de a\u00e7\u00facar que ocorre naturalmente na ameixa. O sorbitol n\u00e3o \u00e9 totalmente digerido no intestino delgado e, ao chegar ao c\u00f3lon, atrai \u00e1gua por osmose. Esse influxo de \u00e1gua ajuda a hidratar as fezes, conferindo \u00e0 ameixa seu conhecido efeito laxativo suave.<\/p>\n\n\n\n<h3 class=\"wp-block-heading\">Compostos fen\u00f3licos<\/h3>\n\n\n\n<p>As ameixas s\u00e3o ricas em compostos fen\u00f3licos que, al\u00e9m de atuarem como antioxidantes, parecem ter um leve efeito estimulante sobre os m\u00fasculos do intestino, contribuindo para a regularidade.<\/p>\n\n\n\n<h2 class=\"wp-block-heading\">De que maneira a ameixa seca pode ajudar a controlar o apetite?<\/h2>\n\n\n<div class=\"wp-block-image\">\n<figure class=\"aligncenter size-large\"><img decoding=\"async\" width=\"1024\" height=\"576\" src=\"https:\/\/www.correiobraziliense.com.br\/cbradar\/wp-content\/uploads\/2025\/08\/ameixa-seca_1755006537935-1024x576.jpg\" alt=\"A fruta seca que ajuda no tr\u00e2nsito intestinal e saciedade\" class=\"wp-image-85399\" srcset=\"https:\/\/www.correiobraziliense.com.br\/cbradar\/wp-content\/uploads\/2025\/08\/ameixa-seca_1755006537935-1024x576.jpg 1024w, https:\/\/www.correiobraziliense.com.br\/cbradar\/wp-content\/uploads\/2025\/08\/ameixa-seca_1755006537935-300x169.jpg 300w, https:\/\/www.correiobraziliense.com.br\/cbradar\/wp-content\/uploads\/2025\/08\/ameixa-seca_1755006537935-768x432.jpg 768w, https:\/\/www.correiobraziliense.com.br\/cbradar\/wp-content\/uploads\/2025\/08\/ameixa-seca_1755006537935-750x422.jpg 750w, https:\/\/www.correiobraziliense.com.br\/cbradar\/wp-content\/uploads\/2025\/08\/ameixa-seca_1755006537935-1140x642.jpg 1140w, https:\/\/www.correiobraziliense.com.br\/cbradar\/wp-content\/uploads\/2025\/08\/ameixa-seca_1755006537935.jpg 1279w\" sizes=\"(max-width: 1024px) 100vw, 1024px\" \/><figcaption class=\"wp-element-caption\">Ameixa seca &#8211; Cr\u00e9ditos: depositphotos.com \/ valery121283<\/figcaption><\/figure><\/div>\n\n\n<p>O mesmo mecanismo que beneficia o tr\u00e2nsito intestinal tamb\u00e9m faz da ameixa seca uma grande aliada da saciedade. As fibras, especialmente as sol\u00faveis, retardam o esvaziamento do est\u00f4mago, o que significa que a sensa\u00e7\u00e3o de plenitude ap\u00f3s a refei\u00e7\u00e3o dura por mais tempo.<\/p>\n\n\n\n<p>Um estudo publicado no <em><strong>Journal of the American College of Nutrition<\/strong><\/em> descobriu que os participantes que comiam ameixas secas antes de uma refei\u00e7\u00e3o se sentiam mais saciados e consumiam menos calorias em geral, em compara\u00e7\u00e3o com aqueles que n\u00e3o o fizeram. Ao prolongar a saciedade, a ameixa seca pode ser uma ferramenta \u00fatil para reduzir o consumo de lanches e controlar a ingest\u00e3o cal\u00f3rica total.<\/p>\n\n\n\n<p>Leia mais: <a href=\"https:\/\/www.correiobraziliense.com.br\/cbradar\/os-alimentos-que-mais-dao-energia-para-treinar\" target=\"_blank\" rel=\"noreferrer noopener\">Os alimentos que mais d\u00e3o energia para treinar<\/a><\/p>\n\n\n\n<h2 class=\"wp-block-heading\">Al\u00e9m da sa\u00fade digestiva, quais outros benef\u00edcios a ameixa seca oferece?<\/h2>\n\n\n\n<p>O perfil nutricional da ameixa seca vai al\u00e9m das fibras, oferecendo outros benef\u00edcios importantes para a sa\u00fade geral, o que a torna uma adi\u00e7\u00e3o ainda mais valiosa \u00e0 dieta.<\/p>\n\n\n\n<h3 class=\"wp-block-heading\">Sa\u00fade \u00f3ssea<\/h3>\n\n\n\n<p>As ameixas secas s\u00e3o ricas em nutrientes importantes para os ossos, incluindo vitamina K e boro. Pesquisas, como as divulgadas pela <strong>Florida State University<\/strong>, sugerem que o consumo regular de ameixas secas pode ajudar a prevenir a perda de densidade \u00f3ssea, especialmente em mulheres na p\u00f3s-menopausa.<\/p>\n\n\n\n<h3 class=\"wp-block-heading\">Sa\u00fade do cora\u00e7\u00e3o<\/h3>\n\n\n\n<p>Elas s\u00e3o uma boa fonte de pot\u00e1ssio, um mineral que ajuda a regular a press\u00e3o arterial. Seus antioxidantes tamb\u00e9m podem ajudar a reduzir os n\u00edveis de colesterol LDL (o &#8220;ruim&#8221;), contribuindo para a sa\u00fade cardiovascular.<\/p>\n\n\n\n<h2 class=\"wp-block-heading\">Como incluir a ameixa seca na dieta de forma equilibrada?<\/h2>\n\n\n\n<p>A modera\u00e7\u00e3o \u00e9 a chave, pois, como toda fruta seca, a ameixa \u00e9 mais concentrada em a\u00e7\u00facar e calorias do que sua vers\u00e3o fresca. Uma por\u00e7\u00e3o de 4 a 5 ameixas secas por dia \u00e9 geralmente suficiente para obter seus benef\u00edcios sem exagerar.<\/p>\n\n\n\n<ul class=\"wp-block-list\">\n<li><strong>Como lanche:<\/strong> Combine-as com um punhado de oleaginosas para um lanche equilibrado em fibras, gorduras saud\u00e1veis e prote\u00ednas.<\/li>\n\n\n\n<li><strong>No caf\u00e9 da manh\u00e3:<\/strong> Pique e adicione ao seu iogurte, mingau de aveia ou cereal matinal.<\/li>\n\n\n\n<li><strong>Em pratos salgados:<\/strong> Elas adicionam um toque agridoce delicioso a pratos de carne de porco, frango ou saladas com gr\u00e3os.<\/li>\n\n\n\n<li><strong>Hidratadas:<\/strong> Deixar as ameixas de molho em \u00e1gua durante a noite (e beber a \u00e1gua) \u00e9 uma forma tradicional de potencializar seu efeito para o intestino.<\/li>\n<\/ul>\n\n\n\n<p>Leia mais: <a href=\"https:\/\/www.correiobraziliense.com.br\/cbradar\/os-alimentos-saudaveis-que-podem-estar-te-dando-gases-e-voce-nem-imaginava\" target=\"_blank\" rel=\"noreferrer noopener\">Os alimentos saud\u00e1veis que podem estar te dando gases e voc\u00ea nem imaginava<\/a><\/p>\n\n\n\n<h2 class=\"wp-block-heading\">Existem contraindica\u00e7\u00f5es ou cuidados a serem tomados?<\/h2>\n\n\n\n<p>Sim. Devido ao seu teor de sorbitol, o consumo excessivo de ameixas secas pode causar gases, incha\u00e7o e diarreia em pessoas mais sens\u00edveis. O aumento na ingest\u00e3o de fibras deve ser sempre gradual e acompanhado de um aumento na ingest\u00e3o de \u00e1gua para evitar o efeito contr\u00e1rio e piorar a constipa\u00e7\u00e3o.<\/p>\n\n\n\n<p>\u00c9 fundamental lembrar que a constipa\u00e7\u00e3o cr\u00f4nica ou mudan\u00e7as s\u00fabitas no h\u00e1bito intestinal devem ser avaliadas por um <strong>m\u00e9dico<\/strong>. Automedicar-se com alimentos laxativos sem um diagn\u00f3stico pode mascarar condi\u00e7\u00f5es mais s\u00e9rias. Para um plano alimentar que vise o controle de peso e a sa\u00fade digestiva, a orienta\u00e7\u00e3o de um <strong>nutricionista<\/strong> \u00e9 sempre a abordagem mais segura e eficaz.<\/p>\n","protected":false},"excerpt":{"rendered":"<p>No universo das frutas secas, repletas de nutrientes e energia concentrada, uma se destaca h\u00e1 gera\u00e7\u00f5es por sua reputa\u00e7\u00e3o em promover a regularidade intestinal e o bem-estar digestivo: a ameixa seca. Longe de ser apenas uma solu\u00e7\u00e3o caseira, seus benef\u00edcios s\u00e3o apoiados pela ci\u00eancia, que desvendou os mecanismos por tr\u00e1s de sua efic\u00e1cia. Al\u00e9m de [&hellip;]<\/p>\n","protected":false},"author":11,"featured_media":85395,"comment_status":"open","ping_status":"open","sticky":false,"template":"","format":"standard","meta":{"_yoast_wpseo_focuskw":"Fruta seca","_yoast_wpseo_title":"","_yoast_wpseo_metadesc":"Fruta seca possui fibras que facilitam o tr\u00e2nsito intestinal e aumentam a sensa\u00e7\u00e3o de saciedade ao longo do dia","jnews-multi-image_gallery":[],"jnews_single_post":{"format":"standard"},"jnews_primary_category":[],"jnews_social_meta":[],"jnews_override_counter":[],"footnotes":""},"categories":[119],"post_tag":[9283,1318],"class_list":["post-85391","post","type-post","status-publish","format-standard","has-post-thumbnail","hentry","category-bem-estar","tag-fruta-seca","tag-saude-2"],"yoast_head":"<!-- This site is optimized with the Yoast SEO plugin v24.6 - https:\/\/yoast.com\/wordpress\/plugins\/seo\/ -->\n<title>A fruta seca que ajuda no tr\u00e2nsito intestinal e saciedade - Correio Braziliense - Radar<\/title>\n<meta name=\"description\" content=\"Fruta seca possui fibras que facilitam o tr\u00e2nsito intestinal e aumentam a sensa\u00e7\u00e3o de saciedade ao longo do dia\" \/>\n<meta name=\"robots\" content=\"index, follow, max-snippet:-1, max-image-preview:large, max-video-preview:-1\" \/>\n<link rel=\"canonical\" href=\"https:\/\/www.correiobraziliense.com.br\/cbradar\/a-fruta-seca-que-ajuda-no-transito-intestinal-e-saciedade\/\" \/>\n<meta property=\"og:locale\" content=\"pt_BR\" \/>\n<meta property=\"og:type\" content=\"article\" \/>\n<meta property=\"og:title\" content=\"A fruta seca que ajuda no tr\u00e2nsito intestinal e saciedade - Correio Braziliense - Radar\" \/>\n<meta property=\"og:description\" content=\"Fruta seca possui fibras que facilitam o tr\u00e2nsito intestinal e aumentam a sensa\u00e7\u00e3o de saciedade ao longo do dia\" \/>\n<meta property=\"og:url\" content=\"https:\/\/www.correiobraziliense.com.br\/cbradar\/a-fruta-seca-que-ajuda-no-transito-intestinal-e-saciedade\/\" \/>\n<meta property=\"og:site_name\" content=\"Correio Braziliense - Radar\" \/>\n<meta property=\"article:published_time\" content=\"2025-08-17T20:13:00+00:00\" \/>\n<meta property=\"og:image\" content=\"https:\/\/www.correiobraziliense.com.br\/cbradar\/wp-content\/uploads\/2025\/08\/Fruta-seca_1755006364818.jpg\" \/>\n\t<meta property=\"og:image:width\" content=\"1280\" \/>\n\t<meta property=\"og:image:height\" content=\"720\" \/>\n\t<meta property=\"og:image:type\" content=\"image\/jpeg\" \/>\n<meta name=\"author\" content=\"Paulo Custodio\" \/>\n<meta name=\"twitter:card\" content=\"summary_large_image\" \/>\n<meta name=\"twitter:label1\" content=\"Escrito por\" \/>\n\t<meta name=\"twitter:data1\" content=\"Paulo Custodio\" \/>\n\t<meta name=\"twitter:label2\" content=\"Est. tempo de leitura\" \/>\n\t<meta name=\"twitter:data2\" content=\"5 minutos\" \/>\n<!-- \/ Yoast SEO plugin. -->","yoast_head_json":{"title":"A fruta seca que ajuda no tr\u00e2nsito intestinal e saciedade - Correio Braziliense - Radar","description":"Fruta seca possui fibras que facilitam o tr\u00e2nsito intestinal e aumentam a sensa\u00e7\u00e3o de saciedade ao longo do dia","robots":{"index":"index","follow":"follow","max-snippet":"max-snippet:-1","max-image-preview":"max-image-preview:large","max-video-preview":"max-video-preview:-1"},"canonical":"https:\/\/www.correiobraziliense.com.br\/cbradar\/a-fruta-seca-que-ajuda-no-transito-intestinal-e-saciedade\/","og_locale":"pt_BR","og_type":"article","og_title":"A fruta seca que ajuda no tr\u00e2nsito intestinal e saciedade - Correio Braziliense - Radar","og_description":"Fruta seca possui fibras que facilitam o tr\u00e2nsito intestinal e aumentam a sensa\u00e7\u00e3o de saciedade ao longo do dia","og_url":"https:\/\/www.correiobraziliense.com.br\/cbradar\/a-fruta-seca-que-ajuda-no-transito-intestinal-e-saciedade\/","og_site_name":"Correio Braziliense - Radar","article_published_time":"2025-08-17T20:13:00+00:00","og_image":[{"width":1280,"height":720,"url":"https:\/\/www.correiobraziliense.com.br\/cbradar\/wp-content\/uploads\/2025\/08\/Fruta-seca_1755006364818.jpg","type":"image\/jpeg"}],"author":"Paulo Custodio","twitter_card":"summary_large_image","twitter_misc":{"Escrito por":"Paulo Custodio","Est. tempo de leitura":"5 minutos"},"schema":{"@context":"https:\/\/schema.org","@graph":[{"@type":"WebPage","@id":"https:\/\/www.correiobraziliense.com.br\/cbradar\/a-fruta-seca-que-ajuda-no-transito-intestinal-e-saciedade\/","url":"https:\/\/www.correiobraziliense.com.br\/cbradar\/a-fruta-seca-que-ajuda-no-transito-intestinal-e-saciedade\/","name":"A fruta seca que ajuda no tr\u00e2nsito intestinal e saciedade - Correio Braziliense - Radar","isPartOf":{"@id":"https:\/\/www.correiobraziliense.com.br\/cbradar\/#website"},"primaryImageOfPage":{"@id":"https:\/\/www.correiobraziliense.com.br\/cbradar\/a-fruta-seca-que-ajuda-no-transito-intestinal-e-saciedade\/#primaryimage"},"image":{"@id":"https:\/\/www.correiobraziliense.com.br\/cbradar\/a-fruta-seca-que-ajuda-no-transito-intestinal-e-saciedade\/#primaryimage"},"thumbnailUrl":"https:\/\/www.correiobraziliense.com.br\/cbradar\/wp-content\/uploads\/2025\/08\/Fruta-seca_1755006364818.jpg","datePublished":"2025-08-17T20:13:00+00:00","author":{"@id":"https:\/\/www.correiobraziliense.com.br\/cbradar\/#\/schema\/person\/4cec7857301a9a1a2ef249893cd908d3"},"description":"Fruta seca possui fibras que facilitam o tr\u00e2nsito intestinal e aumentam a sensa\u00e7\u00e3o de saciedade ao longo do dia","breadcrumb":{"@id":"https:\/\/www.correiobraziliense.com.br\/cbradar\/a-fruta-seca-que-ajuda-no-transito-intestinal-e-saciedade\/#breadcrumb"},"inLanguage":"pt-BR","potentialAction":[{"@type":"ReadAction","target":["https:\/\/www.correiobraziliense.com.br\/cbradar\/a-fruta-seca-que-ajuda-no-transito-intestinal-e-saciedade\/"]}]},{"@type":"ImageObject","inLanguage":"pt-BR","@id":"https:\/\/www.correiobraziliense.com.br\/cbradar\/a-fruta-seca-que-ajuda-no-transito-intestinal-e-saciedade\/#primaryimage","url":"https:\/\/www.correiobraziliense.com.br\/cbradar\/wp-content\/uploads\/2025\/08\/Fruta-seca_1755006364818.jpg","contentUrl":"https:\/\/www.correiobraziliense.com.br\/cbradar\/wp-content\/uploads\/2025\/08\/Fruta-seca_1755006364818.jpg","width":1280,"height":720,"caption":"Frutas secas - Cr\u00e9ditos: depositphotos.com \/ BALKON"},{"@type":"BreadcrumbList","@id":"https:\/\/www.correiobraziliense.com.br\/cbradar\/a-fruta-seca-que-ajuda-no-transito-intestinal-e-saciedade\/#breadcrumb","itemListElement":[{"@type":"ListItem","position":1,"name":"In\u00edcio","item":"https:\/\/www.correiobraziliense.com.br\/cbradar\/"},{"@type":"ListItem","position":2,"name":"A fruta seca que ajuda no tr\u00e2nsito intestinal e saciedade"}]},{"@type":"WebSite","@id":"https:\/\/www.correiobraziliense.com.br\/cbradar\/#website","url":"https:\/\/www.correiobraziliense.com.br\/cbradar\/","name":"Correio Braziliense - Radar","description":"Acompanhe as \u00faltimas not\u00edcias e fique bem informado sobre tudo o que acontece no Brasil e no mundo.","potentialAction":[{"@type":"SearchAction","target":{"@type":"EntryPoint","urlTemplate":"https:\/\/www.correiobraziliense.com.br\/cbradar\/?s={search_term_string}"},"query-input":{"@type":"PropertyValueSpecification","valueRequired":true,"valueName":"search_term_string"}}],"inLanguage":"pt-BR"},{"@type":"Person","@id":"https:\/\/www.correiobraziliense.com.br\/cbradar\/#\/schema\/person\/4cec7857301a9a1a2ef249893cd908d3","name":"Paulo Custodio","image":{"@type":"ImageObject","inLanguage":"pt-BR","@id":"https:\/\/www.correiobraziliense.com.br\/cbradar\/#\/schema\/person\/image\/","url":"https:\/\/secure.gravatar.com\/avatar\/bcd67168d1534e8fcf4f45c726a87cea?s=96&d=mm&r=g","contentUrl":"https:\/\/secure.gravatar.com\/avatar\/bcd67168d1534e8fcf4f45c726a87cea?s=96&d=mm&r=g","caption":"Paulo Custodio"},"sameAs":["https:\/\/www.correiobraziliense.com.br\/cbradar"],"url":"https:\/\/www.correiobraziliense.com.br\/cbradar\/author\/paulomyth\/"}]}},"_links":{"self":[{"href":"https:\/\/www.correiobraziliense.com.br\/cbradar\/wp-json\/wp\/v2\/posts\/85391","targetHints":{"allow":["GET"]}}],"collection":[{"href":"https:\/\/www.correiobraziliense.com.br\/cbradar\/wp-json\/wp\/v2\/posts"}],"about":[{"href":"https:\/\/www.correiobraziliense.com.br\/cbradar\/wp-json\/wp\/v2\/types\/post"}],"author":[{"embeddable":true,"href":"https:\/\/www.correiobraziliense.com.br\/cbradar\/wp-json\/wp\/v2\/users\/11"}],"replies":[{"embeddable":true,"href":"https:\/\/www.correiobraziliense.com.br\/cbradar\/wp-json\/wp\/v2\/comments?post=85391"}],"version-history":[{"count":1,"href":"https:\/\/www.correiobraziliense.com.br\/cbradar\/wp-json\/wp\/v2\/posts\/85391\/revisions"}],"predecessor-version":[{"id":85400,"href":"https:\/\/www.correiobraziliense.com.br\/cbradar\/wp-json\/wp\/v2\/posts\/85391\/revisions\/85400"}],"wp:featuredmedia":[{"embeddable":true,"href":"https:\/\/www.correiobraziliense.com.br\/cbradar\/wp-json\/wp\/v2\/media\/85395"}],"wp:attachment":[{"href":"https:\/\/www.correiobraziliense.com.br\/cbradar\/wp-json\/wp\/v2\/media?parent=85391"}],"wp:term":[{"taxonomy":"category","embeddable":true,"href":"https:\/\/www.correiobraziliense.com.br\/cbradar\/wp-json\/wp\/v2\/categories?post=85391"},{"taxonomy":"post_tag","embeddable":true,"href":"https:\/\/www.correiobraziliense.com.br\/cbradar\/wp-json\/wp\/v2\/post_tag?post=85391"}],"curies":[{"name":"wp","href":"https:\/\/api.w.org\/{rel}","templated":true}]}}