{"id":8592,"date":"2025-03-04T12:50:00","date_gmt":"2025-03-04T15:50:00","guid":{"rendered":"https:\/\/www.correiobraziliense.com.br\/cbradar\/?p=8592"},"modified":"2025-03-03T17:41:39","modified_gmt":"2025-03-03T20:41:39","slug":"brasileiro-ajudou-na-descoberta-de-nova-reserva-de-petroleo","status":"publish","type":"post","link":"https:\/\/www.correiobraziliense.com.br\/cbradar\/brasileiro-ajudou-na-descoberta-de-nova-reserva-de-petroleo\/","title":{"rendered":"Brasileiro ajudou na descoberta de nova reserva de petr\u00f3leo"},"content":{"rendered":"\n<p>Uma nova descoberta de petr\u00f3leo na costa da <strong>Coreia do Sul<\/strong> pode alterar significativamente o cen\u00e1rio energ\u00e9tico global. O ge\u00f3logo brasileiro <strong>Vitor Abreu<\/strong> revelou a exist\u00eancia de uma vasta reserva de petr\u00f3leo e g\u00e1s, considerada uma das maiores j\u00e1 encontradas. Este achado tem o potencial de transformar a economia sul-coreana e atraiu a aten\u00e7\u00e3o de diversos pa\u00edses interessados em energia.<\/p>\n\n\n\n<p>Estima-se que a reserva contenha at\u00e9 14 bilh\u00f5es de barris de petr\u00f3leo, o que poderia reduzir a depend\u00eancia da <strong>Coreia do Sul<\/strong> de importa\u00e7\u00f5es energ\u00e9ticas. Este movimento \u00e9 estrat\u00e9gico, especialmente em um momento em que a diversifica\u00e7\u00e3o das fontes de energia \u00e9 uma prioridade para muitas na\u00e7\u00f5es.<\/p>\n\n\n\n<h2 class=\"wp-block-heading\"><strong>Desafios na explora\u00e7\u00e3o de petr\u00f3leo<\/strong><\/h2>\n\n\n\n<p>Apesar do potencial promissor, a explora\u00e7\u00e3o desta reserva apresenta diversos desafios. A extra\u00e7\u00e3o de petr\u00f3leo em grande escala \u00e9 um processo complexo e arriscado, com uma alta taxa de insucesso. Estima-se que a probabilidade de n\u00e3o atingir os n\u00edveis de produ\u00e7\u00e3o esperados seja significativa.<\/p>\n\n\n\n<p>Os custos envolvidos na explora\u00e7\u00e3o s\u00e3o elevados, e o processo pode ser demorado. A previs\u00e3o \u00e9 que as opera\u00e7\u00f5es comecem em 2025, mas isso depender\u00e1 de avan\u00e7os tecnol\u00f3gicos e de um planejamento estrat\u00e9gico eficaz para superar os obst\u00e1culos t\u00e9cnicos e financeiros.<\/p>\n\n\n\n<figure class=\"wp-block-image size-large\"><img decoding=\"async\" width=\"1024\" height=\"576\" src=\"https:\/\/www.correiobraziliense.com.br\/cbradar\/wp-content\/uploads\/2025\/03\/coreia-do-sul_1741025990008-1024x576.jpg\" alt=\"Brasileiro ajudou na descoberta de nova reserva de petr\u00f3leo\" class=\"wp-image-8596\" srcset=\"https:\/\/www.correiobraziliense.com.br\/cbradar\/wp-content\/uploads\/2025\/03\/coreia-do-sul_1741025990008-1024x576.jpg 1024w, https:\/\/www.correiobraziliense.com.br\/cbradar\/wp-content\/uploads\/2025\/03\/coreia-do-sul_1741025990008-300x169.jpg 300w, https:\/\/www.correiobraziliense.com.br\/cbradar\/wp-content\/uploads\/2025\/03\/coreia-do-sul_1741025990008-768x432.jpg 768w, https:\/\/www.correiobraziliense.com.br\/cbradar\/wp-content\/uploads\/2025\/03\/coreia-do-sul_1741025990008-750x422.jpg 750w, https:\/\/www.correiobraziliense.com.br\/cbradar\/wp-content\/uploads\/2025\/03\/coreia-do-sul_1741025990008-1140x641.jpg 1140w, https:\/\/www.correiobraziliense.com.br\/cbradar\/wp-content\/uploads\/2025\/03\/coreia-do-sul_1741025990008.jpg 1280w\" sizes=\"(max-width: 1024px) 100vw, 1024px\" \/><figcaption class=\"wp-element-caption\">Busan, Coreia do Sul\nCr\u00e9ditos: depositphotos.com \/ sepavone<\/figcaption><\/figure>\n\n\n\n<h2 class=\"wp-block-heading\"><strong>Rea\u00e7\u00f5es \u00e0 descoberta<\/strong><\/h2>\n\n\n\n<p>A descoberta gerou rea\u00e7\u00f5es mistas na <strong>Coreia do Sul<\/strong>. Enquanto alguns setores veem a reserva como uma oportunidade econ\u00f4mica, outros expressam cautela. Cr\u00edticos destacam os riscos financeiros e as incertezas associadas ao projeto, especialmente considerando o hist\u00f3rico de tentativas anteriores de explora\u00e7\u00e3o na regi\u00e3o que n\u00e3o foram bem-sucedidas.<\/p>\n\n\n\n<p>Experi\u00eancias passadas, como a tentativa da <strong>Woodside Energy<\/strong>, que n\u00e3o obteve resultados positivos, alimentam o ceticismo. Al\u00e9m disso, grupos ambientais locais destacam a import\u00e2ncia de uma abordagem respons\u00e1vel, considerando os impactos ambientais potenciais.<\/p>\n\n\n\n<h2 class=\"wp-block-heading\"><strong>Impactos econ\u00f4micos e ambientais<\/strong><\/h2>\n\n\n\n<p>Se a explora\u00e7\u00e3o for bem-sucedida, a <strong>Coreia do Sul<\/strong> pode se tornar um ator importante no mercado global de energia. A redu\u00e7\u00e3o da depend\u00eancia de importa\u00e7\u00f5es pode impulsionar a economia do pa\u00eds. No entanto, a explora\u00e7\u00e3o de petr\u00f3leo levanta preocupa\u00e7\u00f5es ambientais significativas.<\/p>\n\n\n\n<p>Em um cen\u00e1rio global onde a redu\u00e7\u00e3o das emiss\u00f5es de carbono \u00e9 uma prioridade, a explora\u00e7\u00e3o de combust\u00edveis f\u00f3sseis \u00e9 um tema controverso. A <strong>Coreia do Sul<\/strong> precisar\u00e1 equilibrar o desenvolvimento econ\u00f4mico com seus compromissos ambientais e a transi\u00e7\u00e3o para fontes de energia mais sustent\u00e1veis.<\/p>\n\n\n\n<p>Assim, a descoberta na costa sul-coreana representa tanto uma oportunidade quanto um desafio. O potencial econ\u00f4mico \u00e9 significativo, mas os riscos e as preocupa\u00e7\u00f5es ambientais exigem uma abordagem cuidadosa e bem planejada. O futuro da explora\u00e7\u00e3o depender\u00e1 de como a <strong>Coreia do Sul<\/strong> gerenciar\u00e1 esses aspectos complexos.<\/p>\n","protected":false},"excerpt":{"rendered":"<p>Descoberta de uma vasta reserva de petr\u00f3leo na costa da Coreia do Sul pode mudar o cen\u00e1rio energ\u00e9tico global.<\/p>\n","protected":false},"author":3,"featured_media":8595,"comment_status":"open","ping_status":"open","sticky":false,"template":"","format":"standard","meta":{"_yoast_wpseo_focuskw":"reserva de petroleo na coreia do sul","_yoast_wpseo_title":"","_yoast_wpseo_metadesc":"Descoberta de uma vasta reserva de petr\u00f3leo na costa da Coreia do Sul pode mudar o cen\u00e1rio energ\u00e9tico global.","jnews-multi-image_gallery":[],"jnews_single_post":{"format":"standard"},"jnews_primary_category":[],"jnews_social_meta":[],"jnews_override_counter":[],"footnotes":""},"categories":[112],"tags":[1457,1456],"class_list":["post-8592","post","type-post","status-publish","format-standard","has-post-thumbnail","hentry","category-curiosidades","tag-coreia-do-sul","tag-petroleo"],"yoast_head":"<!-- This site is optimized with the Yoast SEO plugin v24.6 - https:\/\/yoast.com\/wordpress\/plugins\/seo\/ -->\n<title>Brasileiro ajudou na descoberta de nova reserva de petr\u00f3leo - Correio Braziliense - Radar<\/title>\n<meta name=\"description\" content=\"Descoberta de uma vasta reserva de petr\u00f3leo na costa da Coreia do Sul pode mudar o cen\u00e1rio energ\u00e9tico global.\" \/>\n<meta name=\"robots\" content=\"index, follow, max-snippet:-1, max-image-preview:large, max-video-preview:-1\" \/>\n<link rel=\"canonical\" href=\"https:\/\/www.correiobraziliense.com.br\/cbradar\/brasileiro-ajudou-na-descoberta-de-nova-reserva-de-petroleo\/\" \/>\n<meta property=\"og:locale\" content=\"pt_BR\" \/>\n<meta property=\"og:type\" content=\"article\" \/>\n<meta property=\"og:title\" content=\"Brasileiro ajudou na descoberta de nova reserva de petr\u00f3leo - Correio Braziliense - Radar\" \/>\n<meta property=\"og:description\" content=\"Descoberta de uma vasta reserva de petr\u00f3leo na costa da Coreia do Sul pode mudar o cen\u00e1rio energ\u00e9tico global.\" \/>\n<meta property=\"og:url\" content=\"https:\/\/www.correiobraziliense.com.br\/cbradar\/brasileiro-ajudou-na-descoberta-de-nova-reserva-de-petroleo\/\" \/>\n<meta property=\"og:site_name\" content=\"Correio Braziliense - Radar\" \/>\n<meta property=\"article:published_time\" content=\"2025-03-04T15:50:00+00:00\" \/>\n<meta property=\"og:image\" content=\"https:\/\/www.correiobraziliense.com.br\/cbradar\/wp-content\/uploads\/2025\/03\/reserva-petroleo_1741025879411.jpg\" \/>\n\t<meta property=\"og:image:width\" content=\"1280\" \/>\n\t<meta property=\"og:image:height\" content=\"720\" \/>\n\t<meta property=\"og:image:type\" content=\"image\/jpeg\" \/>\n<meta name=\"author\" content=\"Larissa Carvalho\" \/>\n<meta name=\"twitter:card\" content=\"summary_large_image\" \/>\n<meta name=\"twitter:label1\" content=\"Escrito por\" \/>\n\t<meta name=\"twitter:data1\" content=\"Larissa Carvalho\" \/>\n\t<meta name=\"twitter:label2\" content=\"Est. tempo de leitura\" \/>\n\t<meta name=\"twitter:data2\" content=\"3 minutos\" \/>\n<!-- \/ Yoast SEO plugin. -->","yoast_head_json":{"title":"Brasileiro ajudou na descoberta de nova reserva de petr\u00f3leo - Correio Braziliense - Radar","description":"Descoberta de uma vasta reserva de petr\u00f3leo na costa da Coreia do Sul pode mudar o cen\u00e1rio energ\u00e9tico global.","robots":{"index":"index","follow":"follow","max-snippet":"max-snippet:-1","max-image-preview":"max-image-preview:large","max-video-preview":"max-video-preview:-1"},"canonical":"https:\/\/www.correiobraziliense.com.br\/cbradar\/brasileiro-ajudou-na-descoberta-de-nova-reserva-de-petroleo\/","og_locale":"pt_BR","og_type":"article","og_title":"Brasileiro ajudou na descoberta de nova reserva de petr\u00f3leo - Correio Braziliense - Radar","og_description":"Descoberta de uma vasta reserva de petr\u00f3leo na costa da Coreia do Sul pode mudar o cen\u00e1rio energ\u00e9tico global.","og_url":"https:\/\/www.correiobraziliense.com.br\/cbradar\/brasileiro-ajudou-na-descoberta-de-nova-reserva-de-petroleo\/","og_site_name":"Correio Braziliense - Radar","article_published_time":"2025-03-04T15:50:00+00:00","og_image":[{"width":1280,"height":720,"url":"https:\/\/www.correiobraziliense.com.br\/cbradar\/wp-content\/uploads\/2025\/03\/reserva-petroleo_1741025879411.jpg","type":"image\/jpeg"}],"author":"Larissa Carvalho","twitter_card":"summary_large_image","twitter_misc":{"Escrito por":"Larissa Carvalho","Est. tempo de leitura":"3 minutos"},"schema":{"@context":"https:\/\/schema.org","@graph":[{"@type":"WebPage","@id":"https:\/\/www.correiobraziliense.com.br\/cbradar\/brasileiro-ajudou-na-descoberta-de-nova-reserva-de-petroleo\/","url":"https:\/\/www.correiobraziliense.com.br\/cbradar\/brasileiro-ajudou-na-descoberta-de-nova-reserva-de-petroleo\/","name":"Brasileiro ajudou na descoberta de nova reserva de petr\u00f3leo - Correio Braziliense - Radar","isPartOf":{"@id":"https:\/\/www.correiobraziliense.com.br\/cbradar\/#website"},"primaryImageOfPage":{"@id":"https:\/\/www.correiobraziliense.com.br\/cbradar\/brasileiro-ajudou-na-descoberta-de-nova-reserva-de-petroleo\/#primaryimage"},"image":{"@id":"https:\/\/www.correiobraziliense.com.br\/cbradar\/brasileiro-ajudou-na-descoberta-de-nova-reserva-de-petroleo\/#primaryimage"},"thumbnailUrl":"https:\/\/www.correiobraziliense.com.br\/cbradar\/wp-content\/uploads\/2025\/03\/reserva-petroleo_1741025879411.jpg","datePublished":"2025-03-04T15:50:00+00:00","author":{"@id":"https:\/\/www.correiobraziliense.com.br\/cbradar\/#\/schema\/person\/58422787644df994b53a19d3e56c1513"},"description":"Descoberta de uma vasta reserva de petr\u00f3leo na costa da Coreia do Sul pode mudar o cen\u00e1rio energ\u00e9tico global.","breadcrumb":{"@id":"https:\/\/www.correiobraziliense.com.br\/cbradar\/brasileiro-ajudou-na-descoberta-de-nova-reserva-de-petroleo\/#breadcrumb"},"inLanguage":"pt-BR","potentialAction":[{"@type":"ReadAction","target":["https:\/\/www.correiobraziliense.com.br\/cbradar\/brasileiro-ajudou-na-descoberta-de-nova-reserva-de-petroleo\/"]}]},{"@type":"ImageObject","inLanguage":"pt-BR","@id":"https:\/\/www.correiobraziliense.com.br\/cbradar\/brasileiro-ajudou-na-descoberta-de-nova-reserva-de-petroleo\/#primaryimage","url":"https:\/\/www.correiobraziliense.com.br\/cbradar\/wp-content\/uploads\/2025\/03\/reserva-petroleo_1741025879411.jpg","contentUrl":"https:\/\/www.correiobraziliense.com.br\/cbradar\/wp-content\/uploads\/2025\/03\/reserva-petroleo_1741025879411.jpg","width":1280,"height":720,"caption":"reserva de petr\u00f3leo Cr\u00e9ditos: depositphotos.com \/ cakifoto"},{"@type":"BreadcrumbList","@id":"https:\/\/www.correiobraziliense.com.br\/cbradar\/brasileiro-ajudou-na-descoberta-de-nova-reserva-de-petroleo\/#breadcrumb","itemListElement":[{"@type":"ListItem","position":1,"name":"In\u00edcio","item":"https:\/\/www.correiobraziliense.com.br\/cbradar\/"},{"@type":"ListItem","position":2,"name":"Brasileiro ajudou na descoberta de nova reserva de petr\u00f3leo"}]},{"@type":"WebSite","@id":"https:\/\/www.correiobraziliense.com.br\/cbradar\/#website","url":"https:\/\/www.correiobraziliense.com.br\/cbradar\/","name":"Correio Braziliense - Radar","description":"Acompanhe as \u00faltimas not\u00edcias e fique bem informado sobre tudo o que acontece no Brasil e no mundo.","potentialAction":[{"@type":"SearchAction","target":{"@type":"EntryPoint","urlTemplate":"https:\/\/www.correiobraziliense.com.br\/cbradar\/?s={search_term_string}"},"query-input":{"@type":"PropertyValueSpecification","valueRequired":true,"valueName":"search_term_string"}}],"inLanguage":"pt-BR"},{"@type":"Person","@id":"https:\/\/www.correiobraziliense.com.br\/cbradar\/#\/schema\/person\/58422787644df994b53a19d3e56c1513","name":"Larissa Carvalho","image":{"@type":"ImageObject","inLanguage":"pt-BR","@id":"https:\/\/www.correiobraziliense.com.br\/cbradar\/#\/schema\/person\/image\/","url":"https:\/\/secure.gravatar.com\/avatar\/fe4f91a0de32b52a838d0d612abdc1aa?s=96&d=mm&r=g","contentUrl":"https:\/\/secure.gravatar.com\/avatar\/fe4f91a0de32b52a838d0d612abdc1aa?s=96&d=mm&r=g","caption":"Larissa Carvalho"},"url":"https:\/\/www.correiobraziliense.com.br\/cbradar\/author\/larissamyth\/"}]}},"_links":{"self":[{"href":"https:\/\/www.correiobraziliense.com.br\/cbradar\/wp-json\/wp\/v2\/posts\/8592","targetHints":{"allow":["GET"]}}],"collection":[{"href":"https:\/\/www.correiobraziliense.com.br\/cbradar\/wp-json\/wp\/v2\/posts"}],"about":[{"href":"https:\/\/www.correiobraziliense.com.br\/cbradar\/wp-json\/wp\/v2\/types\/post"}],"author":[{"embeddable":true,"href":"https:\/\/www.correiobraziliense.com.br\/cbradar\/wp-json\/wp\/v2\/users\/3"}],"replies":[{"embeddable":true,"href":"https:\/\/www.correiobraziliense.com.br\/cbradar\/wp-json\/wp\/v2\/comments?post=8592"}],"version-history":[{"count":2,"href":"https:\/\/www.correiobraziliense.com.br\/cbradar\/wp-json\/wp\/v2\/posts\/8592\/revisions"}],"predecessor-version":[{"id":8642,"href":"https:\/\/www.correiobraziliense.com.br\/cbradar\/wp-json\/wp\/v2\/posts\/8592\/revisions\/8642"}],"wp:featuredmedia":[{"embeddable":true,"href":"https:\/\/www.correiobraziliense.com.br\/cbradar\/wp-json\/wp\/v2\/media\/8595"}],"wp:attachment":[{"href":"https:\/\/www.correiobraziliense.com.br\/cbradar\/wp-json\/wp\/v2\/media?parent=8592"}],"wp:term":[{"taxonomy":"category","embeddable":true,"href":"https:\/\/www.correiobraziliense.com.br\/cbradar\/wp-json\/wp\/v2\/categories?post=8592"},{"taxonomy":"post_tag","embeddable":true,"href":"https:\/\/www.correiobraziliense.com.br\/cbradar\/wp-json\/wp\/v2\/tags?post=8592"}],"curies":[{"name":"wp","href":"https:\/\/api.w.org\/{rel}","templated":true}]}}