{"id":86031,"date":"2025-08-18T07:03:00","date_gmt":"2025-08-18T10:03:00","guid":{"rendered":"https:\/\/www.correiobraziliense.com.br\/cbradar\/?p=86031"},"modified":"2025-08-13T17:16:36","modified_gmt":"2025-08-13T20:16:36","slug":"essa-cidade-e-a-prova-que-o-brasil-pode-dar-certo-e-funcionar","status":"publish","type":"post","link":"https:\/\/www.correiobraziliense.com.br\/cbradar\/essa-cidade-e-a-prova-que-o-brasil-pode-dar-certo-e-funcionar\/","title":{"rendered":"Essa cidade \u00e9 a prova que o Brasil pode dar certo e funcionar"},"content":{"rendered":"\n<p><strong><a href=\"https:\/\/www.saocaetanodosul.sp.gov.br\/home\" target=\"_blank\" rel=\"noreferrer noopener\">S\u00e3o Caetano do Sul<\/a><\/strong>, na regi\u00e3o metropolitana de <strong>S\u00e3o Paulo<\/strong>, <strong>Brasil<\/strong>, a somente 10 km da capital paulista e pr\u00f3xima a <strong>Santo Andr\u00e9<\/strong> e <strong>S\u00e3o Bernardo do Campo<\/strong>, \u00e9 conhecida como \u201c<strong>A Cidade que d\u00e1 Certo<\/strong>\u201d. Com o maior IDH do pa\u00eds, <strong>S\u00e3o Caetano do Sul<\/strong> \u00e9 ideal para quem busca qualidade de vida excepcional. Vivencie o que torna esta cidade um modelo de desenvolvimento urbano.<\/p>\n\n\n\n<ul class=\"wp-block-list\">\n<li>Economia robusta com ind\u00fastria automobil\u00edstica e setor de servi\u00e7os<\/li>\n\n\n\n<li>Qualidade de vida superior com infraestrutura de primeiro mundo<\/li>\n\n\n\n<li>Seguran\u00e7a exemplar e planejamento urbano eficiente<\/li>\n<\/ul>\n\n\n\n<h2 class=\"wp-block-heading\">Por que morar em S\u00e3o Caetano do Sul?<\/h2>\n\n\n\n<p><strong>S\u00e3o Caetano do Sul<\/strong> possui um IDH de 0,847, o maior do <strong>Brasil<\/strong>, segundo o <strong><strong>Programa das Na\u00e7\u00f5es Unidas para o Desenvolvimento<\/strong><\/strong>. A economia \u00e9 movida pela ind\u00fastria automobil\u00edstica, metalurgia e setor de servi\u00e7os, conforme a <strong>Prefeitura de S\u00e3o Caetano do Sul<\/strong>.<\/p>\n\n\n\n<p>Com cerca de 161.957 habitantes, segundo o <strong>IBGE<\/strong>, a cidade oferece servi\u00e7os p\u00fablicos de excel\u00eancia em sa\u00fade, educa\u00e7\u00e3o e mobilidade urbana. A seguran\u00e7a \u00e9 refor\u00e7ada com baix\u00edssimos \u00edndices de criminalidade.<\/p>\n\n\n\n<p>O custo de vida \u00e9 equilibrado em rela\u00e7\u00e3o aos benef\u00edcios oferecidos. Sal\u00e1rios mais altos compensam os investimentos em moradia e servi\u00e7os.<\/p>\n\n\n\n<p>A cidade possui uma das melhores redes de sa\u00fade p\u00fablica do pa\u00eds. O sistema educacional \u00e9 refer\u00eancia nacional, com escolas municipais de alta qualidade.<\/p>\n\n\n<div class=\"wp-block-image\">\n<figure class=\"aligncenter size-large\"><img decoding=\"async\" width=\"1024\" height=\"576\" src=\"https:\/\/www.correiobraziliense.com.br\/cbradar\/wp-content\/uploads\/2025\/08\/Edicoes-34-1024x576.png\" alt=\"\" class=\"wp-image-79492\" srcset=\"https:\/\/www.correiobraziliense.com.br\/cbradar\/wp-content\/uploads\/2025\/08\/Edicoes-34-1024x576.png 1024w, https:\/\/www.correiobraziliense.com.br\/cbradar\/wp-content\/uploads\/2025\/08\/Edicoes-34-300x169.png 300w, https:\/\/www.correiobraziliense.com.br\/cbradar\/wp-content\/uploads\/2025\/08\/Edicoes-34-768x432.png 768w, https:\/\/www.correiobraziliense.com.br\/cbradar\/wp-content\/uploads\/2025\/08\/Edicoes-34-750x422.png 750w, https:\/\/www.correiobraziliense.com.br\/cbradar\/wp-content\/uploads\/2025\/08\/Edicoes-34-1140x641.png 1140w, https:\/\/www.correiobraziliense.com.br\/cbradar\/wp-content\/uploads\/2025\/08\/Edicoes-34.png 1280w\" sizes=\"(max-width: 1024px) 100vw, 1024px\" \/><figcaption class=\"wp-element-caption\">S\u00e3o Caetano do Sul \/\/ Cr\u00e9ditos: YouTube @dronenatrilha<\/figcaption><\/figure><\/div>\n\n\n<h2 class=\"wp-block-heading\">Quais s\u00e3o os melhores bairros para morar em S\u00e3o Caetano do Sul?<\/h2>\n\n\n\n<ul class=\"wp-block-list\">\n<li>O <strong>Centro<\/strong> \u00e9 vibrante, com com\u00e9rcio diversificado e acesso ao <strong>Teatro Municipal Santos Dumont<\/strong>. Ideal para quem busca praticidade e vida urbana intensa.<\/li>\n\n\n\n<li><strong>Barcelona<\/strong> oferece tranquilidade residencial com proximidade ao <strong>Parque Chico Mendes<\/strong>. Perfeito para fam\u00edlias que valorizam \u00e1reas verdes e qualidade de vida.<\/li>\n\n\n\n<li><strong>Santa Paula<\/strong> combina tradi\u00e7\u00e3o e modernidade, pr\u00f3ximo ao <strong>Espa\u00e7o Verde Chico Mendes<\/strong>. Regi\u00e3o consolidada com excelente infraestrutura comercial.<\/li>\n\n\n\n<li><strong>Funda\u00e7\u00e3o<\/strong> destaca-se pela proximidade com o <strong>Complexo Aqu\u00e1tico C\u00e1ssio de Teff\u00e9<\/strong>. \u00c1rea em crescimento com novos empreendimentos residenciais.<\/li>\n\n\n\n<li><strong>Santo Ant\u00f4nio<\/strong> preserva caracter\u00edsticas hist\u00f3ricas da coloniza\u00e7\u00e3o italiana. Bairro charmoso com casas tradicionais e com\u00e9rcio local forte.<\/li>\n<\/ul>\n\n\n\n<figure class=\"wp-block-embed aligncenter is-type-video is-provider-youtube wp-block-embed-youtube wp-embed-aspect-9-16 wp-has-aspect-ratio\"><div class=\"wp-block-embed__wrapper\">\n<div class=\"jeg_video_container jeg_video_content\"><iframe loading=\"lazy\" title=\"Cidade de S\u00e3o Caetano do Sul, por drone pela FilmeSync #filmesync #saopaulo #cinema #audiovisual\" width=\"422\" height=\"750\" src=\"https:\/\/www.youtube.com\/embed\/_PvYNdBGnVE?feature=oembed\" frameborder=\"0\" allow=\"accelerometer; autoplay; clipboard-write; encrypted-media; gyroscope; picture-in-picture; web-share\" referrerpolicy=\"strict-origin-when-cross-origin\" allowfullscreen><\/iframe><\/div>\n<\/div><figcaption class=\"wp-element-caption\">S\u00e3o Caetano do Sul \/ Cr\u00e9ditos: YouTube @FilmeSync<\/figcaption><\/figure>\n\n\n\n<h2 class=\"wp-block-heading\">Quais s\u00e3o as principais atra\u00e7\u00f5es tur\u00edsticas de S\u00e3o Caetano do Sul?<\/h2>\n\n\n\n<p>O <strong>Parque Chico Mendes<\/strong> oferece 40 mil metros quadrados de \u00e1rea verde com lagos, trilhas e espa\u00e7os para atividades f\u00edsicas. \u00c9 o principal pulm\u00e3o verde da cidade, ideal para momentos de relaxamento e contato com a natureza. Fam\u00edlias frequentam o local nos fins de semana para piqueniques e caminhadas.<\/p>\n\n\n\n<p>O <strong>Teatro Municipal Santos Dumont<\/strong> representa o centro cultural da cidade com programa\u00e7\u00e3o diversificada de pe\u00e7as teatrais, shows e eventos educativos. Inaugurado em 1999, possui capacidade para 700 pessoas e arquitetura moderna. Recebe produ\u00e7\u00f5es nacionais e internacionais de alta qualidade.<\/p>\n\n\n\n<p>O <strong>Complexo Aqu\u00e1tico C\u00e1ssio de Teff\u00e9<\/strong> \u00e9 refer\u00eancia em esportes aqu\u00e1ticos com piscinas ol\u00edmpicas e semi-ol\u00edmpicas. Utilizado por atletas profissionais e aberto ao p\u00fablico para atividades recreativas. Possui estrutura completa com vesti\u00e1rios, arquibancadas e equipamentos modernos.<\/p>\n\n\n\n<p>O <strong>Museu da Cidade<\/strong> preserva a hist\u00f3ria local desde a coloniza\u00e7\u00e3o italiana at\u00e9 os dias atuais. Exposi\u00e7\u00f5es permanentes mostram fotografias, documentos e objetos hist\u00f3ricos da regi\u00e3o do <strong>ABC<\/strong>. Localizado em pr\u00e9dio hist\u00f3rico restaurado, oferece visitas guiadas educativas.<\/p>\n\n\n\n<p>A <strong>Rua Visconde de Inha\u00fama<\/strong> concentra o com\u00e9rcio tradicional com lojas centen\u00e1rias e arquitetura preservada. \u00c9 o cora\u00e7\u00e3o comercial da cidade, movimentado durante todo o dia. Oferece desde produtos artesanais at\u00e9 marcas nacionais e internacionais.<\/p>\n\n\n\n<ul class=\"wp-block-list\">\n<li><strong>Parque Chico Mendes<\/strong>: \u00c1rea verde de 40 mil m\u00b2 com lagos e trilhas<\/li>\n\n\n\n<li><strong>Teatro Municipal Santos Dumont<\/strong>: Centro cultural com 700 lugares<\/li>\n\n\n\n<li><strong>Complexo Aqu\u00e1tico C\u00e1ssio de Teff\u00e9<\/strong>: Piscinas ol\u00edmpicas para esportes aqu\u00e1ticos<\/li>\n\n\n\n<li><strong>Museu da Cidade<\/strong>: Preserva\u00e7\u00e3o da hist\u00f3ria local e regional<\/li>\n\n\n\n<li><strong>Rua Visconde de Inha\u00fama<\/strong>: Tradicional centro comercial hist\u00f3rico<\/li>\n<\/ul>\n\n\n<div class=\"wp-block-image\">\n<figure class=\"aligncenter size-large\"><img decoding=\"async\" src=\"https:\/\/www.correiobraziliense.com.br\/cbradar\/wp-content\/uploads\/2025\/05\/Edicoes-96-1-1024x576.png\" alt=\"A cidade que mais cresce no Brasil impressiona com sua tranquilidade\" class=\"wp-image-33738\"\/><figcaption class=\"wp-element-caption\">S\u00e3o Caetano do Sul \/\/ Reprodu\u00e7\u00e3o: Prefeitura municipal de S\u00e3o Caetano do Sul (https:\/\/www.saocaetanodosul.sp.gov.br\/home)<\/figcaption><\/figure><\/div>\n\n\n<h2 class=\"wp-block-heading\">Como \u00e9 a vida cultural em S\u00e3o Caetano do Sul?<\/h2>\n\n\n\n<p><strong>S\u00e3o Caetano do Sul<\/strong> vibra com o <strong>Festival de inverno<\/strong>, que re\u00fane apresenta\u00e7\u00f5es musicais, teatrais e exposi\u00e7\u00f5es art\u00edsticas. O evento acontece anualmente no <strong>Teatro Municipal<\/strong> e espa\u00e7os p\u00fablicos da cidade.<\/p>\n\n\n\n<p>A <strong>Feira de Artesanato<\/strong> na <strong>Pra\u00e7a Cardeal Arco Verde<\/strong> oferece produtos locais, gastronomia t\u00edpica italiana e apresenta\u00e7\u00f5es culturais. Realizada aos domingos, \u00e9 tradicional ponto de encontro das fam\u00edlias.<\/p>\n\n\n\n<p>A gastronomia italiana permanece forte na cidade com restaurantes tradicionais que preservam receitas centen\u00e1rias. Cantinas familiares oferecem massas artesanais e vinhos selecionados.<\/p>\n\n\n<div class=\"wp-block-image\">\n<figure class=\"aligncenter size-large\"><img decoding=\"async\" width=\"1024\" height=\"576\" src=\"https:\/\/www.correiobraziliense.com.br\/cbradar\/wp-content\/uploads\/2025\/06\/Edicoes-5-1-1024x576.png\" alt=\"A cidade que mais cresce no Brasil impressiona com sua tranquilidade\" class=\"wp-image-51404\" srcset=\"https:\/\/www.correiobraziliense.com.br\/cbradar\/wp-content\/uploads\/2025\/06\/Edicoes-5-1-1024x576.png 1024w, https:\/\/www.correiobraziliense.com.br\/cbradar\/wp-content\/uploads\/2025\/06\/Edicoes-5-1-300x169.png 300w, https:\/\/www.correiobraziliense.com.br\/cbradar\/wp-content\/uploads\/2025\/06\/Edicoes-5-1-768x432.png 768w, https:\/\/www.correiobraziliense.com.br\/cbradar\/wp-content\/uploads\/2025\/06\/Edicoes-5-1-750x422.png 750w, https:\/\/www.correiobraziliense.com.br\/cbradar\/wp-content\/uploads\/2025\/06\/Edicoes-5-1-1140x641.png 1140w, https:\/\/www.correiobraziliense.com.br\/cbradar\/wp-content\/uploads\/2025\/06\/Edicoes-5-1.png 1280w\" sizes=\"(max-width: 1024px) 100vw, 1024px\" \/><figcaption class=\"wp-element-caption\">S\u00e3o Caetano do Sul \/\/ Reprodu\u00e7\u00e3o: Wikip\u00e9dia<\/figcaption><\/figure><\/div>\n\n\n<h2 class=\"wp-block-heading\">Por que S\u00e3o Caetano do Sul \u00e9 refer\u00eancia em qualidade de vida?<\/h2>\n\n\n\n<p><strong>S\u00e3o Caetano do Sul<\/strong> \u00e9 conhecida por liderar rankings nacionais de desenvolvimento humano, segundo a <strong>Organiza\u00e7\u00e3o das Na\u00e7\u00f5es Unidas<\/strong>. A cidade combina efici\u00eancia administrativa com investimentos em infraestrutura urbana.<\/p>\n\n\n\n<p>O planejamento urbano privilegia \u00e1reas verdes, mobilidade sustent\u00e1vel e preserva\u00e7\u00e3o ambiental. Ciclovias integradas conectam todos os bairros da cidade.<\/p>\n\n\n\n<p>A gest\u00e3o p\u00fablica transparente e participativa envolve a popula\u00e7\u00e3o nas decis\u00f5es municipais. Conselhos comunit\u00e1rios atuam ativamente no desenvolvimento local.<\/p>\n\n\n\n<h2 class=\"wp-block-heading\">A origem do t\u00edtulo \u201cCidade que d\u00e1 Certo\u201d<\/h2>\n\n\n\n<p><strong>S\u00e3o Caetano do Sul<\/strong> ganhou o apelido \u201c<strong>A Cidade que d\u00e1 Certo<\/strong>\u201d por seus resultados excepcionais em indicadores sociais e econ\u00f4micos. O t\u00edtulo surgiu na d\u00e9cada de 1990, quando come\u00e7ou a liderar rankings nacionais de desenvolvimento.<\/p>\n\n\n\n<p>A frase tornou-se oficial, sendo utilizada em campanhas promocionais da cidade. Representa o orgulho dos moradores e o reconhecimento nacional da efici\u00eancia municipal.<\/p>\n\n\n\n<p>A tradi\u00e7\u00e3o de inova\u00e7\u00e3o remonta \u00e0 coloniza\u00e7\u00e3o italiana, quando fam\u00edlias trouxeram conhecimentos t\u00e9cnicos em metalurgia e agricultura. Essa heran\u00e7a cultural permanece viva no DNA empreendedor local.<\/p>\n\n\n<div class=\"wp-block-image\">\n<figure class=\"aligncenter size-large\"><img decoding=\"async\" width=\"1024\" height=\"576\" src=\"https:\/\/www.correiobraziliense.com.br\/cbradar\/wp-content\/uploads\/2025\/06\/Edicoes-6-1-1024x576.png\" alt=\"A cidade que mais cresce no Brasil impressiona com sua tranquilidade\" class=\"wp-image-51405\" srcset=\"https:\/\/www.correiobraziliense.com.br\/cbradar\/wp-content\/uploads\/2025\/06\/Edicoes-6-1-1024x576.png 1024w, https:\/\/www.correiobraziliense.com.br\/cbradar\/wp-content\/uploads\/2025\/06\/Edicoes-6-1-300x169.png 300w, https:\/\/www.correiobraziliense.com.br\/cbradar\/wp-content\/uploads\/2025\/06\/Edicoes-6-1-768x432.png 768w, https:\/\/www.correiobraziliense.com.br\/cbradar\/wp-content\/uploads\/2025\/06\/Edicoes-6-1-750x422.png 750w, https:\/\/www.correiobraziliense.com.br\/cbradar\/wp-content\/uploads\/2025\/06\/Edicoes-6-1-1140x641.png 1140w, https:\/\/www.correiobraziliense.com.br\/cbradar\/wp-content\/uploads\/2025\/06\/Edicoes-6-1.png 1280w\" sizes=\"(max-width: 1024px) 100vw, 1024px\" \/><figcaption class=\"wp-element-caption\">Funda\u00e7\u00e3o das Artes, S\u00e3o Caetano do Sul \/\/ Reprodu\u00e7\u00e3o: Wikip\u00e9dia<\/figcaption><\/figure><\/div>\n\n\n<h2 class=\"wp-block-heading\">Melhor \u00e9poca para visitar S\u00e3o Caetano do Sul?<\/h2>\n\n\n\n<p>Entre <strong>abril e setembro<\/strong>, <strong>S\u00e3o Caetano do Sul<\/strong> tem temperaturas entre 15\u202f\u00b0C e 25\u202f\u00b0C, segundo o <strong>Climatempo<\/strong>. O clima seco facilita caminhadas nos parques e visita\u00e7\u00e3o aos pontos tur\u00edsticos.<\/p>\n\n\n\n<p>Os meses de <strong>maio a julho<\/strong> s\u00e3o ideais para eventos culturais no <strong>Teatro Municipal<\/strong>. A programa\u00e7\u00e3o se intensifica no per\u00edodo, com pe\u00e7as teatrais e shows musicais.<\/p>\n\n\n\n<p>O <strong>Festival de inverno<\/strong> acontece em <strong>julho<\/strong>, atraindo visitantes de toda a regi\u00e3o metropolitana. \u00c9 a melhor \u00e9poca para conhecer a cultura local e participar de atividades art\u00edsticas.<\/p>\n\n\n\n<p>A temporada de <strong>setembro a novembro<\/strong> oferece clima ameno para atividades ao ar livre no <strong>Parque Chico Mendes<\/strong>. As \u00e1rvores ficam floridas, criando cen\u00e1rios perfeitos para fotografias.<\/p>\n\n\n\n<p><strong>Leia tamb\u00e9m: <a href=\"https:\/\/www.correiobraziliense.com.br\/cbradar\/o-lugar-perfeito-para-viver-com-seguranca-e-bem-estar\/\" target=\"_blank\" rel=\"noreferrer noopener\">O lugar perfeito para viver com seguran\u00e7a e bem-estar.<\/a><\/strong><\/p>\n\n\n\n<h2 class=\"wp-block-heading\">Vivencie S\u00e3o Caetano do Sul<\/h2>\n\n\n\n<p><strong>S\u00e3o Caetano do Sul<\/strong> une excel\u00eancia em qualidade de vida, seguran\u00e7a e oportunidades econ\u00f4micas em <strong>S\u00e3o Paulo<\/strong>. Do <strong>Parque Chico Mendes<\/strong> ao <strong>Teatro Municipal<\/strong>, \u00e9 uma cidade vibrante e acolhedora. Planeje sua mudan\u00e7a para viver o charme e a efici\u00eancia de <strong>S\u00e3o Caetano do Sul<\/strong>.<\/p>\n\n\n\n<ul class=\"wp-block-list\">\n<li>Maior IDH do Brasil com infraestrutura de primeiro mundo<\/li>\n\n\n\n<li>Localiza\u00e7\u00e3o estrat\u00e9gica na Grande S\u00e3o Paulo<\/li>\n\n\n\n<li>Tradi\u00e7\u00e3o cultural italiana preservada<\/li>\n<\/ul>\n","protected":false},"excerpt":{"rendered":"<p>S\u00e3o Caetano do Sul, na regi\u00e3o metropolitana de S\u00e3o Paulo, Brasil, a somente 10 km da capital paulista e pr\u00f3xima a Santo Andr\u00e9 e S\u00e3o Bernardo do Campo, \u00e9 conhecida como \u201cA Cidade que d\u00e1 Certo\u201d. Com o maior IDH do pa\u00eds, S\u00e3o Caetano do Sul \u00e9 ideal para quem busca qualidade de vida excepcional. [&hellip;]<\/p>\n","protected":false},"author":8,"featured_media":86132,"comment_status":"open","ping_status":"open","sticky":false,"template":"","format":"standard","meta":{"_yoast_wpseo_focuskw":"cidade","_yoast_wpseo_title":"","_yoast_wpseo_metadesc":"Descubra a cidade brasileira famosa por ser o lugar onde tudo d\u00e1 certo e que encanta quem busca qualidade de vida.","jnews-multi-image_gallery":[],"jnews_single_post":{"format":"standard"},"jnews_primary_category":[],"jnews_social_meta":[],"jnews_override_counter":[],"footnotes":""},"categories":[108,111],"post_tag":[225,955,278],"class_list":["post-86031","post","type-post","status-publish","format-standard","has-post-thumbnail","hentry","category-cidades","category-turismo","tag-brasil","tag-sao-caetano-do-sul","tag-sao-paulo"],"yoast_head":"<!-- This site is optimized with the Yoast SEO plugin v24.6 - https:\/\/yoast.com\/wordpress\/plugins\/seo\/ -->\n<title>Essa cidade \u00e9 a prova que o Brasil pode dar certo e funcionar - Correio Braziliense - Radar<\/title>\n<meta name=\"description\" content=\"Descubra a cidade brasileira famosa por ser o lugar onde tudo d\u00e1 certo e que encanta quem busca qualidade de vida.\" \/>\n<meta name=\"robots\" content=\"index, follow, max-snippet:-1, max-image-preview:large, max-video-preview:-1\" \/>\n<link rel=\"canonical\" href=\"https:\/\/www.correiobraziliense.com.br\/cbradar\/essa-cidade-e-a-prova-que-o-brasil-pode-dar-certo-e-funcionar\/\" \/>\n<meta property=\"og:locale\" content=\"pt_BR\" \/>\n<meta property=\"og:type\" content=\"article\" \/>\n<meta property=\"og:title\" content=\"Essa cidade \u00e9 a prova que o Brasil pode dar certo e funcionar - Correio Braziliense - Radar\" \/>\n<meta property=\"og:description\" content=\"Descubra a cidade brasileira famosa por ser o lugar onde tudo d\u00e1 certo e que encanta quem busca qualidade de vida.\" \/>\n<meta property=\"og:url\" content=\"https:\/\/www.correiobraziliense.com.br\/cbradar\/essa-cidade-e-a-prova-que-o-brasil-pode-dar-certo-e-funcionar\/\" \/>\n<meta property=\"og:site_name\" content=\"Correio Braziliense - Radar\" \/>\n<meta property=\"article:published_time\" content=\"2025-08-18T10:03:00+00:00\" \/>\n<meta property=\"og:image\" content=\"https:\/\/www.correiobraziliense.com.br\/cbradar\/wp-content\/uploads\/2025\/08\/populacao-brasileiro_1755115929655.jpg\" \/>\n\t<meta property=\"og:image:width\" content=\"1280\" \/>\n\t<meta property=\"og:image:height\" content=\"720\" \/>\n\t<meta property=\"og:image:type\" content=\"image\/jpeg\" \/>\n<meta name=\"author\" content=\"Maura Pereira\" \/>\n<meta name=\"twitter:card\" content=\"summary_large_image\" \/>\n<meta name=\"twitter:label1\" content=\"Escrito por\" \/>\n\t<meta name=\"twitter:data1\" content=\"Maura Pereira\" \/>\n\t<meta name=\"twitter:label2\" content=\"Est. tempo de leitura\" \/>\n\t<meta name=\"twitter:data2\" content=\"8 minutos\" \/>\n<!-- \/ Yoast SEO plugin. -->","yoast_head_json":{"title":"Essa cidade \u00e9 a prova que o Brasil pode dar certo e funcionar - Correio Braziliense - Radar","description":"Descubra a cidade brasileira famosa por ser o lugar onde tudo d\u00e1 certo e que encanta quem busca qualidade de vida.","robots":{"index":"index","follow":"follow","max-snippet":"max-snippet:-1","max-image-preview":"max-image-preview:large","max-video-preview":"max-video-preview:-1"},"canonical":"https:\/\/www.correiobraziliense.com.br\/cbradar\/essa-cidade-e-a-prova-que-o-brasil-pode-dar-certo-e-funcionar\/","og_locale":"pt_BR","og_type":"article","og_title":"Essa cidade \u00e9 a prova que o Brasil pode dar certo e funcionar - Correio Braziliense - Radar","og_description":"Descubra a cidade brasileira famosa por ser o lugar onde tudo d\u00e1 certo e que encanta quem busca qualidade de vida.","og_url":"https:\/\/www.correiobraziliense.com.br\/cbradar\/essa-cidade-e-a-prova-que-o-brasil-pode-dar-certo-e-funcionar\/","og_site_name":"Correio Braziliense - Radar","article_published_time":"2025-08-18T10:03:00+00:00","og_image":[{"width":1280,"height":720,"url":"https:\/\/www.correiobraziliense.com.br\/cbradar\/wp-content\/uploads\/2025\/08\/populacao-brasileiro_1755115929655.jpg","type":"image\/jpeg"}],"author":"Maura Pereira","twitter_card":"summary_large_image","twitter_misc":{"Escrito por":"Maura Pereira","Est. tempo de leitura":"8 minutos"},"schema":{"@context":"https:\/\/schema.org","@graph":[{"@type":"WebPage","@id":"https:\/\/www.correiobraziliense.com.br\/cbradar\/essa-cidade-e-a-prova-que-o-brasil-pode-dar-certo-e-funcionar\/","url":"https:\/\/www.correiobraziliense.com.br\/cbradar\/essa-cidade-e-a-prova-que-o-brasil-pode-dar-certo-e-funcionar\/","name":"Essa cidade \u00e9 a prova que o Brasil pode dar certo e funcionar - Correio Braziliense - Radar","isPartOf":{"@id":"https:\/\/www.correiobraziliense.com.br\/cbradar\/#website"},"primaryImageOfPage":{"@id":"https:\/\/www.correiobraziliense.com.br\/cbradar\/essa-cidade-e-a-prova-que-o-brasil-pode-dar-certo-e-funcionar\/#primaryimage"},"image":{"@id":"https:\/\/www.correiobraziliense.com.br\/cbradar\/essa-cidade-e-a-prova-que-o-brasil-pode-dar-certo-e-funcionar\/#primaryimage"},"thumbnailUrl":"https:\/\/www.correiobraziliense.com.br\/cbradar\/wp-content\/uploads\/2025\/08\/populacao-brasileiro_1755115929655.jpg","datePublished":"2025-08-18T10:03:00+00:00","author":{"@id":"https:\/\/www.correiobraziliense.com.br\/cbradar\/#\/schema\/person\/4053c651a9bfc785afc6f4cbc9032fd3"},"description":"Descubra a cidade brasileira famosa por ser o lugar onde tudo d\u00e1 certo e que encanta quem busca qualidade de vida.","breadcrumb":{"@id":"https:\/\/www.correiobraziliense.com.br\/cbradar\/essa-cidade-e-a-prova-que-o-brasil-pode-dar-certo-e-funcionar\/#breadcrumb"},"inLanguage":"pt-BR","potentialAction":[{"@type":"ReadAction","target":["https:\/\/www.correiobraziliense.com.br\/cbradar\/essa-cidade-e-a-prova-que-o-brasil-pode-dar-certo-e-funcionar\/"]}]},{"@type":"ImageObject","inLanguage":"pt-BR","@id":"https:\/\/www.correiobraziliense.com.br\/cbradar\/essa-cidade-e-a-prova-que-o-brasil-pode-dar-certo-e-funcionar\/#primaryimage","url":"https:\/\/www.correiobraziliense.com.br\/cbradar\/wp-content\/uploads\/2025\/08\/populacao-brasileiro_1755115929655.jpg","contentUrl":"https:\/\/www.correiobraziliense.com.br\/cbradar\/wp-content\/uploads\/2025\/08\/populacao-brasileiro_1755115929655.jpg","width":1280,"height":720,"caption":"Brasil \/ Cr\u00e9ditos: depositphotos.com \/ diogoppr"},{"@type":"BreadcrumbList","@id":"https:\/\/www.correiobraziliense.com.br\/cbradar\/essa-cidade-e-a-prova-que-o-brasil-pode-dar-certo-e-funcionar\/#breadcrumb","itemListElement":[{"@type":"ListItem","position":1,"name":"In\u00edcio","item":"https:\/\/www.correiobraziliense.com.br\/cbradar\/"},{"@type":"ListItem","position":2,"name":"Essa cidade \u00e9 a prova que o Brasil pode dar certo e funcionar"}]},{"@type":"WebSite","@id":"https:\/\/www.correiobraziliense.com.br\/cbradar\/#website","url":"https:\/\/www.correiobraziliense.com.br\/cbradar\/","name":"Correio Braziliense - Radar","description":"Acompanhe as \u00faltimas not\u00edcias e fique bem informado sobre tudo o que acontece no Brasil e no mundo.","potentialAction":[{"@type":"SearchAction","target":{"@type":"EntryPoint","urlTemplate":"https:\/\/www.correiobraziliense.com.br\/cbradar\/?s={search_term_string}"},"query-input":{"@type":"PropertyValueSpecification","valueRequired":true,"valueName":"search_term_string"}}],"inLanguage":"pt-BR"},{"@type":"Person","@id":"https:\/\/www.correiobraziliense.com.br\/cbradar\/#\/schema\/person\/4053c651a9bfc785afc6f4cbc9032fd3","name":"Maura Pereira","image":{"@type":"ImageObject","inLanguage":"pt-BR","@id":"https:\/\/www.correiobraziliense.com.br\/cbradar\/#\/schema\/person\/image\/","url":"https:\/\/secure.gravatar.com\/avatar\/3effd6bdadfa447f15089c7f7144eaa6?s=96&d=mm&r=g","contentUrl":"https:\/\/secure.gravatar.com\/avatar\/3effd6bdadfa447f15089c7f7144eaa6?s=96&d=mm&r=g","caption":"Maura Pereira"},"sameAs":["https:\/\/www.correiobraziliense.com.br\/"],"url":"https:\/\/www.correiobraziliense.com.br\/cbradar\/author\/mauramyth\/"}]}},"_links":{"self":[{"href":"https:\/\/www.correiobraziliense.com.br\/cbradar\/wp-json\/wp\/v2\/posts\/86031","targetHints":{"allow":["GET"]}}],"collection":[{"href":"https:\/\/www.correiobraziliense.com.br\/cbradar\/wp-json\/wp\/v2\/posts"}],"about":[{"href":"https:\/\/www.correiobraziliense.com.br\/cbradar\/wp-json\/wp\/v2\/types\/post"}],"author":[{"embeddable":true,"href":"https:\/\/www.correiobraziliense.com.br\/cbradar\/wp-json\/wp\/v2\/users\/8"}],"replies":[{"embeddable":true,"href":"https:\/\/www.correiobraziliense.com.br\/cbradar\/wp-json\/wp\/v2\/comments?post=86031"}],"version-history":[{"count":24,"href":"https:\/\/www.correiobraziliense.com.br\/cbradar\/wp-json\/wp\/v2\/posts\/86031\/revisions"}],"predecessor-version":[{"id":86133,"href":"https:\/\/www.correiobraziliense.com.br\/cbradar\/wp-json\/wp\/v2\/posts\/86031\/revisions\/86133"}],"wp:featuredmedia":[{"embeddable":true,"href":"https:\/\/www.correiobraziliense.com.br\/cbradar\/wp-json\/wp\/v2\/media\/86132"}],"wp:attachment":[{"href":"https:\/\/www.correiobraziliense.com.br\/cbradar\/wp-json\/wp\/v2\/media?parent=86031"}],"wp:term":[{"taxonomy":"category","embeddable":true,"href":"https:\/\/www.correiobraziliense.com.br\/cbradar\/wp-json\/wp\/v2\/categories?post=86031"},{"taxonomy":"post_tag","embeddable":true,"href":"https:\/\/www.correiobraziliense.com.br\/cbradar\/wp-json\/wp\/v2\/post_tag?post=86031"}],"curies":[{"name":"wp","href":"https:\/\/api.w.org\/{rel}","templated":true}]}}