{"id":86043,"date":"2025-08-15T19:03:00","date_gmt":"2025-08-15T22:03:00","guid":{"rendered":"https:\/\/www.correiobraziliense.com.br\/cbradar\/?p=86043"},"modified":"2025-08-13T16:43:04","modified_gmt":"2025-08-13T19:43:04","slug":"o-que-acontece-no-seu-corpo-quando-voce-estala-os-dedos-todo-dia","status":"publish","type":"post","link":"https:\/\/www.correiobraziliense.com.br\/cbradar\/o-que-acontece-no-seu-corpo-quando-voce-estala-os-dedos-todo-dia\/","title":{"rendered":"O que acontece no seu corpo quando voc\u00ea estala os dedos todo dia"},"content":{"rendered":"\n<p><strong>Estalar os Dedos<\/strong> \u00e9 uma pr\u00e1tica comum e, para muitos, um h\u00e1bito di\u00e1rio. O som caracter\u00edstico do estalo resulta do movimento r\u00e1pido do\u00a0l\u00edquido sinovial\u00a0presente nas articula\u00e7\u00f5es dos dedos. De acordo com o especialista em m\u00e3o <strong>Mateus Saito<\/strong>, esse movimento n\u00e3o \u00e9 prejudicial e, geralmente, n\u00e3o provoca danos \u00e0s articula\u00e7\u00f5es, ligamentos, cartilagens ou tend\u00f5es. Portanto, Estalar os Dedos ocasionalmente n\u00e3o deve ser motivo de preocupa\u00e7\u00e3o.<\/p>\n\n\n\n<p>Contudo, \u00e9 importante entender os limites dessa pr\u00e1tica. Quando realizada de forma compulsiva, o h\u00e1bito de Estalar os Dedos pode, eventualmente, causar\u00a0<em>frouxid\u00e3o ligamentar<\/em>, o que pode levar a problemas mais s\u00e9rios, como uma <a href=\"https:\/\/www.correiobraziliense.com.br\/cbradar\/remedios-caseiros-poderosos-que-suavizam-a-dor-da-fibromialgia\/\" target=\"_blank\" rel=\"noreferrer noopener\">doen\u00e7a <\/a>articular degenerativa. Assim, a modera\u00e7\u00e3o \u00e9 essencial para garantir que o h\u00e1bito n\u00e3o se transforme em um problema de sa\u00fade.<\/p>\n\n\n\n<h2 class=\"wp-block-heading\">Estalar os Dedos pode causar problemas a longo prazo?<\/h2>\n\n\n\n<p>\u00c9 natural questionar se Estalar os Dedos pode levar a problemas nas articula\u00e7\u00f5es com o passar do tempo. O consenso entre especialistas \u00e9 que, desde que n\u00e3o haja compuls\u00e3o, o impacto \u00e9 praticamente inexistente. Frouxid\u00e3o ligamentar pode ocorrer se os dedos forem estalados repetidamente em uma tentativa de aliviar a tens\u00e3o. Essa frouxid\u00e3o pode, por sua vez, predispor a articula\u00e7\u00f5es a les\u00f5es e condi\u00e7\u00f5es degenerativas.<\/p>\n\n\n<div class=\"wp-block-image\">\n<figure class=\"aligncenter size-large\"><img decoding=\"async\" width=\"1024\" height=\"576\" src=\"https:\/\/www.correiobraziliense.com.br\/cbradar\/wp-content\/uploads\/2025\/08\/fingers_1755114106699-1024x576.jpg\" alt=\"\" class=\"wp-image-86061\" srcset=\"https:\/\/www.correiobraziliense.com.br\/cbradar\/wp-content\/uploads\/2025\/08\/fingers_1755114106699-1024x576.jpg 1024w, https:\/\/www.correiobraziliense.com.br\/cbradar\/wp-content\/uploads\/2025\/08\/fingers_1755114106699-300x169.jpg 300w, https:\/\/www.correiobraziliense.com.br\/cbradar\/wp-content\/uploads\/2025\/08\/fingers_1755114106699-768x432.jpg 768w, https:\/\/www.correiobraziliense.com.br\/cbradar\/wp-content\/uploads\/2025\/08\/fingers_1755114106699-750x422.jpg 750w, https:\/\/www.correiobraziliense.com.br\/cbradar\/wp-content\/uploads\/2025\/08\/fingers_1755114106699-1140x641.jpg 1140w, https:\/\/www.correiobraziliense.com.br\/cbradar\/wp-content\/uploads\/2025\/08\/fingers_1755114106699.jpg 1280w\" sizes=\"(max-width: 1024px) 100vw, 1024px\" \/><figcaption class=\"wp-element-caption\">Dedos &#8211; Cr\u00e9ditos: depositphotos.com \/ VadimVasenin<\/figcaption><\/figure><\/div>\n\n\n<p>Al\u00e9m disso, \u00e9 crucial destacar que os sons produzidos ao Estalar os Dedos n\u00e3o indicam fraturas, mas sim a forma\u00e7\u00e3o de bolhas de g\u00e1s no l\u00edquido sinovial. Este \u00e9 um fen\u00f4meno inofensivo se realizado esporadicamente. O verdadeiro desafio reside em identificar quando a pr\u00e1tica se torna compulsiva e buscar meios para gerenci\u00e1-la.<\/p>\n\n\n\n<h2 class=\"wp-block-heading\">Existem benef\u00edcios em Estalar os Dedos?<\/h2>\n\n\n\n<p>Embora muitos vejam v como um h\u00e1bito irritante ou inconsci\u00eancia, alguns percebem um leve al\u00edvio de tens\u00e3o da articula\u00e7\u00e3o ap\u00f3s faz\u00ea-lo. Em alguns casos, essa a\u00e7\u00e3o pode oferecer uma sensa\u00e7\u00e3o passageira de relaxamento, sem consequ\u00eancias negativas para a <a href=\"https:\/\/www.gov.br\/saude\/pt-br\" target=\"_blank\" rel=\"noreferrer noopener\">sa\u00fade <\/a>a menos que feito de forma exagerada. Assim, entender o pr\u00f3prio corpo e respeitar seus limites \u00e9 fundamental.<\/p>\n\n\n\n<h2 class=\"wp-block-heading\">O que fazer se estalo for uma compuls\u00e3o?<\/h2>\n\n\n\n<p>Identificar quando Estalar os Dedos se torna mais do que um h\u00e1bito ocasional \u00e9 o primeiro passo para lidar com a compuls\u00e3o. Algumas estrat\u00e9gias incluem:<\/p>\n\n\n\n<ul class=\"wp-block-list\">\n<li>Praticar t\u00e9cnicas de\u00a0<strong>relaxamento<\/strong>, como medita\u00e7\u00e3o ou respira\u00e7\u00e3o profunda, para aliviar o estresse e a ansiedade, que podem levar ao estalo compulsivo.<\/li>\n\n\n\n<li>Substituir o h\u00e1bito por outro menos nocivo, como apertar uma bola de borracha para o al\u00edvio de tens\u00e3o nas m\u00e3os.<\/li>\n\n\n\n<li>Consultar um profissional, como um terapeuta ocupacional, que pode fornecer exerc\u00edcios espec\u00edficos para fortalecer e realinhar as articula\u00e7\u00f5es, quando necess\u00e1rio.<\/li>\n<\/ul>\n\n\n\n<h2 class=\"wp-block-heading\">Como manter a sa\u00fade das articula\u00e7\u00f5es?<\/h2>\n\n\n\n<p>Preservar a sa\u00fade das articula\u00e7\u00f5es dos dedos envolve mais do que apenas evitar o estalo excessivo. Um estilo de vida saud\u00e1vel, com dieta balanceada, atividade f\u00edsica regular e hidrata\u00e7\u00e3o adequada, \u00e9 essencial para manter as articula\u00e7\u00f5es em condi\u00e7\u00e3o ideal. Al\u00e9m disso, realizar alongamentos simples para m\u00e3os e dedos pode ajudar a manter a flexibilidade e prevenir o desconforto.<\/p>\n\n\n\n<p>Informar-se corretamente sobre os h\u00e1bitos di\u00e1rios ajuda a garantir que pr\u00e1ticas comuns, como Estalar os Dedos, n\u00e3o evoluam para preocupa\u00e7\u00f5es maiores. Mantendo o equil\u00edbrio e realizando atividades que promovem o bem-estar geral, \u00e9 poss\u00edvel desfrutar de uma vida sem complica\u00e7\u00f5es nas articula\u00e7\u00f5es.<\/p>\n\n\n<a href=\"https:\/\/www.instagram.com\/dra.annaluisabf\/\" target=\"_blank\" rel=\"noopener\" style=\"text-decoration: none; color: inherit;\">\n    <span style=\"display: inline-block; border: 1px solid #ccc; border-radius: 10px; padding: 15px; max-width: 550px; font-family: sans-serif; box-shadow: 0 2px 5px rgba(0,0,0,0.1); width: 100%;\">\n\n      <!-- T\u00edtulo -->\n      <span style=\"display: block; margin: 0 0 15px 0; font-weight: bold; color: #2c3e50; text-align: center;\">\n        Entre em contato:\n      <\/span>\n\n      <!-- Linha do perfil -->\n      <span style=\"display: flex; align-items: center; gap: 15px;\">\n        <img decoding=\"async\"\n          src=\"https:\/\/www.correiobraziliense.com.br\/cbradar\/wp-content\/uploads\/2025\/08\/dra_anna_luisa.jpeg\"\n          alt=\"Foto da Dra. Anna Lu\u00edsa\"\n          style=\"border-radius: 50%; width: 80px; height: 80px; object-fit: cover;\"\n        \/>\n        <span style=\"display: flex; flex-direction: column;\">\n          <span style=\"font-size: 18px; font-weight: 700; color: #2c3e50;\">Dra. Anna Lu\u00edsa Barbosa Fernandes<\/span>\n          <span style=\"color: #555;\">CRM-GO 33.271<\/span>\n        <\/span>\n      <\/span>\n\n      <!-- Redes -->\n      <span style=\"display: flex; align-items: center; gap: 10px; margin-top: 12px;\">\n        <img decoding=\"async\" src=\"https:\/\/cdn-icons-png.flaticon.com\/24\/1384\/1384063.png\" alt=\"Instagram\" width=\"24\" height=\"24\" \/>\n        <span style=\"text-decoration: underline; color: #2c3e50;\">@dra.annaluisabf<\/span>\n      <\/span>\n\n    <\/span>\n  <\/a>","protected":false},"excerpt":{"rendered":"<p>Estalar os Dedos \u00e9 uma pr\u00e1tica comum e, para muitos, um h\u00e1bito di\u00e1rio. O som caracter\u00edstico do estalo resulta do movimento r\u00e1pido do\u00a0l\u00edquido sinovial\u00a0presente nas articula\u00e7\u00f5es dos dedos. De acordo com o especialista em m\u00e3o Mateus Saito, esse movimento n\u00e3o \u00e9 prejudicial e, geralmente, n\u00e3o provoca danos \u00e0s articula\u00e7\u00f5es, ligamentos, cartilagens ou tend\u00f5es. Portanto, Estalar [&hellip;]<\/p>\n","protected":false},"author":14,"featured_media":86060,"comment_status":"open","ping_status":"open","sticky":false,"template":"","format":"standard","meta":{"jnews-multi-image_gallery":[],"jnews_single_post":{"format":"standard"},"jnews_primary_category":[],"jnews_social_meta":[],"jnews_override_counter":[],"footnotes":""},"categories":[4404],"post_tag":[120,9341,1318],"class_list":["post-86043","post","type-post","status-publish","format-standard","has-post-thumbnail","hentry","category-saude","tag-bem-estar","tag-cotidiano","tag-saude-2"],"yoast_head":"<!-- This site is optimized with the Yoast SEO plugin v24.6 - https:\/\/yoast.com\/wordpress\/plugins\/seo\/ -->\n<title>O que acontece no seu corpo quando voc\u00ea estala os dedos todo dia - Correio Braziliense - Radar<\/title>\n<meta name=\"description\" content=\"Entenda a verdade sobre o h\u00e1bito de estalar os dedos e como evitar problemas nas articula\u00e7\u00f5es sem abrir m\u00e3o do al\u00edvio\" \/>\n<meta name=\"robots\" content=\"index, follow, max-snippet:-1, max-image-preview:large, max-video-preview:-1\" \/>\n<link rel=\"canonical\" href=\"https:\/\/www.correiobraziliense.com.br\/cbradar\/o-que-acontece-no-seu-corpo-quando-voce-estala-os-dedos-todo-dia\/\" \/>\n<meta property=\"og:locale\" content=\"pt_BR\" \/>\n<meta property=\"og:type\" content=\"article\" \/>\n<meta property=\"og:title\" content=\"O que acontece no seu corpo quando voc\u00ea estala os dedos todo dia - Correio Braziliense - Radar\" \/>\n<meta property=\"og:description\" content=\"Entenda a verdade sobre o h\u00e1bito de estalar os dedos e como evitar problemas nas articula\u00e7\u00f5es sem abrir m\u00e3o do al\u00edvio\" \/>\n<meta property=\"og:url\" content=\"https:\/\/www.correiobraziliense.com.br\/cbradar\/o-que-acontece-no-seu-corpo-quando-voce-estala-os-dedos-todo-dia\/\" \/>\n<meta property=\"og:site_name\" content=\"Correio Braziliense - Radar\" \/>\n<meta property=\"article:published_time\" content=\"2025-08-15T22:03:00+00:00\" \/>\n<meta property=\"og:image\" content=\"https:\/\/www.correiobraziliense.com.br\/cbradar\/wp-content\/uploads\/2025\/08\/fingers_1755113957555.jpg\" \/>\n\t<meta property=\"og:image:width\" content=\"1280\" \/>\n\t<meta property=\"og:image:height\" content=\"720\" \/>\n\t<meta property=\"og:image:type\" content=\"image\/jpeg\" \/>\n<meta name=\"author\" content=\"guilherme_saude\" \/>\n<meta name=\"twitter:card\" content=\"summary_large_image\" \/>\n<meta name=\"twitter:label1\" content=\"Escrito por\" \/>\n\t<meta name=\"twitter:data1\" content=\"guilherme_saude\" \/>\n\t<meta name=\"twitter:label2\" content=\"Est. tempo de leitura\" \/>\n\t<meta name=\"twitter:data2\" content=\"4 minutos\" \/>\n<!-- \/ Yoast SEO plugin. -->","yoast_head_json":{"title":"O que acontece no seu corpo quando voc\u00ea estala os dedos todo dia - Correio Braziliense - Radar","description":"Entenda a verdade sobre o h\u00e1bito de estalar os dedos e como evitar problemas nas articula\u00e7\u00f5es sem abrir m\u00e3o do al\u00edvio","robots":{"index":"index","follow":"follow","max-snippet":"max-snippet:-1","max-image-preview":"max-image-preview:large","max-video-preview":"max-video-preview:-1"},"canonical":"https:\/\/www.correiobraziliense.com.br\/cbradar\/o-que-acontece-no-seu-corpo-quando-voce-estala-os-dedos-todo-dia\/","og_locale":"pt_BR","og_type":"article","og_title":"O que acontece no seu corpo quando voc\u00ea estala os dedos todo dia - Correio Braziliense - Radar","og_description":"Entenda a verdade sobre o h\u00e1bito de estalar os dedos e como evitar problemas nas articula\u00e7\u00f5es sem abrir m\u00e3o do al\u00edvio","og_url":"https:\/\/www.correiobraziliense.com.br\/cbradar\/o-que-acontece-no-seu-corpo-quando-voce-estala-os-dedos-todo-dia\/","og_site_name":"Correio Braziliense - Radar","article_published_time":"2025-08-15T22:03:00+00:00","og_image":[{"width":1280,"height":720,"url":"https:\/\/www.correiobraziliense.com.br\/cbradar\/wp-content\/uploads\/2025\/08\/fingers_1755113957555.jpg","type":"image\/jpeg"}],"author":"guilherme_saude","twitter_card":"summary_large_image","twitter_misc":{"Escrito por":"guilherme_saude","Est. tempo de leitura":"4 minutos"},"schema":{"@context":"https:\/\/schema.org","@graph":[{"@type":"WebPage","@id":"https:\/\/www.correiobraziliense.com.br\/cbradar\/o-que-acontece-no-seu-corpo-quando-voce-estala-os-dedos-todo-dia\/","url":"https:\/\/www.correiobraziliense.com.br\/cbradar\/o-que-acontece-no-seu-corpo-quando-voce-estala-os-dedos-todo-dia\/","name":"O que acontece no seu corpo quando voc\u00ea estala os dedos todo dia - Correio Braziliense - Radar","isPartOf":{"@id":"https:\/\/www.correiobraziliense.com.br\/cbradar\/#website"},"primaryImageOfPage":{"@id":"https:\/\/www.correiobraziliense.com.br\/cbradar\/o-que-acontece-no-seu-corpo-quando-voce-estala-os-dedos-todo-dia\/#primaryimage"},"image":{"@id":"https:\/\/www.correiobraziliense.com.br\/cbradar\/o-que-acontece-no-seu-corpo-quando-voce-estala-os-dedos-todo-dia\/#primaryimage"},"thumbnailUrl":"https:\/\/www.correiobraziliense.com.br\/cbradar\/wp-content\/uploads\/2025\/08\/fingers_1755113957555.jpg","datePublished":"2025-08-15T22:03:00+00:00","author":{"@id":"https:\/\/www.correiobraziliense.com.br\/cbradar\/#\/schema\/person\/5aa4bf3c8fa699c267933611de12978b"},"description":"Entenda a verdade sobre o h\u00e1bito de estalar os dedos e como evitar problemas nas articula\u00e7\u00f5es sem abrir m\u00e3o do al\u00edvio","breadcrumb":{"@id":"https:\/\/www.correiobraziliense.com.br\/cbradar\/o-que-acontece-no-seu-corpo-quando-voce-estala-os-dedos-todo-dia\/#breadcrumb"},"inLanguage":"pt-BR","potentialAction":[{"@type":"ReadAction","target":["https:\/\/www.correiobraziliense.com.br\/cbradar\/o-que-acontece-no-seu-corpo-quando-voce-estala-os-dedos-todo-dia\/"]}]},{"@type":"ImageObject","inLanguage":"pt-BR","@id":"https:\/\/www.correiobraziliense.com.br\/cbradar\/o-que-acontece-no-seu-corpo-quando-voce-estala-os-dedos-todo-dia\/#primaryimage","url":"https:\/\/www.correiobraziliense.com.br\/cbradar\/wp-content\/uploads\/2025\/08\/fingers_1755113957555.jpg","contentUrl":"https:\/\/www.correiobraziliense.com.br\/cbradar\/wp-content\/uploads\/2025\/08\/fingers_1755113957555.jpg","width":1280,"height":720,"caption":"Dedos - Cr\u00e9ditos: depositphotos.com \/ AndrewLozovyi"},{"@type":"BreadcrumbList","@id":"https:\/\/www.correiobraziliense.com.br\/cbradar\/o-que-acontece-no-seu-corpo-quando-voce-estala-os-dedos-todo-dia\/#breadcrumb","itemListElement":[{"@type":"ListItem","position":1,"name":"In\u00edcio","item":"https:\/\/www.correiobraziliense.com.br\/cbradar\/"},{"@type":"ListItem","position":2,"name":"O que acontece no seu corpo quando voc\u00ea estala os dedos todo dia"}]},{"@type":"WebSite","@id":"https:\/\/www.correiobraziliense.com.br\/cbradar\/#website","url":"https:\/\/www.correiobraziliense.com.br\/cbradar\/","name":"Correio Braziliense - Radar","description":"Acompanhe as \u00faltimas not\u00edcias e fique bem informado sobre tudo o que acontece no Brasil e no mundo.","potentialAction":[{"@type":"SearchAction","target":{"@type":"EntryPoint","urlTemplate":"https:\/\/www.correiobraziliense.com.br\/cbradar\/?s={search_term_string}"},"query-input":{"@type":"PropertyValueSpecification","valueRequired":true,"valueName":"search_term_string"}}],"inLanguage":"pt-BR"},{"@type":"Person","@id":"https:\/\/www.correiobraziliense.com.br\/cbradar\/#\/schema\/person\/5aa4bf3c8fa699c267933611de12978b","name":"guilherme_saude","image":{"@type":"ImageObject","inLanguage":"pt-BR","@id":"https:\/\/www.correiobraziliense.com.br\/cbradar\/#\/schema\/person\/image\/","url":"https:\/\/secure.gravatar.com\/avatar\/df9adfb835d344bc0af109d41756253f?s=96&d=mm&r=g","contentUrl":"https:\/\/secure.gravatar.com\/avatar\/df9adfb835d344bc0af109d41756253f?s=96&d=mm&r=g","caption":"guilherme_saude"},"url":"https:\/\/www.correiobraziliense.com.br\/cbradar\/author\/guilherme_saude\/"}]}},"_links":{"self":[{"href":"https:\/\/www.correiobraziliense.com.br\/cbradar\/wp-json\/wp\/v2\/posts\/86043","targetHints":{"allow":["GET"]}}],"collection":[{"href":"https:\/\/www.correiobraziliense.com.br\/cbradar\/wp-json\/wp\/v2\/posts"}],"about":[{"href":"https:\/\/www.correiobraziliense.com.br\/cbradar\/wp-json\/wp\/v2\/types\/post"}],"author":[{"embeddable":true,"href":"https:\/\/www.correiobraziliense.com.br\/cbradar\/wp-json\/wp\/v2\/users\/14"}],"replies":[{"embeddable":true,"href":"https:\/\/www.correiobraziliense.com.br\/cbradar\/wp-json\/wp\/v2\/comments?post=86043"}],"version-history":[{"count":1,"href":"https:\/\/www.correiobraziliense.com.br\/cbradar\/wp-json\/wp\/v2\/posts\/86043\/revisions"}],"predecessor-version":[{"id":86062,"href":"https:\/\/www.correiobraziliense.com.br\/cbradar\/wp-json\/wp\/v2\/posts\/86043\/revisions\/86062"}],"wp:featuredmedia":[{"embeddable":true,"href":"https:\/\/www.correiobraziliense.com.br\/cbradar\/wp-json\/wp\/v2\/media\/86060"}],"wp:attachment":[{"href":"https:\/\/www.correiobraziliense.com.br\/cbradar\/wp-json\/wp\/v2\/media?parent=86043"}],"wp:term":[{"taxonomy":"category","embeddable":true,"href":"https:\/\/www.correiobraziliense.com.br\/cbradar\/wp-json\/wp\/v2\/categories?post=86043"},{"taxonomy":"post_tag","embeddable":true,"href":"https:\/\/www.correiobraziliense.com.br\/cbradar\/wp-json\/wp\/v2\/post_tag?post=86043"}],"curies":[{"name":"wp","href":"https:\/\/api.w.org\/{rel}","templated":true}]}}