{"id":86378,"date":"2025-08-15T11:33:00","date_gmt":"2025-08-15T14:33:00","guid":{"rendered":"https:\/\/www.correiobraziliense.com.br\/cbradar\/?p=86378"},"modified":"2025-08-13T20:59:28","modified_gmt":"2025-08-13T23:59:28","slug":"exercicios-para-os-pes-para-pessoas-com-mais-de-60-anos-como-fazer-e-beneficios","status":"publish","type":"post","link":"https:\/\/www.correiobraziliense.com.br\/cbradar\/exercicios-para-os-pes-para-pessoas-com-mais-de-60-anos-como-fazer-e-beneficios\/","title":{"rendered":"Exerc\u00edcios para os p\u00e9s para pessoas com mais de 60 anos: como fazer e benef\u00edcios"},"content":{"rendered":"\n<p>A sa\u00fade dos nossos p\u00e9s \u00e9 frequentemente subestimada, mas eles s\u00e3o a base literal da nossa independ\u00eancia. Ap\u00f3s os 60 anos, manter os p\u00e9s fortes, flex\u00edveis e saud\u00e1veis torna-se um dos pilares mais importantes para prevenir quedas, garantir a mobilidade e preservar a qualidade de vida. \u00c9 crucial afirmar desde o in\u00edcio: <strong>antes de iniciar qualquer nova rotina de exerc\u00edcios, por mais simples que pare\u00e7a, uma consulta com um m\u00e9dico \u00e9 indispens\u00e1vel<\/strong>, especialmente se houver condi\u00e7\u00f5es preexistentes como diabetes, artrite ou problemas circulat\u00f3rios.<\/p>\n\n\n\n<p>Pequenos movimentos di\u00e1rios podem fazer uma grande diferen\u00e7a na manuten\u00e7\u00e3o da fun\u00e7\u00e3o dos p\u00e9s. Este artigo ir\u00e1 explorar alguns exerc\u00edcios suaves e seguros, que podem ser feitos confortavelmente sentado, e explicar por que dedicar alguns minutos por dia aos seus p\u00e9s \u00e9 um investimento valioso na sua sa\u00fade e autonomia.<\/p>\n\n\n\n<h2 class=\"wp-block-heading\">Por que a sa\u00fade dos p\u00e9s \u00e9 t\u00e3o cr\u00edtica para a independ\u00eancia na terceira idade?<\/h2>\n\n\n<div class=\"wp-block-image\">\n<figure class=\"aligncenter size-large\"><img decoding=\"async\" width=\"1024\" height=\"576\" src=\"https:\/\/www.correiobraziliense.com.br\/cbradar\/wp-content\/uploads\/2025\/05\/idoso-_1747140489209-1024x576.jpg\" alt=\"A habilidade que voc\u00ea precisa dominar para ter uma boa qualidade de vida\" class=\"wp-image-36200\" srcset=\"https:\/\/www.correiobraziliense.com.br\/cbradar\/wp-content\/uploads\/2025\/05\/idoso-_1747140489209-1024x576.jpg 1024w, https:\/\/www.correiobraziliense.com.br\/cbradar\/wp-content\/uploads\/2025\/05\/idoso-_1747140489209-300x169.jpg 300w, https:\/\/www.correiobraziliense.com.br\/cbradar\/wp-content\/uploads\/2025\/05\/idoso-_1747140489209-768x432.jpg 768w, https:\/\/www.correiobraziliense.com.br\/cbradar\/wp-content\/uploads\/2025\/05\/idoso-_1747140489209-750x422.jpg 750w, https:\/\/www.correiobraziliense.com.br\/cbradar\/wp-content\/uploads\/2025\/05\/idoso-_1747140489209-1140x641.jpg 1140w, https:\/\/www.correiobraziliense.com.br\/cbradar\/wp-content\/uploads\/2025\/05\/idoso-_1747140489209.jpg 1280w\" sizes=\"(max-width: 1024px) 100vw, 1024px\" \/><figcaption class=\"wp-element-caption\">Idoso &#8211; Cr\u00e9ditos: depositphotos.com \/ AllaSerebrina<\/figcaption><\/figure><\/div>\n\n\n<p>Os p\u00e9s s\u00e3o estruturas complexas que cont\u00eam mais de 25% dos ossos do corpo, al\u00e9m de uma intrincada rede de m\u00fasculos, ligamentos e nervos. Eles n\u00e3o apenas suportam nosso peso, mas tamb\u00e9m atuam como sensores prim\u00e1rios, enviando informa\u00e7\u00f5es cruciais ao c\u00e9rebro sobre o terreno e a posi\u00e7\u00e3o do nosso corpo no espa\u00e7o. Essa comunica\u00e7\u00e3o \u00e9 essencial para o <strong>equil\u00edbrio<\/strong>.<\/p>\n\n\n\n<p>Conforme apontado por institui\u00e7\u00f5es como o <strong>National Institute on Aging (NIA)<\/strong>, dos EUA, problemas nos p\u00e9s podem ser o primeiro sinal de condi\u00e7\u00f5es mais s\u00e9rias e s\u00e3o uma causa principal de quedas em idosos. Manter os p\u00e9s saud\u00e1veis significa manter a base que nos permite caminhar com confian\u00e7a, realizar tarefas di\u00e1rias e permanecer ativos e independentes.<\/p>\n\n\n\n<h2 class=\"wp-block-heading\">Como a perda de for\u00e7a e flexibilidade nos p\u00e9s afeta o equil\u00edbrio?<\/h2>\n\n\n<div class=\"wp-block-image\">\n<figure class=\"aligncenter size-large\"><img decoding=\"async\" width=\"1024\" height=\"576\" src=\"https:\/\/www.correiobraziliense.com.br\/cbradar\/wp-content\/uploads\/2025\/08\/pes-idoso_1755129514172-1024x576.jpg\" alt=\"Exerc\u00edcios para os p\u00e9s para pessoas com mais de 60 anos: como fazer e benef\u00edcios\" class=\"wp-image-86381\" srcset=\"https:\/\/www.correiobraziliense.com.br\/cbradar\/wp-content\/uploads\/2025\/08\/pes-idoso_1755129514172-1024x576.jpg 1024w, https:\/\/www.correiobraziliense.com.br\/cbradar\/wp-content\/uploads\/2025\/08\/pes-idoso_1755129514172-300x169.jpg 300w, https:\/\/www.correiobraziliense.com.br\/cbradar\/wp-content\/uploads\/2025\/08\/pes-idoso_1755129514172-768x432.jpg 768w, https:\/\/www.correiobraziliense.com.br\/cbradar\/wp-content\/uploads\/2025\/08\/pes-idoso_1755129514172-750x422.jpg 750w, https:\/\/www.correiobraziliense.com.br\/cbradar\/wp-content\/uploads\/2025\/08\/pes-idoso_1755129514172-1140x641.jpg 1140w, https:\/\/www.correiobraziliense.com.br\/cbradar\/wp-content\/uploads\/2025\/08\/pes-idoso_1755129514172.jpg 1280w\" sizes=\"(max-width: 1024px) 100vw, 1024px\" \/><figcaption class=\"wp-element-caption\">Pessoa massageando um p\u00e9 de um idoso &#8211; Cr\u00e9ditos: depositphotos.com \/ Chai2523<\/figcaption><\/figure><\/div>\n\n\n<p>Com o envelhecimento, \u00e9 natural que ocorra uma perda de massa muscular (sarcopenia) e uma diminui\u00e7\u00e3o da flexibilidade nas articula\u00e7\u00f5es, e os p\u00e9s n\u00e3o s\u00e3o exce\u00e7\u00e3o. Os pequenos <strong>m\u00fasculos intr\u00ednsecos<\/strong> do p\u00e9, respons\u00e1veis por ajustes finos do equil\u00edbrio, podem enfraquecer. As articula\u00e7\u00f5es dos tornozelos podem se tornar mais r\u00edgidas, limitando a amplitude de movimento necess\u00e1ria para nos adaptarmos a superf\u00edcies irregulares.<\/p>\n\n\n\n<p>Essa combina\u00e7\u00e3o de fraqueza e rigidez diminui a capacidade do corpo de fazer as r\u00e1pidas corre\u00e7\u00f5es necess\u00e1rias para se manter est\u00e1vel, aumentando significativamente o risco de quedas. Exerc\u00edcios direcionados ajudam a combater essas perdas, mantendo os p\u00e9s responsivos e funcionais.<\/p>\n\n\n\n<p>Leia mais: <a href=\"https:\/\/www.correiobraziliense.com.br\/cbradar\/pequeno-habito-antes-de-dormir-que-melhora-a-qualidade-do-sono\" target=\"_blank\" rel=\"noreferrer noopener\">Pequeno h\u00e1bito antes de dormir que melhora a qualidade do sono<\/a><\/p>\n\n\n\n<h2 class=\"wp-block-heading\">Quais s\u00e3o alguns exerc\u00edcios suaves e seguros para fazer sentado?<\/h2>\n\n\n\n<p>A seguran\u00e7a \u00e9 a prioridade m\u00e1xima. Os exerc\u00edcios a seguir devem ser realizados de forma lenta e controlada, sempre sentado em uma cadeira firme e com os p\u00e9s descal\u00e7os ou com meias antiderrapantes.<\/p>\n\n\n\n<h3 class=\"wp-block-heading\">Rota\u00e7\u00e3o dos tornozelos<\/h3>\n\n\n\n<p>Sentado, levante um p\u00e9 do ch\u00e3o. Gire lentamente o tornozelo em um grande c\u00edrculo, 10 vezes no sentido hor\u00e1rio e depois 10 vezes no sentido anti-hor\u00e1rio. Repita com o outro p\u00e9. Este movimento ajuda a lubrificar a articula\u00e7\u00e3o do tornozelo.<\/p>\n\n\n\n<h3 class=\"wp-block-heading\">Flex\u00e3o e extens\u00e3o dos dedos<\/h3>\n\n\n\n<p>Mantenha os calcanhares no ch\u00e3o e tente levantar todos os dedos dos p\u00e9s em dire\u00e7\u00e3o ao teto. Mantenha por 5 segundos e relaxe. Em seguida, curve os dedos para baixo, como se estivesse tentando agarrar o ch\u00e3o com eles. Repita o ciclo 10 vezes.<\/p>\n\n\n\n<h3 class=\"wp-block-heading\">Eleva\u00e7\u00e3o de calcanhares e pontas dos p\u00e9s<\/h3>\n\n\n\n<p>Com ambos os p\u00e9s apoiados no ch\u00e3o, levante lentamente os calcanhares o mais alto que puder, sentindo a contra\u00e7\u00e3o na panturrilha. Depois, baixe os calcanhares e levante a ponta dos p\u00e9s. Alterne entre os dois movimentos por 1 minuto.<\/p>\n\n\n\n<h3 class=\"wp-block-heading\">&#8220;Escrever&#8221; o alfabeto<\/h3>\n\n\n\n<p>Levante um p\u00e9 do ch\u00e3o e, usando o ded\u00e3o como um l\u00e1pis, &#8220;escreva&#8221; lentamente cada letra do alfabeto no ar. Este exerc\u00edcio move o tornozelo em todas as dire\u00e7\u00f5es, melhorando a amplitude de movimento. Troque de p\u00e9.<\/p>\n\n\n\n<h3 class=\"wp-block-heading\">Massagem com bolinha de t\u00eanis<\/h3>\n\n\n\n<p>Coloque uma bolinha de t\u00eanis no ch\u00e3o e role-a suavemente sob a planta do p\u00e9, do calcanhar aos dedos. Isso ajuda a massagear e aliviar a tens\u00e3o na f\u00e1scia plantar. Seja gentil e evite qualquer \u00e1rea que cause dor aguda.<\/p>\n\n\n\n<p>Leia mais: <a href=\"https:\/\/www.correiobraziliense.com.br\/cbradar\/o-que-acontece-no-seu-corpo-ao-trocar-o-cafe-por-cha-verde-por-uma-semana\" target=\"_blank\" rel=\"noreferrer noopener\">O que acontece no seu corpo ao trocar o caf\u00e9 por ch\u00e1 verde por uma semana<\/a><\/p>\n\n\n\n<h2 class=\"wp-block-heading\">Al\u00e9m dos exerc\u00edcios, que outros cuidados di\u00e1rios s\u00e3o importantes para os p\u00e9s?<\/h2>\n\n\n\n<p>Os exerc\u00edcios s\u00e3o uma parte do cuidado, mas a aten\u00e7\u00e3o di\u00e1ria \u00e9 igualmente crucial para a sa\u00fade dos p\u00e9s na terceira idade.<\/p>\n\n\n\n<ul class=\"wp-block-list\">\n<li><strong>Inspe\u00e7\u00e3o Di\u00e1ria:<\/strong> Verifique seus p\u00e9s todos os dias em busca de cortes, bolhas, calos, altera\u00e7\u00f5es de cor ou incha\u00e7o. Use um espelho se for dif\u00edcil ver a sola.<\/li>\n\n\n\n<li><strong>Higiene Adequada:<\/strong> Lave os p\u00e9s com \u00e1gua morna e sab\u00e3o neutro, e seque-os completamente, especialmente entre os dedos, para prevenir infec\u00e7\u00f5es f\u00fangicas.<\/li>\n\n\n\n<li><strong>Hidrata\u00e7\u00e3o:<\/strong> Use um creme hidratante nos p\u00e9s para evitar o ressecamento e rachaduras, mas evite aplicar entre os dedos.<\/li>\n\n\n\n<li><strong>Cal\u00e7ados Corretos:<\/strong> Use sapatos confort\u00e1veis, do tamanho certo e com bom suporte e solado antiderrapante. Evite andar descal\u00e7o, mesmo dentro de casa.<\/li>\n<\/ul>\n\n\n\n<h2 class=\"wp-block-heading\">Quando a dor ou altera\u00e7\u00e3o nos p\u00e9s exige uma avalia\u00e7\u00e3o profissional imediata?<\/h2>\n\n\n\n<p>Conforme alertado pela <strong><a href=\"https:\/\/www.apma.org\/patients-and-the-public\" target=\"_blank\" rel=\"noreferrer noopener\">American Podiatric Medical Association (APMA)<\/a><\/strong>, certos sinais n\u00e3o devem ser ignorados. Procure um <strong>m\u00e9dico<\/strong> \u2014 seja um <strong>cl\u00ednico geral<\/strong>, <strong>geriatra<\/strong>, <strong>ortopedista<\/strong> ou um <strong>podiatra<\/strong> (especialista em p\u00e9s) \u2014 se voc\u00ea notar:<\/p>\n\n\n\n<ul class=\"wp-block-list\">\n<li>Dor persistente no p\u00e9 ou tornozelo.<\/li>\n\n\n\n<li>Dorm\u00eancia, formigamento ou sensa\u00e7\u00e3o de queima\u00e7\u00e3o nos p\u00e9s (sinais de neuropatia).<\/li>\n\n\n\n<li>Feridas ou \u00falceras que n\u00e3o cicatrizam (um sinal de alerta cr\u00edtico, especialmente para diab\u00e9ticos).<\/li>\n\n\n\n<li>Incha\u00e7o em um ou ambos os p\u00e9s.<\/li>\n\n\n\n<li>Altera\u00e7\u00f5es na cor ou temperatura da pele dos p\u00e9s.<\/li>\n<\/ul>\n\n\n\n<p>Ap\u00f3s um diagn\u00f3stico, um <strong>fisioterapeuta<\/strong> \u00e9 o profissional ideal para criar um programa de exerc\u00edcios seguro e personalizado, focado em suas necessidades espec\u00edficas de for\u00e7a, flexibilidade e, acima de tudo, equil\u00edbrio.<\/p>\n\n\n\n<p><\/p>\n\n\n\n<p><\/p>\n","protected":false},"excerpt":{"rendered":"<p>A sa\u00fade dos nossos p\u00e9s \u00e9 frequentemente subestimada, mas eles s\u00e3o a base literal da nossa independ\u00eancia. Ap\u00f3s os 60 anos, manter os p\u00e9s fortes, flex\u00edveis e saud\u00e1veis torna-se um dos pilares mais importantes para prevenir quedas, garantir a mobilidade e preservar a qualidade de vida. \u00c9 crucial afirmar desde o in\u00edcio: antes de iniciar [&hellip;]<\/p>\n","protected":false},"author":11,"featured_media":86380,"comment_status":"open","ping_status":"open","sticky":false,"template":"","format":"standard","meta":{"_yoast_wpseo_focuskw":"exercicio","_yoast_wpseo_title":"","_yoast_wpseo_metadesc":"Exerc\u00edcios para os p\u00e9s ap\u00f3s os 60 anos fortalecem m\u00fasculos, melhoram equil\u00edbrio e favorecem a mobilidade no dia a dia.","jnews-multi-image_gallery":[],"jnews_single_post":{"format":"standard"},"jnews_primary_category":[],"jnews_social_meta":[],"jnews_override_counter":[],"footnotes":""},"categories":[119],"tags":[196,3555,1318],"class_list":["post-86378","post","type-post","status-publish","format-standard","has-post-thumbnail","hentry","category-bem-estar","tag-idoso","tag-pe","tag-saude-2"],"yoast_head":"<!-- This site is optimized with the Yoast SEO plugin v24.6 - https:\/\/yoast.com\/wordpress\/plugins\/seo\/ -->\n<title>Exerc\u00edcios para os p\u00e9s para pessoas com mais de 60 anos: como fazer e benef\u00edcios - Correio Braziliense - Radar<\/title>\n<meta name=\"description\" content=\"Exerc\u00edcios para os p\u00e9s ap\u00f3s os 60 anos fortalecem m\u00fasculos, melhoram equil\u00edbrio e favorecem a mobilidade no dia a dia.\" \/>\n<meta name=\"robots\" content=\"index, follow, max-snippet:-1, max-image-preview:large, max-video-preview:-1\" \/>\n<link rel=\"canonical\" href=\"https:\/\/www.correiobraziliense.com.br\/cbradar\/exercicios-para-os-pes-para-pessoas-com-mais-de-60-anos-como-fazer-e-beneficios\/\" \/>\n<meta property=\"og:locale\" content=\"pt_BR\" \/>\n<meta property=\"og:type\" content=\"article\" \/>\n<meta property=\"og:title\" content=\"Exerc\u00edcios para os p\u00e9s para pessoas com mais de 60 anos: como fazer e benef\u00edcios - Correio Braziliense - Radar\" \/>\n<meta property=\"og:description\" content=\"Exerc\u00edcios para os p\u00e9s ap\u00f3s os 60 anos fortalecem m\u00fasculos, melhoram equil\u00edbrio e favorecem a mobilidade no dia a dia.\" \/>\n<meta property=\"og:url\" content=\"https:\/\/www.correiobraziliense.com.br\/cbradar\/exercicios-para-os-pes-para-pessoas-com-mais-de-60-anos-como-fazer-e-beneficios\/\" \/>\n<meta property=\"og:site_name\" content=\"Correio Braziliense - Radar\" \/>\n<meta property=\"article:published_time\" content=\"2025-08-15T14:33:00+00:00\" \/>\n<meta property=\"og:image\" content=\"https:\/\/www.correiobraziliense.com.br\/cbradar\/wp-content\/uploads\/2025\/08\/pes-idoso_1755129373357.jpg\" \/>\n\t<meta property=\"og:image:width\" content=\"1280\" \/>\n\t<meta property=\"og:image:height\" content=\"720\" \/>\n\t<meta property=\"og:image:type\" content=\"image\/jpeg\" \/>\n<meta name=\"author\" content=\"Paulo Custodio\" \/>\n<meta name=\"twitter:card\" content=\"summary_large_image\" \/>\n<meta name=\"twitter:label1\" content=\"Escrito por\" \/>\n\t<meta name=\"twitter:data1\" content=\"Paulo Custodio\" \/>\n\t<meta name=\"twitter:label2\" content=\"Est. tempo de leitura\" \/>\n\t<meta name=\"twitter:data2\" content=\"6 minutos\" \/>\n<!-- \/ Yoast SEO plugin. -->","yoast_head_json":{"title":"Exerc\u00edcios para os p\u00e9s para pessoas com mais de 60 anos: como fazer e benef\u00edcios - Correio Braziliense - Radar","description":"Exerc\u00edcios para os p\u00e9s ap\u00f3s os 60 anos fortalecem m\u00fasculos, melhoram equil\u00edbrio e favorecem a mobilidade no dia a dia.","robots":{"index":"index","follow":"follow","max-snippet":"max-snippet:-1","max-image-preview":"max-image-preview:large","max-video-preview":"max-video-preview:-1"},"canonical":"https:\/\/www.correiobraziliense.com.br\/cbradar\/exercicios-para-os-pes-para-pessoas-com-mais-de-60-anos-como-fazer-e-beneficios\/","og_locale":"pt_BR","og_type":"article","og_title":"Exerc\u00edcios para os p\u00e9s para pessoas com mais de 60 anos: como fazer e benef\u00edcios - Correio Braziliense - Radar","og_description":"Exerc\u00edcios para os p\u00e9s ap\u00f3s os 60 anos fortalecem m\u00fasculos, melhoram equil\u00edbrio e favorecem a mobilidade no dia a dia.","og_url":"https:\/\/www.correiobraziliense.com.br\/cbradar\/exercicios-para-os-pes-para-pessoas-com-mais-de-60-anos-como-fazer-e-beneficios\/","og_site_name":"Correio Braziliense - Radar","article_published_time":"2025-08-15T14:33:00+00:00","og_image":[{"width":1280,"height":720,"url":"https:\/\/www.correiobraziliense.com.br\/cbradar\/wp-content\/uploads\/2025\/08\/pes-idoso_1755129373357.jpg","type":"image\/jpeg"}],"author":"Paulo Custodio","twitter_card":"summary_large_image","twitter_misc":{"Escrito por":"Paulo Custodio","Est. tempo de leitura":"6 minutos"},"schema":{"@context":"https:\/\/schema.org","@graph":[{"@type":"WebPage","@id":"https:\/\/www.correiobraziliense.com.br\/cbradar\/exercicios-para-os-pes-para-pessoas-com-mais-de-60-anos-como-fazer-e-beneficios\/","url":"https:\/\/www.correiobraziliense.com.br\/cbradar\/exercicios-para-os-pes-para-pessoas-com-mais-de-60-anos-como-fazer-e-beneficios\/","name":"Exerc\u00edcios para os p\u00e9s para pessoas com mais de 60 anos: como fazer e benef\u00edcios - Correio Braziliense - Radar","isPartOf":{"@id":"https:\/\/www.correiobraziliense.com.br\/cbradar\/#website"},"primaryImageOfPage":{"@id":"https:\/\/www.correiobraziliense.com.br\/cbradar\/exercicios-para-os-pes-para-pessoas-com-mais-de-60-anos-como-fazer-e-beneficios\/#primaryimage"},"image":{"@id":"https:\/\/www.correiobraziliense.com.br\/cbradar\/exercicios-para-os-pes-para-pessoas-com-mais-de-60-anos-como-fazer-e-beneficios\/#primaryimage"},"thumbnailUrl":"https:\/\/www.correiobraziliense.com.br\/cbradar\/wp-content\/uploads\/2025\/08\/pes-idoso_1755129373357.jpg","datePublished":"2025-08-15T14:33:00+00:00","author":{"@id":"https:\/\/www.correiobraziliense.com.br\/cbradar\/#\/schema\/person\/4cec7857301a9a1a2ef249893cd908d3"},"description":"Exerc\u00edcios para os p\u00e9s ap\u00f3s os 60 anos fortalecem m\u00fasculos, melhoram equil\u00edbrio e favorecem a mobilidade no dia a dia.","breadcrumb":{"@id":"https:\/\/www.correiobraziliense.com.br\/cbradar\/exercicios-para-os-pes-para-pessoas-com-mais-de-60-anos-como-fazer-e-beneficios\/#breadcrumb"},"inLanguage":"pt-BR","potentialAction":[{"@type":"ReadAction","target":["https:\/\/www.correiobraziliense.com.br\/cbradar\/exercicios-para-os-pes-para-pessoas-com-mais-de-60-anos-como-fazer-e-beneficios\/"]}]},{"@type":"ImageObject","inLanguage":"pt-BR","@id":"https:\/\/www.correiobraziliense.com.br\/cbradar\/exercicios-para-os-pes-para-pessoas-com-mais-de-60-anos-como-fazer-e-beneficios\/#primaryimage","url":"https:\/\/www.correiobraziliense.com.br\/cbradar\/wp-content\/uploads\/2025\/08\/pes-idoso_1755129373357.jpg","contentUrl":"https:\/\/www.correiobraziliense.com.br\/cbradar\/wp-content\/uploads\/2025\/08\/pes-idoso_1755129373357.jpg","width":1280,"height":720,"caption":"P\u00e9s de um idoso - Cr\u00e9ditos: depositphotos.com \/ toa55"},{"@type":"BreadcrumbList","@id":"https:\/\/www.correiobraziliense.com.br\/cbradar\/exercicios-para-os-pes-para-pessoas-com-mais-de-60-anos-como-fazer-e-beneficios\/#breadcrumb","itemListElement":[{"@type":"ListItem","position":1,"name":"In\u00edcio","item":"https:\/\/www.correiobraziliense.com.br\/cbradar\/"},{"@type":"ListItem","position":2,"name":"Exerc\u00edcios para os p\u00e9s para pessoas com mais de 60 anos: como fazer e benef\u00edcios"}]},{"@type":"WebSite","@id":"https:\/\/www.correiobraziliense.com.br\/cbradar\/#website","url":"https:\/\/www.correiobraziliense.com.br\/cbradar\/","name":"Correio Braziliense - Radar","description":"Acompanhe as \u00faltimas not\u00edcias e fique bem informado sobre tudo o que acontece no Brasil e no mundo.","potentialAction":[{"@type":"SearchAction","target":{"@type":"EntryPoint","urlTemplate":"https:\/\/www.correiobraziliense.com.br\/cbradar\/?s={search_term_string}"},"query-input":{"@type":"PropertyValueSpecification","valueRequired":true,"valueName":"search_term_string"}}],"inLanguage":"pt-BR"},{"@type":"Person","@id":"https:\/\/www.correiobraziliense.com.br\/cbradar\/#\/schema\/person\/4cec7857301a9a1a2ef249893cd908d3","name":"Paulo Custodio","image":{"@type":"ImageObject","inLanguage":"pt-BR","@id":"https:\/\/www.correiobraziliense.com.br\/cbradar\/#\/schema\/person\/image\/","url":"https:\/\/secure.gravatar.com\/avatar\/bcd67168d1534e8fcf4f45c726a87cea?s=96&d=mm&r=g","contentUrl":"https:\/\/secure.gravatar.com\/avatar\/bcd67168d1534e8fcf4f45c726a87cea?s=96&d=mm&r=g","caption":"Paulo Custodio"},"sameAs":["https:\/\/www.correiobraziliense.com.br\/cbradar"],"url":"https:\/\/www.correiobraziliense.com.br\/cbradar\/author\/paulomyth\/"}]}},"_links":{"self":[{"href":"https:\/\/www.correiobraziliense.com.br\/cbradar\/wp-json\/wp\/v2\/posts\/86378","targetHints":{"allow":["GET"]}}],"collection":[{"href":"https:\/\/www.correiobraziliense.com.br\/cbradar\/wp-json\/wp\/v2\/posts"}],"about":[{"href":"https:\/\/www.correiobraziliense.com.br\/cbradar\/wp-json\/wp\/v2\/types\/post"}],"author":[{"embeddable":true,"href":"https:\/\/www.correiobraziliense.com.br\/cbradar\/wp-json\/wp\/v2\/users\/11"}],"replies":[{"embeddable":true,"href":"https:\/\/www.correiobraziliense.com.br\/cbradar\/wp-json\/wp\/v2\/comments?post=86378"}],"version-history":[{"count":1,"href":"https:\/\/www.correiobraziliense.com.br\/cbradar\/wp-json\/wp\/v2\/posts\/86378\/revisions"}],"predecessor-version":[{"id":86382,"href":"https:\/\/www.correiobraziliense.com.br\/cbradar\/wp-json\/wp\/v2\/posts\/86378\/revisions\/86382"}],"wp:featuredmedia":[{"embeddable":true,"href":"https:\/\/www.correiobraziliense.com.br\/cbradar\/wp-json\/wp\/v2\/media\/86380"}],"wp:attachment":[{"href":"https:\/\/www.correiobraziliense.com.br\/cbradar\/wp-json\/wp\/v2\/media?parent=86378"}],"wp:term":[{"taxonomy":"category","embeddable":true,"href":"https:\/\/www.correiobraziliense.com.br\/cbradar\/wp-json\/wp\/v2\/categories?post=86378"},{"taxonomy":"post_tag","embeddable":true,"href":"https:\/\/www.correiobraziliense.com.br\/cbradar\/wp-json\/wp\/v2\/tags?post=86378"}],"curies":[{"name":"wp","href":"https:\/\/api.w.org\/{rel}","templated":true}]}}