{"id":86685,"date":"2025-08-15T07:43:00","date_gmt":"2025-08-15T10:43:00","guid":{"rendered":"https:\/\/www.correiobraziliense.com.br\/cbradar\/?p=86685"},"modified":"2025-08-14T14:27:22","modified_gmt":"2025-08-14T17:27:22","slug":"o-aliado-natural-mais-potente-contra-esquecimento-e-ansiedade","status":"publish","type":"post","link":"https:\/\/www.correiobraziliense.com.br\/cbradar\/o-aliado-natural-mais-potente-contra-esquecimento-e-ansiedade\/","title":{"rendered":"O aliado natural mais potente contra esquecimento e ansiedade"},"content":{"rendered":"\n<p>A <strong>bacopa<\/strong> (<em>Bacopa monnieri<\/em>) \u00e9 uma planta milenar utilizada na medicina ayurv\u00e9dica, conhecida por suas propriedades nootr\u00f3picas, ou seja, que promovem a sa\u00fade cerebral. Crescendo em regi\u00f5es \u00famidas e pantanosas da \u00cdndia e de outros pa\u00edses asi\u00e1ticos, esta planta tem sido objeto de estudos cient\u00edficos que comprovam seu potencial em otimizar fun\u00e7\u00f5es cognitivas, como mem\u00f3ria e concentra\u00e7\u00e3o. Seu uso no combate \u00e0 fadiga mental e ao estresse a torna uma aliada valiosa para a mente.<\/p>\n\n\n\n<ul class=\"wp-block-list\">\n<li>A bacopa contribui para a <strong>melhora da mem\u00f3ria<\/strong> e da capacidade de aprendizado, sendo particularmente \u00fatil em adultos mais velhos.<\/li>\n\n\n\n<li>Seus compostos ativos, como os bacos\u00eddeos, atuam como potentes antioxidantes, protegendo o c\u00e9rebro do estresse oxidativo.<\/li>\n\n\n\n<li>A planta auxilia na redu\u00e7\u00e3o da <strong>ansiedade e do estresse<\/strong>, que s\u00e3o fatores que podem prejudicar a fun\u00e7\u00e3o cognitiva.<\/li>\n<\/ul>\n\n\n\n<h2 class=\"wp-block-heading\">Melhora da mem\u00f3ria e do desempenho cognitivo<\/h2>\n\n\n\n<p>Os principais compostos bioativos da <strong>bacopa<\/strong>, os bacos\u00eddeos, s\u00e3o saponinas triterpenoides que atuam diretamente no sistema nervoso central. Eles t\u00eam a capacidade de melhorar a comunica\u00e7\u00e3o entre os neur\u00f4nios, estimulando a s\u00edntese de prote\u00ednas e enzimas que participam da regenera\u00e7\u00e3o neural. De acordo com estudos, essa a\u00e7\u00e3o contribui para a melhora da mem\u00f3ria verbal e para um desempenho cognitivo mais eficiente, especialmente em adultos mais velhos.<\/p>\n\n\n\n<blockquote class=\"wp-block-quote is-layout-flow wp-block-quote-is-layout-flow\">\n<p><em>&#8220;Este estudo fornece evid\u00eancias que Bacopa monnieri apresenta potencial seguro em melhorar a mem\u00f3ria verbal tardia no envelhecimento&#8221;<\/em> (BARBHAIYA et al., 2008).<\/p>\n<\/blockquote>\n\n\n\n<h2 class=\"wp-block-heading\">A\u00e7\u00e3o antioxidante e neuroprotetora<\/h2>\n\n\n\n<p>O c\u00e9rebro \u00e9 um dos \u00f3rg\u00e3os mais suscet\u00edveis ao estresse oxidativo, que pode levar ao decl\u00ednio cognitivo e a doen\u00e7as neurodegenerativas. A <strong>bacopa<\/strong> \u00e9 rica em antioxidantes que combatem os radicais livres, protegendo os neur\u00f4nios de danos. Essa <strong>propriedade neuroprotetora<\/strong> \u00e9 fundamental para a manuten\u00e7\u00e3o da sa\u00fade cerebral a longo prazo, ajudando a prevenir o envelhecimento celular. Sua capacidade de atuar como um antioxidante \u00e9 comparada \u00e0 da vitamina E, conforme evidenciado em algumas pesquisas.<\/p>\n\n\n\n<blockquote class=\"wp-block-quote is-layout-flow wp-block-quote-is-layout-flow\">\n<p><em>&#8220;Estudos in vitro demonstram a atividade antioxidante da Bacopa monnieri, que protege o c\u00e9rebro contra o dano oxidativo induzido por estressores, o que pode ter implica\u00e7\u00f5es na preven\u00e7\u00e3o de doen\u00e7as neurodegenerativas&#8221;<\/em> (AGUIAR; BOROWSKI, 2013).<\/p>\n<\/blockquote>\n\n\n\n<p>Leia tamb\u00e9m: <a href=\"https:\/\/www.correiobraziliense.com.br\/cbradar\/a-pequena-fruta-azul-mais-poderosa-para-visao-e-memoria\/\" target=\"_blank\" rel=\"noreferrer noopener\">A pequena fruta azul mais poderosa para vis\u00e3o e mem\u00f3ria<\/a><\/p>\n\n\n\n<h2 class=\"wp-block-heading\">Efeitos adaptog\u00eanicos e ansiol\u00edticos<\/h2>\n\n\n\n<p>O estresse cr\u00f4nico e a ansiedade podem prejudicar seriamente a mem\u00f3ria e a capacidade de concentra\u00e7\u00e3o. A <strong>bacopa<\/strong> \u00e9 classificada como uma planta adapt\u00f3gena, o que significa que ela ajuda o corpo a se adaptar e a lidar melhor com o estresse f\u00edsico e mental. Seus efeitos ansiol\u00edticos contribuem para a redu\u00e7\u00e3o dos n\u00edveis de cortisol, o horm\u00f4nio do estresse, proporcionando uma sensa\u00e7\u00e3o de calma e clareza mental que otimiza o foco e a produtividade.<\/p>\n\n\n<div class=\"wp-block-image\">\n<figure class=\"aligncenter size-large\"><img decoding=\"async\" width=\"1024\" height=\"576\" src=\"https:\/\/www.correiobraziliense.com.br\/cbradar\/wp-content\/uploads\/2025\/08\/bacopa_1755192156304-1024x576.jpg\" alt=\"\" class=\"wp-image-86702\" srcset=\"https:\/\/www.correiobraziliense.com.br\/cbradar\/wp-content\/uploads\/2025\/08\/bacopa_1755192156304-1024x576.jpg 1024w, https:\/\/www.correiobraziliense.com.br\/cbradar\/wp-content\/uploads\/2025\/08\/bacopa_1755192156304-300x169.jpg 300w, https:\/\/www.correiobraziliense.com.br\/cbradar\/wp-content\/uploads\/2025\/08\/bacopa_1755192156304-768x432.jpg 768w, https:\/\/www.correiobraziliense.com.br\/cbradar\/wp-content\/uploads\/2025\/08\/bacopa_1755192156304-750x422.jpg 750w, https:\/\/www.correiobraziliense.com.br\/cbradar\/wp-content\/uploads\/2025\/08\/bacopa_1755192156304-1140x641.jpg 1140w, https:\/\/www.correiobraziliense.com.br\/cbradar\/wp-content\/uploads\/2025\/08\/bacopa_1755192156304.jpg 1280w\" sizes=\"(max-width: 1024px) 100vw, 1024px\" \/><figcaption class=\"wp-element-caption\">A planta auxilia na redu\u00e7\u00e3o da ansiedade e do estresse &#8211; Cr\u00e9ditos: depositphotos.com \/ mschuppi<\/figcaption><\/figure><\/div>\n\n\n<blockquote class=\"wp-block-quote is-layout-flow wp-block-quote-is-layout-flow\">\n<p><em>&#8220;A suplementa\u00e7\u00e3o com Bacopa monnieri tem sido associada \u00e0 melhora significativa da fun\u00e7\u00e3o cognitiva e do humor, contribuindo para a melhora da qualidade de vida e a redu\u00e7\u00e3o dos n\u00edveis de ansiedade e depress\u00e3o&#8221;<\/em> (CALDIC, 2021).<\/p>\n<\/blockquote>\n\n\n\n<h2 class=\"wp-block-heading\">Como inserir a bacopa em sua rotina<\/h2>\n\n\n\n<p>O extrato padronizado de <strong>bacopa<\/strong> \u00e9 a forma mais comum e eficaz de consumo, dispon\u00edvel em c\u00e1psulas ou comprimidos. As doses variam, mas geralmente s\u00e3o recomendadas em torno de 300mg por dia, em uma \u00fanica dose ou dividida. A Bacopa monnieri \u00e9 frequentemente utilizada em f\u00f3rmulas de suplementos voltadas para a sa\u00fade mental e cognitiva, mas \u00e9 essencial seguir as orienta\u00e7\u00f5es de um profissional de sa\u00fade. Embora seja considerada segura, \u00e9 sempre importante buscar aconselhamento profissional antes de iniciar qualquer suplementa\u00e7\u00e3o.<\/p>\n\n\n\n<p>Integrar a bacopa na sua rotina de cuidados com a sa\u00fade mental pode ser um passo importante. Os benef\u00edcios terap\u00eauticos dessa planta podem ser sentidos a longo prazo, por isso a consist\u00eancia no consumo \u00e9 a chave para obter os melhores resultados. Converse com seu m\u00e9dico para saber se a bacopa \u00e9 uma boa op\u00e7\u00e3o para voc\u00ea.<\/p>\n\n\n\n<h2 class=\"wp-block-heading\">Bacopa uma aliada para a sa\u00fade cerebral<\/h2>\n\n\n\n<p>A <strong>Bacopa monnieri<\/strong>, com suas <strong>propriedades curativas<\/strong> nootr\u00f3picas e adaptog\u00eanicas, \u00e9 uma escolha robusta para quem busca melhorar a mem\u00f3ria, a concentra\u00e7\u00e3o e a sa\u00fade mental de forma natural. Com o respaldo de estudos cient\u00edficos que validam seus efeitos neuroprotetores e ansiol\u00edticos, a bacopa se consolida como uma poderosa aliada para o bem-estar cognitivo. Seu uso regular pode ser um diferencial na manuten\u00e7\u00e3o de uma mente afiada e resiliente diante dos desafios do dia a dia.<\/p>\n\n\n\n<ul class=\"wp-block-list\">\n<li>O consumo de bacopa demonstra um impacto positivo na mem\u00f3ria, especialmente em idosos, devido \u00e0 a\u00e7\u00e3o dos bacos\u00eddeos.<\/li>\n\n\n\n<li>As propriedades antioxidantes da planta protegem o c\u00e9rebro contra o estresse oxidativo, um fator de risco para o decl\u00ednio cognitivo.<\/li>\n\n\n\n<li>Como adapt\u00f3geno, a bacopa auxilia na gest\u00e3o do estresse e da ansiedade, melhorando a clareza mental e a concentra\u00e7\u00e3o.<\/li>\n<\/ul>\n\n\n\n<h2 class=\"wp-block-heading\">Refer\u00eancias Bibliogr\u00e1ficas<\/h2>\n\n\n\n<ul class=\"wp-block-list\">\n<li>AGUIAR, S.; BOROWSKI, T. H. Neuropharmacological review of the nootropic herb <em>Bacopa monnieri<\/em>. <em>Journal of Pharmacological Research<\/em>, v. 69, n. 4, p. 770-778, 2013.<\/li>\n\n\n\n<li>BARBHAIYA, H. C. et al. <em>Bacopa monnieri<\/em> (L.) Wettst. extract for cognitive enhancement in older adults. <em>Journal of Alternative and Complementary Medicine<\/em>, v. 14, n. 6, p. 707-713, 2008.<\/li>\n\n\n\n<li>CALDIC. <em>Bacopa monnieri<\/em>: uma abordagem fitoter\u00e1pica para a sa\u00fade mental. Caldic Magistral, 2021.<\/li>\n\n\n\n<li>GUPTA, A. et al. A review on the neuropharmacological properties of <em>Bacopa monnieri<\/em>. <em>Journal of Traditional and Complementary Medicine<\/em>, v. 6, n. 4, p. 437-446, 2016.<\/li>\n<\/ul>\n","protected":false},"excerpt":{"rendered":"<p>A bacopa (Bacopa monnieri) \u00e9 uma planta milenar utilizada na medicina ayurv\u00e9dica, conhecida por suas propriedades nootr\u00f3picas, ou seja, que promovem a sa\u00fade cerebral. Crescendo em regi\u00f5es \u00famidas e pantanosas da \u00cdndia e de outros pa\u00edses asi\u00e1ticos, esta planta tem sido objeto de estudos cient\u00edficos que comprovam seu potencial em otimizar fun\u00e7\u00f5es cognitivas, como mem\u00f3ria [&hellip;]<\/p>\n","protected":false},"author":9,"featured_media":86699,"comment_status":"open","ping_status":"open","sticky":false,"template":"","format":"standard","meta":{"_yoast_wpseo_focuskw":"bacopa","_yoast_wpseo_title":"%%title%% %%page%%","_yoast_wpseo_metadesc":"Conhe\u00e7a a planta que melhora mem\u00f3ria, concentra\u00e7\u00e3o e reduz estresse, protegendo o c\u00e9rebro de forma natural e comprovada pela ci\u00eancia","jnews-multi-image_gallery":[],"jnews_single_post":{"format":"standard"},"jnews_primary_category":[],"jnews_social_meta":[],"jnews_override_counter":[],"footnotes":""},"categories":[119,4404],"tags":[9359,4165,8137,9360],"class_list":["post-86685","post","type-post","status-publish","format-standard","has-post-thumbnail","hentry","category-bem-estar","category-saude","tag-bacopa","tag-esquecimento","tag-memoria-ruim","tag-remedio-natural-para-a-memoria"],"yoast_head":"<!-- This site is optimized with the Yoast SEO plugin v24.6 - https:\/\/yoast.com\/wordpress\/plugins\/seo\/ -->\n<title>O aliado natural mais potente contra esquecimento e ansiedade<\/title>\n<meta name=\"description\" content=\"Conhe\u00e7a a planta que melhora mem\u00f3ria, concentra\u00e7\u00e3o e reduz estresse, protegendo o c\u00e9rebro de forma natural e comprovada pela ci\u00eancia\" \/>\n<meta name=\"robots\" content=\"index, follow, max-snippet:-1, max-image-preview:large, max-video-preview:-1\" \/>\n<link rel=\"canonical\" href=\"https:\/\/www.correiobraziliense.com.br\/cbradar\/o-aliado-natural-mais-potente-contra-esquecimento-e-ansiedade\/\" \/>\n<meta property=\"og:locale\" content=\"pt_BR\" \/>\n<meta property=\"og:type\" content=\"article\" \/>\n<meta property=\"og:title\" content=\"O aliado natural mais potente contra esquecimento e ansiedade\" \/>\n<meta property=\"og:description\" content=\"Conhe\u00e7a a planta que melhora mem\u00f3ria, concentra\u00e7\u00e3o e reduz estresse, protegendo o c\u00e9rebro de forma natural e comprovada pela ci\u00eancia\" \/>\n<meta property=\"og:url\" content=\"https:\/\/www.correiobraziliense.com.br\/cbradar\/o-aliado-natural-mais-potente-contra-esquecimento-e-ansiedade\/\" \/>\n<meta property=\"og:site_name\" content=\"Correio Braziliense - Radar\" \/>\n<meta property=\"article:published_time\" content=\"2025-08-15T10:43:00+00:00\" \/>\n<meta property=\"og:image\" content=\"https:\/\/www.correiobraziliense.com.br\/cbradar\/wp-content\/uploads\/2025\/08\/bacopa_1755192090313.jpg\" \/>\n\t<meta property=\"og:image:width\" content=\"1280\" \/>\n\t<meta property=\"og:image:height\" content=\"720\" \/>\n\t<meta property=\"og:image:type\" content=\"image\/jpeg\" \/>\n<meta name=\"author\" content=\"Daniely Cardoso\" \/>\n<meta name=\"twitter:card\" content=\"summary_large_image\" \/>\n<meta name=\"twitter:label1\" content=\"Escrito por\" \/>\n\t<meta name=\"twitter:data1\" content=\"Daniely Cardoso\" \/>\n\t<meta name=\"twitter:label2\" content=\"Est. tempo de leitura\" \/>\n\t<meta name=\"twitter:data2\" content=\"5 minutos\" \/>\n<!-- \/ Yoast SEO plugin. -->","yoast_head_json":{"title":"O aliado natural mais potente contra esquecimento e ansiedade","description":"Conhe\u00e7a a planta que melhora mem\u00f3ria, concentra\u00e7\u00e3o e reduz estresse, protegendo o c\u00e9rebro de forma natural e comprovada pela ci\u00eancia","robots":{"index":"index","follow":"follow","max-snippet":"max-snippet:-1","max-image-preview":"max-image-preview:large","max-video-preview":"max-video-preview:-1"},"canonical":"https:\/\/www.correiobraziliense.com.br\/cbradar\/o-aliado-natural-mais-potente-contra-esquecimento-e-ansiedade\/","og_locale":"pt_BR","og_type":"article","og_title":"O aliado natural mais potente contra esquecimento e ansiedade","og_description":"Conhe\u00e7a a planta que melhora mem\u00f3ria, concentra\u00e7\u00e3o e reduz estresse, protegendo o c\u00e9rebro de forma natural e comprovada pela ci\u00eancia","og_url":"https:\/\/www.correiobraziliense.com.br\/cbradar\/o-aliado-natural-mais-potente-contra-esquecimento-e-ansiedade\/","og_site_name":"Correio Braziliense - Radar","article_published_time":"2025-08-15T10:43:00+00:00","og_image":[{"width":1280,"height":720,"url":"https:\/\/www.correiobraziliense.com.br\/cbradar\/wp-content\/uploads\/2025\/08\/bacopa_1755192090313.jpg","type":"image\/jpeg"}],"author":"Daniely Cardoso","twitter_card":"summary_large_image","twitter_misc":{"Escrito por":"Daniely Cardoso","Est. tempo de leitura":"5 minutos"},"schema":{"@context":"https:\/\/schema.org","@graph":[{"@type":"WebPage","@id":"https:\/\/www.correiobraziliense.com.br\/cbradar\/o-aliado-natural-mais-potente-contra-esquecimento-e-ansiedade\/","url":"https:\/\/www.correiobraziliense.com.br\/cbradar\/o-aliado-natural-mais-potente-contra-esquecimento-e-ansiedade\/","name":"O aliado natural mais potente contra esquecimento e ansiedade","isPartOf":{"@id":"https:\/\/www.correiobraziliense.com.br\/cbradar\/#website"},"primaryImageOfPage":{"@id":"https:\/\/www.correiobraziliense.com.br\/cbradar\/o-aliado-natural-mais-potente-contra-esquecimento-e-ansiedade\/#primaryimage"},"image":{"@id":"https:\/\/www.correiobraziliense.com.br\/cbradar\/o-aliado-natural-mais-potente-contra-esquecimento-e-ansiedade\/#primaryimage"},"thumbnailUrl":"https:\/\/www.correiobraziliense.com.br\/cbradar\/wp-content\/uploads\/2025\/08\/bacopa_1755192090313.jpg","datePublished":"2025-08-15T10:43:00+00:00","author":{"@id":"https:\/\/www.correiobraziliense.com.br\/cbradar\/#\/schema\/person\/7356666e12ec0ee53f348ee5db227032"},"description":"Conhe\u00e7a a planta que melhora mem\u00f3ria, concentra\u00e7\u00e3o e reduz estresse, protegendo o c\u00e9rebro de forma natural e comprovada pela ci\u00eancia","breadcrumb":{"@id":"https:\/\/www.correiobraziliense.com.br\/cbradar\/o-aliado-natural-mais-potente-contra-esquecimento-e-ansiedade\/#breadcrumb"},"inLanguage":"pt-BR","potentialAction":[{"@type":"ReadAction","target":["https:\/\/www.correiobraziliense.com.br\/cbradar\/o-aliado-natural-mais-potente-contra-esquecimento-e-ansiedade\/"]}]},{"@type":"ImageObject","inLanguage":"pt-BR","@id":"https:\/\/www.correiobraziliense.com.br\/cbradar\/o-aliado-natural-mais-potente-contra-esquecimento-e-ansiedade\/#primaryimage","url":"https:\/\/www.correiobraziliense.com.br\/cbradar\/wp-content\/uploads\/2025\/08\/bacopa_1755192090313.jpg","contentUrl":"https:\/\/www.correiobraziliense.com.br\/cbradar\/wp-content\/uploads\/2025\/08\/bacopa_1755192090313.jpg","width":1280,"height":720,"caption":"A bacopa contribui para a melhora da mem\u00f3ria e da capacidade de aprendizado - Cr\u00e9ditos: depositphotos.com \/ michael14mei2@live.nl"},{"@type":"BreadcrumbList","@id":"https:\/\/www.correiobraziliense.com.br\/cbradar\/o-aliado-natural-mais-potente-contra-esquecimento-e-ansiedade\/#breadcrumb","itemListElement":[{"@type":"ListItem","position":1,"name":"In\u00edcio","item":"https:\/\/www.correiobraziliense.com.br\/cbradar\/"},{"@type":"ListItem","position":2,"name":"O aliado natural mais potente contra esquecimento e ansiedade"}]},{"@type":"WebSite","@id":"https:\/\/www.correiobraziliense.com.br\/cbradar\/#website","url":"https:\/\/www.correiobraziliense.com.br\/cbradar\/","name":"Correio Braziliense - Radar","description":"Acompanhe as \u00faltimas not\u00edcias e fique bem informado sobre tudo o que acontece no Brasil e no mundo.","potentialAction":[{"@type":"SearchAction","target":{"@type":"EntryPoint","urlTemplate":"https:\/\/www.correiobraziliense.com.br\/cbradar\/?s={search_term_string}"},"query-input":{"@type":"PropertyValueSpecification","valueRequired":true,"valueName":"search_term_string"}}],"inLanguage":"pt-BR"},{"@type":"Person","@id":"https:\/\/www.correiobraziliense.com.br\/cbradar\/#\/schema\/person\/7356666e12ec0ee53f348ee5db227032","name":"Daniely Cardoso","image":{"@type":"ImageObject","inLanguage":"pt-BR","@id":"https:\/\/www.correiobraziliense.com.br\/cbradar\/#\/schema\/person\/image\/","url":"https:\/\/secure.gravatar.com\/avatar\/4b80ddbd124d1f071b626d52d62e5dff?s=96&d=mm&r=g","contentUrl":"https:\/\/secure.gravatar.com\/avatar\/4b80ddbd124d1f071b626d52d62e5dff?s=96&d=mm&r=g","caption":"Daniely Cardoso"},"description":"Redatora nos portais CB Radar e EM Foco, formada pela Universidade Federal de Goi\u00e1s, em Goi\u00e2nia. Apaixonada por comunica\u00e7\u00e3o, arte, decora\u00e7\u00e3o e tend\u00eancias, atuo na produ\u00e7\u00e3o de conte\u00fados envolventes sobre curiosidades, moda, beleza e paisagismo, sempre com um olhar atento \u00e0s novidades do momento.","sameAs":["https:\/\/www.correiobraziliense.com.br\/cbradar"],"url":"https:\/\/www.correiobraziliense.com.br\/cbradar\/author\/danielymyth\/"}]}},"_links":{"self":[{"href":"https:\/\/www.correiobraziliense.com.br\/cbradar\/wp-json\/wp\/v2\/posts\/86685","targetHints":{"allow":["GET"]}}],"collection":[{"href":"https:\/\/www.correiobraziliense.com.br\/cbradar\/wp-json\/wp\/v2\/posts"}],"about":[{"href":"https:\/\/www.correiobraziliense.com.br\/cbradar\/wp-json\/wp\/v2\/types\/post"}],"author":[{"embeddable":true,"href":"https:\/\/www.correiobraziliense.com.br\/cbradar\/wp-json\/wp\/v2\/users\/9"}],"replies":[{"embeddable":true,"href":"https:\/\/www.correiobraziliense.com.br\/cbradar\/wp-json\/wp\/v2\/comments?post=86685"}],"version-history":[{"count":1,"href":"https:\/\/www.correiobraziliense.com.br\/cbradar\/wp-json\/wp\/v2\/posts\/86685\/revisions"}],"predecessor-version":[{"id":86704,"href":"https:\/\/www.correiobraziliense.com.br\/cbradar\/wp-json\/wp\/v2\/posts\/86685\/revisions\/86704"}],"wp:featuredmedia":[{"embeddable":true,"href":"https:\/\/www.correiobraziliense.com.br\/cbradar\/wp-json\/wp\/v2\/media\/86699"}],"wp:attachment":[{"href":"https:\/\/www.correiobraziliense.com.br\/cbradar\/wp-json\/wp\/v2\/media?parent=86685"}],"wp:term":[{"taxonomy":"category","embeddable":true,"href":"https:\/\/www.correiobraziliense.com.br\/cbradar\/wp-json\/wp\/v2\/categories?post=86685"},{"taxonomy":"post_tag","embeddable":true,"href":"https:\/\/www.correiobraziliense.com.br\/cbradar\/wp-json\/wp\/v2\/tags?post=86685"}],"curies":[{"name":"wp","href":"https:\/\/api.w.org\/{rel}","templated":true}]}}