{"id":86946,"date":"2025-08-16T12:23:00","date_gmt":"2025-08-16T15:23:00","guid":{"rendered":"https:\/\/www.correiobraziliense.com.br\/cbradar\/?p=86946"},"modified":"2025-08-15T08:48:06","modified_gmt":"2025-08-15T11:48:06","slug":"macas-ou-bananas-dietistas-revelam-qual-fruta-e-a-escolha-mais-inteligente","status":"publish","type":"post","link":"https:\/\/www.correiobraziliense.com.br\/cbradar\/macas-ou-bananas-dietistas-revelam-qual-fruta-e-a-escolha-mais-inteligente\/","title":{"rendered":"Ma\u00e7\u00e3s ou bananas? Dietistas revelam qual fruta \u00e9 a escolha mais inteligente"},"content":{"rendered":"\n<p>As <strong>bananas<\/strong> e <strong>ma\u00e7\u00e3s<\/strong> est\u00e3o entre as frutas mais populares nos Estados Unidos, sendo frequentemente celebradas em can\u00e7\u00f5es infantis. Mas, dentro desse cen\u00e1rio de sa\u00fade, qual delas \u00e9 a mais ben\u00e9fica? Este artigo explora os benef\u00edcios nutricionais e as vantagens de cada uma.<\/p>\n\n\n\n<ul class=\"wp-block-list\">\n<li>As bananas oferecem energia r\u00e1pida e s\u00e3o ricas em pot\u00e1ssio.<\/li>\n\n\n\n<li>As ma\u00e7\u00e3s possuem maior teor de fibra e menos a\u00e7\u00facares naturais.<\/li>\n\n\n\n<li>Ambas as frutas s\u00e3o saud\u00e1veis e podem ser combinadas para equil\u00edbrio energ\u00e9tico.<\/li>\n<\/ul>\n\n\n\n<h2 class=\"wp-block-heading\">Bananas: fonte de energia r\u00e1pida<\/h2>\n\n\n\n<p>Ricas em nutrientes, as <strong>bananas<\/strong> s\u00e3o um lanche saud\u00e1vel. S\u00e3o especialmente conhecidas por seu alto teor de pot\u00e1ssio, um mineral essencial para regular a press\u00e3o arterial, fun\u00e7\u00e3o nervosa e contra\u00e7\u00f5es musculares. Al\u00e9m disso, fornecem vitamina B6, vitamina C e fibra.<\/p>\n\n\n\n<p>De acordo com os dados do USDA, uma banana m\u00e9dia cont\u00e9m: 105 calorias, 26,9 g de carboidratos, 3,07 g de fibra, 1,29 g de prote\u00edna, 0,39 g de gordura, 422 mg de pot\u00e1ssio, 0,43 mg de vitamina B6 e 10,3 mg de vitamina C.<\/p>\n\n\n\n<p>Em rela\u00e7\u00e3o aos benef\u00edcios, as <em>bananas<\/em> s\u00e3o ricas em antioxidantes e podem oferecer ganhos cardiovasculares, protegendo contra a aterosclerose. Al\u00e9m disso, possuem propriedades antic\u00e2ncer, especialmente em rela\u00e7\u00e3o ao c\u00e2ncer pancre\u00e1tico e de mama.<\/p>\n\n\n\n<p>Quando consumir? As bananas s\u00e3o ideais antes ou ap\u00f3s exerc\u00edcios por oferecerem energia de f\u00e1cil digest\u00e3o e ajudarem a repor eletr\u00f3litos perdidos pelo suor.<\/p>\n\n\n\n<h2 class=\"wp-block-heading\">Ma\u00e7\u00e3s: saciedade prolongada<\/h2>\n\n\n\n<p>A famosa frase \u201cuma <strong>ma\u00e7\u00e3<\/strong> por dia mant\u00e9m o m\u00e9dico longe\u201d reflete a nutri\u00e7\u00e3o dessa fruta. Altas em antioxidantes, vitamina C e fibra, as ma\u00e7\u00e3s podem ter benef\u00edcios anti-inflamat\u00f3rios e apoiar o sistema imunol\u00f3gico. A fibra sol\u00favel, chamada de pectina, auxilia na redu\u00e7\u00e3o do colesterol e na sa\u00fade intestinal.<\/p>\n\n\n\n<p>Com base nos dados do USDA, uma ma\u00e7\u00e3 m\u00e9dia apresenta: 122 calorias, 29,6 g de carboidratos, 4,2 g de fibra, 0,34 g de prote\u00edna, 0,3 g de gordura, 208 mg de pot\u00e1ssio e 9,2 mg de vitamina C.<\/p>\n\n\n\n<p>As <em>ma\u00e7\u00e3s<\/em> oferecem prote\u00e7\u00e3o contra doen\u00e7as cardiovasculares, c\u00e2ncer, entre outros males cr\u00f4nicos, dando suporte \u00e0 ideia de sua efic\u00e1cia na dieta di\u00e1ria. Prefira consumi-las no meio da tarde para um lanche saciante sem aumentos r\u00e1pidos de energia.<\/p>\n\n\n\n<figure class=\"wp-block-image size-large\"><img decoding=\"async\" width=\"1024\" height=\"576\" src=\"https:\/\/www.correiobraziliense.com.br\/cbradar\/wp-content\/uploads\/2025\/08\/macas_1755258467358-1024x576.jpg\" alt=\"Ma\u00e7\u00e3s ou bananas? Dietistas revelam qual fruta \u00e9 a escolha mais inteligente\" class=\"wp-image-86949\" srcset=\"https:\/\/www.correiobraziliense.com.br\/cbradar\/wp-content\/uploads\/2025\/08\/macas_1755258467358-1024x576.jpg 1024w, https:\/\/www.correiobraziliense.com.br\/cbradar\/wp-content\/uploads\/2025\/08\/macas_1755258467358-300x169.jpg 300w, https:\/\/www.correiobraziliense.com.br\/cbradar\/wp-content\/uploads\/2025\/08\/macas_1755258467358-768x432.jpg 768w, https:\/\/www.correiobraziliense.com.br\/cbradar\/wp-content\/uploads\/2025\/08\/macas_1755258467358-750x422.jpg 750w, https:\/\/www.correiobraziliense.com.br\/cbradar\/wp-content\/uploads\/2025\/08\/macas_1755258467358-1140x641.jpg 1140w, https:\/\/www.correiobraziliense.com.br\/cbradar\/wp-content\/uploads\/2025\/08\/macas_1755258467358.jpg 1280w\" sizes=\"(max-width: 1024px) 100vw, 1024px\" \/><figcaption class=\"wp-element-caption\">ma\u00e7as. Cr\u00e9ditos: depositphotos.com \/ mrsiraphol<\/figcaption><\/figure>\n\n\n\n<h2 class=\"wp-block-heading\">Qual \u00e9 a mais saud\u00e1vel?<\/h2>\n\n\n\n<p>Tanto as <strong>bananas<\/strong> quanto as <strong>ma\u00e7\u00e3s<\/strong> s\u00e3o frutas saud\u00e1veis e nutritivas. A escolha entre elas depende das necessidades pessoais. Bananas s\u00e3o ideais para energia r\u00e1pida, enquanto ma\u00e7\u00e3s proporcionam saciedade prolongada e controle glic\u00eamico.<\/p>\n\n\n\n<p>A melhor op\u00e7\u00e3o? Escolha a fruta que mais gosta ou, preferencialmente, combine as duas com um punhado de nozes ou iogurte para um lanche completo e rico em nutrientes.<\/p>\n\n\n\n<h2 class=\"wp-block-heading\">Principais aprendizados sobre bananas e ma\u00e7\u00e3s<\/h2>\n\n\n\n<ul class=\"wp-block-list\">\n<li>Bananas oferecem energia r\u00e1pida com pot\u00e1ssio, sendo ideais para atividades f\u00edsicas.<\/li>\n\n\n\n<li>Ma\u00e7\u00e3s s\u00e3o ricas em fibras, ajudando na saciedade e no controle do a\u00e7\u00facar no sangue.<\/li>\n\n\n\n<li>Combine ambas para um equil\u00edbrio nutricional, promovendo energia e saciedade.<\/li>\n<\/ul>\n","protected":false},"excerpt":{"rendered":"<p>Explora\u00e7\u00e3o nutricional de bananas x ma\u00e7\u00e3s: energia x saciedade, benef\u00edcios, valores nutricionais e como combin\u00e1-las para um lanche saud\u00e1vel e equilibrado.<\/p>\n","protected":false},"author":3,"featured_media":86948,"comment_status":"open","ping_status":"open","sticky":false,"template":"","format":"standard","meta":{"_yoast_wpseo_focuskw":"ma\u00e7as bananas","_yoast_wpseo_title":"%%title%%","_yoast_wpseo_metadesc":"Explora\u00e7\u00e3o nutricional de bananas x ma\u00e7\u00e3s: energia x saciedade, benef\u00edcios, valores nutricionais e como combin\u00e1-las para um lanche saud\u00e1vel e equilibrado.","jnews-multi-image_gallery":[],"jnews_single_post":{"format":"standard"},"jnews_primary_category":[],"jnews_social_meta":[],"jnews_override_counter":[],"footnotes":""},"categories":[112],"tags":[281,1423,144],"class_list":["post-86946","post","type-post","status-publish","format-standard","has-post-thumbnail","hentry","category-curiosidades","tag-alimentacao","tag-alimentos","tag-curiosidades"],"yoast_head":"<!-- This site is optimized with the Yoast SEO plugin v24.6 - https:\/\/yoast.com\/wordpress\/plugins\/seo\/ -->\n<title>Ma\u00e7\u00e3s ou bananas? Dietistas revelam qual fruta \u00e9 a escolha mais inteligente<\/title>\n<meta name=\"description\" content=\"Explora\u00e7\u00e3o nutricional de bananas x ma\u00e7\u00e3s: energia x saciedade, benef\u00edcios, valores nutricionais e como combin\u00e1-las para um lanche saud\u00e1vel e equilibrado.\" \/>\n<meta name=\"robots\" content=\"index, follow, max-snippet:-1, max-image-preview:large, max-video-preview:-1\" \/>\n<link rel=\"canonical\" href=\"https:\/\/www.correiobraziliense.com.br\/cbradar\/macas-ou-bananas-dietistas-revelam-qual-fruta-e-a-escolha-mais-inteligente\/\" \/>\n<meta property=\"og:locale\" content=\"pt_BR\" \/>\n<meta property=\"og:type\" content=\"article\" \/>\n<meta property=\"og:title\" content=\"Ma\u00e7\u00e3s ou bananas? Dietistas revelam qual fruta \u00e9 a escolha mais inteligente\" \/>\n<meta property=\"og:description\" content=\"Explora\u00e7\u00e3o nutricional de bananas x ma\u00e7\u00e3s: energia x saciedade, benef\u00edcios, valores nutricionais e como combin\u00e1-las para um lanche saud\u00e1vel e equilibrado.\" \/>\n<meta property=\"og:url\" content=\"https:\/\/www.correiobraziliense.com.br\/cbradar\/macas-ou-bananas-dietistas-revelam-qual-fruta-e-a-escolha-mais-inteligente\/\" \/>\n<meta property=\"og:site_name\" content=\"Correio Braziliense - Radar\" \/>\n<meta property=\"article:published_time\" content=\"2025-08-16T15:23:00+00:00\" \/>\n<meta property=\"og:image\" content=\"https:\/\/www.correiobraziliense.com.br\/cbradar\/wp-content\/uploads\/2025\/08\/bananas_1755258398613.jpg\" \/>\n\t<meta property=\"og:image:width\" content=\"1280\" \/>\n\t<meta property=\"og:image:height\" content=\"720\" \/>\n\t<meta property=\"og:image:type\" content=\"image\/jpeg\" \/>\n<meta name=\"author\" content=\"Larissa Carvalho\" \/>\n<meta name=\"twitter:card\" content=\"summary_large_image\" \/>\n<meta name=\"twitter:label1\" content=\"Escrito por\" \/>\n\t<meta name=\"twitter:data1\" content=\"Larissa Carvalho\" \/>\n\t<meta name=\"twitter:label2\" content=\"Est. tempo de leitura\" \/>\n\t<meta name=\"twitter:data2\" content=\"3 minutos\" \/>\n<!-- \/ Yoast SEO plugin. -->","yoast_head_json":{"title":"Ma\u00e7\u00e3s ou bananas? Dietistas revelam qual fruta \u00e9 a escolha mais inteligente","description":"Explora\u00e7\u00e3o nutricional de bananas x ma\u00e7\u00e3s: energia x saciedade, benef\u00edcios, valores nutricionais e como combin\u00e1-las para um lanche saud\u00e1vel e equilibrado.","robots":{"index":"index","follow":"follow","max-snippet":"max-snippet:-1","max-image-preview":"max-image-preview:large","max-video-preview":"max-video-preview:-1"},"canonical":"https:\/\/www.correiobraziliense.com.br\/cbradar\/macas-ou-bananas-dietistas-revelam-qual-fruta-e-a-escolha-mais-inteligente\/","og_locale":"pt_BR","og_type":"article","og_title":"Ma\u00e7\u00e3s ou bananas? Dietistas revelam qual fruta \u00e9 a escolha mais inteligente","og_description":"Explora\u00e7\u00e3o nutricional de bananas x ma\u00e7\u00e3s: energia x saciedade, benef\u00edcios, valores nutricionais e como combin\u00e1-las para um lanche saud\u00e1vel e equilibrado.","og_url":"https:\/\/www.correiobraziliense.com.br\/cbradar\/macas-ou-bananas-dietistas-revelam-qual-fruta-e-a-escolha-mais-inteligente\/","og_site_name":"Correio Braziliense - Radar","article_published_time":"2025-08-16T15:23:00+00:00","og_image":[{"width":1280,"height":720,"url":"https:\/\/www.correiobraziliense.com.br\/cbradar\/wp-content\/uploads\/2025\/08\/bananas_1755258398613.jpg","type":"image\/jpeg"}],"author":"Larissa Carvalho","twitter_card":"summary_large_image","twitter_misc":{"Escrito por":"Larissa Carvalho","Est. tempo de leitura":"3 minutos"},"schema":{"@context":"https:\/\/schema.org","@graph":[{"@type":"WebPage","@id":"https:\/\/www.correiobraziliense.com.br\/cbradar\/macas-ou-bananas-dietistas-revelam-qual-fruta-e-a-escolha-mais-inteligente\/","url":"https:\/\/www.correiobraziliense.com.br\/cbradar\/macas-ou-bananas-dietistas-revelam-qual-fruta-e-a-escolha-mais-inteligente\/","name":"Ma\u00e7\u00e3s ou bananas? Dietistas revelam qual fruta \u00e9 a escolha mais inteligente","isPartOf":{"@id":"https:\/\/www.correiobraziliense.com.br\/cbradar\/#website"},"primaryImageOfPage":{"@id":"https:\/\/www.correiobraziliense.com.br\/cbradar\/macas-ou-bananas-dietistas-revelam-qual-fruta-e-a-escolha-mais-inteligente\/#primaryimage"},"image":{"@id":"https:\/\/www.correiobraziliense.com.br\/cbradar\/macas-ou-bananas-dietistas-revelam-qual-fruta-e-a-escolha-mais-inteligente\/#primaryimage"},"thumbnailUrl":"https:\/\/www.correiobraziliense.com.br\/cbradar\/wp-content\/uploads\/2025\/08\/bananas_1755258398613.jpg","datePublished":"2025-08-16T15:23:00+00:00","author":{"@id":"https:\/\/www.correiobraziliense.com.br\/cbradar\/#\/schema\/person\/58422787644df994b53a19d3e56c1513"},"description":"Explora\u00e7\u00e3o nutricional de bananas x ma\u00e7\u00e3s: energia x saciedade, benef\u00edcios, valores nutricionais e como combin\u00e1-las para um lanche saud\u00e1vel e equilibrado.","breadcrumb":{"@id":"https:\/\/www.correiobraziliense.com.br\/cbradar\/macas-ou-bananas-dietistas-revelam-qual-fruta-e-a-escolha-mais-inteligente\/#breadcrumb"},"inLanguage":"pt-BR","potentialAction":[{"@type":"ReadAction","target":["https:\/\/www.correiobraziliense.com.br\/cbradar\/macas-ou-bananas-dietistas-revelam-qual-fruta-e-a-escolha-mais-inteligente\/"]}]},{"@type":"ImageObject","inLanguage":"pt-BR","@id":"https:\/\/www.correiobraziliense.com.br\/cbradar\/macas-ou-bananas-dietistas-revelam-qual-fruta-e-a-escolha-mais-inteligente\/#primaryimage","url":"https:\/\/www.correiobraziliense.com.br\/cbradar\/wp-content\/uploads\/2025\/08\/bananas_1755258398613.jpg","contentUrl":"https:\/\/www.correiobraziliense.com.br\/cbradar\/wp-content\/uploads\/2025\/08\/bananas_1755258398613.jpg","width":1280,"height":720,"caption":"bananas. Cr\u00e9ditos: depositphotos.com \/ VadimVasenin"},{"@type":"BreadcrumbList","@id":"https:\/\/www.correiobraziliense.com.br\/cbradar\/macas-ou-bananas-dietistas-revelam-qual-fruta-e-a-escolha-mais-inteligente\/#breadcrumb","itemListElement":[{"@type":"ListItem","position":1,"name":"In\u00edcio","item":"https:\/\/www.correiobraziliense.com.br\/cbradar\/"},{"@type":"ListItem","position":2,"name":"Ma\u00e7\u00e3s ou bananas? Dietistas revelam qual fruta \u00e9 a escolha mais inteligente"}]},{"@type":"WebSite","@id":"https:\/\/www.correiobraziliense.com.br\/cbradar\/#website","url":"https:\/\/www.correiobraziliense.com.br\/cbradar\/","name":"Correio Braziliense - Radar","description":"Acompanhe as \u00faltimas not\u00edcias e fique bem informado sobre tudo o que acontece no Brasil e no mundo.","potentialAction":[{"@type":"SearchAction","target":{"@type":"EntryPoint","urlTemplate":"https:\/\/www.correiobraziliense.com.br\/cbradar\/?s={search_term_string}"},"query-input":{"@type":"PropertyValueSpecification","valueRequired":true,"valueName":"search_term_string"}}],"inLanguage":"pt-BR"},{"@type":"Person","@id":"https:\/\/www.correiobraziliense.com.br\/cbradar\/#\/schema\/person\/58422787644df994b53a19d3e56c1513","name":"Larissa Carvalho","image":{"@type":"ImageObject","inLanguage":"pt-BR","@id":"https:\/\/www.correiobraziliense.com.br\/cbradar\/#\/schema\/person\/image\/","url":"https:\/\/secure.gravatar.com\/avatar\/fe4f91a0de32b52a838d0d612abdc1aa?s=96&d=mm&r=g","contentUrl":"https:\/\/secure.gravatar.com\/avatar\/fe4f91a0de32b52a838d0d612abdc1aa?s=96&d=mm&r=g","caption":"Larissa Carvalho"},"url":"https:\/\/www.correiobraziliense.com.br\/cbradar\/author\/larissamyth\/"}]}},"_links":{"self":[{"href":"https:\/\/www.correiobraziliense.com.br\/cbradar\/wp-json\/wp\/v2\/posts\/86946","targetHints":{"allow":["GET"]}}],"collection":[{"href":"https:\/\/www.correiobraziliense.com.br\/cbradar\/wp-json\/wp\/v2\/posts"}],"about":[{"href":"https:\/\/www.correiobraziliense.com.br\/cbradar\/wp-json\/wp\/v2\/types\/post"}],"author":[{"embeddable":true,"href":"https:\/\/www.correiobraziliense.com.br\/cbradar\/wp-json\/wp\/v2\/users\/3"}],"replies":[{"embeddable":true,"href":"https:\/\/www.correiobraziliense.com.br\/cbradar\/wp-json\/wp\/v2\/comments?post=86946"}],"version-history":[{"count":2,"href":"https:\/\/www.correiobraziliense.com.br\/cbradar\/wp-json\/wp\/v2\/posts\/86946\/revisions"}],"predecessor-version":[{"id":86950,"href":"https:\/\/www.correiobraziliense.com.br\/cbradar\/wp-json\/wp\/v2\/posts\/86946\/revisions\/86950"}],"wp:featuredmedia":[{"embeddable":true,"href":"https:\/\/www.correiobraziliense.com.br\/cbradar\/wp-json\/wp\/v2\/media\/86948"}],"wp:attachment":[{"href":"https:\/\/www.correiobraziliense.com.br\/cbradar\/wp-json\/wp\/v2\/media?parent=86946"}],"wp:term":[{"taxonomy":"category","embeddable":true,"href":"https:\/\/www.correiobraziliense.com.br\/cbradar\/wp-json\/wp\/v2\/categories?post=86946"},{"taxonomy":"post_tag","embeddable":true,"href":"https:\/\/www.correiobraziliense.com.br\/cbradar\/wp-json\/wp\/v2\/tags?post=86946"}],"curies":[{"name":"wp","href":"https:\/\/api.w.org\/{rel}","templated":true}]}}