{"id":87067,"date":"2025-08-15T18:43:00","date_gmt":"2025-08-15T21:43:00","guid":{"rendered":"https:\/\/www.correiobraziliense.com.br\/cbradar\/?p=87067"},"modified":"2025-08-15T13:26:48","modified_gmt":"2025-08-15T16:26:48","slug":"cidade-na-serra-gaucha-une-inovacao-na-industria-com-raizes-culturais-preservadas","status":"publish","type":"post","link":"https:\/\/www.correiobraziliense.com.br\/cbradar\/cidade-na-serra-gaucha-une-inovacao-na-industria-com-raizes-culturais-preservadas\/","title":{"rendered":"Cidade na Serra Ga\u00facha une inova\u00e7\u00e3o na ind\u00fastria com ra\u00edzes culturais preservadas"},"content":{"rendered":"\n<p><strong>Caxias do Sul <\/strong>\u00e9 uma cidade localizada na <strong>Serra Ga\u00facha<\/strong>, no estado do <strong>Rio Grande do Sul<\/strong>, conhecida por ser um dos motores da economia regional. Com uma localiza\u00e7\u00e3o estrat\u00e9gica, a cidade se beneficia de um terreno f\u00e9rtil para o crescimento industrial e \u00e9 famosa por sua rica influ\u00eancia cultural trazida pelos imigrantes europeus que aqui se estabeleceram, segundo o site <a href=\"https:\/\/brasil.perfil.com\/brasil\/esta-cidade-do-rs-e-um-dos-principais-centros-industriais-do-brasil.phtml\" target=\"_blank\" rel=\"noreferrer noopener\">Brasil Perfil.<\/a><\/p>\n\n\n\n<p>A diversidade econ\u00f4mica de Caxias do Sul abrange desde a ind\u00fastria pesada at\u00e9 a produ\u00e7\u00e3o artesanal, o que lhe confere um papel vital na economia brasileira. Al\u00e9m do mais, a cidade \u00e9 not\u00f3ria por sua hospitalidade e qualidade de vida, atraindo tanto turistas quanto novos moradores em busca de oportunidades.<\/p>\n\n\n\n<h2 class=\"wp-block-heading\">Quais s\u00e3o os principais setores que impulsionam a economia de Caxias do Sul?<\/h2>\n\n\n\n<p>A economia de Caxias do Sul \u00e9 sustentada por um variado leque de ind\u00fastrias. O setor de <strong>metalurgia<\/strong> \u00e9 particularmente importante, com f\u00e1bricas que produzem pe\u00e7as para diversas aplica\u00e7\u00f5es industriais. Esta robusta base metal\u00fargica \u00e9 acompanhada pela ind\u00fastria <strong>aliment\u00edcia<\/strong>, onde a produ\u00e7\u00e3o de vinhos e sucos tem destaque, favorecida pelas condi\u00e7\u00f5es clim\u00e1ticas ideais da Serra Ga\u00facha.<\/p>\n\n\n\n<p>A <strong>ind\u00fastria moveleira<\/strong> tamb\u00e9m \u00e9 relevante, com Caxias do Sul sendo reconhecida nacionalmente pela qualidade e design inovador de seus m\u00f3veis. Esses setores n\u00e3o s\u00f3 fortalecem a economia local, mas tamb\u00e9m geram milhares de empregos, promovendo o bem-estar na regi\u00e3o.<\/p>\n\n\n\n<h2 class=\"wp-block-heading\">Como a cidade se destaca no campo da sa\u00fade?<\/h2>\n\n\n\n<p>No que diz respeito aos servi\u00e7os de sa\u00fade, Caxias do Sul \u00e9 um centro de refer\u00eancia importante, atendendo a uma vasta \u00e1rea da regi\u00e3o sul do pa\u00eds. Seus hospitais est\u00e3o equipados com tecnologia de ponta e prestam cuidados m\u00e9dicos em \u00e1reas especializadas como <strong>cardiologia<\/strong>, que oferece tratamentos avan\u00e7ados para doen\u00e7as card\u00edacas, e <strong>oncologia<\/strong>, onde as equipes multidisciplinares fornecem suporte abrangente aos pacientes com c\u00e2ncer.<\/p>\n\n\n<div class=\"wp-block-image\">\n<figure class=\"aligncenter size-large\"><img decoding=\"async\" width=\"1024\" height=\"576\" src=\"https:\/\/www.correiobraziliense.com.br\/cbradar\/wp-content\/uploads\/2025\/08\/Caxias-do-Sul_1755275156241-1024x576.jpg\" alt=\"Cidade na Serra Ga\u00facha une inova\u00e7\u00e3o na ind\u00fastria com ra\u00edzes culturais preservadas\" class=\"wp-image-87086\" srcset=\"https:\/\/www.correiobraziliense.com.br\/cbradar\/wp-content\/uploads\/2025\/08\/Caxias-do-Sul_1755275156241-1024x576.jpg 1024w, https:\/\/www.correiobraziliense.com.br\/cbradar\/wp-content\/uploads\/2025\/08\/Caxias-do-Sul_1755275156241-300x169.jpg 300w, https:\/\/www.correiobraziliense.com.br\/cbradar\/wp-content\/uploads\/2025\/08\/Caxias-do-Sul_1755275156241-768x432.jpg 768w, https:\/\/www.correiobraziliense.com.br\/cbradar\/wp-content\/uploads\/2025\/08\/Caxias-do-Sul_1755275156241-750x422.jpg 750w, https:\/\/www.correiobraziliense.com.br\/cbradar\/wp-content\/uploads\/2025\/08\/Caxias-do-Sul_1755275156241-1140x641.jpg 1140w, https:\/\/www.correiobraziliense.com.br\/cbradar\/wp-content\/uploads\/2025\/08\/Caxias-do-Sul_1755275156241.jpg 1280w\" sizes=\"(max-width: 1024px) 100vw, 1024px\" \/><figcaption class=\"wp-element-caption\">Caxias do Sul (Cr\u00e9ditos: depositphotos.com \/ diegograndi)<\/figcaption><\/figure><\/div>\n\n\n<p>A \u00e1rea de <strong>ortopedia<\/strong> tamb\u00e9m \u00e9 not\u00e1vel, com a cidade sendo reconhecida pela excel\u00eancia em procedimentos cir\u00fargicos e terapias de reabilita\u00e7\u00e3o. A infraestrutura e os servi\u00e7os de sa\u00fade s\u00e3o um forte atrativo para quem busca tanto tratamento quanto qualidade de vida.<\/p>\n\n\n\n<h2 class=\"wp-block-heading\">Como Caxias do Sul mant\u00e9m suas tradi\u00e7\u00f5es culturais vivas?<\/h2>\n\n\n\n<p>Caxias do Sul \u00e9 rica em tradi\u00e7\u00f5es culturais que refletem a sua diversificada hist\u00f3ria de <a href=\"https:\/\/www.correiobraziliense.com.br\/cbradar\/atibaia-oferece-qualidade-de-vida-entre-cidade-e-natureza\/\" target=\"_blank\" rel=\"noreferrer noopener\">imigra\u00e7\u00e3o<\/a>. Eventos como a Festa da Uva celebram n\u00e3o apenas a cultura vitivin\u00edcola, mas tamb\u00e9m s\u00e3o uma vitrine das tradi\u00e7\u00f5es artesanais e gastron\u00f4micas locais, atraindo visitantes de todo o Brasil para desfrutar da hospitalidade local.<\/p>\n\n\n\n<p>O compromisso da cidade com suas ra\u00edzes \u00e9 vis\u00edvel em seus museus, teatros e eventos culturais, que promovem uma vibrante vida cultural. Caxias do Sul continua a ser um exemplo de como a preserva\u00e7\u00e3o cultural e o desenvolvimento econ\u00f4mico podem caminhar juntos, criando uma comunidade pr\u00f3spera e integrada.<\/p>\n\n\n\n<p><\/p>\n","protected":false},"excerpt":{"rendered":"<p>Caxias do Sul \u00e9 uma cidade localizada na Serra Ga\u00facha, no estado do Rio Grande do Sul, conhecida por ser um dos motores da economia regional. Com uma localiza\u00e7\u00e3o estrat\u00e9gica, a cidade se beneficia de um terreno f\u00e9rtil para o crescimento industrial e \u00e9 famosa por sua rica influ\u00eancia cultural trazida pelos imigrantes europeus que [&hellip;]<\/p>\n","protected":false},"author":10,"featured_media":87085,"comment_status":"open","ping_status":"open","sticky":false,"template":"","format":"standard","meta":{"_yoast_wpseo_focuskw":"cidade","_yoast_wpseo_title":"","_yoast_wpseo_metadesc":"A cidade \u00e9 refer\u00eancia em sa\u00fade, ind\u00fastria e cultura. Lugar vibrante na Serra Ga\u00facha que une tradi\u00e7\u00e3o, qualidade de vida e inova\u00e7\u00e3o econ\u00f4mica","jnews-multi-image_gallery":[],"jnews_single_post":{"format":"standard"},"jnews_primary_category":[],"jnews_social_meta":[],"jnews_override_counter":[],"footnotes":""},"categories":[108],"tags":[4171,204,327,9252],"class_list":["post-87067","post","type-post","status-publish","format-standard","has-post-thumbnail","hentry","category-cidades","tag-caxias-do-sul","tag-cidade","tag-serra-gaucha","tag-turismo-no-brasil"],"yoast_head":"<!-- This site is optimized with the Yoast SEO plugin v24.6 - https:\/\/yoast.com\/wordpress\/plugins\/seo\/ -->\n<title>Cidade na Serra Ga\u00facha une inova\u00e7\u00e3o na ind\u00fastria com ra\u00edzes culturais preservadas - Correio Braziliense - Radar<\/title>\n<meta name=\"description\" content=\"A cidade \u00e9 refer\u00eancia em sa\u00fade, ind\u00fastria e cultura. Lugar vibrante na Serra Ga\u00facha que une tradi\u00e7\u00e3o, qualidade de vida e inova\u00e7\u00e3o econ\u00f4mica\" \/>\n<meta name=\"robots\" content=\"index, follow, max-snippet:-1, max-image-preview:large, max-video-preview:-1\" \/>\n<link rel=\"canonical\" href=\"https:\/\/www.correiobraziliense.com.br\/cbradar\/cidade-na-serra-gaucha-une-inovacao-na-industria-com-raizes-culturais-preservadas\/\" \/>\n<meta property=\"og:locale\" content=\"pt_BR\" \/>\n<meta property=\"og:type\" content=\"article\" \/>\n<meta property=\"og:title\" content=\"Cidade na Serra Ga\u00facha une inova\u00e7\u00e3o na ind\u00fastria com ra\u00edzes culturais preservadas - Correio Braziliense - Radar\" \/>\n<meta property=\"og:description\" content=\"A cidade \u00e9 refer\u00eancia em sa\u00fade, ind\u00fastria e cultura. Lugar vibrante na Serra Ga\u00facha que une tradi\u00e7\u00e3o, qualidade de vida e inova\u00e7\u00e3o econ\u00f4mica\" \/>\n<meta property=\"og:url\" content=\"https:\/\/www.correiobraziliense.com.br\/cbradar\/cidade-na-serra-gaucha-une-inovacao-na-industria-com-raizes-culturais-preservadas\/\" \/>\n<meta property=\"og:site_name\" content=\"Correio Braziliense - Radar\" \/>\n<meta property=\"article:published_time\" content=\"2025-08-15T21:43:00+00:00\" \/>\n<meta property=\"og:image\" content=\"https:\/\/www.correiobraziliense.com.br\/cbradar\/wp-content\/uploads\/2025\/08\/Caxias-do-Sul_1755275122600.jpg\" \/>\n\t<meta property=\"og:image:width\" content=\"1280\" \/>\n\t<meta property=\"og:image:height\" content=\"720\" \/>\n\t<meta property=\"og:image:type\" content=\"image\/jpeg\" \/>\n<meta name=\"author\" content=\"Patryck Rubim\" \/>\n<meta name=\"twitter:card\" content=\"summary_large_image\" \/>\n<meta name=\"twitter:label1\" content=\"Escrito por\" \/>\n\t<meta name=\"twitter:data1\" content=\"Patryck Rubim\" \/>\n\t<meta name=\"twitter:label2\" content=\"Est. tempo de leitura\" \/>\n\t<meta name=\"twitter:data2\" content=\"3 minutos\" \/>\n<!-- \/ Yoast SEO plugin. -->","yoast_head_json":{"title":"Cidade na Serra Ga\u00facha une inova\u00e7\u00e3o na ind\u00fastria com ra\u00edzes culturais preservadas - Correio Braziliense - Radar","description":"A cidade \u00e9 refer\u00eancia em sa\u00fade, ind\u00fastria e cultura. Lugar vibrante na Serra Ga\u00facha que une tradi\u00e7\u00e3o, qualidade de vida e inova\u00e7\u00e3o econ\u00f4mica","robots":{"index":"index","follow":"follow","max-snippet":"max-snippet:-1","max-image-preview":"max-image-preview:large","max-video-preview":"max-video-preview:-1"},"canonical":"https:\/\/www.correiobraziliense.com.br\/cbradar\/cidade-na-serra-gaucha-une-inovacao-na-industria-com-raizes-culturais-preservadas\/","og_locale":"pt_BR","og_type":"article","og_title":"Cidade na Serra Ga\u00facha une inova\u00e7\u00e3o na ind\u00fastria com ra\u00edzes culturais preservadas - Correio Braziliense - Radar","og_description":"A cidade \u00e9 refer\u00eancia em sa\u00fade, ind\u00fastria e cultura. Lugar vibrante na Serra Ga\u00facha que une tradi\u00e7\u00e3o, qualidade de vida e inova\u00e7\u00e3o econ\u00f4mica","og_url":"https:\/\/www.correiobraziliense.com.br\/cbradar\/cidade-na-serra-gaucha-une-inovacao-na-industria-com-raizes-culturais-preservadas\/","og_site_name":"Correio Braziliense - Radar","article_published_time":"2025-08-15T21:43:00+00:00","og_image":[{"width":1280,"height":720,"url":"https:\/\/www.correiobraziliense.com.br\/cbradar\/wp-content\/uploads\/2025\/08\/Caxias-do-Sul_1755275122600.jpg","type":"image\/jpeg"}],"author":"Patryck Rubim","twitter_card":"summary_large_image","twitter_misc":{"Escrito por":"Patryck Rubim","Est. tempo de leitura":"3 minutos"},"schema":{"@context":"https:\/\/schema.org","@graph":[{"@type":"WebPage","@id":"https:\/\/www.correiobraziliense.com.br\/cbradar\/cidade-na-serra-gaucha-une-inovacao-na-industria-com-raizes-culturais-preservadas\/","url":"https:\/\/www.correiobraziliense.com.br\/cbradar\/cidade-na-serra-gaucha-une-inovacao-na-industria-com-raizes-culturais-preservadas\/","name":"Cidade na Serra Ga\u00facha une inova\u00e7\u00e3o na ind\u00fastria com ra\u00edzes culturais preservadas - Correio Braziliense - Radar","isPartOf":{"@id":"https:\/\/www.correiobraziliense.com.br\/cbradar\/#website"},"primaryImageOfPage":{"@id":"https:\/\/www.correiobraziliense.com.br\/cbradar\/cidade-na-serra-gaucha-une-inovacao-na-industria-com-raizes-culturais-preservadas\/#primaryimage"},"image":{"@id":"https:\/\/www.correiobraziliense.com.br\/cbradar\/cidade-na-serra-gaucha-une-inovacao-na-industria-com-raizes-culturais-preservadas\/#primaryimage"},"thumbnailUrl":"https:\/\/www.correiobraziliense.com.br\/cbradar\/wp-content\/uploads\/2025\/08\/Caxias-do-Sul_1755275122600.jpg","datePublished":"2025-08-15T21:43:00+00:00","author":{"@id":"https:\/\/www.correiobraziliense.com.br\/cbradar\/#\/schema\/person\/0b5992d675b1f63c387b16a19dffbda7"},"description":"A cidade \u00e9 refer\u00eancia em sa\u00fade, ind\u00fastria e cultura. Lugar vibrante na Serra Ga\u00facha que une tradi\u00e7\u00e3o, qualidade de vida e inova\u00e7\u00e3o econ\u00f4mica","breadcrumb":{"@id":"https:\/\/www.correiobraziliense.com.br\/cbradar\/cidade-na-serra-gaucha-une-inovacao-na-industria-com-raizes-culturais-preservadas\/#breadcrumb"},"inLanguage":"pt-BR","potentialAction":[{"@type":"ReadAction","target":["https:\/\/www.correiobraziliense.com.br\/cbradar\/cidade-na-serra-gaucha-une-inovacao-na-industria-com-raizes-culturais-preservadas\/"]}]},{"@type":"ImageObject","inLanguage":"pt-BR","@id":"https:\/\/www.correiobraziliense.com.br\/cbradar\/cidade-na-serra-gaucha-une-inovacao-na-industria-com-raizes-culturais-preservadas\/#primaryimage","url":"https:\/\/www.correiobraziliense.com.br\/cbradar\/wp-content\/uploads\/2025\/08\/Caxias-do-Sul_1755275122600.jpg","contentUrl":"https:\/\/www.correiobraziliense.com.br\/cbradar\/wp-content\/uploads\/2025\/08\/Caxias-do-Sul_1755275122600.jpg","width":1280,"height":720,"caption":"Caxias do Sul (Cr\u00e9ditos: depositphotos.com \/ diegograndi)"},{"@type":"BreadcrumbList","@id":"https:\/\/www.correiobraziliense.com.br\/cbradar\/cidade-na-serra-gaucha-une-inovacao-na-industria-com-raizes-culturais-preservadas\/#breadcrumb","itemListElement":[{"@type":"ListItem","position":1,"name":"In\u00edcio","item":"https:\/\/www.correiobraziliense.com.br\/cbradar\/"},{"@type":"ListItem","position":2,"name":"Cidade na Serra Ga\u00facha une inova\u00e7\u00e3o na ind\u00fastria com ra\u00edzes culturais preservadas"}]},{"@type":"WebSite","@id":"https:\/\/www.correiobraziliense.com.br\/cbradar\/#website","url":"https:\/\/www.correiobraziliense.com.br\/cbradar\/","name":"Correio Braziliense - Radar","description":"Acompanhe as \u00faltimas not\u00edcias e fique bem informado sobre tudo o que acontece no Brasil e no mundo.","potentialAction":[{"@type":"SearchAction","target":{"@type":"EntryPoint","urlTemplate":"https:\/\/www.correiobraziliense.com.br\/cbradar\/?s={search_term_string}"},"query-input":{"@type":"PropertyValueSpecification","valueRequired":true,"valueName":"search_term_string"}}],"inLanguage":"pt-BR"},{"@type":"Person","@id":"https:\/\/www.correiobraziliense.com.br\/cbradar\/#\/schema\/person\/0b5992d675b1f63c387b16a19dffbda7","name":"Patryck Rubim","image":{"@type":"ImageObject","inLanguage":"pt-BR","@id":"https:\/\/www.correiobraziliense.com.br\/cbradar\/#\/schema\/person\/image\/","url":"https:\/\/secure.gravatar.com\/avatar\/570c7fb2898c0e2df0823196891bea88?s=96&d=mm&r=g","contentUrl":"https:\/\/secure.gravatar.com\/avatar\/570c7fb2898c0e2df0823196891bea88?s=96&d=mm&r=g","caption":"Patryck Rubim"},"sameAs":["https:\/\/www.correiobraziliense.com.br\/cbradar"],"url":"https:\/\/www.correiobraziliense.com.br\/cbradar\/author\/patryckmyth\/"}]}},"_links":{"self":[{"href":"https:\/\/www.correiobraziliense.com.br\/cbradar\/wp-json\/wp\/v2\/posts\/87067","targetHints":{"allow":["GET"]}}],"collection":[{"href":"https:\/\/www.correiobraziliense.com.br\/cbradar\/wp-json\/wp\/v2\/posts"}],"about":[{"href":"https:\/\/www.correiobraziliense.com.br\/cbradar\/wp-json\/wp\/v2\/types\/post"}],"author":[{"embeddable":true,"href":"https:\/\/www.correiobraziliense.com.br\/cbradar\/wp-json\/wp\/v2\/users\/10"}],"replies":[{"embeddable":true,"href":"https:\/\/www.correiobraziliense.com.br\/cbradar\/wp-json\/wp\/v2\/comments?post=87067"}],"version-history":[{"count":2,"href":"https:\/\/www.correiobraziliense.com.br\/cbradar\/wp-json\/wp\/v2\/posts\/87067\/revisions"}],"predecessor-version":[{"id":87087,"href":"https:\/\/www.correiobraziliense.com.br\/cbradar\/wp-json\/wp\/v2\/posts\/87067\/revisions\/87087"}],"wp:featuredmedia":[{"embeddable":true,"href":"https:\/\/www.correiobraziliense.com.br\/cbradar\/wp-json\/wp\/v2\/media\/87085"}],"wp:attachment":[{"href":"https:\/\/www.correiobraziliense.com.br\/cbradar\/wp-json\/wp\/v2\/media?parent=87067"}],"wp:term":[{"taxonomy":"category","embeddable":true,"href":"https:\/\/www.correiobraziliense.com.br\/cbradar\/wp-json\/wp\/v2\/categories?post=87067"},{"taxonomy":"post_tag","embeddable":true,"href":"https:\/\/www.correiobraziliense.com.br\/cbradar\/wp-json\/wp\/v2\/tags?post=87067"}],"curies":[{"name":"wp","href":"https:\/\/api.w.org\/{rel}","templated":true}]}}