{"id":87073,"date":"2025-08-15T22:13:00","date_gmt":"2025-08-16T01:13:00","guid":{"rendered":"https:\/\/www.correiobraziliense.com.br\/cbradar\/?p=87073"},"modified":"2025-08-15T13:34:00","modified_gmt":"2025-08-15T16:34:00","slug":"cabelos-cacheados-e-crespos-ganham-forca-com-produtos-que-tratam-da-raiz-as-pontas","status":"publish","type":"post","link":"https:\/\/www.correiobraziliense.com.br\/cbradar\/cabelos-cacheados-e-crespos-ganham-forca-com-produtos-que-tratam-da-raiz-as-pontas\/","title":{"rendered":"Cabelos cacheados e crespos ganham for\u00e7a com produtos que tratam da raiz \u00e0s pontas"},"content":{"rendered":"\n<p>No Brasil, a diversidade de tipos de cabelos \u00e9 imensa, com uma gama variada de curvaturas que refletem a cultura e a beleza do pa\u00eds. Entre os mais not\u00e1veis est\u00e3o os cabelos cacheados e crespos, que exigem cuidados especiais devido \u00e0s suas caracter\u00edsticas \u00fanicas. A aten\u00e7\u00e3o personalizada a esses fios \u00e9 essencial para manter sua sa\u00fade e beleza, sendo um reflexo do crescente interesse das marcas de cosm\u00e9ticos em oferecer produtos que atendam a estas necessidades espec\u00edficas, segundo o site <a href=\"https:\/\/www.katiaribeiro.com.br\/tudo-que-voce-precisa-saber-para-cuidar-dos-cabelos-cacheados-e-crespos-com-eficiencia\/\" target=\"_blank\" rel=\"noreferrer noopener\">Katia Ribeiro.<\/a><\/p>\n\n\n\n<p>Recentemente, muitas linhas de produtos t\u00eam se concentrado em proporcionar f\u00f3rmulas que fortale\u00e7am, hidratem e valorizem as texturas cacheadas e crespas, tais como a linha com amora e \u00f3leo de coco voltada para fios tipo 3A a 4C. Esse suporte cosm\u00e9tico visa n\u00e3o apenas a defini\u00e7\u00e3o e a nutri\u00e7\u00e3o, mas tamb\u00e9m o combate ao ressecamento, uma preocupa\u00e7\u00e3o frequente para quem possui esse tipo de cabelo.<\/p>\n\n\n\n<h2 class=\"wp-block-heading\">Identifica\u00e7\u00e3o do tipo de cabelos<\/h2>\n\n\n\n<p>Para cuidar adequadamente dos cabelos cacheados e crespos, \u00e9 crucial conhecer as caracter\u00edsticas intr\u00ednsecas de cada tipo de fio. Os cabelos s\u00e3o frequentemente classificados entre os tipos 3 e 4. Os cachos tipo 3 variam desde os mais soltos, como o 3A, at\u00e9 os mais volumosos e finos, encontrados no tipo 3C. J\u00e1 os cabelos crespos est\u00e3o na categoria 4, abrangendo desde cachos bem fechados at\u00e9 aqueles praticamente invis\u00edveis do tipo 4C. <\/p>\n\n\n\n<p>Identificar corretamente o tipo de cabelo \u00e9 o primeiro passo para selecionar os produtos e as pr\u00e1ticas mais adequadas para o cuidado di\u00e1rio. Al\u00e9m disso, entender a porosidade dos fios pode ser \u00fatil para aprimorar ainda mais a escolha do tratamento personalizado, segundo o site <a href=\"https:\/\/crocheonline.com.br\/2025\/08\/04\/como-fazer-o-cabelo-crescer-mais-rapido-em-casa\/\" target=\"_blank\" rel=\"noreferrer noopener\">Croch\u00ea Online.<\/a><\/p>\n\n\n\n<h2 class=\"wp-block-heading\">Ingredientes essenciais para os cabelos cacheados e crespos<\/h2>\n\n\n\n<p>Manter estes tipos de cabelo saud\u00e1veis \u00e9 um desafio que envolve a escolha dos ingredientes corretos. O \u00f3leo de coco \u00e9 frequentemente utilizado por sua excepcional capacidade de nutri\u00e7\u00e3o e umecta\u00e7\u00e3o. Outros ingredientes not\u00e1veis incluem a linha\u00e7a, chia e babassu, que oferecem nutrientes vitais e prote\u00e7\u00e3o. <\/p>\n\n\n\n<p>A glicerina e o pantenol s\u00e3o famosos por proporcionar uma hidrata\u00e7\u00e3o profunda, enquanto surfactantes suaves asseguram uma limpeza eficaz sem eliminar a oleosidade protetora natural dos fios. Vale ressaltar que ingredientes como manteiga de karit\u00e9 e aloe vera tamb\u00e9m t\u00eam ganhado destaque, tornando-se escolhas populares em diversas rotinas capilares.<\/p>\n\n\n<div class=\"wp-block-image\">\n<figure class=\"aligncenter size-large\"><img decoding=\"async\" width=\"1024\" height=\"576\" src=\"https:\/\/www.correiobraziliense.com.br\/cbradar\/wp-content\/uploads\/2025\/08\/cabelo-cacheado_1755275565801-1024x576.jpg\" alt=\"Cabelos cacheados e crespos ganham for\u00e7a com produtos que tratam da raiz \u00e0s pontas\" class=\"wp-image-87093\" srcset=\"https:\/\/www.correiobraziliense.com.br\/cbradar\/wp-content\/uploads\/2025\/08\/cabelo-cacheado_1755275565801-1024x576.jpg 1024w, https:\/\/www.correiobraziliense.com.br\/cbradar\/wp-content\/uploads\/2025\/08\/cabelo-cacheado_1755275565801-300x169.jpg 300w, https:\/\/www.correiobraziliense.com.br\/cbradar\/wp-content\/uploads\/2025\/08\/cabelo-cacheado_1755275565801-768x432.jpg 768w, https:\/\/www.correiobraziliense.com.br\/cbradar\/wp-content\/uploads\/2025\/08\/cabelo-cacheado_1755275565801-750x422.jpg 750w, https:\/\/www.correiobraziliense.com.br\/cbradar\/wp-content\/uploads\/2025\/08\/cabelo-cacheado_1755275565801-1140x641.jpg 1140w, https:\/\/www.correiobraziliense.com.br\/cbradar\/wp-content\/uploads\/2025\/08\/cabelo-cacheado_1755275565801.jpg 1280w\" sizes=\"(max-width: 1024px) 100vw, 1024px\" \/><figcaption class=\"wp-element-caption\">Cabelo cacheado (Cr\u00e9ditos: depositphotos.com \/ VitalikRadko)<\/figcaption><\/figure><\/div>\n\n\n<h2 class=\"wp-block-heading\">Estabelecimento de uma rotina de cuidados eficaz<\/h2>\n\n\n\n<p>Uma rotina eficaz para cabelos cacheados e crespos come\u00e7a com uma limpeza suave usando shampoos sem sulfatos agressivos, que mant\u00eam a hidrata\u00e7\u00e3o natural do couro cabeludo. Em seguida, o uso de condicionadores ou m\u00e1scaras ricas em <a href=\"https:\/\/www.correiobraziliense.com.br\/cbradar\/plantar-essa-fruta-em-casa-ajuda-na-sua-saude-e-deixa-qualquer-espaco-mais-agradavel\/\" target=\"_blank\" rel=\"noreferrer noopener\">componentes<\/a> emolientes ajuda a selar as cut\u00edculas e facilita o desembara\u00e7o. Para a defini\u00e7\u00e3o e nutri\u00e7\u00e3o desejada, a aplica\u00e7\u00e3o de cremes para pentear adequados ao tipo de cabelo se torna essencial. <\/p>\n\n\n\n<p>O uso de touca de cetim \u00e0 noite e a aplica\u00e7\u00e3o de \u00f3leos vegetais nas pontas podem potencializar ainda mais os resultados e promover a prote\u00e7\u00e3o dos fios.<\/p>\n\n\n\n<ul class=\"wp-block-list\">\n<li><strong>Limpeza:<\/strong> Shampoo sem sulfatos na raiz.<\/li>\n\n\n\n<li><strong>Tratamento:<\/strong> Condicionadores e m\u00e1scaras emolientes.<\/li>\n\n\n\n<li><strong>Finaliza\u00e7\u00e3o:<\/strong> Cremes espec\u00edficos, gelatinas ou sprays reativadores para maior defini\u00e7\u00e3o.<\/li>\n<\/ul>\n\n\n\n<h2 class=\"wp-block-heading\">Benef\u00edcios dos produtos especializados para os cabelos<\/h2>\n\n\n\n<p>Investir em produtos espec\u00edficos para cabelos cacheados e crespos traz n\u00e3o apenas beleza, mas benef\u00edcios de sa\u00fade capilar a longo prazo. Esses produtos s\u00e3o formulados para manter o controle do frizz, assegurar a defini\u00e7\u00e3o e prevenir danos. <\/p>\n\n\n\n<p>O uso regular e consciente destes cosm\u00e9ticos, junto com a escolha de shampoos, condicionadores e finalizadores espec\u00edficos, promove um cuidado di\u00e1rio mais eficaz e personalizado, respeitando a individualidade de cada tipo de cabelo e celebrando sua contribui\u00e7\u00e3o para a identidade pessoal. Al\u00e9m disso, adotar pr\u00e1ticas de prote\u00e7\u00e3o t\u00e9rmica e evitar procedimentos qu\u00edmicos agressivos s\u00e3o medidas que contribuem para fios mais saud\u00e1veis e bonitos a longo prazo.<\/p>\n\n\n\n<p><\/p>\n","protected":false},"excerpt":{"rendered":"<p>No Brasil, a diversidade de tipos de cabelos \u00e9 imensa, com uma gama variada de curvaturas que refletem a cultura e a beleza do pa\u00eds. Entre os mais not\u00e1veis est\u00e3o os cabelos cacheados e crespos, que exigem cuidados especiais devido \u00e0s suas caracter\u00edsticas \u00fanicas. A aten\u00e7\u00e3o personalizada a esses fios \u00e9 essencial para manter sua [&hellip;]<\/p>\n","protected":false},"author":10,"featured_media":87092,"comment_status":"open","ping_status":"open","sticky":false,"template":"","format":"standard","meta":{"jnews-multi-image_gallery":[],"jnews_single_post":{"format":"standard"},"jnews_primary_category":[],"jnews_social_meta":[],"jnews_override_counter":[],"footnotes":""},"categories":[124],"post_tag":[9396,3155,8029],"class_list":["post-87073","post","type-post","status-publish","format-standard","has-post-thumbnail","hentry","category-beleza","tag-cabelo-cacheado-e-crespo","tag-cabelos","tag-produtos"],"yoast_head":"<!-- This site is optimized with the Yoast SEO plugin v24.6 - https:\/\/yoast.com\/wordpress\/plugins\/seo\/ -->\n<title>Cabelos cacheados e crespos ganham for\u00e7a com produtos que tratam da raiz \u00e0s pontas - Correio Braziliense - Radar<\/title>\n<meta name=\"description\" content=\"Cabelos cacheados e crespos pedem ingredientes certos, rotina suave e produtos que respeitam sua curvatura natural.\" \/>\n<meta name=\"robots\" content=\"index, follow, max-snippet:-1, max-image-preview:large, max-video-preview:-1\" \/>\n<link rel=\"canonical\" href=\"https:\/\/www.correiobraziliense.com.br\/cbradar\/cabelos-cacheados-e-crespos-ganham-forca-com-produtos-que-tratam-da-raiz-as-pontas\/\" \/>\n<meta property=\"og:locale\" content=\"pt_BR\" \/>\n<meta property=\"og:type\" content=\"article\" \/>\n<meta property=\"og:title\" content=\"Cabelos cacheados e crespos ganham for\u00e7a com produtos que tratam da raiz \u00e0s pontas - Correio Braziliense - Radar\" \/>\n<meta property=\"og:description\" content=\"Cabelos cacheados e crespos pedem ingredientes certos, rotina suave e produtos que respeitam sua curvatura natural.\" \/>\n<meta property=\"og:url\" content=\"https:\/\/www.correiobraziliense.com.br\/cbradar\/cabelos-cacheados-e-crespos-ganham-forca-com-produtos-que-tratam-da-raiz-as-pontas\/\" \/>\n<meta property=\"og:site_name\" content=\"Correio Braziliense - Radar\" \/>\n<meta property=\"article:published_time\" content=\"2025-08-16T01:13:00+00:00\" \/>\n<meta property=\"og:image\" content=\"https:\/\/www.correiobraziliense.com.br\/cbradar\/wp-content\/uploads\/2025\/08\/cabelo-cacheado_1755275539077.jpg\" \/>\n\t<meta property=\"og:image:width\" content=\"1280\" \/>\n\t<meta property=\"og:image:height\" content=\"720\" \/>\n\t<meta property=\"og:image:type\" content=\"image\/jpeg\" \/>\n<meta name=\"author\" content=\"Patryck Rubim\" \/>\n<meta name=\"twitter:card\" content=\"summary_large_image\" \/>\n<meta name=\"twitter:label1\" content=\"Escrito por\" \/>\n\t<meta name=\"twitter:data1\" content=\"Patryck Rubim\" \/>\n\t<meta name=\"twitter:label2\" content=\"Est. tempo de leitura\" \/>\n\t<meta name=\"twitter:data2\" content=\"4 minutos\" \/>\n<!-- \/ Yoast SEO plugin. -->","yoast_head_json":{"title":"Cabelos cacheados e crespos ganham for\u00e7a com produtos que tratam da raiz \u00e0s pontas - Correio Braziliense - Radar","description":"Cabelos cacheados e crespos pedem ingredientes certos, rotina suave e produtos que respeitam sua curvatura natural.","robots":{"index":"index","follow":"follow","max-snippet":"max-snippet:-1","max-image-preview":"max-image-preview:large","max-video-preview":"max-video-preview:-1"},"canonical":"https:\/\/www.correiobraziliense.com.br\/cbradar\/cabelos-cacheados-e-crespos-ganham-forca-com-produtos-que-tratam-da-raiz-as-pontas\/","og_locale":"pt_BR","og_type":"article","og_title":"Cabelos cacheados e crespos ganham for\u00e7a com produtos que tratam da raiz \u00e0s pontas - Correio Braziliense - Radar","og_description":"Cabelos cacheados e crespos pedem ingredientes certos, rotina suave e produtos que respeitam sua curvatura natural.","og_url":"https:\/\/www.correiobraziliense.com.br\/cbradar\/cabelos-cacheados-e-crespos-ganham-forca-com-produtos-que-tratam-da-raiz-as-pontas\/","og_site_name":"Correio Braziliense - Radar","article_published_time":"2025-08-16T01:13:00+00:00","og_image":[{"width":1280,"height":720,"url":"https:\/\/www.correiobraziliense.com.br\/cbradar\/wp-content\/uploads\/2025\/08\/cabelo-cacheado_1755275539077.jpg","type":"image\/jpeg"}],"author":"Patryck Rubim","twitter_card":"summary_large_image","twitter_misc":{"Escrito por":"Patryck Rubim","Est. tempo de leitura":"4 minutos"},"schema":{"@context":"https:\/\/schema.org","@graph":[{"@type":"WebPage","@id":"https:\/\/www.correiobraziliense.com.br\/cbradar\/cabelos-cacheados-e-crespos-ganham-forca-com-produtos-que-tratam-da-raiz-as-pontas\/","url":"https:\/\/www.correiobraziliense.com.br\/cbradar\/cabelos-cacheados-e-crespos-ganham-forca-com-produtos-que-tratam-da-raiz-as-pontas\/","name":"Cabelos cacheados e crespos ganham for\u00e7a com produtos que tratam da raiz \u00e0s pontas - Correio Braziliense - Radar","isPartOf":{"@id":"https:\/\/www.correiobraziliense.com.br\/cbradar\/#website"},"primaryImageOfPage":{"@id":"https:\/\/www.correiobraziliense.com.br\/cbradar\/cabelos-cacheados-e-crespos-ganham-forca-com-produtos-que-tratam-da-raiz-as-pontas\/#primaryimage"},"image":{"@id":"https:\/\/www.correiobraziliense.com.br\/cbradar\/cabelos-cacheados-e-crespos-ganham-forca-com-produtos-que-tratam-da-raiz-as-pontas\/#primaryimage"},"thumbnailUrl":"https:\/\/www.correiobraziliense.com.br\/cbradar\/wp-content\/uploads\/2025\/08\/cabelo-cacheado_1755275539077.jpg","datePublished":"2025-08-16T01:13:00+00:00","author":{"@id":"https:\/\/www.correiobraziliense.com.br\/cbradar\/#\/schema\/person\/0b5992d675b1f63c387b16a19dffbda7"},"description":"Cabelos cacheados e crespos pedem ingredientes certos, rotina suave e produtos que respeitam sua curvatura natural.","breadcrumb":{"@id":"https:\/\/www.correiobraziliense.com.br\/cbradar\/cabelos-cacheados-e-crespos-ganham-forca-com-produtos-que-tratam-da-raiz-as-pontas\/#breadcrumb"},"inLanguage":"pt-BR","potentialAction":[{"@type":"ReadAction","target":["https:\/\/www.correiobraziliense.com.br\/cbradar\/cabelos-cacheados-e-crespos-ganham-forca-com-produtos-que-tratam-da-raiz-as-pontas\/"]}]},{"@type":"ImageObject","inLanguage":"pt-BR","@id":"https:\/\/www.correiobraziliense.com.br\/cbradar\/cabelos-cacheados-e-crespos-ganham-forca-com-produtos-que-tratam-da-raiz-as-pontas\/#primaryimage","url":"https:\/\/www.correiobraziliense.com.br\/cbradar\/wp-content\/uploads\/2025\/08\/cabelo-cacheado_1755275539077.jpg","contentUrl":"https:\/\/www.correiobraziliense.com.br\/cbradar\/wp-content\/uploads\/2025\/08\/cabelo-cacheado_1755275539077.jpg","width":1280,"height":720,"caption":"Cabelo cacheado (Cr\u00e9ditos: depositphotos.com \/ EdwardDerule)"},{"@type":"BreadcrumbList","@id":"https:\/\/www.correiobraziliense.com.br\/cbradar\/cabelos-cacheados-e-crespos-ganham-forca-com-produtos-que-tratam-da-raiz-as-pontas\/#breadcrumb","itemListElement":[{"@type":"ListItem","position":1,"name":"In\u00edcio","item":"https:\/\/www.correiobraziliense.com.br\/cbradar\/"},{"@type":"ListItem","position":2,"name":"Cabelos cacheados e crespos ganham for\u00e7a com produtos que tratam da raiz \u00e0s pontas"}]},{"@type":"WebSite","@id":"https:\/\/www.correiobraziliense.com.br\/cbradar\/#website","url":"https:\/\/www.correiobraziliense.com.br\/cbradar\/","name":"Correio Braziliense - Radar","description":"Acompanhe as \u00faltimas not\u00edcias e fique bem informado sobre tudo o que acontece no Brasil e no mundo.","potentialAction":[{"@type":"SearchAction","target":{"@type":"EntryPoint","urlTemplate":"https:\/\/www.correiobraziliense.com.br\/cbradar\/?s={search_term_string}"},"query-input":{"@type":"PropertyValueSpecification","valueRequired":true,"valueName":"search_term_string"}}],"inLanguage":"pt-BR"},{"@type":"Person","@id":"https:\/\/www.correiobraziliense.com.br\/cbradar\/#\/schema\/person\/0b5992d675b1f63c387b16a19dffbda7","name":"Patryck Rubim","image":{"@type":"ImageObject","inLanguage":"pt-BR","@id":"https:\/\/www.correiobraziliense.com.br\/cbradar\/#\/schema\/person\/image\/","url":"https:\/\/secure.gravatar.com\/avatar\/570c7fb2898c0e2df0823196891bea88?s=96&d=mm&r=g","contentUrl":"https:\/\/secure.gravatar.com\/avatar\/570c7fb2898c0e2df0823196891bea88?s=96&d=mm&r=g","caption":"Patryck Rubim"},"sameAs":["https:\/\/www.correiobraziliense.com.br\/cbradar"],"url":"https:\/\/www.correiobraziliense.com.br\/cbradar\/author\/patryckmyth\/"}]}},"_links":{"self":[{"href":"https:\/\/www.correiobraziliense.com.br\/cbradar\/wp-json\/wp\/v2\/posts\/87073","targetHints":{"allow":["GET"]}}],"collection":[{"href":"https:\/\/www.correiobraziliense.com.br\/cbradar\/wp-json\/wp\/v2\/posts"}],"about":[{"href":"https:\/\/www.correiobraziliense.com.br\/cbradar\/wp-json\/wp\/v2\/types\/post"}],"author":[{"embeddable":true,"href":"https:\/\/www.correiobraziliense.com.br\/cbradar\/wp-json\/wp\/v2\/users\/10"}],"replies":[{"embeddable":true,"href":"https:\/\/www.correiobraziliense.com.br\/cbradar\/wp-json\/wp\/v2\/comments?post=87073"}],"version-history":[{"count":3,"href":"https:\/\/www.correiobraziliense.com.br\/cbradar\/wp-json\/wp\/v2\/posts\/87073\/revisions"}],"predecessor-version":[{"id":87095,"href":"https:\/\/www.correiobraziliense.com.br\/cbradar\/wp-json\/wp\/v2\/posts\/87073\/revisions\/87095"}],"wp:featuredmedia":[{"embeddable":true,"href":"https:\/\/www.correiobraziliense.com.br\/cbradar\/wp-json\/wp\/v2\/media\/87092"}],"wp:attachment":[{"href":"https:\/\/www.correiobraziliense.com.br\/cbradar\/wp-json\/wp\/v2\/media?parent=87073"}],"wp:term":[{"taxonomy":"category","embeddable":true,"href":"https:\/\/www.correiobraziliense.com.br\/cbradar\/wp-json\/wp\/v2\/categories?post=87073"},{"taxonomy":"post_tag","embeddable":true,"href":"https:\/\/www.correiobraziliense.com.br\/cbradar\/wp-json\/wp\/v2\/post_tag?post=87073"}],"curies":[{"name":"wp","href":"https:\/\/api.w.org\/{rel}","templated":true}]}}