{"id":87122,"date":"2025-08-18T13:23:00","date_gmt":"2025-08-18T16:23:00","guid":{"rendered":"https:\/\/www.correiobraziliense.com.br\/cbradar\/?p=87122"},"modified":"2025-08-15T14:23:43","modified_gmt":"2025-08-15T17:23:43","slug":"planta-poderosa-que-combate-inflamacao-e-ajuda-a-controlar-glicose","status":"publish","type":"post","link":"https:\/\/www.correiobraziliense.com.br\/cbradar\/planta-poderosa-que-combate-inflamacao-e-ajuda-a-controlar-glicose\/","title":{"rendered":"Planta poderosa que combate inflama\u00e7\u00e3o e ajuda a controlar glicose"},"content":{"rendered":"\n<p>A <strong>Urtiga<\/strong>, cientificamente conhecida como\u00a0<em>Urtica dioica<\/em>, \u00e9 uma planta com grande tradi\u00e7\u00e3o na medicina popular. Frequentemente encontrada em regi\u00f5es de clima temperado, esta planta \u00e9 famosa tanto por seu potencial terap\u00eautico quanto pela irrita\u00e7\u00e3o cut\u00e2nea que pode provocar ao contato. A urtiga \u00e9 rica em nutrientes como vitaminas e minerais, al\u00e9m de compostos que proporcionam diversos <a href=\"https:\/\/www.correiobraziliense.com.br\/cbradar\/qual-o-horario-ideal-para-o-cafe-da-manha-guia-para-mais-energia-e-saude\/\" target=\"_blank\" rel=\"noreferrer noopener\">benef\u00edcios <\/a>para a sa\u00fade.<\/p>\n\n\n\n<p>Essa planta \u00e9 amplamente estudada por suas propriedades anti-inflamat\u00f3rias e analg\u00e9sicas. Os compostos bioativos presentes na Urtiga, como os flavonoides e \u00e1cidos fen\u00f3licos, desempenham um papel crucial na redu\u00e7\u00e3o da inflama\u00e7\u00e3o, impedindo a produ\u00e7\u00e3o de subst\u00e2ncias inflamat\u00f3rias no corpo. Essa caracter\u00edstica torna a Urtiga uma aliada no tratamento de condi\u00e7\u00f5es como artrite e reumatismo, favorecendo a redu\u00e7\u00e3o da dor e do incha\u00e7o.<\/p>\n\n\n\n<h2 class=\"wp-block-heading\">Como a Urtiga atua como diur\u00e9tico natural?<\/h2>\n\n\n<div class=\"wp-block-image\">\n<figure class=\"aligncenter size-large\"><img decoding=\"async\" width=\"1024\" height=\"576\" src=\"https:\/\/www.correiobraziliense.com.br\/cbradar\/wp-content\/uploads\/2025\/08\/Urtiga_1755278555764-1024x576.jpg\" alt=\"\" class=\"wp-image-87124\" srcset=\"https:\/\/www.correiobraziliense.com.br\/cbradar\/wp-content\/uploads\/2025\/08\/Urtiga_1755278555764-1024x576.jpg 1024w, https:\/\/www.correiobraziliense.com.br\/cbradar\/wp-content\/uploads\/2025\/08\/Urtiga_1755278555764-300x169.jpg 300w, https:\/\/www.correiobraziliense.com.br\/cbradar\/wp-content\/uploads\/2025\/08\/Urtiga_1755278555764-768x432.jpg 768w, https:\/\/www.correiobraziliense.com.br\/cbradar\/wp-content\/uploads\/2025\/08\/Urtiga_1755278555764-750x422.jpg 750w, https:\/\/www.correiobraziliense.com.br\/cbradar\/wp-content\/uploads\/2025\/08\/Urtiga_1755278555764-1140x641.jpg 1140w, https:\/\/www.correiobraziliense.com.br\/cbradar\/wp-content\/uploads\/2025\/08\/Urtiga_1755278555764.jpg 1280w\" sizes=\"(max-width: 1024px) 100vw, 1024px\" \/><figcaption class=\"wp-element-caption\">Urtiga &#8211; Cr\u00e9ditos: depositphotos.com \/ AntonMatyukha<\/figcaption><\/figure><\/div>\n\n\n<p>Um dos efeitos mais not\u00e1veis da Urtiga \u00e9 sua a\u00e7\u00e3o diur\u00e9tica, que facilita a elimina\u00e7\u00e3o de l\u00edquidos e toxinas do organismo. Esse efeito \u00e9 principalmente atribu\u00eddo \u00e0 presen\u00e7a de pot\u00e1ssio e flavonoides, que estimulam a produ\u00e7\u00e3o de urina sem causar a perda de eletr\u00f3litos essenciais. Para pessoas com reten\u00e7\u00e3o de l\u00edquidos, hipertens\u00e3o leve ou problemas renais moderados, a Urtiga pode ser uma op\u00e7\u00e3o eficaz e segura.<\/p>\n\n\n\n<h2 class=\"wp-block-heading\">Quais s\u00e3o os benef\u00edcios da Urtiga para a sa\u00fade da pr\u00f3stata e o controle de glicose?<\/h2>\n\n\n\n<p>A Urtiga tem mostrado potencial no manejo da <a href=\"https:\/\/www.gov.br\/saude\/pt-br\" target=\"_blank\" rel=\"noreferrer noopener\">sa\u00fade <\/a>da pr\u00f3stata, especialmente na condi\u00e7\u00e3o conhecida como hiperplasia prost\u00e1tica benigna (HPB), que afeta homens acima de 50 anos. Os compostos encontrados na raiz de Urtiga podem ajudar a inibir o crescimento das c\u00e9lulas prost\u00e1ticas, aliviando assim os sintomas dessa condi\u00e7\u00e3o. Al\u00e9m disso, pesquisas indicam que a Urtiga pode contribuir para o controle dos n\u00edveis de a\u00e7\u00facar no sangue, sendo especialmente \u00fatil para pessoas com diabetes tipo 2, pois pode melhorar a sensibilidade \u00e0 insulina.<\/p>\n\n\n\n<h2 class=\"wp-block-heading\">Quais s\u00e3o as formas de consumo da Urtiga?<\/h2>\n\n\n\n<p>Para evitar a a\u00e7\u00e3o urticante, \u00e9 importante preparar a Urtiga de maneira adequada antes do consumo. As folhas frescas podem ser cozidas, o que elimina suas propriedades irritantes, permitindo seu uso em saladas ou como acompanhamento de refei\u00e7\u00f5es. J\u00e1 as folhas secas s\u00e3o frequentemente utilizadas para preparar ch\u00e1, uma maneira popular e eficaz de se beneficiar das propriedades dessa planta.<\/p>\n\n\n\n<p>Em resumo, a Urtiga, com seu perfil rico em nutrientes e compostos ativos, permanece como um valioso recurso natural para a promo\u00e7\u00e3o da sa\u00fade. Suas propriedades anti-inflamat\u00f3rias, diur\u00e9ticas e ben\u00e9ficas para a pr\u00f3stata e o controle glic\u00eamico fazem dela uma planta vers\u00e1til e amplamente utilizada na medicina alternativa. O conhecimento e o uso adequado da Urtiga podem resultar em significativos benef\u00edcios \u00e0 sa\u00fade, destacando-a como uma fonte de cura a ser redescoberta na era moderna.<\/p>\n\n\n<a href=\"https:\/\/www.instagram.com\/dra.annaluisabf\/\" target=\"_blank\" rel=\"noopener\" style=\"text-decoration: none; color: inherit;\">\n    <span style=\"display: inline-block; border: 1px solid #ccc; border-radius: 10px; padding: 15px; max-width: 550px; font-family: sans-serif; box-shadow: 0 2px 5px rgba(0,0,0,0.1); width: 100%;\">\n\n      <!-- T\u00edtulo -->\n      <span style=\"display: block; margin: 0 0 15px 0; font-weight: bold; color: #2c3e50; text-align: center;\">\n        Entre em contato:\n      <\/span>\n\n      <!-- Linha do perfil -->\n      <span style=\"display: flex; align-items: center; gap: 15px;\">\n        <img decoding=\"async\"\n          src=\"https:\/\/www.correiobraziliense.com.br\/cbradar\/wp-content\/uploads\/2025\/08\/dra_anna_luisa.jpeg\"\n          alt=\"Foto da Dra. Anna Lu\u00edsa\"\n          style=\"border-radius: 50%; width: 80px; height: 80px; object-fit: cover;\"\n        \/>\n        <span style=\"display: flex; flex-direction: column;\">\n          <span style=\"font-size: 18px; font-weight: 700; color: #2c3e50;\">Dra. Anna Lu\u00edsa Barbosa Fernandes<\/span>\n          <span style=\"color: #555;\">CRM-GO 33.271<\/span>\n        <\/span>\n      <\/span>\n\n      <!-- Redes -->\n      <span style=\"display: flex; align-items: center; gap: 10px; margin-top: 12px;\">\n        <img decoding=\"async\" src=\"https:\/\/cdn-icons-png.flaticon.com\/24\/1384\/1384063.png\" alt=\"Instagram\" width=\"24\" height=\"24\" \/>\n        <span style=\"text-decoration: underline; color: #2c3e50;\">@dra.annaluisabf<\/span>\n      <\/span>\n\n    <\/span>\n  <\/a>","protected":false},"excerpt":{"rendered":"<p>A Urtiga, cientificamente conhecida como\u00a0Urtica dioica, \u00e9 uma planta com grande tradi\u00e7\u00e3o na medicina popular. Frequentemente encontrada em regi\u00f5es de clima temperado, esta planta \u00e9 famosa tanto por seu potencial terap\u00eautico quanto pela irrita\u00e7\u00e3o cut\u00e2nea que pode provocar ao contato. A urtiga \u00e9 rica em nutrientes como vitaminas e minerais, al\u00e9m de compostos que proporcionam [&hellip;]<\/p>\n","protected":false},"author":14,"featured_media":87123,"comment_status":"open","ping_status":"open","sticky":false,"template":"","format":"standard","meta":{"_yoast_wpseo_focuskw":"Urtiga","_yoast_wpseo_title":"","_yoast_wpseo_metadesc":"Conhe\u00e7a os benef\u00edcios da urtiga para inflama\u00e7\u00e3o, pr\u00f3stata e controle da glicose, e saiba como consumir de forma segura.","jnews-multi-image_gallery":[],"jnews_single_post":{"format":"standard"},"jnews_primary_category":[],"jnews_social_meta":[],"jnews_override_counter":[],"footnotes":""},"categories":[4404],"tags":[281,120,1318],"class_list":["post-87122","post","type-post","status-publish","format-standard","has-post-thumbnail","hentry","category-saude","tag-alimentacao","tag-bem-estar","tag-saude-2"],"yoast_head":"<!-- This site is optimized with the Yoast SEO plugin v24.6 - https:\/\/yoast.com\/wordpress\/plugins\/seo\/ -->\n<title>Planta poderosa que combate inflama\u00e7\u00e3o e ajuda a controlar glicose - Correio Braziliense - Radar<\/title>\n<meta name=\"description\" content=\"Conhe\u00e7a os benef\u00edcios da urtiga para inflama\u00e7\u00e3o, pr\u00f3stata e controle da glicose, e saiba como consumir de forma segura.\" \/>\n<meta name=\"robots\" content=\"index, follow, max-snippet:-1, max-image-preview:large, max-video-preview:-1\" \/>\n<link rel=\"canonical\" href=\"https:\/\/www.correiobraziliense.com.br\/cbradar\/planta-poderosa-que-combate-inflamacao-e-ajuda-a-controlar-glicose\/\" \/>\n<meta property=\"og:locale\" content=\"pt_BR\" \/>\n<meta property=\"og:type\" content=\"article\" \/>\n<meta property=\"og:title\" content=\"Planta poderosa que combate inflama\u00e7\u00e3o e ajuda a controlar glicose - Correio Braziliense - Radar\" \/>\n<meta property=\"og:description\" content=\"Conhe\u00e7a os benef\u00edcios da urtiga para inflama\u00e7\u00e3o, pr\u00f3stata e controle da glicose, e saiba como consumir de forma segura.\" \/>\n<meta property=\"og:url\" content=\"https:\/\/www.correiobraziliense.com.br\/cbradar\/planta-poderosa-que-combate-inflamacao-e-ajuda-a-controlar-glicose\/\" \/>\n<meta property=\"og:site_name\" content=\"Correio Braziliense - Radar\" \/>\n<meta property=\"article:published_time\" content=\"2025-08-18T16:23:00+00:00\" \/>\n<meta property=\"og:image\" content=\"https:\/\/www.correiobraziliense.com.br\/cbradar\/wp-content\/uploads\/2025\/08\/Urtiga_1755278524565.jpg\" \/>\n\t<meta property=\"og:image:width\" content=\"1280\" \/>\n\t<meta property=\"og:image:height\" content=\"720\" \/>\n\t<meta property=\"og:image:type\" content=\"image\/jpeg\" \/>\n<meta name=\"author\" content=\"guilherme_saude\" \/>\n<meta name=\"twitter:card\" content=\"summary_large_image\" \/>\n<meta name=\"twitter:label1\" content=\"Escrito por\" \/>\n\t<meta name=\"twitter:data1\" content=\"guilherme_saude\" \/>\n\t<meta name=\"twitter:label2\" content=\"Est. tempo de leitura\" \/>\n\t<meta name=\"twitter:data2\" content=\"4 minutos\" \/>\n<!-- \/ Yoast SEO plugin. -->","yoast_head_json":{"title":"Planta poderosa que combate inflama\u00e7\u00e3o e ajuda a controlar glicose - Correio Braziliense - Radar","description":"Conhe\u00e7a os benef\u00edcios da urtiga para inflama\u00e7\u00e3o, pr\u00f3stata e controle da glicose, e saiba como consumir de forma segura.","robots":{"index":"index","follow":"follow","max-snippet":"max-snippet:-1","max-image-preview":"max-image-preview:large","max-video-preview":"max-video-preview:-1"},"canonical":"https:\/\/www.correiobraziliense.com.br\/cbradar\/planta-poderosa-que-combate-inflamacao-e-ajuda-a-controlar-glicose\/","og_locale":"pt_BR","og_type":"article","og_title":"Planta poderosa que combate inflama\u00e7\u00e3o e ajuda a controlar glicose - Correio Braziliense - Radar","og_description":"Conhe\u00e7a os benef\u00edcios da urtiga para inflama\u00e7\u00e3o, pr\u00f3stata e controle da glicose, e saiba como consumir de forma segura.","og_url":"https:\/\/www.correiobraziliense.com.br\/cbradar\/planta-poderosa-que-combate-inflamacao-e-ajuda-a-controlar-glicose\/","og_site_name":"Correio Braziliense - Radar","article_published_time":"2025-08-18T16:23:00+00:00","og_image":[{"width":1280,"height":720,"url":"https:\/\/www.correiobraziliense.com.br\/cbradar\/wp-content\/uploads\/2025\/08\/Urtiga_1755278524565.jpg","type":"image\/jpeg"}],"author":"guilherme_saude","twitter_card":"summary_large_image","twitter_misc":{"Escrito por":"guilherme_saude","Est. tempo de leitura":"4 minutos"},"schema":{"@context":"https:\/\/schema.org","@graph":[{"@type":"WebPage","@id":"https:\/\/www.correiobraziliense.com.br\/cbradar\/planta-poderosa-que-combate-inflamacao-e-ajuda-a-controlar-glicose\/","url":"https:\/\/www.correiobraziliense.com.br\/cbradar\/planta-poderosa-que-combate-inflamacao-e-ajuda-a-controlar-glicose\/","name":"Planta poderosa que combate inflama\u00e7\u00e3o e ajuda a controlar glicose - Correio Braziliense - Radar","isPartOf":{"@id":"https:\/\/www.correiobraziliense.com.br\/cbradar\/#website"},"primaryImageOfPage":{"@id":"https:\/\/www.correiobraziliense.com.br\/cbradar\/planta-poderosa-que-combate-inflamacao-e-ajuda-a-controlar-glicose\/#primaryimage"},"image":{"@id":"https:\/\/www.correiobraziliense.com.br\/cbradar\/planta-poderosa-que-combate-inflamacao-e-ajuda-a-controlar-glicose\/#primaryimage"},"thumbnailUrl":"https:\/\/www.correiobraziliense.com.br\/cbradar\/wp-content\/uploads\/2025\/08\/Urtiga_1755278524565.jpg","datePublished":"2025-08-18T16:23:00+00:00","author":{"@id":"https:\/\/www.correiobraziliense.com.br\/cbradar\/#\/schema\/person\/5aa4bf3c8fa699c267933611de12978b"},"description":"Conhe\u00e7a os benef\u00edcios da urtiga para inflama\u00e7\u00e3o, pr\u00f3stata e controle da glicose, e saiba como consumir de forma segura.","breadcrumb":{"@id":"https:\/\/www.correiobraziliense.com.br\/cbradar\/planta-poderosa-que-combate-inflamacao-e-ajuda-a-controlar-glicose\/#breadcrumb"},"inLanguage":"pt-BR","potentialAction":[{"@type":"ReadAction","target":["https:\/\/www.correiobraziliense.com.br\/cbradar\/planta-poderosa-que-combate-inflamacao-e-ajuda-a-controlar-glicose\/"]}]},{"@type":"ImageObject","inLanguage":"pt-BR","@id":"https:\/\/www.correiobraziliense.com.br\/cbradar\/planta-poderosa-que-combate-inflamacao-e-ajuda-a-controlar-glicose\/#primaryimage","url":"https:\/\/www.correiobraziliense.com.br\/cbradar\/wp-content\/uploads\/2025\/08\/Urtiga_1755278524565.jpg","contentUrl":"https:\/\/www.correiobraziliense.com.br\/cbradar\/wp-content\/uploads\/2025\/08\/Urtiga_1755278524565.jpg","width":1280,"height":720,"caption":"Urtiga - Cr\u00e9ditos: depositphotos.com \/ KostyaKlimenko"},{"@type":"BreadcrumbList","@id":"https:\/\/www.correiobraziliense.com.br\/cbradar\/planta-poderosa-que-combate-inflamacao-e-ajuda-a-controlar-glicose\/#breadcrumb","itemListElement":[{"@type":"ListItem","position":1,"name":"In\u00edcio","item":"https:\/\/www.correiobraziliense.com.br\/cbradar\/"},{"@type":"ListItem","position":2,"name":"Planta poderosa que combate inflama\u00e7\u00e3o e ajuda a controlar glicose"}]},{"@type":"WebSite","@id":"https:\/\/www.correiobraziliense.com.br\/cbradar\/#website","url":"https:\/\/www.correiobraziliense.com.br\/cbradar\/","name":"Correio Braziliense - Radar","description":"Acompanhe as \u00faltimas not\u00edcias e fique bem informado sobre tudo o que acontece no Brasil e no mundo.","potentialAction":[{"@type":"SearchAction","target":{"@type":"EntryPoint","urlTemplate":"https:\/\/www.correiobraziliense.com.br\/cbradar\/?s={search_term_string}"},"query-input":{"@type":"PropertyValueSpecification","valueRequired":true,"valueName":"search_term_string"}}],"inLanguage":"pt-BR"},{"@type":"Person","@id":"https:\/\/www.correiobraziliense.com.br\/cbradar\/#\/schema\/person\/5aa4bf3c8fa699c267933611de12978b","name":"guilherme_saude","image":{"@type":"ImageObject","inLanguage":"pt-BR","@id":"https:\/\/www.correiobraziliense.com.br\/cbradar\/#\/schema\/person\/image\/","url":"https:\/\/secure.gravatar.com\/avatar\/df9adfb835d344bc0af109d41756253f?s=96&d=mm&r=g","contentUrl":"https:\/\/secure.gravatar.com\/avatar\/df9adfb835d344bc0af109d41756253f?s=96&d=mm&r=g","caption":"guilherme_saude"},"url":"https:\/\/www.correiobraziliense.com.br\/cbradar\/author\/guilherme_saude\/"}]}},"_links":{"self":[{"href":"https:\/\/www.correiobraziliense.com.br\/cbradar\/wp-json\/wp\/v2\/posts\/87122","targetHints":{"allow":["GET"]}}],"collection":[{"href":"https:\/\/www.correiobraziliense.com.br\/cbradar\/wp-json\/wp\/v2\/posts"}],"about":[{"href":"https:\/\/www.correiobraziliense.com.br\/cbradar\/wp-json\/wp\/v2\/types\/post"}],"author":[{"embeddable":true,"href":"https:\/\/www.correiobraziliense.com.br\/cbradar\/wp-json\/wp\/v2\/users\/14"}],"replies":[{"embeddable":true,"href":"https:\/\/www.correiobraziliense.com.br\/cbradar\/wp-json\/wp\/v2\/comments?post=87122"}],"version-history":[{"count":1,"href":"https:\/\/www.correiobraziliense.com.br\/cbradar\/wp-json\/wp\/v2\/posts\/87122\/revisions"}],"predecessor-version":[{"id":87126,"href":"https:\/\/www.correiobraziliense.com.br\/cbradar\/wp-json\/wp\/v2\/posts\/87122\/revisions\/87126"}],"wp:featuredmedia":[{"embeddable":true,"href":"https:\/\/www.correiobraziliense.com.br\/cbradar\/wp-json\/wp\/v2\/media\/87123"}],"wp:attachment":[{"href":"https:\/\/www.correiobraziliense.com.br\/cbradar\/wp-json\/wp\/v2\/media?parent=87122"}],"wp:term":[{"taxonomy":"category","embeddable":true,"href":"https:\/\/www.correiobraziliense.com.br\/cbradar\/wp-json\/wp\/v2\/categories?post=87122"},{"taxonomy":"post_tag","embeddable":true,"href":"https:\/\/www.correiobraziliense.com.br\/cbradar\/wp-json\/wp\/v2\/tags?post=87122"}],"curies":[{"name":"wp","href":"https:\/\/api.w.org\/{rel}","templated":true}]}}