{"id":8766,"date":"2025-03-05T09:50:00","date_gmt":"2025-03-05T12:50:00","guid":{"rendered":"https:\/\/www.correiobraziliense.com.br\/cbradar\/?p=8766"},"modified":"2025-06-29T19:18:50","modified_gmt":"2025-06-29T22:18:50","slug":"que-horas-ainda-estou-aqui-chega-aos-streamings","status":"publish","type":"post","link":"https:\/\/www.correiobraziliense.com.br\/cbradar\/que-horas-ainda-estou-aqui-chega-aos-streamings\/","title":{"rendered":"Que horas &#8216;Ainda Estou Aqui&#8217; chega aos streamings?"},"content":{"rendered":"\n<p>O <strong>Brasil<\/strong> ganhou seu primeiro <a href=\"https:\/\/www.oscars.org\/node\/1\" target=\"_blank\" rel=\"noreferrer noopener\"><strong>Oscar<\/strong> <\/a>e foi lindo de ver. <strong>Ainda Estou Aqui<\/strong>, dirigido por <strong>Walter Salles<\/strong>, levou o pr\u00eamio de <strong>Melhor Filme Internacional<\/strong>. Todo mundo ficou emocionado vendo <strong>Fernanda Torres<\/strong> brilhar na tela. A hist\u00f3ria \u00e9 baseada no livro de <strong>Marcelo Rubens Paiva<\/strong> e mexe com o cora\u00e7\u00e3o.<\/p>\n\n\n\n<p>O filme conta a hist\u00f3ria real de <strong>Eunice Paiva<\/strong>. Ela luta para encontrar o marido <strong>Rubens<\/strong>, interpretado por <strong>Selton Mello<\/strong>, que desapareceu durante a ditadura militar. \u00c9 uma hist\u00f3ria pesada, mas contada com muito carinho. O elenco tamb\u00e9m tem <strong>Fernanda Montenegro<\/strong> e outros atores incr\u00edveis.<\/p>\n\n\n\n<h2 class=\"wp-block-heading\">Quando poderemos assistir em casa?<\/h2>\n\n\n\n<p>A boa not\u00edcia \u00e9 que n\u00e3o vamos precisar esperar muito. O <a href=\"https:\/\/www.correiobraziliense.com.br\/cbradar\/se-voce-pretende-ir-a-disney-precisa-ver-isso\/\" target=\"_blank\" rel=\"noreferrer noopener\">filme<\/a> fica nos cinemas at\u00e9 <strong>2 de abril de 2025<\/strong>. Logo depois, no dia <strong>6 de abril<\/strong>, ele chega ao <strong>Globoplay<\/strong>. Vai estar dispon\u00edvel para todos os assinantes sem custo extra.<\/p>\n\n\n\n<p>\u00c9 uma chance para quem ainda n\u00e3o viu conhecer essa obra-prima. Ou para quem j\u00e1 assistiu e quer ver de novo com calma em casa. A expectativa \u00e9 grande porque todo mundo est\u00e1 falando sobre o filme desde que ganhou o <strong>Oscar<\/strong>.<\/p>\n\n\n\n<h2 class=\"wp-block-heading\">Por que essa vit\u00f3ria \u00e9 t\u00e3o especial?<\/h2>\n\n\n\n<figure class=\"wp-block-embed aligncenter is-type-video is-provider-youtube wp-block-embed-youtube wp-embed-aspect-16-9 wp-has-aspect-ratio\"><div class=\"wp-block-embed__wrapper\">\n<div class=\"jeg_video_container jeg_video_content\"><iframe loading=\"lazy\" title=\"Ainda Estou Aqui | Trailer Oficial | 7 de novembro nos cinemas\" width=\"500\" height=\"281\" src=\"https:\/\/www.youtube.com\/embed\/_NzqP0jmk3o?start=12&#038;feature=oembed\" frameborder=\"0\" allow=\"accelerometer; autoplay; clipboard-write; encrypted-media; gyroscope; picture-in-picture; web-share\" referrerpolicy=\"strict-origin-when-cross-origin\" allowfullscreen><\/iframe><\/div>\n<\/div><\/figure>\n\n\n\n<p><strong>Ainda Estou Aqui<\/strong> prova que o cinema brasileiro tem qualidade internacional. <strong>Walter Salles<\/strong> j\u00e1 era reconhecido l\u00e1 fora, mas agora o <strong>Brasil<\/strong> inteiro est\u00e1 no mapa do cinema mundial. A hist\u00f3ria mostra que nossos problemas s\u00e3o universais.<\/p>\n\n\n\n<p>O filme fala sobre ditadura, mas tamb\u00e9m sobre amor e resist\u00eancia. S\u00e3o temas que todo mundo entende, n\u00e3o importa o pa\u00eds. Por isso conquistou a <strong>Academia de Hollywood<\/strong>. \u00c9 um orgulho ver nosso cinema sendo respeitado dessa forma.<\/p>\n\n\n\n<h2 class=\"wp-block-heading\">O que vem por a\u00ed para o cinema nacional?<\/h2>\n\n\n\n<p>O sucesso de <strong>Ainda Estou Aqui<\/strong> abre portas para outros filmes brasileiros. A <strong>Globo Filmes<\/strong> e outras produtoras est\u00e3o animadas com o resultado. J\u00e1 tem v\u00e1rios projetos novos sendo planejados. O momento \u00e9 perfeito para apostar em hist\u00f3rias nacionais.<\/p>\n\n\n\n<p>O <strong>Globoplay<\/strong> tamb\u00e9m est\u00e1 investindo mais em conte\u00fado nacional. A plataforma quer ser a casa do cinema brasileiro. Com pr\u00eamios internacionais como esse, fica mais f\u00e1cil conseguir investimentos e apoio. O futuro do nosso cinema nunca esteve t\u00e3o promissor.<\/p>\n","protected":false},"excerpt":{"rendered":"<p>O Brasil ganhou seu primeiro Oscar e foi lindo de ver. Ainda Estou Aqui, dirigido por Walter Salles, levou o pr\u00eamio de Melhor Filme Internacional. Todo mundo ficou emocionado vendo Fernanda Torres brilhar na tela. A hist\u00f3ria \u00e9 baseada no livro de Marcelo Rubens Paiva e mexe com o cora\u00e7\u00e3o. O filme conta a hist\u00f3ria [&hellip;]<\/p>\n","protected":false},"author":8,"featured_media":3294,"comment_status":"open","ping_status":"open","sticky":false,"template":"","format":"standard","meta":{"jnews-multi-image_gallery":[],"jnews_single_post":{"format":"standard"},"jnews_primary_category":[],"jnews_social_meta":[],"jnews_override_counter":[],"footnotes":""},"categories":[140,169,115],"post_tag":[753,568],"class_list":["post-8766","post","type-post","status-publish","format-standard","has-post-thumbnail","hentry","category-entretenimento","category-noticias","category-tecnologia","tag-ainda-estou-aqui","tag-series-e-filmes"],"yoast_head":"<!-- This site is optimized with the Yoast SEO plugin v24.6 - https:\/\/yoast.com\/wordpress\/plugins\/seo\/ -->\n<title>Que horas &#039;Ainda Estou Aqui&#039; chega aos streamings? - Correio Braziliense - Radar<\/title>\n<meta name=\"description\" content=\"Saiba exatamente quando &quot;Ainda Estou Aqui&quot; chega aos streamings e prepare-se para assistir a essa produ\u00e7\u00e3o aguardada por todos!\" \/>\n<meta name=\"robots\" content=\"index, follow, max-snippet:-1, max-image-preview:large, max-video-preview:-1\" \/>\n<link rel=\"canonical\" href=\"https:\/\/www.correiobraziliense.com.br\/cbradar\/que-horas-ainda-estou-aqui-chega-aos-streamings\/\" \/>\n<meta property=\"og:locale\" content=\"pt_BR\" \/>\n<meta property=\"og:type\" content=\"article\" \/>\n<meta property=\"og:title\" content=\"Que horas &#039;Ainda Estou Aqui&#039; chega aos streamings? - Correio Braziliense - Radar\" \/>\n<meta property=\"og:description\" content=\"Saiba exatamente quando &quot;Ainda Estou Aqui&quot; chega aos streamings e prepare-se para assistir a essa produ\u00e7\u00e3o aguardada por todos!\" \/>\n<meta property=\"og:url\" content=\"https:\/\/www.correiobraziliense.com.br\/cbradar\/que-horas-ainda-estou-aqui-chega-aos-streamings\/\" \/>\n<meta property=\"og:site_name\" content=\"Correio Braziliense - Radar\" \/>\n<meta property=\"article:published_time\" content=\"2025-03-05T12:50:00+00:00\" \/>\n<meta property=\"article:modified_time\" content=\"2025-06-29T22:18:50+00:00\" \/>\n<meta property=\"og:image\" content=\"https:\/\/www.correiobraziliense.com.br\/cbradar\/wp-content\/uploads\/2025\/02\/ainda-estou-aqui-fernanda-torres-750x375-1.jpg\" \/>\n\t<meta property=\"og:image:width\" content=\"750\" \/>\n\t<meta property=\"og:image:height\" content=\"375\" \/>\n\t<meta property=\"og:image:type\" content=\"image\/jpeg\" \/>\n<meta name=\"author\" content=\"Maura Pereira\" \/>\n<meta name=\"twitter:card\" content=\"summary_large_image\" \/>\n<meta name=\"twitter:label1\" content=\"Escrito por\" \/>\n\t<meta name=\"twitter:data1\" content=\"Maura Pereira\" \/>\n\t<meta name=\"twitter:label2\" content=\"Est. tempo de leitura\" \/>\n\t<meta name=\"twitter:data2\" content=\"3 minutos\" \/>\n<!-- \/ Yoast SEO plugin. -->","yoast_head_json":{"title":"Que horas 'Ainda Estou Aqui' chega aos streamings? - Correio Braziliense - Radar","description":"Saiba exatamente quando \"Ainda Estou Aqui\" chega aos streamings e prepare-se para assistir a essa produ\u00e7\u00e3o aguardada por todos!","robots":{"index":"index","follow":"follow","max-snippet":"max-snippet:-1","max-image-preview":"max-image-preview:large","max-video-preview":"max-video-preview:-1"},"canonical":"https:\/\/www.correiobraziliense.com.br\/cbradar\/que-horas-ainda-estou-aqui-chega-aos-streamings\/","og_locale":"pt_BR","og_type":"article","og_title":"Que horas 'Ainda Estou Aqui' chega aos streamings? - Correio Braziliense - Radar","og_description":"Saiba exatamente quando \"Ainda Estou Aqui\" chega aos streamings e prepare-se para assistir a essa produ\u00e7\u00e3o aguardada por todos!","og_url":"https:\/\/www.correiobraziliense.com.br\/cbradar\/que-horas-ainda-estou-aqui-chega-aos-streamings\/","og_site_name":"Correio Braziliense - Radar","article_published_time":"2025-03-05T12:50:00+00:00","article_modified_time":"2025-06-29T22:18:50+00:00","og_image":[{"width":750,"height":375,"url":"https:\/\/www.correiobraziliense.com.br\/cbradar\/wp-content\/uploads\/2025\/02\/ainda-estou-aqui-fernanda-torres-750x375-1.jpg","type":"image\/jpeg"}],"author":"Maura Pereira","twitter_card":"summary_large_image","twitter_misc":{"Escrito por":"Maura Pereira","Est. tempo de leitura":"3 minutos"},"schema":{"@context":"https:\/\/schema.org","@graph":[{"@type":"WebPage","@id":"https:\/\/www.correiobraziliense.com.br\/cbradar\/que-horas-ainda-estou-aqui-chega-aos-streamings\/","url":"https:\/\/www.correiobraziliense.com.br\/cbradar\/que-horas-ainda-estou-aqui-chega-aos-streamings\/","name":"Que horas 'Ainda Estou Aqui' chega aos streamings? - Correio Braziliense - Radar","isPartOf":{"@id":"https:\/\/www.correiobraziliense.com.br\/cbradar\/#website"},"primaryImageOfPage":{"@id":"https:\/\/www.correiobraziliense.com.br\/cbradar\/que-horas-ainda-estou-aqui-chega-aos-streamings\/#primaryimage"},"image":{"@id":"https:\/\/www.correiobraziliense.com.br\/cbradar\/que-horas-ainda-estou-aqui-chega-aos-streamings\/#primaryimage"},"thumbnailUrl":"https:\/\/www.correiobraziliense.com.br\/cbradar\/wp-content\/uploads\/2025\/02\/ainda-estou-aqui-fernanda-torres-750x375-1.jpg","datePublished":"2025-03-05T12:50:00+00:00","dateModified":"2025-06-29T22:18:50+00:00","author":{"@id":"https:\/\/www.correiobraziliense.com.br\/cbradar\/#\/schema\/person\/4053c651a9bfc785afc6f4cbc9032fd3"},"description":"Saiba exatamente quando \"Ainda Estou Aqui\" chega aos streamings e prepare-se para assistir a essa produ\u00e7\u00e3o aguardada por todos!","breadcrumb":{"@id":"https:\/\/www.correiobraziliense.com.br\/cbradar\/que-horas-ainda-estou-aqui-chega-aos-streamings\/#breadcrumb"},"inLanguage":"pt-BR","potentialAction":[{"@type":"ReadAction","target":["https:\/\/www.correiobraziliense.com.br\/cbradar\/que-horas-ainda-estou-aqui-chega-aos-streamings\/"]}]},{"@type":"ImageObject","inLanguage":"pt-BR","@id":"https:\/\/www.correiobraziliense.com.br\/cbradar\/que-horas-ainda-estou-aqui-chega-aos-streamings\/#primaryimage","url":"https:\/\/www.correiobraziliense.com.br\/cbradar\/wp-content\/uploads\/2025\/02\/ainda-estou-aqui-fernanda-torres-750x375-1.jpg","contentUrl":"https:\/\/www.correiobraziliense.com.br\/cbradar\/wp-content\/uploads\/2025\/02\/ainda-estou-aqui-fernanda-torres-750x375-1.jpg","width":750,"height":375,"caption":"Fernanda Torres \/\/ Reprodu\u00e7\u00e3o: Instagram @oficialfernandatorres"},{"@type":"BreadcrumbList","@id":"https:\/\/www.correiobraziliense.com.br\/cbradar\/que-horas-ainda-estou-aqui-chega-aos-streamings\/#breadcrumb","itemListElement":[{"@type":"ListItem","position":1,"name":"In\u00edcio","item":"https:\/\/www.correiobraziliense.com.br\/cbradar\/"},{"@type":"ListItem","position":2,"name":"Que horas &#8216;Ainda Estou Aqui&#8217; chega aos streamings?"}]},{"@type":"WebSite","@id":"https:\/\/www.correiobraziliense.com.br\/cbradar\/#website","url":"https:\/\/www.correiobraziliense.com.br\/cbradar\/","name":"Correio Braziliense - Radar","description":"Acompanhe as \u00faltimas not\u00edcias e fique bem informado sobre tudo o que acontece no Brasil e no mundo.","potentialAction":[{"@type":"SearchAction","target":{"@type":"EntryPoint","urlTemplate":"https:\/\/www.correiobraziliense.com.br\/cbradar\/?s={search_term_string}"},"query-input":{"@type":"PropertyValueSpecification","valueRequired":true,"valueName":"search_term_string"}}],"inLanguage":"pt-BR"},{"@type":"Person","@id":"https:\/\/www.correiobraziliense.com.br\/cbradar\/#\/schema\/person\/4053c651a9bfc785afc6f4cbc9032fd3","name":"Maura Pereira","image":{"@type":"ImageObject","inLanguage":"pt-BR","@id":"https:\/\/www.correiobraziliense.com.br\/cbradar\/#\/schema\/person\/image\/","url":"https:\/\/secure.gravatar.com\/avatar\/3effd6bdadfa447f15089c7f7144eaa6?s=96&d=mm&r=g","contentUrl":"https:\/\/secure.gravatar.com\/avatar\/3effd6bdadfa447f15089c7f7144eaa6?s=96&d=mm&r=g","caption":"Maura Pereira"},"sameAs":["https:\/\/www.correiobraziliense.com.br\/"],"url":"https:\/\/www.correiobraziliense.com.br\/cbradar\/author\/mauramyth\/"}]}},"_links":{"self":[{"href":"https:\/\/www.correiobraziliense.com.br\/cbradar\/wp-json\/wp\/v2\/posts\/8766","targetHints":{"allow":["GET"]}}],"collection":[{"href":"https:\/\/www.correiobraziliense.com.br\/cbradar\/wp-json\/wp\/v2\/posts"}],"about":[{"href":"https:\/\/www.correiobraziliense.com.br\/cbradar\/wp-json\/wp\/v2\/types\/post"}],"author":[{"embeddable":true,"href":"https:\/\/www.correiobraziliense.com.br\/cbradar\/wp-json\/wp\/v2\/users\/8"}],"replies":[{"embeddable":true,"href":"https:\/\/www.correiobraziliense.com.br\/cbradar\/wp-json\/wp\/v2\/comments?post=8766"}],"version-history":[{"count":8,"href":"https:\/\/www.correiobraziliense.com.br\/cbradar\/wp-json\/wp\/v2\/posts\/8766\/revisions"}],"predecessor-version":[{"id":61479,"href":"https:\/\/www.correiobraziliense.com.br\/cbradar\/wp-json\/wp\/v2\/posts\/8766\/revisions\/61479"}],"wp:featuredmedia":[{"embeddable":true,"href":"https:\/\/www.correiobraziliense.com.br\/cbradar\/wp-json\/wp\/v2\/media\/3294"}],"wp:attachment":[{"href":"https:\/\/www.correiobraziliense.com.br\/cbradar\/wp-json\/wp\/v2\/media?parent=8766"}],"wp:term":[{"taxonomy":"category","embeddable":true,"href":"https:\/\/www.correiobraziliense.com.br\/cbradar\/wp-json\/wp\/v2\/categories?post=8766"},{"taxonomy":"post_tag","embeddable":true,"href":"https:\/\/www.correiobraziliense.com.br\/cbradar\/wp-json\/wp\/v2\/post_tag?post=8766"}],"curies":[{"name":"wp","href":"https:\/\/api.w.org\/{rel}","templated":true}]}}