{"id":8807,"date":"2025-03-06T06:50:00","date_gmt":"2025-03-06T09:50:00","guid":{"rendered":"https:\/\/www.correiobraziliense.com.br\/cbradar\/?p=8807"},"modified":"2025-06-29T19:23:06","modified_gmt":"2025-06-29T22:23:06","slug":"um-dos-melhores-filmes-de-ficcao-cientifica-de-todos-os-tempos","status":"publish","type":"post","link":"https:\/\/www.correiobraziliense.com.br\/cbradar\/um-dos-melhores-filmes-de-ficcao-cientifica-de-todos-os-tempos\/","title":{"rendered":"Um dos melhores filmes de fic\u00e7\u00e3o cient\u00edfica de todos os tempos"},"content":{"rendered":"\n<p>Imagina um robozinho sozinho no mundo, limpando montanhas de lixo todos os dias. Essa \u00e9 a hist\u00f3ria de <strong>WALL-E<\/strong>, que a <a href=\"https:\/\/www.pixar.com\/\" target=\"_blank\" rel=\"noreferrer noopener\"><strong>Pixar<\/strong> <\/a>trouxe para as telas em 2008. O filme n\u00e3o \u00e9 s\u00f3 sobre um rob\u00f4. \u00c9 sobre encontrar amor e esperan\u00e7a mesmo quando tudo parece perdido.<\/p>\n\n\n\n<p>A <strong>Terra<\/strong> virou um lix\u00e3o gigante e os humanos foram embora. S\u00f3 sobrou <strong>WALL-E<\/strong> fazendo seu trabalho de sempre. Ele coleciona objetos curiosos e assiste ao mesmo <a href=\"https:\/\/www.correiobraziliense.com.br\/cbradar\/se-voce-pretende-ir-a-disney-precisa-ver-isso\/\" target=\"_blank\" rel=\"noreferrer noopener\">filme <\/a>rom\u00e2ntico todos os dias. \u00c9 fofo e triste ao mesmo tempo. A gente torce para que ele encontre algu\u00e9m.<\/p>\n\n\n\n<h2 class=\"wp-block-heading\">Por que todo mundo ainda fala desse filme?<\/h2>\n\n\n\n<p><strong>WALL-E<\/strong> fez algo que poucos filmes conseguem. Os primeiros 39 minutos quase n\u00e3o t\u00eam di\u00e1logos. \u00c9 s\u00f3 o robozinho fazendo suas coisas. Mesmo assim, a gente entende tudo que ele est\u00e1 sentindo. \u00c9 pura magia da anima\u00e7\u00e3o.<\/p>\n\n\n\n<p>O filme tamb\u00e9m fala sobre cuidar do nosso planeta sem ser chato. Mostra o que pode acontecer se continuarmos jogando lixo em todo lugar. Mas faz isso de um jeito que n\u00e3o deixa ningu\u00e9m deprimido. A mensagem fica na cabe\u00e7a, mas com carinho.<\/p>\n\n\n\n<h2 class=\"wp-block-heading\">O que torna essa hist\u00f3ria t\u00e3o especial?<\/h2>\n\n\n\n<figure class=\"wp-block-embed is-type-video is-provider-youtube wp-block-embed-youtube wp-embed-aspect-16-9 wp-has-aspect-ratio\"><div class=\"wp-block-embed__wrapper\">\n<div class=\"jeg_video_container jeg_video_content\"><iframe loading=\"lazy\" title=\"WALL-E (2008) Trailer #1 | Movieclips Classic Trailers\" width=\"500\" height=\"281\" src=\"https:\/\/www.youtube.com\/embed\/CZ1CATNbXg0?feature=oembed\" frameborder=\"0\" allow=\"accelerometer; autoplay; clipboard-write; encrypted-media; gyroscope; picture-in-picture; web-share\" referrerpolicy=\"strict-origin-when-cross-origin\" allowfullscreen><\/iframe><\/div>\n<\/div><\/figure>\n\n\n\n<p>A <strong>Pixar<\/strong> sempre foi boa em fazer a gente chorar com desenho animado. Mas <strong>WALL-E<\/strong> foi al\u00e9m. O robozinho se expressa s\u00f3 com gestos e sons. \u00c9 como assistir a um filme mudo moderno. Qualquer pessoa, em qualquer lugar do mundo, entende a hist\u00f3ria.<\/p>\n\n\n\n<p>Tem tamb\u00e9m aquela plantinha verde que <strong>WALL-E<\/strong> encontra. Ela representa esperan\u00e7a. Mostra que sempre d\u00e1 para recome\u00e7ar, por pior que as coisas estejam. \u00c9 um s\u00edmbolo simples, mas poderoso. Todo mundo que assiste lembra dela.<\/p>\n\n\n\n<h2 class=\"wp-block-heading\">Por que WALL-E ainda importa hoje?<\/h2>\n\n\n\n<p>O filme ganhou o <strong>Oscar de Melhor Anima\u00e7\u00e3o em 2009<\/strong> e merecia mesmo. Mas o legal \u00e9 que continua atual. Com as mudan\u00e7as clim\u00e1ticas e tudo mais, a mensagem do filme faz ainda mais sentido agora.<\/p>\n\n\n\n<p><strong>WALL-E<\/strong> provou que d\u00e1 para fazer um filme profundo sem ser complicado. A <strong>Pixar<\/strong> mostrou que anima\u00e7\u00e3o n\u00e3o \u00e9 s\u00f3 para crian\u00e7a. \u00c9 para todo mundo que ainda acredita no poder de uma boa hist\u00f3ria. Por isso o robozinho continua conquistando cora\u00e7\u00f5es at\u00e9 hoje.<\/p>\n","protected":false},"excerpt":{"rendered":"<p>Imagina um robozinho sozinho no mundo, limpando montanhas de lixo todos os dias. Essa \u00e9 a hist\u00f3ria de WALL-E, que a Pixar trouxe para as telas em 2008. O filme n\u00e3o \u00e9 s\u00f3 sobre um rob\u00f4. \u00c9 sobre encontrar amor e esperan\u00e7a mesmo quando tudo parece perdido. A Terra virou um lix\u00e3o gigante e os [&hellip;]<\/p>\n","protected":false},"author":8,"featured_media":8820,"comment_status":"open","ping_status":"open","sticky":false,"template":"","format":"standard","meta":{"_yoast_wpseo_focuskw":"WALL-E","_yoast_wpseo_title":"","_yoast_wpseo_metadesc":"Descubra por que este \u00e9 considerado um dos melhores filmes de fic\u00e7\u00e3o cient\u00edfica de todos os tempos, com trama envolvente e efeitos incr\u00edveis!","jnews-multi-image_gallery":[],"jnews_single_post":{"format":"standard"},"jnews_primary_category":[],"jnews_social_meta":[],"jnews_override_counter":[],"footnotes":""},"categories":[140,169,115],"post_tag":[605,568,1476],"class_list":["post-8807","post","type-post","status-publish","format-standard","has-post-thumbnail","hentry","category-entretenimento","category-noticias","category-tecnologia","tag-entretenimento","tag-series-e-filmes","tag-wall-e"],"yoast_head":"<!-- This site is optimized with the Yoast SEO plugin v24.6 - https:\/\/yoast.com\/wordpress\/plugins\/seo\/ -->\n<title>Um dos melhores filmes de fic\u00e7\u00e3o cient\u00edfica de todos os tempos - Correio Braziliense - Radar<\/title>\n<meta name=\"description\" content=\"Descubra por que este \u00e9 considerado um dos melhores filmes de fic\u00e7\u00e3o cient\u00edfica de todos os tempos, com trama envolvente e efeitos incr\u00edveis!\" \/>\n<meta name=\"robots\" content=\"index, follow, max-snippet:-1, max-image-preview:large, max-video-preview:-1\" \/>\n<link rel=\"canonical\" href=\"https:\/\/www.correiobraziliense.com.br\/cbradar\/um-dos-melhores-filmes-de-ficcao-cientifica-de-todos-os-tempos\/\" \/>\n<meta property=\"og:locale\" content=\"pt_BR\" \/>\n<meta property=\"og:type\" content=\"article\" \/>\n<meta property=\"og:title\" content=\"Um dos melhores filmes de fic\u00e7\u00e3o cient\u00edfica de todos os tempos - Correio Braziliense - Radar\" \/>\n<meta property=\"og:description\" content=\"Descubra por que este \u00e9 considerado um dos melhores filmes de fic\u00e7\u00e3o cient\u00edfica de todos os tempos, com trama envolvente e efeitos incr\u00edveis!\" \/>\n<meta property=\"og:url\" content=\"https:\/\/www.correiobraziliense.com.br\/cbradar\/um-dos-melhores-filmes-de-ficcao-cientifica-de-todos-os-tempos\/\" \/>\n<meta property=\"og:site_name\" content=\"Correio Braziliense - Radar\" \/>\n<meta property=\"article:published_time\" content=\"2025-03-06T09:50:00+00:00\" \/>\n<meta property=\"article:modified_time\" content=\"2025-06-29T22:23:06+00:00\" \/>\n<meta property=\"og:image\" content=\"https:\/\/www.correiobraziliense.com.br\/cbradar\/wp-content\/uploads\/2025\/03\/ficcao_1741072305004.jpg\" \/>\n\t<meta property=\"og:image:width\" content=\"1280\" \/>\n\t<meta property=\"og:image:height\" content=\"720\" \/>\n\t<meta property=\"og:image:type\" content=\"image\/jpeg\" \/>\n<meta name=\"author\" content=\"Maura Pereira\" \/>\n<meta name=\"twitter:card\" content=\"summary_large_image\" \/>\n<meta name=\"twitter:label1\" content=\"Escrito por\" \/>\n\t<meta name=\"twitter:data1\" content=\"Maura Pereira\" \/>\n\t<meta name=\"twitter:label2\" content=\"Est. tempo de leitura\" \/>\n\t<meta name=\"twitter:data2\" content=\"3 minutos\" \/>\n<!-- \/ Yoast SEO plugin. -->","yoast_head_json":{"title":"Um dos melhores filmes de fic\u00e7\u00e3o cient\u00edfica de todos os tempos - Correio Braziliense - Radar","description":"Descubra por que este \u00e9 considerado um dos melhores filmes de fic\u00e7\u00e3o cient\u00edfica de todos os tempos, com trama envolvente e efeitos incr\u00edveis!","robots":{"index":"index","follow":"follow","max-snippet":"max-snippet:-1","max-image-preview":"max-image-preview:large","max-video-preview":"max-video-preview:-1"},"canonical":"https:\/\/www.correiobraziliense.com.br\/cbradar\/um-dos-melhores-filmes-de-ficcao-cientifica-de-todos-os-tempos\/","og_locale":"pt_BR","og_type":"article","og_title":"Um dos melhores filmes de fic\u00e7\u00e3o cient\u00edfica de todos os tempos - Correio Braziliense - Radar","og_description":"Descubra por que este \u00e9 considerado um dos melhores filmes de fic\u00e7\u00e3o cient\u00edfica de todos os tempos, com trama envolvente e efeitos incr\u00edveis!","og_url":"https:\/\/www.correiobraziliense.com.br\/cbradar\/um-dos-melhores-filmes-de-ficcao-cientifica-de-todos-os-tempos\/","og_site_name":"Correio Braziliense - Radar","article_published_time":"2025-03-06T09:50:00+00:00","article_modified_time":"2025-06-29T22:23:06+00:00","og_image":[{"width":1280,"height":720,"url":"https:\/\/www.correiobraziliense.com.br\/cbradar\/wp-content\/uploads\/2025\/03\/ficcao_1741072305004.jpg","type":"image\/jpeg"}],"author":"Maura Pereira","twitter_card":"summary_large_image","twitter_misc":{"Escrito por":"Maura Pereira","Est. tempo de leitura":"3 minutos"},"schema":{"@context":"https:\/\/schema.org","@graph":[{"@type":"WebPage","@id":"https:\/\/www.correiobraziliense.com.br\/cbradar\/um-dos-melhores-filmes-de-ficcao-cientifica-de-todos-os-tempos\/","url":"https:\/\/www.correiobraziliense.com.br\/cbradar\/um-dos-melhores-filmes-de-ficcao-cientifica-de-todos-os-tempos\/","name":"Um dos melhores filmes de fic\u00e7\u00e3o cient\u00edfica de todos os tempos - Correio Braziliense - Radar","isPartOf":{"@id":"https:\/\/www.correiobraziliense.com.br\/cbradar\/#website"},"primaryImageOfPage":{"@id":"https:\/\/www.correiobraziliense.com.br\/cbradar\/um-dos-melhores-filmes-de-ficcao-cientifica-de-todos-os-tempos\/#primaryimage"},"image":{"@id":"https:\/\/www.correiobraziliense.com.br\/cbradar\/um-dos-melhores-filmes-de-ficcao-cientifica-de-todos-os-tempos\/#primaryimage"},"thumbnailUrl":"https:\/\/www.correiobraziliense.com.br\/cbradar\/wp-content\/uploads\/2025\/03\/ficcao_1741072305004.jpg","datePublished":"2025-03-06T09:50:00+00:00","dateModified":"2025-06-29T22:23:06+00:00","author":{"@id":"https:\/\/www.correiobraziliense.com.br\/cbradar\/#\/schema\/person\/4053c651a9bfc785afc6f4cbc9032fd3"},"description":"Descubra por que este \u00e9 considerado um dos melhores filmes de fic\u00e7\u00e3o cient\u00edfica de todos os tempos, com trama envolvente e efeitos incr\u00edveis!","breadcrumb":{"@id":"https:\/\/www.correiobraziliense.com.br\/cbradar\/um-dos-melhores-filmes-de-ficcao-cientifica-de-todos-os-tempos\/#breadcrumb"},"inLanguage":"pt-BR","potentialAction":[{"@type":"ReadAction","target":["https:\/\/www.correiobraziliense.com.br\/cbradar\/um-dos-melhores-filmes-de-ficcao-cientifica-de-todos-os-tempos\/"]}]},{"@type":"ImageObject","inLanguage":"pt-BR","@id":"https:\/\/www.correiobraziliense.com.br\/cbradar\/um-dos-melhores-filmes-de-ficcao-cientifica-de-todos-os-tempos\/#primaryimage","url":"https:\/\/www.correiobraziliense.com.br\/cbradar\/wp-content\/uploads\/2025\/03\/ficcao_1741072305004.jpg","contentUrl":"https:\/\/www.correiobraziliense.com.br\/cbradar\/wp-content\/uploads\/2025\/03\/ficcao_1741072305004.jpg","width":1280,"height":720,"caption":"Cr\u00e9ditos: depositphotos.com \/ grandfailure"},{"@type":"BreadcrumbList","@id":"https:\/\/www.correiobraziliense.com.br\/cbradar\/um-dos-melhores-filmes-de-ficcao-cientifica-de-todos-os-tempos\/#breadcrumb","itemListElement":[{"@type":"ListItem","position":1,"name":"In\u00edcio","item":"https:\/\/www.correiobraziliense.com.br\/cbradar\/"},{"@type":"ListItem","position":2,"name":"Um dos melhores filmes de fic\u00e7\u00e3o cient\u00edfica de todos os tempos"}]},{"@type":"WebSite","@id":"https:\/\/www.correiobraziliense.com.br\/cbradar\/#website","url":"https:\/\/www.correiobraziliense.com.br\/cbradar\/","name":"Correio Braziliense - Radar","description":"Acompanhe as \u00faltimas not\u00edcias e fique bem informado sobre tudo o que acontece no Brasil e no mundo.","potentialAction":[{"@type":"SearchAction","target":{"@type":"EntryPoint","urlTemplate":"https:\/\/www.correiobraziliense.com.br\/cbradar\/?s={search_term_string}"},"query-input":{"@type":"PropertyValueSpecification","valueRequired":true,"valueName":"search_term_string"}}],"inLanguage":"pt-BR"},{"@type":"Person","@id":"https:\/\/www.correiobraziliense.com.br\/cbradar\/#\/schema\/person\/4053c651a9bfc785afc6f4cbc9032fd3","name":"Maura Pereira","image":{"@type":"ImageObject","inLanguage":"pt-BR","@id":"https:\/\/www.correiobraziliense.com.br\/cbradar\/#\/schema\/person\/image\/","url":"https:\/\/secure.gravatar.com\/avatar\/3effd6bdadfa447f15089c7f7144eaa6?s=96&d=mm&r=g","contentUrl":"https:\/\/secure.gravatar.com\/avatar\/3effd6bdadfa447f15089c7f7144eaa6?s=96&d=mm&r=g","caption":"Maura Pereira"},"sameAs":["https:\/\/www.correiobraziliense.com.br\/"],"url":"https:\/\/www.correiobraziliense.com.br\/cbradar\/author\/mauramyth\/"}]}},"_links":{"self":[{"href":"https:\/\/www.correiobraziliense.com.br\/cbradar\/wp-json\/wp\/v2\/posts\/8807","targetHints":{"allow":["GET"]}}],"collection":[{"href":"https:\/\/www.correiobraziliense.com.br\/cbradar\/wp-json\/wp\/v2\/posts"}],"about":[{"href":"https:\/\/www.correiobraziliense.com.br\/cbradar\/wp-json\/wp\/v2\/types\/post"}],"author":[{"embeddable":true,"href":"https:\/\/www.correiobraziliense.com.br\/cbradar\/wp-json\/wp\/v2\/users\/8"}],"replies":[{"embeddable":true,"href":"https:\/\/www.correiobraziliense.com.br\/cbradar\/wp-json\/wp\/v2\/comments?post=8807"}],"version-history":[{"count":5,"href":"https:\/\/www.correiobraziliense.com.br\/cbradar\/wp-json\/wp\/v2\/posts\/8807\/revisions"}],"predecessor-version":[{"id":61484,"href":"https:\/\/www.correiobraziliense.com.br\/cbradar\/wp-json\/wp\/v2\/posts\/8807\/revisions\/61484"}],"wp:featuredmedia":[{"embeddable":true,"href":"https:\/\/www.correiobraziliense.com.br\/cbradar\/wp-json\/wp\/v2\/media\/8820"}],"wp:attachment":[{"href":"https:\/\/www.correiobraziliense.com.br\/cbradar\/wp-json\/wp\/v2\/media?parent=8807"}],"wp:term":[{"taxonomy":"category","embeddable":true,"href":"https:\/\/www.correiobraziliense.com.br\/cbradar\/wp-json\/wp\/v2\/categories?post=8807"},{"taxonomy":"post_tag","embeddable":true,"href":"https:\/\/www.correiobraziliense.com.br\/cbradar\/wp-json\/wp\/v2\/post_tag?post=8807"}],"curies":[{"name":"wp","href":"https:\/\/api.w.org\/{rel}","templated":true}]}}