{"id":8810,"date":"2025-03-06T20:50:00","date_gmt":"2025-03-06T23:50:00","guid":{"rendered":"https:\/\/www.correiobraziliense.com.br\/cbradar\/?p=8810"},"modified":"2025-03-04T05:02:02","modified_gmt":"2025-03-04T08:02:02","slug":"confira-o-calendario-lunar-para-marco-de-2025","status":"publish","type":"post","link":"https:\/\/www.correiobraziliense.com.br\/cbradar\/confira-o-calendario-lunar-para-marco-de-2025\/","title":{"rendered":"Confira o calend\u00e1rio lunar para Mar\u00e7o de 2025"},"content":{"rendered":"\n<p>O ciclo lunar de mar\u00e7o de <strong><a href=\"https:\/\/www.calendarr.com\/brasil\/calendario-2025\/\" target=\"_blank\" rel=\"noreferrer noopener\">2025<\/a> <\/strong>tem in\u00edcio na quinta-feira, dia 6, com a transi\u00e7\u00e3o da<strong> Lua Nova<\/strong> de fevereiro para a<strong> Lua Crescente<\/strong>. Este fen\u00f4meno ocorre \u00e0s <strong>13h31<\/strong>, no hor\u00e1rio de <strong><a href=\"https:\/\/www.correiobraziliense.com.br\/cbradar\/essas-cidades-ja-foram-capitais-do-brasil\/\" target=\"_blank\" rel=\"noreferrer noopener\">Bras\u00edlia<\/a><\/strong>. As fases da lua s\u00e3o um espet\u00e1culo celeste que fascina a humanidade h\u00e1 mil\u00eanios, influenciando culturas, calend\u00e1rios e at\u00e9 mesmo comportamentos humanos.<\/p>\n\n\n\n<p>Compreender o ciclo lunar \u00e9 essencial para quem deseja se conectar mais profundamente com os ritmos naturais da <strong>Terra<\/strong>. Este ciclo, conhecido como m\u00eas lunar ou m\u00eas sin\u00f3dico, dura aproximadamente<strong> 29,5 dias<\/strong> e \u00e9 composto por quatro fases principais: <strong>Lua Nova, Lua Crescente, Lua Cheia e Lua Minguante.<\/strong><\/p>\n\n\n\n<h2 class=\"wp-block-heading\"><strong>Como funciona o Ciclo Lunar?<\/strong><\/h2>\n\n\n\n<p>O ciclo lunar \u00e9 o per\u00edodo em que a <strong>Lua <\/strong>completa uma s\u00e9rie de fases, come\u00e7ando e terminando na <strong>Lua Nova<\/strong>. Durante este ciclo, a posi\u00e7\u00e3o relativa da Lua em rela\u00e7\u00e3o \u00e0 <strong>Terra <\/strong>e ao <strong>Sol<\/strong> muda, resultando nas diferentes fases que observamos. Cada fase tem caracter\u00edsticas distintas e ocorre em um momento espec\u00edfico do m\u00eas lunar.<\/p>\n\n\n\n<p>O ciclo lunar \u00e9 um fen\u00f4meno astron\u00f4mico que ocorre devido \u00e0 \u00f3rbita da Lua ao redor da Terra. \u00c0 medida que a Lua se move, a por\u00e7\u00e3o iluminada pelo Sol vis\u00edvel da Terra muda, criando as fases que conhecemos. Este ciclo \u00e9 uma parte fundamental do calend\u00e1rio lunar, utilizado por diversas culturas ao longo da hist\u00f3ria.<\/p>\n\n\n<div class=\"wp-block-image\">\n<figure class=\"aligncenter size-large\"><img decoding=\"async\" width=\"1024\" height=\"576\" src=\"https:\/\/www.correiobraziliense.com.br\/cbradar\/wp-content\/uploads\/2025\/03\/lua-fases_1741073811847-1024x576.jpg\" alt=\"Confira o calend\u00e1rio lunar para Mar\u00e7o de 2025\" class=\"wp-image-8830\" srcset=\"https:\/\/www.correiobraziliense.com.br\/cbradar\/wp-content\/uploads\/2025\/03\/lua-fases_1741073811847-1024x576.jpg 1024w, https:\/\/www.correiobraziliense.com.br\/cbradar\/wp-content\/uploads\/2025\/03\/lua-fases_1741073811847-300x169.jpg 300w, https:\/\/www.correiobraziliense.com.br\/cbradar\/wp-content\/uploads\/2025\/03\/lua-fases_1741073811847-768x432.jpg 768w, https:\/\/www.correiobraziliense.com.br\/cbradar\/wp-content\/uploads\/2025\/03\/lua-fases_1741073811847-750x422.jpg 750w, https:\/\/www.correiobraziliense.com.br\/cbradar\/wp-content\/uploads\/2025\/03\/lua-fases_1741073811847-1140x641.jpg 1140w, https:\/\/www.correiobraziliense.com.br\/cbradar\/wp-content\/uploads\/2025\/03\/lua-fases_1741073811847.jpg 1280w\" sizes=\"(max-width: 1024px) 100vw, 1024px\" \/><figcaption class=\"wp-element-caption\">Cr\u00e9ditos: depositphotos.com \/ Kagenmi<\/figcaption><\/figure><\/div>\n\n\n<h2 class=\"wp-block-heading\"><strong>Quais s\u00e3o as fases da Lua?<\/strong><\/h2>\n\n\n\n<p>A Lua passa por quatro fases principais durante seu ciclo. Cada uma dessas fases oferece uma vis\u00e3o \u00fanica do sat\u00e9lite natural da Terra e tem significados culturais e cient\u00edficos distintos.<\/p>\n\n\n\n<ul class=\"wp-block-list\">\n<li><strong>Lua Nova:<\/strong>\u00a0Nesta fase, a Lua est\u00e1 posicionada entre a Terra e o Sol. A face iluminada da Lua est\u00e1 voltada para o Sol, tornando-a praticamente invis\u00edvel a partir da Terra. \u00c9 um momento de renova\u00e7\u00e3o e novos come\u00e7os.<\/li>\n\n\n\n<li><strong>Lua Crescente:<\/strong>\u00a0\u00c0 medida que a Lua se afasta do Sol, uma fina fatia iluminada come\u00e7a a aparecer, formando um crescente. Esta fase simboliza crescimento e desenvolvimento.<\/li>\n\n\n\n<li><strong>Lua Cheia:<\/strong>\u00a0A Lua Cheia ocorre quando a Lua est\u00e1 diretamente oposta ao Sol em rela\u00e7\u00e3o \u00e0 Terra, com sua face iluminada totalmente vis\u00edvel. \u00c9 a fase mais brilhante e muitas vezes associada a plenitude e realiza\u00e7\u00e3o.<\/li>\n\n\n\n<li><strong>Lua Minguante:<\/strong>\u00a0Durante a Lua Minguante, a por\u00e7\u00e3o iluminada da Lua diminui gradualmente at\u00e9 que apenas uma fina fatia seja vis\u00edvel. Esta fase representa reflex\u00e3o e libera\u00e7\u00e3o.<\/li>\n<\/ul>\n\n\n\n<h2 class=\"wp-block-heading\"><strong>Calend\u00e1rio Lunar de Mar\u00e7o de 2025<\/strong><\/h2>\n\n\n\n<p>O m\u00eas de mar\u00e7o de <strong>2025 <\/strong>apresenta um ciclo lunar completo, com cada fase ocorrendo em datas espec\u00edficas. A seguir, o calend\u00e1rio das fases da lua para este m\u00eas:<\/p>\n\n\n\n<ol class=\"wp-block-list\">\n<li><strong>Lua Crescente:<\/strong>\u00a06 de mar\u00e7o, \u00e0s 13h31.<\/li>\n\n\n\n<li><strong>Lua Cheia:<\/strong>\u00a014 de mar\u00e7o, \u00e0s 3h54.<\/li>\n\n\n\n<li><strong>Lua Minguante:<\/strong>\u00a022 de mar\u00e7o, \u00e0s 14h32.<\/li>\n\n\n\n<li><strong>Lua Nova:<\/strong>\u00a029 de mar\u00e7o, \u00e0s 8h29.<\/li>\n<\/ol>\n\n\n\n<p>Essas datas s\u00e3o importantes para aqueles que seguem calend\u00e1rios lunares ou que se interessam por eventos astron\u00f4micos. Cada fase oferece uma oportunidade \u00fanica de observar a Lua e compreender melhor os ciclos naturais que influenciam a vida na Terra.<\/p>\n\n\n\n<h2 class=\"wp-block-heading\"><strong>Por que as fases da Lua s\u00e3o importantes?<\/strong><\/h2>\n\n\n\n<p>As fases da lua t\u00eam um impacto significativo em diversas \u00e1reas, desde a agricultura at\u00e9 a cultura popular. Agricultores muitas vezes planejam plantios e colheitas de acordo com as fases lunares, acreditando que a Lua influencia o crescimento das plantas. Al\u00e9m disso, a Lua tem um papel central em mitos, lendas e tradi\u00e7\u00f5es culturais ao redor do mundo.<\/p>\n\n\n\n<p>Na astronomia, o estudo das fases da lua ajuda a entender melhor a din\u00e2mica do sistema solar e a rela\u00e7\u00e3o entre a Terra e seu sat\u00e9lite natural. As fases lunares tamb\u00e9m s\u00e3o um lembrete visual do movimento constante e das mudan\u00e7as que ocorrem no universo.<\/p>\n\n\n\n<p>Em resumo, o ciclo lunar de mar\u00e7o de <strong>2025 <\/strong>\u00e9 uma oportunidade para observar e apreciar as fases da lua, cada uma com suas caracter\u00edsticas e significados \u00fanicos. Este ciclo n\u00e3o apenas nos conecta com o cosmos, mas tamb\u00e9m nos lembra da interconex\u00e3o entre todos os elementos do nosso planeta.<\/p>\n","protected":false},"excerpt":{"rendered":"<p>O ciclo lunar de mar\u00e7o de 2025 tem in\u00edcio na quinta-feira, dia 6, com a transi\u00e7\u00e3o da Lua Nova de fevereiro para a Lua Crescente. Este fen\u00f4meno ocorre \u00e0s 13h31, no hor\u00e1rio de Bras\u00edlia. As fases da lua s\u00e3o um espet\u00e1culo celeste que fascina a humanidade h\u00e1 mil\u00eanios, influenciando culturas, calend\u00e1rios e at\u00e9 mesmo comportamentos [&hellip;]<\/p>\n","protected":false},"author":8,"featured_media":8829,"comment_status":"open","ping_status":"open","sticky":false,"template":"","format":"standard","meta":{"_yoast_wpseo_focuskw":"fases","_yoast_wpseo_title":"","_yoast_wpseo_metadesc":"Veja o calend\u00e1rio lunar de mar\u00e7o de 2025 e acompanhe as fases da Lua para planejar suas atividades, rituais e observa\u00e7\u00f5es astron\u00f4micas!","jnews-multi-image_gallery":[],"jnews_single_post":{"format":"standard"},"jnews_primary_category":[],"jnews_social_meta":[],"jnews_override_counter":[],"footnotes":""},"categories":[112,169],"tags":[179,1479,1478],"class_list":["post-8810","post","type-post","status-publish","format-standard","has-post-thumbnail","hentry","category-curiosidades","category-noticias","tag-astronomia","tag-calendario-lunar","tag-lua"],"yoast_head":"<!-- This site is optimized with the Yoast SEO plugin v24.6 - https:\/\/yoast.com\/wordpress\/plugins\/seo\/ -->\n<title>Confira o calend\u00e1rio lunar para Mar\u00e7o de 2025 - Correio Braziliense - Radar<\/title>\n<meta name=\"description\" content=\"Veja o calend\u00e1rio lunar de mar\u00e7o de 2025 e acompanhe as fases da Lua para planejar suas atividades, rituais e observa\u00e7\u00f5es astron\u00f4micas!\" \/>\n<meta name=\"robots\" content=\"index, follow, max-snippet:-1, max-image-preview:large, max-video-preview:-1\" \/>\n<link rel=\"canonical\" href=\"https:\/\/www.correiobraziliense.com.br\/cbradar\/confira-o-calendario-lunar-para-marco-de-2025\/\" \/>\n<meta property=\"og:locale\" content=\"pt_BR\" \/>\n<meta property=\"og:type\" content=\"article\" \/>\n<meta property=\"og:title\" content=\"Confira o calend\u00e1rio lunar para Mar\u00e7o de 2025 - Correio Braziliense - Radar\" \/>\n<meta property=\"og:description\" content=\"Veja o calend\u00e1rio lunar de mar\u00e7o de 2025 e acompanhe as fases da Lua para planejar suas atividades, rituais e observa\u00e7\u00f5es astron\u00f4micas!\" \/>\n<meta property=\"og:url\" content=\"https:\/\/www.correiobraziliense.com.br\/cbradar\/confira-o-calendario-lunar-para-marco-de-2025\/\" \/>\n<meta property=\"og:site_name\" content=\"Correio Braziliense - Radar\" \/>\n<meta property=\"article:published_time\" content=\"2025-03-06T23:50:00+00:00\" \/>\n<meta property=\"og:image\" content=\"https:\/\/www.correiobraziliense.com.br\/cbradar\/wp-content\/uploads\/2025\/03\/lua_1741073732301.jpg\" \/>\n\t<meta property=\"og:image:width\" content=\"1280\" \/>\n\t<meta property=\"og:image:height\" content=\"720\" \/>\n\t<meta property=\"og:image:type\" content=\"image\/jpeg\" \/>\n<meta name=\"author\" content=\"Maura Pereira\" \/>\n<meta name=\"twitter:card\" content=\"summary_large_image\" \/>\n<meta name=\"twitter:label1\" content=\"Escrito por\" \/>\n\t<meta name=\"twitter:data1\" content=\"Maura Pereira\" \/>\n\t<meta name=\"twitter:label2\" content=\"Est. tempo de leitura\" \/>\n\t<meta name=\"twitter:data2\" content=\"5 minutos\" \/>\n<!-- \/ Yoast SEO plugin. -->","yoast_head_json":{"title":"Confira o calend\u00e1rio lunar para Mar\u00e7o de 2025 - Correio Braziliense - Radar","description":"Veja o calend\u00e1rio lunar de mar\u00e7o de 2025 e acompanhe as fases da Lua para planejar suas atividades, rituais e observa\u00e7\u00f5es astron\u00f4micas!","robots":{"index":"index","follow":"follow","max-snippet":"max-snippet:-1","max-image-preview":"max-image-preview:large","max-video-preview":"max-video-preview:-1"},"canonical":"https:\/\/www.correiobraziliense.com.br\/cbradar\/confira-o-calendario-lunar-para-marco-de-2025\/","og_locale":"pt_BR","og_type":"article","og_title":"Confira o calend\u00e1rio lunar para Mar\u00e7o de 2025 - Correio Braziliense - Radar","og_description":"Veja o calend\u00e1rio lunar de mar\u00e7o de 2025 e acompanhe as fases da Lua para planejar suas atividades, rituais e observa\u00e7\u00f5es astron\u00f4micas!","og_url":"https:\/\/www.correiobraziliense.com.br\/cbradar\/confira-o-calendario-lunar-para-marco-de-2025\/","og_site_name":"Correio Braziliense - Radar","article_published_time":"2025-03-06T23:50:00+00:00","og_image":[{"width":1280,"height":720,"url":"https:\/\/www.correiobraziliense.com.br\/cbradar\/wp-content\/uploads\/2025\/03\/lua_1741073732301.jpg","type":"image\/jpeg"}],"author":"Maura Pereira","twitter_card":"summary_large_image","twitter_misc":{"Escrito por":"Maura Pereira","Est. tempo de leitura":"5 minutos"},"schema":{"@context":"https:\/\/schema.org","@graph":[{"@type":"WebPage","@id":"https:\/\/www.correiobraziliense.com.br\/cbradar\/confira-o-calendario-lunar-para-marco-de-2025\/","url":"https:\/\/www.correiobraziliense.com.br\/cbradar\/confira-o-calendario-lunar-para-marco-de-2025\/","name":"Confira o calend\u00e1rio lunar para Mar\u00e7o de 2025 - Correio Braziliense - Radar","isPartOf":{"@id":"https:\/\/www.correiobraziliense.com.br\/cbradar\/#website"},"primaryImageOfPage":{"@id":"https:\/\/www.correiobraziliense.com.br\/cbradar\/confira-o-calendario-lunar-para-marco-de-2025\/#primaryimage"},"image":{"@id":"https:\/\/www.correiobraziliense.com.br\/cbradar\/confira-o-calendario-lunar-para-marco-de-2025\/#primaryimage"},"thumbnailUrl":"https:\/\/www.correiobraziliense.com.br\/cbradar\/wp-content\/uploads\/2025\/03\/lua_1741073732301.jpg","datePublished":"2025-03-06T23:50:00+00:00","author":{"@id":"https:\/\/www.correiobraziliense.com.br\/cbradar\/#\/schema\/person\/4053c651a9bfc785afc6f4cbc9032fd3"},"description":"Veja o calend\u00e1rio lunar de mar\u00e7o de 2025 e acompanhe as fases da Lua para planejar suas atividades, rituais e observa\u00e7\u00f5es astron\u00f4micas!","breadcrumb":{"@id":"https:\/\/www.correiobraziliense.com.br\/cbradar\/confira-o-calendario-lunar-para-marco-de-2025\/#breadcrumb"},"inLanguage":"pt-BR","potentialAction":[{"@type":"ReadAction","target":["https:\/\/www.correiobraziliense.com.br\/cbradar\/confira-o-calendario-lunar-para-marco-de-2025\/"]}]},{"@type":"ImageObject","inLanguage":"pt-BR","@id":"https:\/\/www.correiobraziliense.com.br\/cbradar\/confira-o-calendario-lunar-para-marco-de-2025\/#primaryimage","url":"https:\/\/www.correiobraziliense.com.br\/cbradar\/wp-content\/uploads\/2025\/03\/lua_1741073732301.jpg","contentUrl":"https:\/\/www.correiobraziliense.com.br\/cbradar\/wp-content\/uploads\/2025\/03\/lua_1741073732301.jpg","width":1280,"height":720,"caption":"Cr\u00e9ditos: depositphotos.com \/ zhanna"},{"@type":"BreadcrumbList","@id":"https:\/\/www.correiobraziliense.com.br\/cbradar\/confira-o-calendario-lunar-para-marco-de-2025\/#breadcrumb","itemListElement":[{"@type":"ListItem","position":1,"name":"In\u00edcio","item":"https:\/\/www.correiobraziliense.com.br\/cbradar\/"},{"@type":"ListItem","position":2,"name":"Confira o calend\u00e1rio lunar para Mar\u00e7o de 2025"}]},{"@type":"WebSite","@id":"https:\/\/www.correiobraziliense.com.br\/cbradar\/#website","url":"https:\/\/www.correiobraziliense.com.br\/cbradar\/","name":"Correio Braziliense - Radar","description":"Acompanhe as \u00faltimas not\u00edcias e fique bem informado sobre tudo o que acontece no Brasil e no mundo.","potentialAction":[{"@type":"SearchAction","target":{"@type":"EntryPoint","urlTemplate":"https:\/\/www.correiobraziliense.com.br\/cbradar\/?s={search_term_string}"},"query-input":{"@type":"PropertyValueSpecification","valueRequired":true,"valueName":"search_term_string"}}],"inLanguage":"pt-BR"},{"@type":"Person","@id":"https:\/\/www.correiobraziliense.com.br\/cbradar\/#\/schema\/person\/4053c651a9bfc785afc6f4cbc9032fd3","name":"Maura Pereira","image":{"@type":"ImageObject","inLanguage":"pt-BR","@id":"https:\/\/www.correiobraziliense.com.br\/cbradar\/#\/schema\/person\/image\/","url":"https:\/\/secure.gravatar.com\/avatar\/3effd6bdadfa447f15089c7f7144eaa6?s=96&d=mm&r=g","contentUrl":"https:\/\/secure.gravatar.com\/avatar\/3effd6bdadfa447f15089c7f7144eaa6?s=96&d=mm&r=g","caption":"Maura Pereira"},"sameAs":["https:\/\/www.correiobraziliense.com.br\/"],"url":"https:\/\/www.correiobraziliense.com.br\/cbradar\/author\/mauramyth\/"}]}},"_links":{"self":[{"href":"https:\/\/www.correiobraziliense.com.br\/cbradar\/wp-json\/wp\/v2\/posts\/8810","targetHints":{"allow":["GET"]}}],"collection":[{"href":"https:\/\/www.correiobraziliense.com.br\/cbradar\/wp-json\/wp\/v2\/posts"}],"about":[{"href":"https:\/\/www.correiobraziliense.com.br\/cbradar\/wp-json\/wp\/v2\/types\/post"}],"author":[{"embeddable":true,"href":"https:\/\/www.correiobraziliense.com.br\/cbradar\/wp-json\/wp\/v2\/users\/8"}],"replies":[{"embeddable":true,"href":"https:\/\/www.correiobraziliense.com.br\/cbradar\/wp-json\/wp\/v2\/comments?post=8810"}],"version-history":[{"count":2,"href":"https:\/\/www.correiobraziliense.com.br\/cbradar\/wp-json\/wp\/v2\/posts\/8810\/revisions"}],"predecessor-version":[{"id":8831,"href":"https:\/\/www.correiobraziliense.com.br\/cbradar\/wp-json\/wp\/v2\/posts\/8810\/revisions\/8831"}],"wp:featuredmedia":[{"embeddable":true,"href":"https:\/\/www.correiobraziliense.com.br\/cbradar\/wp-json\/wp\/v2\/media\/8829"}],"wp:attachment":[{"href":"https:\/\/www.correiobraziliense.com.br\/cbradar\/wp-json\/wp\/v2\/media?parent=8810"}],"wp:term":[{"taxonomy":"category","embeddable":true,"href":"https:\/\/www.correiobraziliense.com.br\/cbradar\/wp-json\/wp\/v2\/categories?post=8810"},{"taxonomy":"post_tag","embeddable":true,"href":"https:\/\/www.correiobraziliense.com.br\/cbradar\/wp-json\/wp\/v2\/tags?post=8810"}],"curies":[{"name":"wp","href":"https:\/\/api.w.org\/{rel}","templated":true}]}}