{"id":88147,"date":"2025-08-19T12:23:00","date_gmt":"2025-08-19T15:23:00","guid":{"rendered":"https:\/\/www.correiobraziliense.com.br\/cbradar\/?p=88147"},"modified":"2025-08-17T12:47:28","modified_gmt":"2025-08-17T15:47:28","slug":"o-erro-que-todo-mundo-comete-ao-fritar-carne-como-torna-la-saborosa-e-bem-cozida-segundo-especialistas","status":"publish","type":"post","link":"https:\/\/www.correiobraziliense.com.br\/cbradar\/o-erro-que-todo-mundo-comete-ao-fritar-carne-como-torna-la-saborosa-e-bem-cozida-segundo-especialistas\/","title":{"rendered":"O erro que todo mundo comete ao fritar carne: como torn\u00e1-la saborosa e bem cozida, segundo especialistas"},"content":{"rendered":"\n<p>Ao cozinhar carnes, um dos erros comuns \u00e9 o uso indiscriminado de \u00f3leo ou azeite para grelhar ou fritar os cortes. Especialistas destacam que esse h\u00e1bito pode impactar negativamente no sabor final da carne. A gordura natural do pr\u00f3prio corte geralmente \u00e9 suficiente para proporcionar um sabor aut\u00eantico quando a carne \u00e9 preparada, pois essa gordura se funde na frigideira ou grelha, criando um \u00f3leo natural que ajuda na coc\u00e7\u00e3o.<\/p>\n\n\n\n<p>Durante o processo de fritura ou selagem, muitas vezes, ao adicionar \u00f3leo vegetal, como o de oliva ou de girassol, a gordura vegetal pode acabar se misturando com a animal, neutralizando os sabores ricos que a carne j\u00e1 possui. Isso se deve ao fato de que, quando o \u00f3leo \u00e9 aquecido rapidamente, pode dourar excessivamente a parte externa do corte, enquanto o interior permanece cru ou frio.<\/p>\n\n\n\n<h2 class=\"wp-block-heading\">Qual \u00e9 o segredo dos especialistas para cozinhar carne sem \u00f3leo?<\/h2>\n\n\n\n<p>Carniceiros e chefs frequentemente recomendam cozinhar a carne em sua pr\u00f3pria gordura. Para maximizar o sabor, deve-se pr\u00e9-aquecer a frigideira ou chapa e esperar que a gordura da carne derreta completamente antes de adicion\u00e1-la. Esse procedimento resulta em um &#8220;\u00f3leo natural&#8221; que n\u00e3o s\u00f3 cozinha a carne de maneira mais uniforme, mas tamb\u00e9m real\u00e7a seus sabores intr\u00ednsecos.<\/p>\n\n\n\n<h2 class=\"wp-block-heading\">Dicas para alcan\u00e7ar a carne perfeita<\/h2>\n\n\n\n<ul class=\"wp-block-list\">\n<li><strong>Temperatura certa:<\/strong> A frigideira deve estar bem quente, mas sem emitir fuma\u00e7a em excesso, para evitar que a carne queime externamente enquanto permanece crua por dentro.<\/li>\n\n\n\n<li><strong>Mexa menos:<\/strong> Deixar a carne quieta por alguns minutos de cada lado forma uma crosta dourada que ajuda a manter os sucos internos.<\/li>\n\n\n\n<li><strong>Salgue corretamente:<\/strong> Muitos especialistas preferem salgar a carne no final do processo de cozimento para evitar que a sal absorva umidade excessiva durante o cozimento.<\/li>\n<\/ul>\n\n\n\n<figure class=\"wp-block-image size-large\"><img decoding=\"async\" width=\"1024\" height=\"576\" src=\"https:\/\/www.correiobraziliense.com.br\/cbradar\/wp-content\/uploads\/2025\/08\/carne-frita_1755445608536-1024x576.jpg\" alt=\"O erro que todo mundo comete ao fritar carne: como torn\u00e1-la saborosa e bem cozida, segundo especialistas\" class=\"wp-image-88150\" srcset=\"https:\/\/www.correiobraziliense.com.br\/cbradar\/wp-content\/uploads\/2025\/08\/carne-frita_1755445608536-1024x576.jpg 1024w, https:\/\/www.correiobraziliense.com.br\/cbradar\/wp-content\/uploads\/2025\/08\/carne-frita_1755445608536-300x169.jpg 300w, https:\/\/www.correiobraziliense.com.br\/cbradar\/wp-content\/uploads\/2025\/08\/carne-frita_1755445608536-768x432.jpg 768w, https:\/\/www.correiobraziliense.com.br\/cbradar\/wp-content\/uploads\/2025\/08\/carne-frita_1755445608536-750x422.jpg 750w, https:\/\/www.correiobraziliense.com.br\/cbradar\/wp-content\/uploads\/2025\/08\/carne-frita_1755445608536-1140x641.jpg 1140w, https:\/\/www.correiobraziliense.com.br\/cbradar\/wp-content\/uploads\/2025\/08\/carne-frita_1755445608536.jpg 1280w\" sizes=\"(max-width: 1024px) 100vw, 1024px\" \/><figcaption class=\"wp-element-caption\">carne frita. Cr\u00e9ditos: depositphotos.com \/ EstudioConceito<\/figcaption><\/figure>\n\n\n\n<h2 class=\"wp-block-heading\">Como a gordura real\u00e7a o sabor da carne?<\/h2>\n\n\n\n<p>A gordura proveniente do pr\u00f3prio corte ao derreter atua como um meio de transporte para os sabores, intensificando as notas naturais da carne. Essa pr\u00e1tica \u00e9 muito usada em cozinhas profissionais, onde a autenticidade do sabor \u00e9 primordial. A gordura al\u00e9m de promover uma coc\u00e7\u00e3o uniforme, permite que a carne mantenha sua sucul\u00eancia e os nutrientes, sem introduzir sabores externos que podem ocorrer com o uso de \u00f3leos vegetais.<\/p>\n\n\n\n<h2 class=\"wp-block-heading\">Por que o uso de \u00f3leo pode ser desvantajoso?<\/h2>\n\n\n\n<p>O uso de \u00f3leos pode, inadvertidamente, caramelizar a superf\u00edcie exterior muito rapidamente, causando um contraste indesejado entre as camadas externas e o interior. Al\u00e9m disso, \u00f3leos vegetais t\u00eam pontos de fuma\u00e7a diferentes que podem introduzir elementos oxidados que alteram o gosto e a qualidade final das carnes cozidas.<\/p>\n\n\n\n<p>Essas pr\u00e1ticas mencionadas pelos especialistas destacam como pequenos ajustes no m\u00e9todo de coc\u00e7\u00e3o podem fazer uma diferen\u00e7a substancial no resultado final, permitindo que o sabor natural da carne seja protagonista na experi\u00eancia gastron\u00f4mica. Assim, a pr\u00f3xima vez que for cozinhar carne, considere usar a gordura natural do corte e observe como essa simples mudan\u00e7a pode surpreender ao elevar o sabor do prato.<\/p>\n","protected":false},"excerpt":{"rendered":"<p>Descubra o segredo dos chefs para cozinhar carne perfeitamente sem \u00f3leo, real\u00e7ando o sabor natural. Dicas de especialistas para um prato suculento e aut\u00eantico.<\/p>\n","protected":false},"author":3,"featured_media":88149,"comment_status":"open","ping_status":"open","sticky":false,"template":"","format":"standard","meta":{"_yoast_wpseo_focuskw":"erro fritar carne","_yoast_wpseo_title":"%%title%%","_yoast_wpseo_metadesc":"Descubra o segredo dos chefs para cozinhar carne perfeitamente sem \u00f3leo, real\u00e7ando o sabor natural. Dicas de especialistas para um prato suculento e aut\u00eantico.","jnews-multi-image_gallery":[],"jnews_single_post":{"format":"standard"},"jnews_primary_category":[],"jnews_social_meta":[],"jnews_override_counter":[],"footnotes":""},"categories":[112],"post_tag":[281,1423,144],"class_list":["post-88147","post","type-post","status-publish","format-standard","has-post-thumbnail","hentry","category-curiosidades","tag-alimentacao","tag-alimentos","tag-curiosidades"],"yoast_head":"<!-- This site is optimized with the Yoast SEO plugin v24.6 - https:\/\/yoast.com\/wordpress\/plugins\/seo\/ -->\n<title>O erro que todo mundo comete ao fritar carne: como torn\u00e1-la saborosa e bem cozida, segundo especialistas<\/title>\n<meta name=\"description\" content=\"Descubra o segredo dos chefs para cozinhar carne perfeitamente sem \u00f3leo, real\u00e7ando o sabor natural. Dicas de especialistas para um prato suculento e aut\u00eantico.\" \/>\n<meta name=\"robots\" content=\"index, follow, max-snippet:-1, max-image-preview:large, max-video-preview:-1\" \/>\n<link rel=\"canonical\" href=\"https:\/\/www.correiobraziliense.com.br\/cbradar\/o-erro-que-todo-mundo-comete-ao-fritar-carne-como-torna-la-saborosa-e-bem-cozida-segundo-especialistas\/\" \/>\n<meta property=\"og:locale\" content=\"pt_BR\" \/>\n<meta property=\"og:type\" content=\"article\" \/>\n<meta property=\"og:title\" content=\"O erro que todo mundo comete ao fritar carne: como torn\u00e1-la saborosa e bem cozida, segundo especialistas\" \/>\n<meta property=\"og:description\" content=\"Descubra o segredo dos chefs para cozinhar carne perfeitamente sem \u00f3leo, real\u00e7ando o sabor natural. Dicas de especialistas para um prato suculento e aut\u00eantico.\" \/>\n<meta property=\"og:url\" content=\"https:\/\/www.correiobraziliense.com.br\/cbradar\/o-erro-que-todo-mundo-comete-ao-fritar-carne-como-torna-la-saborosa-e-bem-cozida-segundo-especialistas\/\" \/>\n<meta property=\"og:site_name\" content=\"Correio Braziliense - Radar\" \/>\n<meta property=\"article:published_time\" content=\"2025-08-19T15:23:00+00:00\" \/>\n<meta property=\"og:image\" content=\"https:\/\/www.correiobraziliense.com.br\/cbradar\/wp-content\/uploads\/2025\/08\/carne-frita_1755445420619.jpg\" \/>\n\t<meta property=\"og:image:width\" content=\"1280\" \/>\n\t<meta property=\"og:image:height\" content=\"720\" \/>\n\t<meta property=\"og:image:type\" content=\"image\/jpeg\" \/>\n<meta name=\"author\" content=\"Larissa Carvalho\" \/>\n<meta name=\"twitter:card\" content=\"summary_large_image\" \/>\n<meta name=\"twitter:label1\" content=\"Escrito por\" \/>\n\t<meta name=\"twitter:data1\" content=\"Larissa Carvalho\" \/>\n\t<meta name=\"twitter:label2\" content=\"Est. tempo de leitura\" \/>\n\t<meta name=\"twitter:data2\" content=\"4 minutos\" \/>\n<!-- \/ Yoast SEO plugin. -->","yoast_head_json":{"title":"O erro que todo mundo comete ao fritar carne: como torn\u00e1-la saborosa e bem cozida, segundo especialistas","description":"Descubra o segredo dos chefs para cozinhar carne perfeitamente sem \u00f3leo, real\u00e7ando o sabor natural. Dicas de especialistas para um prato suculento e aut\u00eantico.","robots":{"index":"index","follow":"follow","max-snippet":"max-snippet:-1","max-image-preview":"max-image-preview:large","max-video-preview":"max-video-preview:-1"},"canonical":"https:\/\/www.correiobraziliense.com.br\/cbradar\/o-erro-que-todo-mundo-comete-ao-fritar-carne-como-torna-la-saborosa-e-bem-cozida-segundo-especialistas\/","og_locale":"pt_BR","og_type":"article","og_title":"O erro que todo mundo comete ao fritar carne: como torn\u00e1-la saborosa e bem cozida, segundo especialistas","og_description":"Descubra o segredo dos chefs para cozinhar carne perfeitamente sem \u00f3leo, real\u00e7ando o sabor natural. Dicas de especialistas para um prato suculento e aut\u00eantico.","og_url":"https:\/\/www.correiobraziliense.com.br\/cbradar\/o-erro-que-todo-mundo-comete-ao-fritar-carne-como-torna-la-saborosa-e-bem-cozida-segundo-especialistas\/","og_site_name":"Correio Braziliense - Radar","article_published_time":"2025-08-19T15:23:00+00:00","og_image":[{"width":1280,"height":720,"url":"https:\/\/www.correiobraziliense.com.br\/cbradar\/wp-content\/uploads\/2025\/08\/carne-frita_1755445420619.jpg","type":"image\/jpeg"}],"author":"Larissa Carvalho","twitter_card":"summary_large_image","twitter_misc":{"Escrito por":"Larissa Carvalho","Est. tempo de leitura":"4 minutos"},"schema":{"@context":"https:\/\/schema.org","@graph":[{"@type":"WebPage","@id":"https:\/\/www.correiobraziliense.com.br\/cbradar\/o-erro-que-todo-mundo-comete-ao-fritar-carne-como-torna-la-saborosa-e-bem-cozida-segundo-especialistas\/","url":"https:\/\/www.correiobraziliense.com.br\/cbradar\/o-erro-que-todo-mundo-comete-ao-fritar-carne-como-torna-la-saborosa-e-bem-cozida-segundo-especialistas\/","name":"O erro que todo mundo comete ao fritar carne: como torn\u00e1-la saborosa e bem cozida, segundo especialistas","isPartOf":{"@id":"https:\/\/www.correiobraziliense.com.br\/cbradar\/#website"},"primaryImageOfPage":{"@id":"https:\/\/www.correiobraziliense.com.br\/cbradar\/o-erro-que-todo-mundo-comete-ao-fritar-carne-como-torna-la-saborosa-e-bem-cozida-segundo-especialistas\/#primaryimage"},"image":{"@id":"https:\/\/www.correiobraziliense.com.br\/cbradar\/o-erro-que-todo-mundo-comete-ao-fritar-carne-como-torna-la-saborosa-e-bem-cozida-segundo-especialistas\/#primaryimage"},"thumbnailUrl":"https:\/\/www.correiobraziliense.com.br\/cbradar\/wp-content\/uploads\/2025\/08\/carne-frita_1755445420619.jpg","datePublished":"2025-08-19T15:23:00+00:00","author":{"@id":"https:\/\/www.correiobraziliense.com.br\/cbradar\/#\/schema\/person\/58422787644df994b53a19d3e56c1513"},"description":"Descubra o segredo dos chefs para cozinhar carne perfeitamente sem \u00f3leo, real\u00e7ando o sabor natural. Dicas de especialistas para um prato suculento e aut\u00eantico.","breadcrumb":{"@id":"https:\/\/www.correiobraziliense.com.br\/cbradar\/o-erro-que-todo-mundo-comete-ao-fritar-carne-como-torna-la-saborosa-e-bem-cozida-segundo-especialistas\/#breadcrumb"},"inLanguage":"pt-BR","potentialAction":[{"@type":"ReadAction","target":["https:\/\/www.correiobraziliense.com.br\/cbradar\/o-erro-que-todo-mundo-comete-ao-fritar-carne-como-torna-la-saborosa-e-bem-cozida-segundo-especialistas\/"]}]},{"@type":"ImageObject","inLanguage":"pt-BR","@id":"https:\/\/www.correiobraziliense.com.br\/cbradar\/o-erro-que-todo-mundo-comete-ao-fritar-carne-como-torna-la-saborosa-e-bem-cozida-segundo-especialistas\/#primaryimage","url":"https:\/\/www.correiobraziliense.com.br\/cbradar\/wp-content\/uploads\/2025\/08\/carne-frita_1755445420619.jpg","contentUrl":"https:\/\/www.correiobraziliense.com.br\/cbradar\/wp-content\/uploads\/2025\/08\/carne-frita_1755445420619.jpg","width":1280,"height":720,"caption":"carne frita. Cr\u00e9ditos: depositphotos.com \/ chinchy"},{"@type":"BreadcrumbList","@id":"https:\/\/www.correiobraziliense.com.br\/cbradar\/o-erro-que-todo-mundo-comete-ao-fritar-carne-como-torna-la-saborosa-e-bem-cozida-segundo-especialistas\/#breadcrumb","itemListElement":[{"@type":"ListItem","position":1,"name":"In\u00edcio","item":"https:\/\/www.correiobraziliense.com.br\/cbradar\/"},{"@type":"ListItem","position":2,"name":"O erro que todo mundo comete ao fritar carne: como torn\u00e1-la saborosa e bem cozida, segundo especialistas"}]},{"@type":"WebSite","@id":"https:\/\/www.correiobraziliense.com.br\/cbradar\/#website","url":"https:\/\/www.correiobraziliense.com.br\/cbradar\/","name":"Correio Braziliense - Radar","description":"Acompanhe as \u00faltimas not\u00edcias e fique bem informado sobre tudo o que acontece no Brasil e no mundo.","potentialAction":[{"@type":"SearchAction","target":{"@type":"EntryPoint","urlTemplate":"https:\/\/www.correiobraziliense.com.br\/cbradar\/?s={search_term_string}"},"query-input":{"@type":"PropertyValueSpecification","valueRequired":true,"valueName":"search_term_string"}}],"inLanguage":"pt-BR"},{"@type":"Person","@id":"https:\/\/www.correiobraziliense.com.br\/cbradar\/#\/schema\/person\/58422787644df994b53a19d3e56c1513","name":"Larissa Carvalho","image":{"@type":"ImageObject","inLanguage":"pt-BR","@id":"https:\/\/www.correiobraziliense.com.br\/cbradar\/#\/schema\/person\/image\/","url":"https:\/\/secure.gravatar.com\/avatar\/fe4f91a0de32b52a838d0d612abdc1aa?s=96&d=mm&r=g","contentUrl":"https:\/\/secure.gravatar.com\/avatar\/fe4f91a0de32b52a838d0d612abdc1aa?s=96&d=mm&r=g","caption":"Larissa Carvalho"},"url":"https:\/\/www.correiobraziliense.com.br\/cbradar\/author\/larissamyth\/"}]}},"_links":{"self":[{"href":"https:\/\/www.correiobraziliense.com.br\/cbradar\/wp-json\/wp\/v2\/posts\/88147","targetHints":{"allow":["GET"]}}],"collection":[{"href":"https:\/\/www.correiobraziliense.com.br\/cbradar\/wp-json\/wp\/v2\/posts"}],"about":[{"href":"https:\/\/www.correiobraziliense.com.br\/cbradar\/wp-json\/wp\/v2\/types\/post"}],"author":[{"embeddable":true,"href":"https:\/\/www.correiobraziliense.com.br\/cbradar\/wp-json\/wp\/v2\/users\/3"}],"replies":[{"embeddable":true,"href":"https:\/\/www.correiobraziliense.com.br\/cbradar\/wp-json\/wp\/v2\/comments?post=88147"}],"version-history":[{"count":2,"href":"https:\/\/www.correiobraziliense.com.br\/cbradar\/wp-json\/wp\/v2\/posts\/88147\/revisions"}],"predecessor-version":[{"id":88151,"href":"https:\/\/www.correiobraziliense.com.br\/cbradar\/wp-json\/wp\/v2\/posts\/88147\/revisions\/88151"}],"wp:featuredmedia":[{"embeddable":true,"href":"https:\/\/www.correiobraziliense.com.br\/cbradar\/wp-json\/wp\/v2\/media\/88149"}],"wp:attachment":[{"href":"https:\/\/www.correiobraziliense.com.br\/cbradar\/wp-json\/wp\/v2\/media?parent=88147"}],"wp:term":[{"taxonomy":"category","embeddable":true,"href":"https:\/\/www.correiobraziliense.com.br\/cbradar\/wp-json\/wp\/v2\/categories?post=88147"},{"taxonomy":"post_tag","embeddable":true,"href":"https:\/\/www.correiobraziliense.com.br\/cbradar\/wp-json\/wp\/v2\/post_tag?post=88147"}],"curies":[{"name":"wp","href":"https:\/\/api.w.org\/{rel}","templated":true}]}}