{"id":88188,"date":"2025-08-19T20:23:00","date_gmt":"2025-08-19T23:23:00","guid":{"rendered":"https:\/\/www.correiobraziliense.com.br\/cbradar\/?p=88188"},"modified":"2025-08-17T13:34:15","modified_gmt":"2025-08-17T16:34:15","slug":"por-que-a-morte-dessa-estrela-e-importante-para-o-mundo","status":"publish","type":"post","link":"https:\/\/www.correiobraziliense.com.br\/cbradar\/por-que-a-morte-dessa-estrela-e-importante-para-o-mundo\/","title":{"rendered":"Por que a morte dessa estrela \u00e9 importante para o mundo"},"content":{"rendered":"\n<p>Recentemente, cientistas desvendaram o que pode ter causado uma das <strong>explos\u00f5es mais estranhas<\/strong> j\u00e1 observadas no universo. Um acontecimento extraordin\u00e1rio onde uma <strong>estrela massiva explodiu<\/strong> enquanto era despeda\u00e7ada por um buraco negro. Os astr\u00f4nomos classificaram esta explos\u00e3o como um <strong>novo tipo de supernova<\/strong>, fen\u00f4meno que simboliza o fim do ciclo de vida de uma estrela.<\/p>\n\n\n\n<ul class=\"wp-block-list\">\n<li>Entenda o conceito de supernova e sua import\u00e2ncia para a astronomia.<\/li>\n\n\n\n<li>Saiba o que torna essa explos\u00e3o estelar diferente das demais.<\/li>\n\n\n\n<li>Descubra o impacto desta descoberta para o estudo dos buracos negros.<\/li>\n<\/ul>\n\n\n\n<h2 class=\"wp-block-heading\">O que \u00e9 uma supernova e por que \u00e9 importante?<\/h2>\n\n\n\n<p>Uma <strong>supernova<\/strong> representa um dos eventos mais poderosos e luminosos do cosmos, sinalizando o fim de uma estrela massiva. Esse fen\u00f4meno libera uma quantidade colossal de energia. A explos\u00e3o resulta na dispers\u00e3o de elementos qu\u00edmicos pelo espa\u00e7o, contribuindo assim para a forma\u00e7\u00e3o de novos corpos celestes.<\/p>\n\n\n\n<h2 class=\"wp-block-heading\">A nova supernova: o que a torna \u00fanica?<\/h2>\n\n\n\n<p>O diferencial desta recente explos\u00e3o \u00e9 que ela ocorreu em circunst\u00e2ncias inusitadas. A <strong>estrela<\/strong> em quest\u00e3o foi dilacerada por um <strong>buraco negro<\/strong> antes de sua explos\u00e3o, o que a coloca em uma categoria \u00e0 parte de qualquer outro tipo conhecido de supernova. Essas condi\u00e7\u00f5es extremas proporcionam aos cientistas uma nova perspectiva sobre a intera\u00e7\u00e3o entre estrelas e buracos negros. Al\u00e9m disso, essa descoberta tem despertado interesse sobre como tais eventos podem influenciar regi\u00f5es pr\u00f3ximas, inclusive potencialmente afetando gal\u00e1xias inteiras.<\/p>\n\n\n\n<figure class=\"wp-block-image size-large\"><img decoding=\"async\" width=\"1024\" height=\"576\" src=\"https:\/\/www.correiobraziliense.com.br\/cbradar\/wp-content\/uploads\/2025\/08\/supernova_1755448435306-1024x576.jpg\" alt=\"Por que a morte dessa estrela \u00e9 importante para o mundo\" class=\"wp-image-88191\" srcset=\"https:\/\/www.correiobraziliense.com.br\/cbradar\/wp-content\/uploads\/2025\/08\/supernova_1755448435306-1024x576.jpg 1024w, https:\/\/www.correiobraziliense.com.br\/cbradar\/wp-content\/uploads\/2025\/08\/supernova_1755448435306-300x169.jpg 300w, https:\/\/www.correiobraziliense.com.br\/cbradar\/wp-content\/uploads\/2025\/08\/supernova_1755448435306-768x432.jpg 768w, https:\/\/www.correiobraziliense.com.br\/cbradar\/wp-content\/uploads\/2025\/08\/supernova_1755448435306-750x422.jpg 750w, https:\/\/www.correiobraziliense.com.br\/cbradar\/wp-content\/uploads\/2025\/08\/supernova_1755448435306-1140x641.jpg 1140w, https:\/\/www.correiobraziliense.com.br\/cbradar\/wp-content\/uploads\/2025\/08\/supernova_1755448435306.jpg 1280w\" sizes=\"(max-width: 1024px) 100vw, 1024px\" \/><figcaption class=\"wp-element-caption\">supernova. Cr\u00e9ditos: depositphotos.com \/ kevron2002<\/figcaption><\/figure>\n\n\n\n<h2 class=\"wp-block-heading\">Como essa descoberta impacta o estudo dos buracos negros?<\/h2>\n\n\n\n<p>O fen\u00f4meno observado fornece informa\u00e7\u00f5es valiosas sobre o comportamento <strong>dos buracos negros<\/strong>. Ao estudar a maneira como esses gigantes gravitacionais influenciam estrelas vizinhas, os cientistas podem obter insights sobre as for\u00e7as tit\u00e2nicas em a\u00e7\u00e3o no universo. Essa nova supernova destaca a complexidade e a diversidade dos processos c\u00f3smicos. Tamb\u00e9m permite aprofundar o estudo de fen\u00f4menos transientes extremos, fundamentais para entendermos a evolu\u00e7\u00e3o das gal\u00e1xias.<\/p>\n\n\n\n<h2 class=\"wp-block-heading\">O futuro da pesquisa estelar a partir desta descoberta<\/h2>\n\n\n\n<p>As revela\u00e7\u00f5es proporcionadas por esta supernova abrem novos caminhos para a pesquisa astrof\u00edsica:<\/p>\n\n\n\n<ul class=\"wp-block-list\">\n<li>O estudo pode aprimorar nosso entendimento sobre a vida e morte das estrelas massivas.<\/li>\n\n\n\n<li>Essa descoberta desafia teorias existentes, exigindo novas abordagens no campo astron\u00f4mico.<\/li>\n\n\n\n<li>A possibilidade de identificar outros eventos similares no universo amplia nossos horizontes de investiga\u00e7\u00e3o cient\u00edfica.<\/li>\n<\/ul>\n","protected":false},"excerpt":{"rendered":"<p>Desvendando os segredos de uma explos\u00e3o estelar incomum: entenda a import\u00e2ncia da descoberta de uma nova supernova.<\/p>\n","protected":false},"author":3,"featured_media":88190,"comment_status":"open","ping_status":"open","sticky":false,"template":"","format":"standard","meta":{"jnews-multi-image_gallery":[],"jnews_single_post":{"format":"standard"},"jnews_primary_category":[],"jnews_social_meta":[],"jnews_override_counter":[],"footnotes":""},"categories":[112],"post_tag":[179,736,144],"class_list":["post-88188","post","type-post","status-publish","format-standard","has-post-thumbnail","hentry","category-curiosidades","tag-astronomia","tag-ciencia","tag-curiosidades"],"yoast_head":"<!-- This site is optimized with the Yoast SEO plugin v24.6 - https:\/\/yoast.com\/wordpress\/plugins\/seo\/ -->\n<title>Por que a morte dessa estrela \u00e9 importante para o mundo<\/title>\n<meta name=\"description\" content=\"Desvendando os segredos de uma explos\u00e3o estelar incomum: entenda a import\u00e2ncia da descoberta de uma nova supernova.\" \/>\n<meta name=\"robots\" content=\"index, follow, max-snippet:-1, max-image-preview:large, max-video-preview:-1\" \/>\n<link rel=\"canonical\" href=\"https:\/\/www.correiobraziliense.com.br\/cbradar\/por-que-a-morte-dessa-estrela-e-importante-para-o-mundo\/\" \/>\n<meta property=\"og:locale\" content=\"pt_BR\" \/>\n<meta property=\"og:type\" content=\"article\" \/>\n<meta property=\"og:title\" content=\"Por que a morte dessa estrela \u00e9 importante para o mundo\" \/>\n<meta property=\"og:description\" content=\"Desvendando os segredos de uma explos\u00e3o estelar incomum: entenda a import\u00e2ncia da descoberta de uma nova supernova.\" \/>\n<meta property=\"og:url\" content=\"https:\/\/www.correiobraziliense.com.br\/cbradar\/por-que-a-morte-dessa-estrela-e-importante-para-o-mundo\/\" \/>\n<meta property=\"og:site_name\" content=\"Correio Braziliense - Radar\" \/>\n<meta property=\"article:published_time\" content=\"2025-08-19T23:23:00+00:00\" \/>\n<meta property=\"og:image\" content=\"https:\/\/www.correiobraziliense.com.br\/cbradar\/wp-content\/uploads\/2025\/08\/supernova_1755448412008.jpg\" \/>\n\t<meta property=\"og:image:width\" content=\"1280\" \/>\n\t<meta property=\"og:image:height\" content=\"720\" \/>\n\t<meta property=\"og:image:type\" content=\"image\/jpeg\" \/>\n<meta name=\"author\" content=\"Larissa Carvalho\" \/>\n<meta name=\"twitter:card\" content=\"summary_large_image\" \/>\n<meta name=\"twitter:label1\" content=\"Escrito por\" \/>\n\t<meta name=\"twitter:data1\" content=\"Larissa Carvalho\" \/>\n\t<meta name=\"twitter:label2\" content=\"Est. tempo de leitura\" \/>\n\t<meta name=\"twitter:data2\" content=\"3 minutos\" \/>\n<!-- \/ Yoast SEO plugin. -->","yoast_head_json":{"title":"Por que a morte dessa estrela \u00e9 importante para o mundo","description":"Desvendando os segredos de uma explos\u00e3o estelar incomum: entenda a import\u00e2ncia da descoberta de uma nova supernova.","robots":{"index":"index","follow":"follow","max-snippet":"max-snippet:-1","max-image-preview":"max-image-preview:large","max-video-preview":"max-video-preview:-1"},"canonical":"https:\/\/www.correiobraziliense.com.br\/cbradar\/por-que-a-morte-dessa-estrela-e-importante-para-o-mundo\/","og_locale":"pt_BR","og_type":"article","og_title":"Por que a morte dessa estrela \u00e9 importante para o mundo","og_description":"Desvendando os segredos de uma explos\u00e3o estelar incomum: entenda a import\u00e2ncia da descoberta de uma nova supernova.","og_url":"https:\/\/www.correiobraziliense.com.br\/cbradar\/por-que-a-morte-dessa-estrela-e-importante-para-o-mundo\/","og_site_name":"Correio Braziliense - Radar","article_published_time":"2025-08-19T23:23:00+00:00","og_image":[{"width":1280,"height":720,"url":"https:\/\/www.correiobraziliense.com.br\/cbradar\/wp-content\/uploads\/2025\/08\/supernova_1755448412008.jpg","type":"image\/jpeg"}],"author":"Larissa Carvalho","twitter_card":"summary_large_image","twitter_misc":{"Escrito por":"Larissa Carvalho","Est. tempo de leitura":"3 minutos"},"schema":{"@context":"https:\/\/schema.org","@graph":[{"@type":"WebPage","@id":"https:\/\/www.correiobraziliense.com.br\/cbradar\/por-que-a-morte-dessa-estrela-e-importante-para-o-mundo\/","url":"https:\/\/www.correiobraziliense.com.br\/cbradar\/por-que-a-morte-dessa-estrela-e-importante-para-o-mundo\/","name":"Por que a morte dessa estrela \u00e9 importante para o mundo","isPartOf":{"@id":"https:\/\/www.correiobraziliense.com.br\/cbradar\/#website"},"primaryImageOfPage":{"@id":"https:\/\/www.correiobraziliense.com.br\/cbradar\/por-que-a-morte-dessa-estrela-e-importante-para-o-mundo\/#primaryimage"},"image":{"@id":"https:\/\/www.correiobraziliense.com.br\/cbradar\/por-que-a-morte-dessa-estrela-e-importante-para-o-mundo\/#primaryimage"},"thumbnailUrl":"https:\/\/www.correiobraziliense.com.br\/cbradar\/wp-content\/uploads\/2025\/08\/supernova_1755448412008.jpg","datePublished":"2025-08-19T23:23:00+00:00","author":{"@id":"https:\/\/www.correiobraziliense.com.br\/cbradar\/#\/schema\/person\/58422787644df994b53a19d3e56c1513"},"description":"Desvendando os segredos de uma explos\u00e3o estelar incomum: entenda a import\u00e2ncia da descoberta de uma nova supernova.","breadcrumb":{"@id":"https:\/\/www.correiobraziliense.com.br\/cbradar\/por-que-a-morte-dessa-estrela-e-importante-para-o-mundo\/#breadcrumb"},"inLanguage":"pt-BR","potentialAction":[{"@type":"ReadAction","target":["https:\/\/www.correiobraziliense.com.br\/cbradar\/por-que-a-morte-dessa-estrela-e-importante-para-o-mundo\/"]}]},{"@type":"ImageObject","inLanguage":"pt-BR","@id":"https:\/\/www.correiobraziliense.com.br\/cbradar\/por-que-a-morte-dessa-estrela-e-importante-para-o-mundo\/#primaryimage","url":"https:\/\/www.correiobraziliense.com.br\/cbradar\/wp-content\/uploads\/2025\/08\/supernova_1755448412008.jpg","contentUrl":"https:\/\/www.correiobraziliense.com.br\/cbradar\/wp-content\/uploads\/2025\/08\/supernova_1755448412008.jpg","width":1280,"height":720,"caption":"supernova. Cr\u00e9ditos: depositphotos.com \/ titoOnz"},{"@type":"BreadcrumbList","@id":"https:\/\/www.correiobraziliense.com.br\/cbradar\/por-que-a-morte-dessa-estrela-e-importante-para-o-mundo\/#breadcrumb","itemListElement":[{"@type":"ListItem","position":1,"name":"In\u00edcio","item":"https:\/\/www.correiobraziliense.com.br\/cbradar\/"},{"@type":"ListItem","position":2,"name":"Por que a morte dessa estrela \u00e9 importante para o mundo"}]},{"@type":"WebSite","@id":"https:\/\/www.correiobraziliense.com.br\/cbradar\/#website","url":"https:\/\/www.correiobraziliense.com.br\/cbradar\/","name":"Correio Braziliense - Radar","description":"Acompanhe as \u00faltimas not\u00edcias e fique bem informado sobre tudo o que acontece no Brasil e no mundo.","potentialAction":[{"@type":"SearchAction","target":{"@type":"EntryPoint","urlTemplate":"https:\/\/www.correiobraziliense.com.br\/cbradar\/?s={search_term_string}"},"query-input":{"@type":"PropertyValueSpecification","valueRequired":true,"valueName":"search_term_string"}}],"inLanguage":"pt-BR"},{"@type":"Person","@id":"https:\/\/www.correiobraziliense.com.br\/cbradar\/#\/schema\/person\/58422787644df994b53a19d3e56c1513","name":"Larissa Carvalho","image":{"@type":"ImageObject","inLanguage":"pt-BR","@id":"https:\/\/www.correiobraziliense.com.br\/cbradar\/#\/schema\/person\/image\/","url":"https:\/\/secure.gravatar.com\/avatar\/fe4f91a0de32b52a838d0d612abdc1aa?s=96&d=mm&r=g","contentUrl":"https:\/\/secure.gravatar.com\/avatar\/fe4f91a0de32b52a838d0d612abdc1aa?s=96&d=mm&r=g","caption":"Larissa Carvalho"},"url":"https:\/\/www.correiobraziliense.com.br\/cbradar\/author\/larissamyth\/"}]}},"_links":{"self":[{"href":"https:\/\/www.correiobraziliense.com.br\/cbradar\/wp-json\/wp\/v2\/posts\/88188","targetHints":{"allow":["GET"]}}],"collection":[{"href":"https:\/\/www.correiobraziliense.com.br\/cbradar\/wp-json\/wp\/v2\/posts"}],"about":[{"href":"https:\/\/www.correiobraziliense.com.br\/cbradar\/wp-json\/wp\/v2\/types\/post"}],"author":[{"embeddable":true,"href":"https:\/\/www.correiobraziliense.com.br\/cbradar\/wp-json\/wp\/v2\/users\/3"}],"replies":[{"embeddable":true,"href":"https:\/\/www.correiobraziliense.com.br\/cbradar\/wp-json\/wp\/v2\/comments?post=88188"}],"version-history":[{"count":2,"href":"https:\/\/www.correiobraziliense.com.br\/cbradar\/wp-json\/wp\/v2\/posts\/88188\/revisions"}],"predecessor-version":[{"id":88192,"href":"https:\/\/www.correiobraziliense.com.br\/cbradar\/wp-json\/wp\/v2\/posts\/88188\/revisions\/88192"}],"wp:featuredmedia":[{"embeddable":true,"href":"https:\/\/www.correiobraziliense.com.br\/cbradar\/wp-json\/wp\/v2\/media\/88190"}],"wp:attachment":[{"href":"https:\/\/www.correiobraziliense.com.br\/cbradar\/wp-json\/wp\/v2\/media?parent=88188"}],"wp:term":[{"taxonomy":"category","embeddable":true,"href":"https:\/\/www.correiobraziliense.com.br\/cbradar\/wp-json\/wp\/v2\/categories?post=88188"},{"taxonomy":"post_tag","embeddable":true,"href":"https:\/\/www.correiobraziliense.com.br\/cbradar\/wp-json\/wp\/v2\/post_tag?post=88188"}],"curies":[{"name":"wp","href":"https:\/\/api.w.org\/{rel}","templated":true}]}}