{"id":88391,"date":"2025-08-18T20:33:00","date_gmt":"2025-08-18T23:33:00","guid":{"rendered":"https:\/\/www.correiobraziliense.com.br\/cbradar\/?p=88391"},"modified":"2025-08-17T22:53:33","modified_gmt":"2025-08-18T01:53:33","slug":"por-que-algumas-pessoas-tem-fobia-de-insetos","status":"publish","type":"post","link":"https:\/\/www.correiobraziliense.com.br\/cbradar\/por-que-algumas-pessoas-tem-fobia-de-insetos\/","title":{"rendered":"Por que algumas pessoas t\u00eam fobia de insetos?"},"content":{"rendered":"\n<p>A<strong> fobia de insetos<\/strong>, conhecida como <strong><a href=\"https:\/\/pt.wikipedia.org\/wiki\/Entomofobia\" target=\"_blank\" rel=\"noreferrer noopener\">entomofobia<\/a><\/strong>, \u00e9 uma curiosidade fascinante que ilustra mecanismos protetores da mente humana, revelando como instintos ancestrais influenciam comportamentos modernos. Positivamente, essa rea\u00e7\u00e3o pode ser vista como um sinal de vigil\u00e2ncia evolutiva, ajudando a explorar o equil\u00edbrio entre medo e supera\u00e7\u00e3o. Essa an\u00e1lise destaca atrativos da psicologia, mostrando caminhos para compreens\u00e3o e controle.<\/p>\n\n\n\n<h2 class=\"wp-block-heading\">O que causa a fobia de insetos segundo especialistas?<\/h2>\n\n\n\n<p><strong>Algumas pessoas t\u00eam fobia de insetos devido a fatores evolutivos e experi\u00eancias traum\u00e1ticas que ativam respostas de sobreviv\u00eancia.<\/strong> Psic\u00f3logos explicam que o medo instintivo surge de ancestrais que evitavam perigos como picadas venenosas, promovendo a perpetua\u00e7\u00e3o da esp\u00e9cie. Essa vis\u00e3o transforma a fobia em uma curiosidade sobre adapta\u00e7\u00e3o humana, destacando sua fun\u00e7\u00e3o protetora.<\/p>\n\n\n\n<p>Estudos em neuroci\u00eancia mostram que o c\u00e9rebro processa insetos como amea\u00e7as r\u00e1pidas, desencadeando adrenalina. No <strong>Brasil<\/strong>, onde biodiversidade como na <strong>Amaz\u00f4nia<\/strong> \u00e9 rica, essa fobia incentiva educa\u00e7\u00e3o ambiental, tornando-a uma oportunidade para aprendizado e respeito pela natureza.<\/p>\n\n\n<div class=\"wp-block-image\">\n<figure class=\"aligncenter size-large\"><img decoding=\"async\" width=\"1024\" height=\"576\" src=\"https:\/\/www.correiobraziliense.com.br\/cbradar\/wp-content\/uploads\/2025\/08\/insetos_1755481687432-1024x576.jpg\" alt=\"\" class=\"wp-image-88420\" srcset=\"https:\/\/www.correiobraziliense.com.br\/cbradar\/wp-content\/uploads\/2025\/08\/insetos_1755481687432-1024x576.jpg 1024w, https:\/\/www.correiobraziliense.com.br\/cbradar\/wp-content\/uploads\/2025\/08\/insetos_1755481687432-300x169.jpg 300w, https:\/\/www.correiobraziliense.com.br\/cbradar\/wp-content\/uploads\/2025\/08\/insetos_1755481687432-768x432.jpg 768w, https:\/\/www.correiobraziliense.com.br\/cbradar\/wp-content\/uploads\/2025\/08\/insetos_1755481687432-750x422.jpg 750w, https:\/\/www.correiobraziliense.com.br\/cbradar\/wp-content\/uploads\/2025\/08\/insetos_1755481687432-1140x641.jpg 1140w, https:\/\/www.correiobraziliense.com.br\/cbradar\/wp-content\/uploads\/2025\/08\/insetos_1755481687432.jpg 1280w\" sizes=\"(max-width: 1024px) 100vw, 1024px\" \/><figcaption class=\"wp-element-caption\">Insetos \/\/ Cr\u00e9ditos: depositphotos.com \/ VadimVasenin<\/figcaption><\/figure><\/div>\n\n\n<h2 class=\"wp-block-heading\">Ra\u00edzes evolutivas dessa rea\u00e7\u00e3o intrigante<\/h2>\n\n\n\n<p>A evolu\u00e7\u00e3o moldou medos de insetos para prote\u00e7\u00e3o contra doen\u00e7as transmitidas por vetores. <strong>Isso explica por que o nojo e o medo s\u00e3o comuns, servindo como barreiras naturais contra contamina\u00e7\u00e3o.<\/strong> Pesquisas indicam que tra\u00e7os gen\u00e9ticos perpetuam essa resposta, mas com potencial para modera\u00e7\u00e3o atrav\u00e9s de consci\u00eancia.<\/p>\n\n\n\n<p>Em contextos culturais, como tradi\u00e7\u00f5es ind\u00edgenas brasileiras, insetos s\u00e3o vistos com rever\u00eancia, contrastando fobias urbanas. Essa dualidade adiciona atrativo \u00e0 curiosidade, convidando a reflex\u00f5es sobre como o ambiente moderno amplifica instintos antigos de forma positiva.<\/p>\n\n\n\n<h2 class=\"wp-block-heading\">Experi\u00eancias pessoais e seu impacto<\/h2>\n\n\n\n<p>Traumas como picadas na inf\u00e2ncia frequentemente geram fobias persistentes. <strong>Algumas pessoas desenvolvem medo intenso ap\u00f3s eventos negativos, mas isso pode ser superado com terapias eficazes.<\/strong> Psic\u00f3logos destacam que entender origens pessoais transforma a fobia em uma jornada de autoconhecimento, promovendo empoderamento.<\/p>\n\n\n\n<p>No <strong>Brasil<\/strong>, relatos em terapias como as oferecidas pela <strong>Universidade Federal do Rio de Janeiro<\/strong> mostram que compartilhar hist\u00f3rias reduz isolamento. Essa abordagem positiva enfatiza o potencial de crescimento, tornando a curiosidade uma ferramenta para resili\u00eancia emocional.<\/p>\n\n\n\n<h2 class=\"wp-block-heading\">Aspectos psicol\u00f3gicos e emocionais envolvidos<\/h2>\n\n\n\n<p>Fobias de insetos ligam-se a ansiedades gerais, como medo de perda de controle. <strong>Isso ocorre porque insetos representam imprevisibilidade, mas reconhecer isso abre caminhos para manejo saud\u00e1vel.<\/strong> Estudos cognitivo-comportamentais revelam que exposi\u00e7\u00f5es graduais diminuem rea\u00e7\u00f5es, destacando a plasticidade cerebral como atrativo.<\/p>\n\n\n\n<p>Especialistas brasileiros enfatizam que essas fobias fomentam empatia em grupos de apoio, fortalecendo la\u00e7os sociais. Essa perspectiva otimista transforma o medo em uma curiosidade que inspira estrat\u00e9gias de coping inovadoras.<\/p>\n\n\n\n<h2 class=\"wp-block-heading\">Como superar fobias?<\/h2>\n\n\n\n<p>Superar entomofobia traz liberdade e maior aprecia\u00e7\u00e3o pela natureza. <strong>Isso permite explorar ecossistemas ricos, como parques em S\u00e3o Paulo, com confian\u00e7a renovada.<\/strong> Terapias como realidade virtual, emergentes no pa\u00eds, mostram taxas altas de sucesso, incentivando curiosidade sobre avan\u00e7os psicol\u00f3gicos.<\/p>\n\n\n\n<p>Ademais, indiv\u00edduos que vencem o medo relatam maior bem-estar, vendo insetos como aliados ecol\u00f3gicos. Essa mudan\u00e7a positiva refor\u00e7a o atrativo da fobia como catalisador para educa\u00e7\u00e3o e sustentabilidade ambiental.<\/p>\n\n\n\n<p><strong>Leia tamb\u00e9m: <a href=\"https:\/\/www.correiobraziliense.com.br\/cbradar\/por-que-os-gatos-laranjas-sao-tao-brincalhoes-segundo-a-ciencia\/\" target=\"_blank\" rel=\"noreferrer noopener\">Por que os gatos laranjas s\u00e3o t\u00e3o brincalh\u00f5es segundo a ci\u00eancia<\/a>.<\/strong><\/p>\n\n\n\n<h2 class=\"wp-block-heading\">Influ\u00eancias culturais na percep\u00e7\u00e3o de insetos<\/h2>\n\n\n\n<p>No <strong>Brasil<\/strong>, misturas de cren\u00e7as ind\u00edgenas e urbanas moldam vis\u00f5es sobre insetos. <strong>Isso explica varia\u00e7\u00f5es na fobia, com potencial para interpreta\u00e7\u00f5es positivas em contextos rurais.<\/strong> Estudos antropol\u00f3gicos destacam como festas folcl\u00f3ricas integram insetos simb\u00f3licos, reduzindo medos atrav\u00e9s de familiaridade.<\/p>\n\n\n\n<p>Essa diversidade cultural enriquece a curiosidade, convidando a di\u00e1logos interdisciplinares. Psic\u00f3logos contempor\u00e2neos usam essas influ\u00eancias para terapias adaptadas, promovendo uma vis\u00e3o harmoniosa entre humanos e natureza.<\/p>\n","protected":false},"excerpt":{"rendered":"<p>A fobia de insetos, conhecida como entomofobia, \u00e9 uma curiosidade fascinante que ilustra mecanismos protetores da mente humana, revelando como instintos ancestrais influenciam comportamentos modernos. Positivamente, essa rea\u00e7\u00e3o pode ser vista como um sinal de vigil\u00e2ncia evolutiva, ajudando a explorar o equil\u00edbrio entre medo e supera\u00e7\u00e3o. Essa an\u00e1lise destaca atrativos da psicologia, mostrando caminhos para [&hellip;]<\/p>\n","protected":false},"author":8,"featured_media":88419,"comment_status":"open","ping_status":"open","sticky":false,"template":"","format":"standard","meta":{"_yoast_wpseo_focuskw":"fobia","_yoast_wpseo_title":"","_yoast_wpseo_metadesc":"A fobia de insetos pode parecer apenas um medo exagerado, mas a psicologia explica por que tantas pessoas sofrem com isso.","jnews-multi-image_gallery":[],"jnews_single_post":{"format":"standard"},"jnews_primary_category":[],"jnews_social_meta":[],"jnews_override_counter":[],"footnotes":""},"categories":[112],"tags":[9486,9487],"class_list":["post-88391","post","type-post","status-publish","format-standard","has-post-thumbnail","hentry","category-curiosidades","tag-entomofobia","tag-fobia-de-insetos"],"yoast_head":"<!-- This site is optimized with the Yoast SEO plugin v24.6 - https:\/\/yoast.com\/wordpress\/plugins\/seo\/ -->\n<title>Por que algumas pessoas t\u00eam fobia de insetos? - Correio Braziliense - Radar<\/title>\n<meta name=\"description\" content=\"A fobia de insetos pode parecer apenas um medo exagerado, mas a psicologia explica por que tantas pessoas sofrem com isso.\" \/>\n<meta name=\"robots\" content=\"index, follow, max-snippet:-1, max-image-preview:large, max-video-preview:-1\" \/>\n<link rel=\"canonical\" href=\"https:\/\/www.correiobraziliense.com.br\/cbradar\/por-que-algumas-pessoas-tem-fobia-de-insetos\/\" \/>\n<meta property=\"og:locale\" content=\"pt_BR\" \/>\n<meta property=\"og:type\" content=\"article\" \/>\n<meta property=\"og:title\" content=\"Por que algumas pessoas t\u00eam fobia de insetos? - Correio Braziliense - Radar\" \/>\n<meta property=\"og:description\" content=\"A fobia de insetos pode parecer apenas um medo exagerado, mas a psicologia explica por que tantas pessoas sofrem com isso.\" \/>\n<meta property=\"og:url\" content=\"https:\/\/www.correiobraziliense.com.br\/cbradar\/por-que-algumas-pessoas-tem-fobia-de-insetos\/\" \/>\n<meta property=\"og:site_name\" content=\"Correio Braziliense - Radar\" \/>\n<meta property=\"article:published_time\" content=\"2025-08-18T23:33:00+00:00\" \/>\n<meta property=\"og:image\" content=\"https:\/\/www.correiobraziliense.com.br\/cbradar\/wp-content\/uploads\/2025\/08\/insetos_1755481081691.jpg\" \/>\n\t<meta property=\"og:image:width\" content=\"1280\" \/>\n\t<meta property=\"og:image:height\" content=\"720\" \/>\n\t<meta property=\"og:image:type\" content=\"image\/jpeg\" \/>\n<meta name=\"author\" content=\"Maura Pereira\" \/>\n<meta name=\"twitter:card\" content=\"summary_large_image\" \/>\n<meta name=\"twitter:label1\" content=\"Escrito por\" \/>\n\t<meta name=\"twitter:data1\" content=\"Maura Pereira\" \/>\n\t<meta name=\"twitter:label2\" content=\"Est. tempo de leitura\" \/>\n\t<meta name=\"twitter:data2\" content=\"4 minutos\" \/>\n<!-- \/ Yoast SEO plugin. -->","yoast_head_json":{"title":"Por que algumas pessoas t\u00eam fobia de insetos? - Correio Braziliense - Radar","description":"A fobia de insetos pode parecer apenas um medo exagerado, mas a psicologia explica por que tantas pessoas sofrem com isso.","robots":{"index":"index","follow":"follow","max-snippet":"max-snippet:-1","max-image-preview":"max-image-preview:large","max-video-preview":"max-video-preview:-1"},"canonical":"https:\/\/www.correiobraziliense.com.br\/cbradar\/por-que-algumas-pessoas-tem-fobia-de-insetos\/","og_locale":"pt_BR","og_type":"article","og_title":"Por que algumas pessoas t\u00eam fobia de insetos? - Correio Braziliense - Radar","og_description":"A fobia de insetos pode parecer apenas um medo exagerado, mas a psicologia explica por que tantas pessoas sofrem com isso.","og_url":"https:\/\/www.correiobraziliense.com.br\/cbradar\/por-que-algumas-pessoas-tem-fobia-de-insetos\/","og_site_name":"Correio Braziliense - Radar","article_published_time":"2025-08-18T23:33:00+00:00","og_image":[{"width":1280,"height":720,"url":"https:\/\/www.correiobraziliense.com.br\/cbradar\/wp-content\/uploads\/2025\/08\/insetos_1755481081691.jpg","type":"image\/jpeg"}],"author":"Maura Pereira","twitter_card":"summary_large_image","twitter_misc":{"Escrito por":"Maura Pereira","Est. tempo de leitura":"4 minutos"},"schema":{"@context":"https:\/\/schema.org","@graph":[{"@type":"WebPage","@id":"https:\/\/www.correiobraziliense.com.br\/cbradar\/por-que-algumas-pessoas-tem-fobia-de-insetos\/","url":"https:\/\/www.correiobraziliense.com.br\/cbradar\/por-que-algumas-pessoas-tem-fobia-de-insetos\/","name":"Por que algumas pessoas t\u00eam fobia de insetos? - Correio Braziliense - Radar","isPartOf":{"@id":"https:\/\/www.correiobraziliense.com.br\/cbradar\/#website"},"primaryImageOfPage":{"@id":"https:\/\/www.correiobraziliense.com.br\/cbradar\/por-que-algumas-pessoas-tem-fobia-de-insetos\/#primaryimage"},"image":{"@id":"https:\/\/www.correiobraziliense.com.br\/cbradar\/por-que-algumas-pessoas-tem-fobia-de-insetos\/#primaryimage"},"thumbnailUrl":"https:\/\/www.correiobraziliense.com.br\/cbradar\/wp-content\/uploads\/2025\/08\/insetos_1755481081691.jpg","datePublished":"2025-08-18T23:33:00+00:00","author":{"@id":"https:\/\/www.correiobraziliense.com.br\/cbradar\/#\/schema\/person\/4053c651a9bfc785afc6f4cbc9032fd3"},"description":"A fobia de insetos pode parecer apenas um medo exagerado, mas a psicologia explica por que tantas pessoas sofrem com isso.","breadcrumb":{"@id":"https:\/\/www.correiobraziliense.com.br\/cbradar\/por-que-algumas-pessoas-tem-fobia-de-insetos\/#breadcrumb"},"inLanguage":"pt-BR","potentialAction":[{"@type":"ReadAction","target":["https:\/\/www.correiobraziliense.com.br\/cbradar\/por-que-algumas-pessoas-tem-fobia-de-insetos\/"]}]},{"@type":"ImageObject","inLanguage":"pt-BR","@id":"https:\/\/www.correiobraziliense.com.br\/cbradar\/por-que-algumas-pessoas-tem-fobia-de-insetos\/#primaryimage","url":"https:\/\/www.correiobraziliense.com.br\/cbradar\/wp-content\/uploads\/2025\/08\/insetos_1755481081691.jpg","contentUrl":"https:\/\/www.correiobraziliense.com.br\/cbradar\/wp-content\/uploads\/2025\/08\/insetos_1755481081691.jpg","width":1280,"height":720,"caption":"Esperan\u00e7a, inseto \/\/ Cr\u00e9ditos: depositphotos.com \/ alexsvirid"},{"@type":"BreadcrumbList","@id":"https:\/\/www.correiobraziliense.com.br\/cbradar\/por-que-algumas-pessoas-tem-fobia-de-insetos\/#breadcrumb","itemListElement":[{"@type":"ListItem","position":1,"name":"In\u00edcio","item":"https:\/\/www.correiobraziliense.com.br\/cbradar\/"},{"@type":"ListItem","position":2,"name":"Por que algumas pessoas t\u00eam fobia de insetos?"}]},{"@type":"WebSite","@id":"https:\/\/www.correiobraziliense.com.br\/cbradar\/#website","url":"https:\/\/www.correiobraziliense.com.br\/cbradar\/","name":"Correio Braziliense - Radar","description":"Acompanhe as \u00faltimas not\u00edcias e fique bem informado sobre tudo o que acontece no Brasil e no mundo.","potentialAction":[{"@type":"SearchAction","target":{"@type":"EntryPoint","urlTemplate":"https:\/\/www.correiobraziliense.com.br\/cbradar\/?s={search_term_string}"},"query-input":{"@type":"PropertyValueSpecification","valueRequired":true,"valueName":"search_term_string"}}],"inLanguage":"pt-BR"},{"@type":"Person","@id":"https:\/\/www.correiobraziliense.com.br\/cbradar\/#\/schema\/person\/4053c651a9bfc785afc6f4cbc9032fd3","name":"Maura Pereira","image":{"@type":"ImageObject","inLanguage":"pt-BR","@id":"https:\/\/www.correiobraziliense.com.br\/cbradar\/#\/schema\/person\/image\/","url":"https:\/\/secure.gravatar.com\/avatar\/3effd6bdadfa447f15089c7f7144eaa6?s=96&d=mm&r=g","contentUrl":"https:\/\/secure.gravatar.com\/avatar\/3effd6bdadfa447f15089c7f7144eaa6?s=96&d=mm&r=g","caption":"Maura Pereira"},"sameAs":["https:\/\/www.correiobraziliense.com.br\/"],"url":"https:\/\/www.correiobraziliense.com.br\/cbradar\/author\/mauramyth\/"}]}},"_links":{"self":[{"href":"https:\/\/www.correiobraziliense.com.br\/cbradar\/wp-json\/wp\/v2\/posts\/88391","targetHints":{"allow":["GET"]}}],"collection":[{"href":"https:\/\/www.correiobraziliense.com.br\/cbradar\/wp-json\/wp\/v2\/posts"}],"about":[{"href":"https:\/\/www.correiobraziliense.com.br\/cbradar\/wp-json\/wp\/v2\/types\/post"}],"author":[{"embeddable":true,"href":"https:\/\/www.correiobraziliense.com.br\/cbradar\/wp-json\/wp\/v2\/users\/8"}],"replies":[{"embeddable":true,"href":"https:\/\/www.correiobraziliense.com.br\/cbradar\/wp-json\/wp\/v2\/comments?post=88391"}],"version-history":[{"count":10,"href":"https:\/\/www.correiobraziliense.com.br\/cbradar\/wp-json\/wp\/v2\/posts\/88391\/revisions"}],"predecessor-version":[{"id":88421,"href":"https:\/\/www.correiobraziliense.com.br\/cbradar\/wp-json\/wp\/v2\/posts\/88391\/revisions\/88421"}],"wp:featuredmedia":[{"embeddable":true,"href":"https:\/\/www.correiobraziliense.com.br\/cbradar\/wp-json\/wp\/v2\/media\/88419"}],"wp:attachment":[{"href":"https:\/\/www.correiobraziliense.com.br\/cbradar\/wp-json\/wp\/v2\/media?parent=88391"}],"wp:term":[{"taxonomy":"category","embeddable":true,"href":"https:\/\/www.correiobraziliense.com.br\/cbradar\/wp-json\/wp\/v2\/categories?post=88391"},{"taxonomy":"post_tag","embeddable":true,"href":"https:\/\/www.correiobraziliense.com.br\/cbradar\/wp-json\/wp\/v2\/tags?post=88391"}],"curies":[{"name":"wp","href":"https:\/\/api.w.org\/{rel}","templated":true}]}}