{"id":8878,"date":"2025-03-05T07:23:00","date_gmt":"2025-03-05T10:23:00","guid":{"rendered":"https:\/\/www.correiobraziliense.com.br\/cbradar\/?p=8878"},"modified":"2025-03-05T02:36:46","modified_gmt":"2025-03-05T05:36:46","slug":"todos-os-personagens-que-nao-voltam-para-a-3a-temporada-de-euphoria","status":"publish","type":"post","link":"https:\/\/www.correiobraziliense.com.br\/cbradar\/todos-os-personagens-que-nao-voltam-para-a-3a-temporada-de-euphoria\/","title":{"rendered":"Todos os personagens que n\u00e3o voltam para a 3\u00aa temporada de Euphoria"},"content":{"rendered":"\n<p>Ap\u00f3s uma longa espera, a s\u00e9rie\u00a0<strong><a href=\"https:\/\/www.correiobraziliense.com.br\/cbradar\/max-confirma-3a-temporada-de-euphoria\/\" target=\"_blank\" rel=\"noreferrer noopener\">Euphoria<\/a><\/strong>\u00a0est\u00e1 finalmente em processo de grava\u00e7\u00e3o para sua terceira temporada. A produ\u00e7\u00e3o, que ocorre em <strong>Los Angeles<\/strong>, vem cercada de expectativas e mudan\u00e7as significativas no elenco. Desde o \u00faltimo epis\u00f3dio, h\u00e1 quase tr\u00eas anos, os f\u00e3s aguardam ansiosamente por novos desenvolvimentos na trama que promete um salto temporal e algumas surpresas.<\/p>\n\n\n\n<p>O retorno da s\u00e9rie foi marcado por uma s\u00e9rie de desafios, incluindo atrasos no roteiro e a sa\u00edda de alguns atores. Apesar das dificuldades, a nova temporada est\u00e1 prevista para estrear em 2025, trazendo consigo uma nova din\u00e2mica e personagens que prometem cativar o p\u00fablico.<\/p>\n\n\n\n<h2 class=\"wp-block-heading\"><strong>Quais mudan\u00e7as no elenco de Euphoria?<\/strong><\/h2>\n\n\n\n<p>Uma das principais mudan\u00e7as na terceira temporada de\u00a0<em>Euphoria<\/em>\u00a0\u00e9 a sa\u00edda de alguns atores que marcaram presen\u00e7a nas temporadas anteriores.\u00a0<strong>Barbie Ferreira<\/strong>, que interpretava <strong>Kat<\/strong>, foi uma das primeiras a anunciar sua sa\u00edda. Em entrevista, a atriz mencionou que sua decis\u00e3o foi baseada em quest\u00f5es criativas, afirmando que n\u00e3o via um desenvolvimento adequado para sua personagem.<\/p>\n\n\n\n<p>Outra sa\u00edda confirmada \u00e9 a de\u00a0<strong>Storm Reid<\/strong>, que interpretava <strong>Gia<\/strong>, a irm\u00e3 de <strong>Rue<\/strong>. Reid expressou sua gratid\u00e3o ao elenco e \u00e0 equipe, mas confirmou que n\u00e3o retornar\u00e1 para a nova temporada. Al\u00e9m delas, outros atores como\u00a0<strong>Nika King<\/strong>,\u00a0<strong>Algee Smith<\/strong>\u00a0e\u00a0<strong>Austin Abrams<\/strong>\u00a0tamb\u00e9m n\u00e3o estar\u00e3o presentes no novo elenco.<\/p>\n\n\n\n<iframe loading=\"lazy\" width=\"560\" height=\"315\" src=\"https:\/\/www.youtube.com\/embed\/SmuIvbs0WmM?si=WZxeEVaD7xQJDBE2\" title=\"YouTube video player\" frameborder=\"0\" allow=\"accelerometer; autoplay; clipboard-write; encrypted-media; gyroscope; picture-in-picture; web-share\" referrerpolicy=\"strict-origin-when-cross-origin\" allowfullscreen><\/iframe>\n\n\n\n<h2 class=\"wp-block-heading\"><strong>Como ser\u00e1 a nova trama de Euphoria?<\/strong><\/h2>\n\n\n\n<p>A terceira temporada de&nbsp;<strong>Euphoria<\/strong>&nbsp;promete um salto temporal que trar\u00e1 novas perspectivas para os personagens remanescentes. Este avan\u00e7o no tempo pode oferecer uma oportunidade para explorar novas hist\u00f3rias e desafios, mantendo a ess\u00eancia que conquistou tantos f\u00e3s ao redor do mundo.<\/p>\n\n\n\n<p>Embora detalhes espec\u00edficos sobre a trama ainda sejam mantidos em segredo, espera-se que a s\u00e9rie continue a abordar temas complexos e relevantes, mantendo o estilo visual e narrativo que a tornou um sucesso. A presen\u00e7a de&nbsp;<strong>Zendaya<\/strong>&nbsp;como protagonista continua a ser um dos pilares da s\u00e9rie, garantindo que a ess\u00eancia de&nbsp;<em>Euphoria<\/em>&nbsp;permane\u00e7a intacta.<\/p>\n\n\n\n<figure class=\"wp-block-image size-large\"><img decoding=\"async\" width=\"1024\" height=\"576\" src=\"https:\/\/www.correiobraziliense.com.br\/cbradar\/wp-content\/uploads\/2025\/03\/Euphoria-1024x576.png\" alt=\"Todos os personagens que n\u00e3o voltam para a 3\u00aa temporada de Euphoria\" class=\"wp-image-8880\" srcset=\"https:\/\/www.correiobraziliense.com.br\/cbradar\/wp-content\/uploads\/2025\/03\/Euphoria-1024x576.png 1024w, https:\/\/www.correiobraziliense.com.br\/cbradar\/wp-content\/uploads\/2025\/03\/Euphoria-300x169.png 300w, https:\/\/www.correiobraziliense.com.br\/cbradar\/wp-content\/uploads\/2025\/03\/Euphoria-768x432.png 768w, https:\/\/www.correiobraziliense.com.br\/cbradar\/wp-content\/uploads\/2025\/03\/Euphoria-750x422.png 750w, https:\/\/www.correiobraziliense.com.br\/cbradar\/wp-content\/uploads\/2025\/03\/Euphoria-1140x641.png 1140w, https:\/\/www.correiobraziliense.com.br\/cbradar\/wp-content\/uploads\/2025\/03\/Euphoria.png 1280w\" sizes=\"(max-width: 1024px) 100vw, 1024px\" \/><figcaption class=\"wp-element-caption\">Euphoria. Fonte: Marcell Rev\/HBO <\/figcaption><\/figure>\n\n\n\n<h2 class=\"wp-block-heading\"><strong>O que esperar do futuro de Euphoria?<\/strong><\/h2>\n\n\n\n<p>Com a estreia prevista para 2025, a terceira temporada de&nbsp;<strong>Euphoria<\/strong>&nbsp;traz consigo a expectativa de continuar a inovar e surpreender. A s\u00e9rie, conhecida por sua abordagem ousada e est\u00e9tica marcante, tem a oportunidade de explorar novas narrativas e aprofundar o desenvolvimento de seus personagens.<\/p>\n\n\n\n<p>Os f\u00e3s aguardam ansiosamente por novos epis\u00f3dios que prometem trazer emo\u00e7\u00f5es intensas e reviravoltas inesperadas. A s\u00e9rie, que j\u00e1 se consolidou como um fen\u00f4meno cultural, tem o desafio de manter sua relev\u00e2ncia e continuar a cativar o p\u00fablico com hist\u00f3rias aut\u00eanticas e impactantes.<\/p>\n","protected":false},"excerpt":{"rendered":"<p>Receba as \u00faltimas atualiza\u00e7\u00f5es sobre a aguardada terceira temporada de Euphoria, incluindo mudan\u00e7as no elenco, filmagens e previs\u00f5es.<\/p>\n","protected":false},"author":3,"featured_media":8879,"comment_status":"open","ping_status":"open","sticky":false,"template":"","format":"standard","meta":{"_yoast_wpseo_focuskw":"Euphoria","_yoast_wpseo_title":"%%title%%","_yoast_wpseo_metadesc":"Receba as \u00faltimas atualiza\u00e7\u00f5es sobre a aguardada terceira temporada de Euphoria, incluindo mudan\u00e7as no elenco, filmagens e previs\u00f5es.","jnews-multi-image_gallery":[],"jnews_single_post":{"format":"standard"},"jnews_primary_category":[],"jnews_social_meta":[],"jnews_override_counter":[],"footnotes":""},"categories":[140],"tags":[1483,568],"class_list":["post-8878","post","type-post","status-publish","format-standard","has-post-thumbnail","hentry","category-entretenimento","tag-euphoria-filmes","tag-series-e-filmes"],"yoast_head":"<!-- This site is optimized with the Yoast SEO plugin v24.6 - https:\/\/yoast.com\/wordpress\/plugins\/seo\/ -->\n<title>Todos os personagens que n\u00e3o voltam para a 3\u00aa temporada de Euphoria<\/title>\n<meta name=\"description\" content=\"Receba as \u00faltimas atualiza\u00e7\u00f5es sobre a aguardada terceira temporada de Euphoria, incluindo mudan\u00e7as no elenco, filmagens e previs\u00f5es.\" \/>\n<meta name=\"robots\" content=\"index, follow, max-snippet:-1, max-image-preview:large, max-video-preview:-1\" \/>\n<link rel=\"canonical\" href=\"https:\/\/www.correiobraziliense.com.br\/cbradar\/todos-os-personagens-que-nao-voltam-para-a-3a-temporada-de-euphoria\/\" \/>\n<meta property=\"og:locale\" content=\"pt_BR\" \/>\n<meta property=\"og:type\" content=\"article\" \/>\n<meta property=\"og:title\" content=\"Todos os personagens que n\u00e3o voltam para a 3\u00aa temporada de Euphoria\" \/>\n<meta property=\"og:description\" content=\"Receba as \u00faltimas atualiza\u00e7\u00f5es sobre a aguardada terceira temporada de Euphoria, incluindo mudan\u00e7as no elenco, filmagens e previs\u00f5es.\" \/>\n<meta property=\"og:url\" content=\"https:\/\/www.correiobraziliense.com.br\/cbradar\/todos-os-personagens-que-nao-voltam-para-a-3a-temporada-de-euphoria\/\" \/>\n<meta property=\"og:site_name\" content=\"Correio Braziliense - Radar\" \/>\n<meta property=\"article:published_time\" content=\"2025-03-05T10:23:00+00:00\" \/>\n<meta property=\"og:image\" content=\"https:\/\/www.correiobraziliense.com.br\/cbradar\/wp-content\/uploads\/2025\/03\/zendaya_1741096549516.jpg\" \/>\n\t<meta property=\"og:image:width\" content=\"1280\" \/>\n\t<meta property=\"og:image:height\" content=\"720\" \/>\n\t<meta property=\"og:image:type\" content=\"image\/jpeg\" \/>\n<meta name=\"author\" content=\"Larissa Carvalho\" \/>\n<meta name=\"twitter:card\" content=\"summary_large_image\" \/>\n<meta name=\"twitter:label1\" content=\"Escrito por\" \/>\n\t<meta name=\"twitter:data1\" content=\"Larissa Carvalho\" \/>\n\t<meta name=\"twitter:label2\" content=\"Est. tempo de leitura\" \/>\n\t<meta name=\"twitter:data2\" content=\"3 minutos\" \/>\n<!-- \/ Yoast SEO plugin. -->","yoast_head_json":{"title":"Todos os personagens que n\u00e3o voltam para a 3\u00aa temporada de Euphoria","description":"Receba as \u00faltimas atualiza\u00e7\u00f5es sobre a aguardada terceira temporada de Euphoria, incluindo mudan\u00e7as no elenco, filmagens e previs\u00f5es.","robots":{"index":"index","follow":"follow","max-snippet":"max-snippet:-1","max-image-preview":"max-image-preview:large","max-video-preview":"max-video-preview:-1"},"canonical":"https:\/\/www.correiobraziliense.com.br\/cbradar\/todos-os-personagens-que-nao-voltam-para-a-3a-temporada-de-euphoria\/","og_locale":"pt_BR","og_type":"article","og_title":"Todos os personagens que n\u00e3o voltam para a 3\u00aa temporada de Euphoria","og_description":"Receba as \u00faltimas atualiza\u00e7\u00f5es sobre a aguardada terceira temporada de Euphoria, incluindo mudan\u00e7as no elenco, filmagens e previs\u00f5es.","og_url":"https:\/\/www.correiobraziliense.com.br\/cbradar\/todos-os-personagens-que-nao-voltam-para-a-3a-temporada-de-euphoria\/","og_site_name":"Correio Braziliense - Radar","article_published_time":"2025-03-05T10:23:00+00:00","og_image":[{"width":1280,"height":720,"url":"https:\/\/www.correiobraziliense.com.br\/cbradar\/wp-content\/uploads\/2025\/03\/zendaya_1741096549516.jpg","type":"image\/jpeg"}],"author":"Larissa Carvalho","twitter_card":"summary_large_image","twitter_misc":{"Escrito por":"Larissa Carvalho","Est. tempo de leitura":"3 minutos"},"schema":{"@context":"https:\/\/schema.org","@graph":[{"@type":"WebPage","@id":"https:\/\/www.correiobraziliense.com.br\/cbradar\/todos-os-personagens-que-nao-voltam-para-a-3a-temporada-de-euphoria\/","url":"https:\/\/www.correiobraziliense.com.br\/cbradar\/todos-os-personagens-que-nao-voltam-para-a-3a-temporada-de-euphoria\/","name":"Todos os personagens que n\u00e3o voltam para a 3\u00aa temporada de Euphoria","isPartOf":{"@id":"https:\/\/www.correiobraziliense.com.br\/cbradar\/#website"},"primaryImageOfPage":{"@id":"https:\/\/www.correiobraziliense.com.br\/cbradar\/todos-os-personagens-que-nao-voltam-para-a-3a-temporada-de-euphoria\/#primaryimage"},"image":{"@id":"https:\/\/www.correiobraziliense.com.br\/cbradar\/todos-os-personagens-que-nao-voltam-para-a-3a-temporada-de-euphoria\/#primaryimage"},"thumbnailUrl":"https:\/\/www.correiobraziliense.com.br\/cbradar\/wp-content\/uploads\/2025\/03\/zendaya_1741096549516.jpg","datePublished":"2025-03-05T10:23:00+00:00","author":{"@id":"https:\/\/www.correiobraziliense.com.br\/cbradar\/#\/schema\/person\/58422787644df994b53a19d3e56c1513"},"description":"Receba as \u00faltimas atualiza\u00e7\u00f5es sobre a aguardada terceira temporada de Euphoria, incluindo mudan\u00e7as no elenco, filmagens e previs\u00f5es.","breadcrumb":{"@id":"https:\/\/www.correiobraziliense.com.br\/cbradar\/todos-os-personagens-que-nao-voltam-para-a-3a-temporada-de-euphoria\/#breadcrumb"},"inLanguage":"pt-BR","potentialAction":[{"@type":"ReadAction","target":["https:\/\/www.correiobraziliense.com.br\/cbradar\/todos-os-personagens-que-nao-voltam-para-a-3a-temporada-de-euphoria\/"]}]},{"@type":"ImageObject","inLanguage":"pt-BR","@id":"https:\/\/www.correiobraziliense.com.br\/cbradar\/todos-os-personagens-que-nao-voltam-para-a-3a-temporada-de-euphoria\/#primaryimage","url":"https:\/\/www.correiobraziliense.com.br\/cbradar\/wp-content\/uploads\/2025\/03\/zendaya_1741096549516.jpg","contentUrl":"https:\/\/www.correiobraziliense.com.br\/cbradar\/wp-content\/uploads\/2025\/03\/zendaya_1741096549516.jpg","width":1280,"height":720,"caption":"Zendaya. Cr\u00e9ditos: depositphotos.com \/ imagepressagency"},{"@type":"BreadcrumbList","@id":"https:\/\/www.correiobraziliense.com.br\/cbradar\/todos-os-personagens-que-nao-voltam-para-a-3a-temporada-de-euphoria\/#breadcrumb","itemListElement":[{"@type":"ListItem","position":1,"name":"In\u00edcio","item":"https:\/\/www.correiobraziliense.com.br\/cbradar\/"},{"@type":"ListItem","position":2,"name":"Todos os personagens que n\u00e3o voltam para a 3\u00aa temporada de Euphoria"}]},{"@type":"WebSite","@id":"https:\/\/www.correiobraziliense.com.br\/cbradar\/#website","url":"https:\/\/www.correiobraziliense.com.br\/cbradar\/","name":"Correio Braziliense - Radar","description":"Acompanhe as \u00faltimas not\u00edcias e fique bem informado sobre tudo o que acontece no Brasil e no mundo.","potentialAction":[{"@type":"SearchAction","target":{"@type":"EntryPoint","urlTemplate":"https:\/\/www.correiobraziliense.com.br\/cbradar\/?s={search_term_string}"},"query-input":{"@type":"PropertyValueSpecification","valueRequired":true,"valueName":"search_term_string"}}],"inLanguage":"pt-BR"},{"@type":"Person","@id":"https:\/\/www.correiobraziliense.com.br\/cbradar\/#\/schema\/person\/58422787644df994b53a19d3e56c1513","name":"Larissa Carvalho","image":{"@type":"ImageObject","inLanguage":"pt-BR","@id":"https:\/\/www.correiobraziliense.com.br\/cbradar\/#\/schema\/person\/image\/","url":"https:\/\/secure.gravatar.com\/avatar\/fe4f91a0de32b52a838d0d612abdc1aa?s=96&d=mm&r=g","contentUrl":"https:\/\/secure.gravatar.com\/avatar\/fe4f91a0de32b52a838d0d612abdc1aa?s=96&d=mm&r=g","caption":"Larissa Carvalho"},"url":"https:\/\/www.correiobraziliense.com.br\/cbradar\/author\/larissamyth\/"}]}},"_links":{"self":[{"href":"https:\/\/www.correiobraziliense.com.br\/cbradar\/wp-json\/wp\/v2\/posts\/8878","targetHints":{"allow":["GET"]}}],"collection":[{"href":"https:\/\/www.correiobraziliense.com.br\/cbradar\/wp-json\/wp\/v2\/posts"}],"about":[{"href":"https:\/\/www.correiobraziliense.com.br\/cbradar\/wp-json\/wp\/v2\/types\/post"}],"author":[{"embeddable":true,"href":"https:\/\/www.correiobraziliense.com.br\/cbradar\/wp-json\/wp\/v2\/users\/3"}],"replies":[{"embeddable":true,"href":"https:\/\/www.correiobraziliense.com.br\/cbradar\/wp-json\/wp\/v2\/comments?post=8878"}],"version-history":[{"count":1,"href":"https:\/\/www.correiobraziliense.com.br\/cbradar\/wp-json\/wp\/v2\/posts\/8878\/revisions"}],"predecessor-version":[{"id":8881,"href":"https:\/\/www.correiobraziliense.com.br\/cbradar\/wp-json\/wp\/v2\/posts\/8878\/revisions\/8881"}],"wp:featuredmedia":[{"embeddable":true,"href":"https:\/\/www.correiobraziliense.com.br\/cbradar\/wp-json\/wp\/v2\/media\/8879"}],"wp:attachment":[{"href":"https:\/\/www.correiobraziliense.com.br\/cbradar\/wp-json\/wp\/v2\/media?parent=8878"}],"wp:term":[{"taxonomy":"category","embeddable":true,"href":"https:\/\/www.correiobraziliense.com.br\/cbradar\/wp-json\/wp\/v2\/categories?post=8878"},{"taxonomy":"post_tag","embeddable":true,"href":"https:\/\/www.correiobraziliense.com.br\/cbradar\/wp-json\/wp\/v2\/tags?post=8878"}],"curies":[{"name":"wp","href":"https:\/\/api.w.org\/{rel}","templated":true}]}}