{"id":8899,"date":"2025-03-05T07:30:00","date_gmt":"2025-03-05T10:30:00","guid":{"rendered":"https:\/\/www.correiobraziliense.com.br\/cbradar\/?p=8899"},"modified":"2025-03-04T14:21:49","modified_gmt":"2025-03-04T17:21:49","slug":"a-linguagem-mais-misteriosa-do-mundo-esta-nessa-cidade-do-brasil","status":"publish","type":"post","link":"https:\/\/www.correiobraziliense.com.br\/cbradar\/a-linguagem-mais-misteriosa-do-mundo-esta-nessa-cidade-do-brasil\/","title":{"rendered":"A linguagem mais misteriosa do mundo est\u00e1 nessa cidade do Brasil"},"content":{"rendered":"\n<p>No cora\u00e7\u00e3o da <strong>Amaz\u00f4nia<\/strong>, uma tribo ind\u00edgena isolada, os <strong>Pirah\u00e3s<\/strong>, que vivem \u00e0s margens do rio <strong>Maici<\/strong>, no Amazonas, tem um dos sistemas de comunica\u00e7\u00e3o mais peculiares do mundo. Eles falam o idioma Pirah\u00e3, que intriga os linguistas por n\u00e3o seguirem padr\u00f5es comuns de outras l\u00ednguas. Mas o que mais chama a aten\u00e7\u00e3o \u00e9 que essa l\u00edngua pode ser completamente transmitida atrav\u00e9s de assobios.<\/p>\n\n\n\n<h2 class=\"wp-block-heading\"><strong>A linguagem assobiada de Pirah\u00e3<\/strong><\/h2>\n\n\n\n<p>Diferente do portugu\u00eas ou do ingl\u00eas, o Pirah\u00e3 n\u00e3o possui n\u00fameros, cores e nem tempos verbais no passado ou futuro. Mas um dos seus aspectos mais fascinantes \u00e9 que ele pode ser falado sem palavras, apenas por meio de assobios. Isso permite que os Pirah\u00e3s se comuniquem a longas dist\u00e2ncias na densa floresta amaz\u00f4nica, algo essencial para a sobreviv\u00eancia e a ca\u00e7a.<\/p>\n\n\n\n<p>Esse aspecto lingu\u00edstico \u00e9 raro, mas n\u00e3o \u00fanico. Existem outras culturas ao redor do mundo que usam associa\u00e7\u00f5es para se comunicar, como em La Gomera, na Espanha, com o idioma &#8220;Silbo Gomero&#8221;. No entanto, o Pirah\u00e3 se destaca por ser a \u00fanica l\u00edngua do mundo que pode ser completamente compreendida quando associada.<\/p>\n\n\n\n<h2 class=\"wp-block-heading\"><strong>Pontos curiosos sobre Pirah\u00e3 e sua cultura<\/strong><\/h2>\n\n\n\n<ul class=\"wp-block-list\">\n<li>Sem n\u00fameros e sem contagem \u2013 Os Pirah\u00e3s n\u00e3o possuem palavras para contar ou expressar espec\u00edficas exatas. Eles usam conceitos como &#8220;pouco&#8221; e &#8220;muito&#8221;.<\/li>\n\n\n\n<li>Sem palavras para cores \u2013 Em vez de azul, vermelho ou verde, eles descrevem as cores com compara\u00e7\u00f5es, como &#8220;parecido com sangue&#8221; ou &#8220;parecido com folhas&#8221;.<\/li>\n\n\n\n<li>Comunica\u00e7\u00e3o flex\u00edvel \u2013 Al\u00e9m do assobio, eles tamb\u00e9m podem se comunicar cantando, murmurando e at\u00e9 apenas movimentando os l\u00e1bios.<\/li>\n\n\n\n<li>Vivem no presente \u2013 N\u00e3o h\u00e1 passado nem futuro em sua gram\u00e1tica. Eles falam apenas sobre coisas que podem ser vistas ou experimentadas no momento.<\/li>\n<\/ul>\n\n\n\n<figure class=\"wp-block-image size-large\"><img decoding=\"async\" width=\"1024\" height=\"576\" src=\"https:\/\/www.correiobraziliense.com.br\/cbradar\/wp-content\/uploads\/2025\/03\/Amazonia_1741099255214-1024x576.jpg\" alt=\"A linguagem mais misteriosa do mundo est\u00e1 nessa cidade do Brasil\" class=\"wp-image-8915\" srcset=\"https:\/\/www.correiobraziliense.com.br\/cbradar\/wp-content\/uploads\/2025\/03\/Amazonia_1741099255214-1024x576.jpg 1024w, https:\/\/www.correiobraziliense.com.br\/cbradar\/wp-content\/uploads\/2025\/03\/Amazonia_1741099255214-300x169.jpg 300w, https:\/\/www.correiobraziliense.com.br\/cbradar\/wp-content\/uploads\/2025\/03\/Amazonia_1741099255214-768x432.jpg 768w, https:\/\/www.correiobraziliense.com.br\/cbradar\/wp-content\/uploads\/2025\/03\/Amazonia_1741099255214-750x422.jpg 750w, https:\/\/www.correiobraziliense.com.br\/cbradar\/wp-content\/uploads\/2025\/03\/Amazonia_1741099255214-1140x641.jpg 1140w, https:\/\/www.correiobraziliense.com.br\/cbradar\/wp-content\/uploads\/2025\/03\/Amazonia_1741099255214.jpg 1280w\" sizes=\"(max-width: 1024px) 100vw, 1024px\" \/><figcaption class=\"wp-element-caption\">Amaz\u00f4nia. Cr\u00e9ditos: depositphotos.com \/ gustavofrazao<\/figcaption><\/figure>\n\n\n\n<h2 class=\"wp-block-heading\"><strong>O que podemos aprender com os Pirah\u00e3s?<\/strong><\/h2>\n\n\n\n<p>A l\u00edngua Pirah\u00e3 nos mostra que a comunica\u00e7\u00e3o humana pode ser extremamente adapt\u00e1vel. Enquanto dependemos de palavras e estruturas complexas, essa tribo prova que \u00e9 poss\u00edvel viver sem n\u00fameros, sem conceitos de tempo e at\u00e9 sem um alfabeto escrito.<\/p>\n\n\n\n<p>Al\u00e9m disso, a linguagem associada \u00e9 um exemplo incr\u00edvel de como a natureza influencia a forma como nos comunicamos. Para os Pirah\u00e3s, a floresta densa n\u00e3o \u00e9 um obst\u00e1culo \u2013 \u00e9 uma vantagem.<\/p>\n","protected":false},"excerpt":{"rendered":"<p>Existe uma l\u00edngua no Brasil que pode ser compreendida apenas por assobios. Sem n\u00fameros, sem passado e sem futuro, vai te surpreender!<\/p>\n","protected":false},"author":3,"featured_media":8914,"comment_status":"open","ping_status":"open","sticky":false,"template":"","format":"standard","meta":{"_yoast_wpseo_focuskw":"cidade assobios","_yoast_wpseo_title":"%%title%%","_yoast_wpseo_metadesc":"Existe uma l\u00edngua no Brasil que pode ser compreendida apenas por assobios. Sem n\u00fameros, sem passado e sem futuro, vai te surpreender!","jnews-multi-image_gallery":[],"jnews_single_post":{"format":"standard"},"jnews_primary_category":[],"jnews_social_meta":[],"jnews_override_counter":[],"footnotes":""},"categories":[108],"post_tag":[229,109],"class_list":["post-8899","post","type-post","status-publish","format-standard","has-post-thumbnail","hentry","category-cidades","tag-amazonia","tag-cidades"],"yoast_head":"<!-- This site is optimized with the Yoast SEO plugin v24.6 - https:\/\/yoast.com\/wordpress\/plugins\/seo\/ -->\n<title>A linguagem mais misteriosa do mundo est\u00e1 nessa cidade do Brasil<\/title>\n<meta name=\"description\" content=\"Existe uma l\u00edngua no Brasil que pode ser compreendida apenas por assobios. Sem n\u00fameros, sem passado e sem futuro, vai te surpreender!\" \/>\n<meta name=\"robots\" content=\"index, follow, max-snippet:-1, max-image-preview:large, max-video-preview:-1\" \/>\n<link rel=\"canonical\" href=\"https:\/\/www.correiobraziliense.com.br\/cbradar\/a-linguagem-mais-misteriosa-do-mundo-esta-nessa-cidade-do-brasil\/\" \/>\n<meta property=\"og:locale\" content=\"pt_BR\" \/>\n<meta property=\"og:type\" content=\"article\" \/>\n<meta property=\"og:title\" content=\"A linguagem mais misteriosa do mundo est\u00e1 nessa cidade do Brasil\" \/>\n<meta property=\"og:description\" content=\"Existe uma l\u00edngua no Brasil que pode ser compreendida apenas por assobios. Sem n\u00fameros, sem passado e sem futuro, vai te surpreender!\" \/>\n<meta property=\"og:url\" content=\"https:\/\/www.correiobraziliense.com.br\/cbradar\/a-linguagem-mais-misteriosa-do-mundo-esta-nessa-cidade-do-brasil\/\" \/>\n<meta property=\"og:site_name\" content=\"Correio Braziliense - Radar\" \/>\n<meta property=\"article:published_time\" content=\"2025-03-05T10:30:00+00:00\" \/>\n<meta property=\"og:image\" content=\"https:\/\/www.correiobraziliense.com.br\/cbradar\/wp-content\/uploads\/2025\/03\/Amazonia_1741099183925.jpg\" \/>\n\t<meta property=\"og:image:width\" content=\"1280\" \/>\n\t<meta property=\"og:image:height\" content=\"720\" \/>\n\t<meta property=\"og:image:type\" content=\"image\/jpeg\" \/>\n<meta name=\"author\" content=\"Larissa Carvalho\" \/>\n<meta name=\"twitter:card\" content=\"summary_large_image\" \/>\n<meta name=\"twitter:label1\" content=\"Escrito por\" \/>\n\t<meta name=\"twitter:data1\" content=\"Larissa Carvalho\" \/>\n\t<meta name=\"twitter:label2\" content=\"Est. tempo de leitura\" \/>\n\t<meta name=\"twitter:data2\" content=\"3 minutos\" \/>\n<!-- \/ Yoast SEO plugin. -->","yoast_head_json":{"title":"A linguagem mais misteriosa do mundo est\u00e1 nessa cidade do Brasil","description":"Existe uma l\u00edngua no Brasil que pode ser compreendida apenas por assobios. Sem n\u00fameros, sem passado e sem futuro, vai te surpreender!","robots":{"index":"index","follow":"follow","max-snippet":"max-snippet:-1","max-image-preview":"max-image-preview:large","max-video-preview":"max-video-preview:-1"},"canonical":"https:\/\/www.correiobraziliense.com.br\/cbradar\/a-linguagem-mais-misteriosa-do-mundo-esta-nessa-cidade-do-brasil\/","og_locale":"pt_BR","og_type":"article","og_title":"A linguagem mais misteriosa do mundo est\u00e1 nessa cidade do Brasil","og_description":"Existe uma l\u00edngua no Brasil que pode ser compreendida apenas por assobios. Sem n\u00fameros, sem passado e sem futuro, vai te surpreender!","og_url":"https:\/\/www.correiobraziliense.com.br\/cbradar\/a-linguagem-mais-misteriosa-do-mundo-esta-nessa-cidade-do-brasil\/","og_site_name":"Correio Braziliense - Radar","article_published_time":"2025-03-05T10:30:00+00:00","og_image":[{"width":1280,"height":720,"url":"https:\/\/www.correiobraziliense.com.br\/cbradar\/wp-content\/uploads\/2025\/03\/Amazonia_1741099183925.jpg","type":"image\/jpeg"}],"author":"Larissa Carvalho","twitter_card":"summary_large_image","twitter_misc":{"Escrito por":"Larissa Carvalho","Est. tempo de leitura":"3 minutos"},"schema":{"@context":"https:\/\/schema.org","@graph":[{"@type":"WebPage","@id":"https:\/\/www.correiobraziliense.com.br\/cbradar\/a-linguagem-mais-misteriosa-do-mundo-esta-nessa-cidade-do-brasil\/","url":"https:\/\/www.correiobraziliense.com.br\/cbradar\/a-linguagem-mais-misteriosa-do-mundo-esta-nessa-cidade-do-brasil\/","name":"A linguagem mais misteriosa do mundo est\u00e1 nessa cidade do Brasil","isPartOf":{"@id":"https:\/\/www.correiobraziliense.com.br\/cbradar\/#website"},"primaryImageOfPage":{"@id":"https:\/\/www.correiobraziliense.com.br\/cbradar\/a-linguagem-mais-misteriosa-do-mundo-esta-nessa-cidade-do-brasil\/#primaryimage"},"image":{"@id":"https:\/\/www.correiobraziliense.com.br\/cbradar\/a-linguagem-mais-misteriosa-do-mundo-esta-nessa-cidade-do-brasil\/#primaryimage"},"thumbnailUrl":"https:\/\/www.correiobraziliense.com.br\/cbradar\/wp-content\/uploads\/2025\/03\/Amazonia_1741099183925.jpg","datePublished":"2025-03-05T10:30:00+00:00","author":{"@id":"https:\/\/www.correiobraziliense.com.br\/cbradar\/#\/schema\/person\/58422787644df994b53a19d3e56c1513"},"description":"Existe uma l\u00edngua no Brasil que pode ser compreendida apenas por assobios. Sem n\u00fameros, sem passado e sem futuro, vai te surpreender!","breadcrumb":{"@id":"https:\/\/www.correiobraziliense.com.br\/cbradar\/a-linguagem-mais-misteriosa-do-mundo-esta-nessa-cidade-do-brasil\/#breadcrumb"},"inLanguage":"pt-BR","potentialAction":[{"@type":"ReadAction","target":["https:\/\/www.correiobraziliense.com.br\/cbradar\/a-linguagem-mais-misteriosa-do-mundo-esta-nessa-cidade-do-brasil\/"]}]},{"@type":"ImageObject","inLanguage":"pt-BR","@id":"https:\/\/www.correiobraziliense.com.br\/cbradar\/a-linguagem-mais-misteriosa-do-mundo-esta-nessa-cidade-do-brasil\/#primaryimage","url":"https:\/\/www.correiobraziliense.com.br\/cbradar\/wp-content\/uploads\/2025\/03\/Amazonia_1741099183925.jpg","contentUrl":"https:\/\/www.correiobraziliense.com.br\/cbradar\/wp-content\/uploads\/2025\/03\/Amazonia_1741099183925.jpg","width":1280,"height":720,"caption":"Amaz\u00f4nia. Cr\u00e9ditos: depositphotos.com \/ gustavofrazao"},{"@type":"BreadcrumbList","@id":"https:\/\/www.correiobraziliense.com.br\/cbradar\/a-linguagem-mais-misteriosa-do-mundo-esta-nessa-cidade-do-brasil\/#breadcrumb","itemListElement":[{"@type":"ListItem","position":1,"name":"In\u00edcio","item":"https:\/\/www.correiobraziliense.com.br\/cbradar\/"},{"@type":"ListItem","position":2,"name":"A linguagem mais misteriosa do mundo est\u00e1 nessa cidade do Brasil"}]},{"@type":"WebSite","@id":"https:\/\/www.correiobraziliense.com.br\/cbradar\/#website","url":"https:\/\/www.correiobraziliense.com.br\/cbradar\/","name":"Correio Braziliense - Radar","description":"Acompanhe as \u00faltimas not\u00edcias e fique bem informado sobre tudo o que acontece no Brasil e no mundo.","potentialAction":[{"@type":"SearchAction","target":{"@type":"EntryPoint","urlTemplate":"https:\/\/www.correiobraziliense.com.br\/cbradar\/?s={search_term_string}"},"query-input":{"@type":"PropertyValueSpecification","valueRequired":true,"valueName":"search_term_string"}}],"inLanguage":"pt-BR"},{"@type":"Person","@id":"https:\/\/www.correiobraziliense.com.br\/cbradar\/#\/schema\/person\/58422787644df994b53a19d3e56c1513","name":"Larissa Carvalho","image":{"@type":"ImageObject","inLanguage":"pt-BR","@id":"https:\/\/www.correiobraziliense.com.br\/cbradar\/#\/schema\/person\/image\/","url":"https:\/\/secure.gravatar.com\/avatar\/fe4f91a0de32b52a838d0d612abdc1aa?s=96&d=mm&r=g","contentUrl":"https:\/\/secure.gravatar.com\/avatar\/fe4f91a0de32b52a838d0d612abdc1aa?s=96&d=mm&r=g","caption":"Larissa Carvalho"},"url":"https:\/\/www.correiobraziliense.com.br\/cbradar\/author\/larissamyth\/"}]}},"_links":{"self":[{"href":"https:\/\/www.correiobraziliense.com.br\/cbradar\/wp-json\/wp\/v2\/posts\/8899","targetHints":{"allow":["GET"]}}],"collection":[{"href":"https:\/\/www.correiobraziliense.com.br\/cbradar\/wp-json\/wp\/v2\/posts"}],"about":[{"href":"https:\/\/www.correiobraziliense.com.br\/cbradar\/wp-json\/wp\/v2\/types\/post"}],"author":[{"embeddable":true,"href":"https:\/\/www.correiobraziliense.com.br\/cbradar\/wp-json\/wp\/v2\/users\/3"}],"replies":[{"embeddable":true,"href":"https:\/\/www.correiobraziliense.com.br\/cbradar\/wp-json\/wp\/v2\/comments?post=8899"}],"version-history":[{"count":1,"href":"https:\/\/www.correiobraziliense.com.br\/cbradar\/wp-json\/wp\/v2\/posts\/8899\/revisions"}],"predecessor-version":[{"id":8916,"href":"https:\/\/www.correiobraziliense.com.br\/cbradar\/wp-json\/wp\/v2\/posts\/8899\/revisions\/8916"}],"wp:featuredmedia":[{"embeddable":true,"href":"https:\/\/www.correiobraziliense.com.br\/cbradar\/wp-json\/wp\/v2\/media\/8914"}],"wp:attachment":[{"href":"https:\/\/www.correiobraziliense.com.br\/cbradar\/wp-json\/wp\/v2\/media?parent=8899"}],"wp:term":[{"taxonomy":"category","embeddable":true,"href":"https:\/\/www.correiobraziliense.com.br\/cbradar\/wp-json\/wp\/v2\/categories?post=8899"},{"taxonomy":"post_tag","embeddable":true,"href":"https:\/\/www.correiobraziliense.com.br\/cbradar\/wp-json\/wp\/v2\/post_tag?post=8899"}],"curies":[{"name":"wp","href":"https:\/\/api.w.org\/{rel}","templated":true}]}}