{"id":8913,"date":"2025-03-05T09:30:00","date_gmt":"2025-03-05T12:30:00","guid":{"rendered":"https:\/\/www.correiobraziliense.com.br\/cbradar\/?p=8913"},"modified":"2025-03-04T14:22:01","modified_gmt":"2025-03-04T17:22:01","slug":"conheca-a-cidade-construida-no-meio-de-um-vulcao-ativo","status":"publish","type":"post","link":"https:\/\/www.correiobraziliense.com.br\/cbradar\/conheca-a-cidade-construida-no-meio-de-um-vulcao-ativo\/","title":{"rendered":"Conhe\u00e7a a cidade constru\u00edda no meio de um vulc\u00e3o ativo"},"content":{"rendered":"\n<p>Parece hist\u00f3ria de fic\u00e7\u00e3o, mas h\u00e1 um lugar no mundo onde as pessoas vivem dentro da caldeira de um calor ainda ativo. Esse lugar \u00e9<br><strong>Santa Ana<\/strong>, a segunda maior cidade de <strong>El Salvador,<\/strong> localizada pr\u00f3xima \u00e0 precipita\u00e7\u00e3o <strong>Ilamatepec<\/strong>, tamb\u00e9m conhecida como chamas de Santa Ana. Apesar de sua \u00faltima lideran\u00e7a ter ocorrido em 2005, milhares de moradores continuam suas vidas todos, cercados por um cen\u00e1rio impressionante e um risco constante.<\/p>\n\n\n\n<p>Mas como \u00e9 viver dentro de um calor? O que faz com que as pessoas permane\u00e7am em um local t\u00e3o perigoso? Vamos explorar essa hist\u00f3ria fascinante e entender os motivos que levam essa cidade a desafiar a natureza.<\/p>\n\n\n\n<h2 class=\"wp-block-heading\"><strong>Como surgiu a cidade dentro dos meteoros<\/strong><\/h2>\n\n\n\n<p>O calor Ilamatepec \u00e9 o mais alto de El Salvador, com 2.381 metros de altitude. Sua cratera se formou h\u00e1 milhares de anos, ap\u00f3s sucessivas erup\u00e7\u00f5es que moldaram a paisagem da regi\u00e3o. Com o tempo, o solo vulc\u00e2nico se tornou extremamente f\u00e9rtil, atraindo popula\u00e7\u00f5es que buscavam terras produtivas para a agricultura.<\/p>\n\n\n\n<p>A cidade de Santa Ana, situada na base do inc\u00eandio, cresceu ao longo dos s\u00e9culos e se tornou a segunda maior de El Salvador. A proximidade com o vapor de Ilamatepec fez com que as comunidades fossem menores surgindo dentro da pr\u00f3pria caldeira, aproveitando os benef\u00edcios do solo rico em minerais.<\/p>\n\n\n\n<p>Mesmo com a amea\u00e7a constante de erup\u00e7\u00f5es, a popula\u00e7\u00e3o se distribuiu e desenvolveu uma economia baseada no cultivo de caf\u00e9 e outros produtos agr\u00edcolas. O turismo tamb\u00e9m se tornou uma fonte importante de renda, atraindo aventureiros espec\u00edficos em explorar a cratera e suas trilhas desafiadoras.<\/p>\n\n\n\n<figure class=\"wp-block-image size-large\"><img decoding=\"async\" width=\"1024\" height=\"576\" src=\"https:\/\/www.correiobraziliense.com.br\/cbradar\/wp-content\/uploads\/2025\/03\/Santa-Ana-1024x576.png\" alt=\"Conhe\u00e7a a cidade constru\u00edda no meio de um vulc\u00e3o ativo\" class=\"wp-image-8919\" srcset=\"https:\/\/www.correiobraziliense.com.br\/cbradar\/wp-content\/uploads\/2025\/03\/Santa-Ana-1024x576.png 1024w, https:\/\/www.correiobraziliense.com.br\/cbradar\/wp-content\/uploads\/2025\/03\/Santa-Ana-300x169.png 300w, https:\/\/www.correiobraziliense.com.br\/cbradar\/wp-content\/uploads\/2025\/03\/Santa-Ana-768x432.png 768w, https:\/\/www.correiobraziliense.com.br\/cbradar\/wp-content\/uploads\/2025\/03\/Santa-Ana-750x422.png 750w, https:\/\/www.correiobraziliense.com.br\/cbradar\/wp-content\/uploads\/2025\/03\/Santa-Ana-1140x641.png 1140w, https:\/\/www.correiobraziliense.com.br\/cbradar\/wp-content\/uploads\/2025\/03\/Santa-Ana.png 1280w\" sizes=\"(max-width: 1024px) 100vw, 1024px\" \/><figcaption class=\"wp-element-caption\">Santa Ana. Fonte: Daniel chavez castro, CC BY 3.0, via Wikimedia Commons<\/figcaption><\/figure>\n\n\n\n<h2 class=\"wp-block-heading\"><strong>O perigo de viver dentro de um clima ativo<\/strong><\/h2>\n\n\n\n<p>Apesar da beleza natural e dos benef\u00edcios do solo f\u00e9rtil, viver dentro de um clima ativo traz riscos reais. O Ilamatepec entrou em promo\u00e7\u00e3o diversas vezes ao longo da hist\u00f3ria, sendo o mais recente em 2005. Na ocasi\u00e3o, a precipita\u00e7\u00e3o expeliu gases t\u00f3xicos e cinzas que cobriram a regi\u00e3o, al\u00e9m de provocar tremores que assustaram a popula\u00e7\u00e3o.<\/p>\n\n\n\n<p>Os moradores tiveram que ser evacuados temporariamente, mas muitos retornaram pouco depois. O governo mant\u00e9m sistemas de monitoramento para detectar atividades s\u00edsmicas e prevenir novas trag\u00e9dias, mas ainda assim, a amea\u00e7a de uma nova trai\u00e7\u00e3o est\u00e1 sempre presente.<\/p>\n\n\n\n<p>Mesmo assim, para muitas pessoas, os benef\u00edcios da vida na regi\u00e3o superam os perigos. A agricultura prospera gra\u00e7as \u00e0 riqueza do solo vulc\u00e2nico, e o turismo garante uma renda extra para muitas fam\u00edlias. Al\u00e9m disso, o custo de vida na regi\u00e3o \u00e9 relativamente baixo, o que torna o lugar atraente para quem busca um estilo de vida mais simples e conectado com a natureza.<\/p>\n\n\n\n<h2 class=\"wp-block-heading\"><strong>O que torna essa cidade t\u00e3o especial<\/strong><\/h2>\n\n\n\n<ul class=\"wp-block-list\">\n<li><strong>Constru\u00edda dentro de um inc\u00eandio<\/strong> \u2013 A cidade est\u00e1 localizada dentro da caldeira de um dos vulc\u00f5es mais altos e ativos de El Salvador.<\/li>\n\n\n\n<li><strong>Solo extremamente f\u00e9rtil<\/strong> \u2013 As cinzas vulc\u00e2nicas enriquecem o solo, tornando-o ideal para a produ\u00e7\u00e3o agr\u00edcola, especialmente para o cultivo de caf\u00e9, um dos produtos mais exportados do pa\u00eds.<\/li>\n\n\n\n<li><strong>Turismo de aventura<\/strong> \u2013 O calor Ilamatepec atrai turistas do mundo todo, espec\u00edficos em suas trilhas, crateras e paisagens impressionantes.<\/li>\n\n\n\n<li><strong>Risco constante<\/strong> \u2013 apesar de monitorado, o clima ainda est\u00e1 ativo, e uma nova ostenta\u00e7\u00e3o pode acontecer a qualquer momento.<\/li>\n\n\n\n<li><strong>\u00c1guas termais naturais<\/strong> \u2013 A atividade vulc\u00e2nica aquece len\u00e7\u00f3is espec\u00edficos de \u00e1gua, formando piscinas termais que s\u00e3o um atrativo para moradores e visitantes.<\/li>\n<\/ul>\n\n\n\n<h2 class=\"wp-block-heading\"><strong>Vale a pena viver sob essa amea\u00e7a?<\/strong><\/h2>\n\n\n\n<p>A cidade dentro das chuvas Ilamatepec \u00e9 um exemplo impressionante de resili\u00eancia humana. Apesar dos desafios e do perigo iminente, seus habitantes encontraram maneiras de prosperar e construir uma comunidade vibrante em um ambiente extremo.<\/p>\n\n\n\n<p>Para alguns, o medo de uma lealdade \u00e9 um pre\u00e7o pequeno a se pagar pelos benef\u00edcios que o solo f\u00e9rtil e o turismo adquirido. Para outros, viver ali \u00e9 um desafio di\u00e1rio, equilibrando as belezas naturais e as incertezas de se estar em um territ\u00f3rio assustador.<\/p>\n\n\n\n<p>Independentemente da perspectiva, Santa Ana e suas comunidades vizinhas mostram como o ser humano \u00e9 capaz de se adaptar aos ambientes mais hostis, transformando um local perigoso em um lar.<\/p>\n","protected":false},"excerpt":{"rendered":"<p>Existe uma cidade que fica dentro da cratera de um carbono ativo. Mesmo com risco de especializa\u00e7\u00e3o, milhares de pessoas vivem ali.<\/p>\n","protected":false},"author":3,"featured_media":8918,"comment_status":"open","ping_status":"open","sticky":false,"template":"","format":"standard","meta":{"_yoast_wpseo_focuskw":"cidade vulc\u00e3o ativo","_yoast_wpseo_title":"%%title%%","_yoast_wpseo_metadesc":"Existe uma cidade que fica dentro da cratera de um carbono ativo. Mesmo com risco de especializa\u00e7\u00e3o, milhares de pessoas vivem ali.","jnews-multi-image_gallery":[],"jnews_single_post":{"format":"standard"},"jnews_primary_category":[],"jnews_social_meta":[],"jnews_override_counter":[],"footnotes":""},"categories":[108],"post_tag":[1490,109],"class_list":["post-8913","post","type-post","status-publish","format-standard","has-post-thumbnail","hentry","category-cidades","tag-america-latina","tag-cidades"],"yoast_head":"<!-- This site is optimized with the Yoast SEO plugin v24.6 - https:\/\/yoast.com\/wordpress\/plugins\/seo\/ -->\n<title>Conhe\u00e7a a cidade constru\u00edda no meio de um vulc\u00e3o ativo<\/title>\n<meta name=\"description\" content=\"Existe uma cidade que fica dentro da cratera de um carbono ativo. Mesmo com risco de especializa\u00e7\u00e3o, milhares de pessoas vivem ali.\" \/>\n<meta name=\"robots\" content=\"index, follow, max-snippet:-1, max-image-preview:large, max-video-preview:-1\" \/>\n<link rel=\"canonical\" href=\"https:\/\/www.correiobraziliense.com.br\/cbradar\/conheca-a-cidade-construida-no-meio-de-um-vulcao-ativo\/\" \/>\n<meta property=\"og:locale\" content=\"pt_BR\" \/>\n<meta property=\"og:type\" content=\"article\" \/>\n<meta property=\"og:title\" content=\"Conhe\u00e7a a cidade constru\u00edda no meio de um vulc\u00e3o ativo\" \/>\n<meta property=\"og:description\" content=\"Existe uma cidade que fica dentro da cratera de um carbono ativo. Mesmo com risco de especializa\u00e7\u00e3o, milhares de pessoas vivem ali.\" \/>\n<meta property=\"og:url\" content=\"https:\/\/www.correiobraziliense.com.br\/cbradar\/conheca-a-cidade-construida-no-meio-de-um-vulcao-ativo\/\" \/>\n<meta property=\"og:site_name\" content=\"Correio Braziliense - Radar\" \/>\n<meta property=\"article:published_time\" content=\"2025-03-05T12:30:00+00:00\" \/>\n<meta property=\"og:image\" content=\"https:\/\/www.correiobraziliense.com.br\/cbradar\/wp-content\/uploads\/2025\/03\/El-Salvador_1741100384204.jpg\" \/>\n\t<meta property=\"og:image:width\" content=\"1280\" \/>\n\t<meta property=\"og:image:height\" content=\"720\" \/>\n\t<meta property=\"og:image:type\" content=\"image\/jpeg\" \/>\n<meta name=\"author\" content=\"Larissa Carvalho\" \/>\n<meta name=\"twitter:card\" content=\"summary_large_image\" \/>\n<meta name=\"twitter:label1\" content=\"Escrito por\" \/>\n\t<meta name=\"twitter:data1\" content=\"Larissa Carvalho\" \/>\n\t<meta name=\"twitter:label2\" content=\"Est. tempo de leitura\" \/>\n\t<meta name=\"twitter:data2\" content=\"5 minutos\" \/>\n<!-- \/ Yoast SEO plugin. -->","yoast_head_json":{"title":"Conhe\u00e7a a cidade constru\u00edda no meio de um vulc\u00e3o ativo","description":"Existe uma cidade que fica dentro da cratera de um carbono ativo. Mesmo com risco de especializa\u00e7\u00e3o, milhares de pessoas vivem ali.","robots":{"index":"index","follow":"follow","max-snippet":"max-snippet:-1","max-image-preview":"max-image-preview:large","max-video-preview":"max-video-preview:-1"},"canonical":"https:\/\/www.correiobraziliense.com.br\/cbradar\/conheca-a-cidade-construida-no-meio-de-um-vulcao-ativo\/","og_locale":"pt_BR","og_type":"article","og_title":"Conhe\u00e7a a cidade constru\u00edda no meio de um vulc\u00e3o ativo","og_description":"Existe uma cidade que fica dentro da cratera de um carbono ativo. Mesmo com risco de especializa\u00e7\u00e3o, milhares de pessoas vivem ali.","og_url":"https:\/\/www.correiobraziliense.com.br\/cbradar\/conheca-a-cidade-construida-no-meio-de-um-vulcao-ativo\/","og_site_name":"Correio Braziliense - Radar","article_published_time":"2025-03-05T12:30:00+00:00","og_image":[{"width":1280,"height":720,"url":"https:\/\/www.correiobraziliense.com.br\/cbradar\/wp-content\/uploads\/2025\/03\/El-Salvador_1741100384204.jpg","type":"image\/jpeg"}],"author":"Larissa Carvalho","twitter_card":"summary_large_image","twitter_misc":{"Escrito por":"Larissa Carvalho","Est. tempo de leitura":"5 minutos"},"schema":{"@context":"https:\/\/schema.org","@graph":[{"@type":"WebPage","@id":"https:\/\/www.correiobraziliense.com.br\/cbradar\/conheca-a-cidade-construida-no-meio-de-um-vulcao-ativo\/","url":"https:\/\/www.correiobraziliense.com.br\/cbradar\/conheca-a-cidade-construida-no-meio-de-um-vulcao-ativo\/","name":"Conhe\u00e7a a cidade constru\u00edda no meio de um vulc\u00e3o ativo","isPartOf":{"@id":"https:\/\/www.correiobraziliense.com.br\/cbradar\/#website"},"primaryImageOfPage":{"@id":"https:\/\/www.correiobraziliense.com.br\/cbradar\/conheca-a-cidade-construida-no-meio-de-um-vulcao-ativo\/#primaryimage"},"image":{"@id":"https:\/\/www.correiobraziliense.com.br\/cbradar\/conheca-a-cidade-construida-no-meio-de-um-vulcao-ativo\/#primaryimage"},"thumbnailUrl":"https:\/\/www.correiobraziliense.com.br\/cbradar\/wp-content\/uploads\/2025\/03\/El-Salvador_1741100384204.jpg","datePublished":"2025-03-05T12:30:00+00:00","author":{"@id":"https:\/\/www.correiobraziliense.com.br\/cbradar\/#\/schema\/person\/58422787644df994b53a19d3e56c1513"},"description":"Existe uma cidade que fica dentro da cratera de um carbono ativo. Mesmo com risco de especializa\u00e7\u00e3o, milhares de pessoas vivem ali.","breadcrumb":{"@id":"https:\/\/www.correiobraziliense.com.br\/cbradar\/conheca-a-cidade-construida-no-meio-de-um-vulcao-ativo\/#breadcrumb"},"inLanguage":"pt-BR","potentialAction":[{"@type":"ReadAction","target":["https:\/\/www.correiobraziliense.com.br\/cbradar\/conheca-a-cidade-construida-no-meio-de-um-vulcao-ativo\/"]}]},{"@type":"ImageObject","inLanguage":"pt-BR","@id":"https:\/\/www.correiobraziliense.com.br\/cbradar\/conheca-a-cidade-construida-no-meio-de-um-vulcao-ativo\/#primaryimage","url":"https:\/\/www.correiobraziliense.com.br\/cbradar\/wp-content\/uploads\/2025\/03\/El-Salvador_1741100384204.jpg","contentUrl":"https:\/\/www.correiobraziliense.com.br\/cbradar\/wp-content\/uploads\/2025\/03\/El-Salvador_1741100384204.jpg","width":1280,"height":720,"caption":"El Salvador. Cr\u00e9ditos: depositphotos.com \/ brizardh"},{"@type":"BreadcrumbList","@id":"https:\/\/www.correiobraziliense.com.br\/cbradar\/conheca-a-cidade-construida-no-meio-de-um-vulcao-ativo\/#breadcrumb","itemListElement":[{"@type":"ListItem","position":1,"name":"In\u00edcio","item":"https:\/\/www.correiobraziliense.com.br\/cbradar\/"},{"@type":"ListItem","position":2,"name":"Conhe\u00e7a a cidade constru\u00edda no meio de um vulc\u00e3o ativo"}]},{"@type":"WebSite","@id":"https:\/\/www.correiobraziliense.com.br\/cbradar\/#website","url":"https:\/\/www.correiobraziliense.com.br\/cbradar\/","name":"Correio Braziliense - Radar","description":"Acompanhe as \u00faltimas not\u00edcias e fique bem informado sobre tudo o que acontece no Brasil e no mundo.","potentialAction":[{"@type":"SearchAction","target":{"@type":"EntryPoint","urlTemplate":"https:\/\/www.correiobraziliense.com.br\/cbradar\/?s={search_term_string}"},"query-input":{"@type":"PropertyValueSpecification","valueRequired":true,"valueName":"search_term_string"}}],"inLanguage":"pt-BR"},{"@type":"Person","@id":"https:\/\/www.correiobraziliense.com.br\/cbradar\/#\/schema\/person\/58422787644df994b53a19d3e56c1513","name":"Larissa Carvalho","image":{"@type":"ImageObject","inLanguage":"pt-BR","@id":"https:\/\/www.correiobraziliense.com.br\/cbradar\/#\/schema\/person\/image\/","url":"https:\/\/secure.gravatar.com\/avatar\/fe4f91a0de32b52a838d0d612abdc1aa?s=96&d=mm&r=g","contentUrl":"https:\/\/secure.gravatar.com\/avatar\/fe4f91a0de32b52a838d0d612abdc1aa?s=96&d=mm&r=g","caption":"Larissa Carvalho"},"url":"https:\/\/www.correiobraziliense.com.br\/cbradar\/author\/larissamyth\/"}]}},"_links":{"self":[{"href":"https:\/\/www.correiobraziliense.com.br\/cbradar\/wp-json\/wp\/v2\/posts\/8913","targetHints":{"allow":["GET"]}}],"collection":[{"href":"https:\/\/www.correiobraziliense.com.br\/cbradar\/wp-json\/wp\/v2\/posts"}],"about":[{"href":"https:\/\/www.correiobraziliense.com.br\/cbradar\/wp-json\/wp\/v2\/types\/post"}],"author":[{"embeddable":true,"href":"https:\/\/www.correiobraziliense.com.br\/cbradar\/wp-json\/wp\/v2\/users\/3"}],"replies":[{"embeddable":true,"href":"https:\/\/www.correiobraziliense.com.br\/cbradar\/wp-json\/wp\/v2\/comments?post=8913"}],"version-history":[{"count":1,"href":"https:\/\/www.correiobraziliense.com.br\/cbradar\/wp-json\/wp\/v2\/posts\/8913\/revisions"}],"predecessor-version":[{"id":8920,"href":"https:\/\/www.correiobraziliense.com.br\/cbradar\/wp-json\/wp\/v2\/posts\/8913\/revisions\/8920"}],"wp:featuredmedia":[{"embeddable":true,"href":"https:\/\/www.correiobraziliense.com.br\/cbradar\/wp-json\/wp\/v2\/media\/8918"}],"wp:attachment":[{"href":"https:\/\/www.correiobraziliense.com.br\/cbradar\/wp-json\/wp\/v2\/media?parent=8913"}],"wp:term":[{"taxonomy":"category","embeddable":true,"href":"https:\/\/www.correiobraziliense.com.br\/cbradar\/wp-json\/wp\/v2\/categories?post=8913"},{"taxonomy":"post_tag","embeddable":true,"href":"https:\/\/www.correiobraziliense.com.br\/cbradar\/wp-json\/wp\/v2\/post_tag?post=8913"}],"curies":[{"name":"wp","href":"https:\/\/api.w.org\/{rel}","templated":true}]}}