{"id":89240,"date":"2025-08-20T17:23:00","date_gmt":"2025-08-20T20:23:00","guid":{"rendered":"https:\/\/www.correiobraziliense.com.br\/cbradar\/?p=89240"},"modified":"2025-08-18T20:30:49","modified_gmt":"2025-08-18T23:30:49","slug":"alimentos-que-aceleram-o-crescimento-dos-cabelos-segundo-especialistas","status":"publish","type":"post","link":"https:\/\/www.correiobraziliense.com.br\/cbradar\/alimentos-que-aceleram-o-crescimento-dos-cabelos-segundo-especialistas\/","title":{"rendered":"Alimentos que aceleram o crescimento dos cabelos segundo especialistas"},"content":{"rendered":"\n<p>Quer cabelos fortes e saud\u00e1veis? A <strong>alimenta\u00e7\u00e3o<\/strong> pode ser a chave. Incorporar determinados nutrientes \u00e0 dieta \u00e9 essencial para dar for\u00e7a e promover o <strong>crescimento capilar<\/strong>. Descubra os melhores aliados do seu cabelo no prato.<\/p>\n\n\n\n<ul class=\"wp-block-list\">\n<li>Prote\u00ednas e sua import\u00e2ncia no ciclo capilar<\/li>\n\n\n\n<li>Vitaminas que evitam a queda<\/li>\n\n\n\n<li>\u00c1cidos graxos como promotores de brilho e elasticidade<\/li>\n<\/ul>\n\n\n\n<h2 class=\"wp-block-heading\">Por que as prote\u00ednas s\u00e3o cruciais para o crescimento capilar?<\/h2>\n\n\n\n<p>Os <strong>cabelos s\u00e3o formados principalmente por queratina<\/strong>, uma prote\u00edna fundamental. Sem prote\u00ednas adequadas, os fios podem ficar fr\u00e1geis e quebradi\u00e7os. Alimentos ricos em prote\u00ednas incluem carnes magras, peixes, ovos e leguminosas.<\/p>\n\n\n\n<p>Integrar essas fontes na dieta ajuda a <strong>fortalecer o cabelo<\/strong> desde a raiz, promovendo um crescimento consistente e saud\u00e1vel. Al\u00e9m disso, incluir latic\u00ednios desnatados, como iogurte e queijo branco, pode aumentar ainda mais sua ingest\u00e3o proteica de forma saud\u00e1vel.<\/p>\n\n\n\n<h2 class=\"wp-block-heading\">Quais vitaminas ajudam a evitar a queda de cabelo?<\/h2>\n\n\n\n<p>V\u00e1rias <strong>vitaminas s\u00e3o amigas do cabelo<\/strong>, mas a biotina, as vitaminas A e E s\u00e3o especialmente importantes. Elas ajudam a melhorar a circula\u00e7\u00e3o no couro cabeludo e a manter os fol\u00edculos saud\u00e1veis.<\/p>\n\n\n\n<p>Incluir alimentos como espinafre, cenoura e am\u00eandoas \u00e9 uma forma eficaz de garantir que seu corpo receba essas vitaminas essenciais. Vitamina C, presente em frutas c\u00edtricas como laranja e acerola, tamb\u00e9m contribui para a produ\u00e7\u00e3o de col\u00e1geno, fortalecendo os fios.<\/p>\n\n\n\n<h2 class=\"wp-block-heading\">\u00c1cidos graxos podem melhorar o brilho e elasticidade dos fios?<\/h2>\n\n\n\n<p>Os <strong>\u00e1cidos graxos \u00f4mega-3<\/strong> s\u00e3o conhecidos por suas propriedades de fortalecimento dos cabelos. Eles ajudam a manter a umidade e aumentar o brilho dos fios.<\/p>\n\n\n\n<p>Peixes como salm\u00e3o e sardinha s\u00e3o \u00f3timas fontes. Para os vegetarianos, as sementes de chia e as nozes representam alternativas vi\u00e1veis. O \u00f3leo de linha\u00e7a tamb\u00e9m pode ser inclu\u00eddo como fonte vegetal de \u00f4mega-3.<\/p>\n\n\n\n<p><strong>Dica r\u00e1pida<\/strong>: Combine essas dicas alimentares com um bom regime de cuidados capilares para potencializar os resultados.<\/p>\n\n\n\n<figure class=\"wp-block-image size-large\"><img decoding=\"async\" width=\"1024\" height=\"576\" src=\"https:\/\/www.correiobraziliense.com.br\/cbradar\/wp-content\/uploads\/2025\/08\/cabelo_1755559827180-1024x576.jpg\" alt=\"Alimentos que aceleram o crescimento dos cabelos segundo especialistas\" class=\"wp-image-89243\" srcset=\"https:\/\/www.correiobraziliense.com.br\/cbradar\/wp-content\/uploads\/2025\/08\/cabelo_1755559827180-1024x576.jpg 1024w, https:\/\/www.correiobraziliense.com.br\/cbradar\/wp-content\/uploads\/2025\/08\/cabelo_1755559827180-300x169.jpg 300w, https:\/\/www.correiobraziliense.com.br\/cbradar\/wp-content\/uploads\/2025\/08\/cabelo_1755559827180-768x432.jpg 768w, https:\/\/www.correiobraziliense.com.br\/cbradar\/wp-content\/uploads\/2025\/08\/cabelo_1755559827180-750x422.jpg 750w, https:\/\/www.correiobraziliense.com.br\/cbradar\/wp-content\/uploads\/2025\/08\/cabelo_1755559827180-1140x641.jpg 1140w, https:\/\/www.correiobraziliense.com.br\/cbradar\/wp-content\/uploads\/2025\/08\/cabelo_1755559827180.jpg 1280w\" sizes=\"(max-width: 1024px) 100vw, 1024px\" \/><figcaption class=\"wp-element-caption\">cabelo. Cr\u00e9ditos: depositphotos.com \/ IgorVetushko<\/figcaption><\/figure>\n\n\n\n<h2 class=\"wp-block-heading\">Como a hidrata\u00e7\u00e3o adequada impacta o crescimento capilar?<\/h2>\n\n\n\n<p>A <strong>hidrata\u00e7\u00e3o \u00e9 essencial<\/strong> tanto para a sa\u00fade geral quanto para o crescimento dos cabelos. A ingest\u00e3o adequada de \u00e1gua ajuda a <strong>manter os cabelos hidratados e flex\u00edveis<\/strong>, prevenindo a quebra.<\/p>\n\n\n\n<p>Recomenda-se consumir pelo menos 8 copos de \u00e1gua por dia para manter n\u00e3o s\u00f3 o cabelo, mas todo o organismo funcionando corretamente. Ch\u00e1s naturais, como o de camomila ou hibisco, podem ser aliados extras na hidrata\u00e7\u00e3o.<\/p>\n\n\n\n<p>Leia tamb\u00e9m: <a href=\"https:\/\/www.correiobraziliense.com.br\/cbradar\/5-maneiras-de-reduzir-a-queda-de-cabelo-sem-medicamentos-ou-suplementos\/\" target=\"_blank\" rel=\"noreferrer noopener\">5 maneiras de reduzir a queda de cabelo sem medicamentos ou suplementos<\/a><\/p>\n\n\n\n<h2 class=\"wp-block-heading\">Incorpore essas dicas para um cabelo mais forte<\/h2>\n\n\n\n<ul class=\"wp-block-list\">\n<li>Uma dieta rica em prote\u00ednas e vitaminas \u00e9 a base para cabelos saud\u00e1veis.<\/li>\n\n\n\n<li>\u00c1cidos graxos como \u00f4mega-3 estimulam o brilho e elasticidade dos fios.<\/li>\n\n\n\n<li>A hidrata\u00e7\u00e3o adequada mant\u00e9m o cabelo flex\u00edvel e resistente \u00e0 quebra.<\/li>\n<\/ul>\n","protected":false},"excerpt":{"rendered":"<p>Descubra alimentos que fortalecem seus cabelos e promovem crescimento saud\u00e1vel. Prote\u00ednas, vitaminas e \u00e1cidos graxos essenciais para um cabelo forte e brilhante.<\/p>\n","protected":false},"author":3,"featured_media":89242,"comment_status":"open","ping_status":"open","sticky":false,"template":"","format":"standard","meta":{"_yoast_wpseo_focuskw":"alimentos crescimento cabelos","_yoast_wpseo_title":"%%title%%","_yoast_wpseo_metadesc":"Descubra alimentos que fortalecem seus cabelos e promovem crescimento saud\u00e1vel. Prote\u00ednas, vitaminas e \u00e1cidos graxos essenciais para um cabelo forte e brilhante.","jnews-multi-image_gallery":[],"jnews_single_post":{"format":"standard"},"jnews_primary_category":[],"jnews_social_meta":[],"jnews_override_counter":[],"footnotes":""},"categories":[112],"tags":[1423,126,144],"class_list":["post-89240","post","type-post","status-publish","format-standard","has-post-thumbnail","hentry","category-curiosidades","tag-alimentos","tag-cabelo","tag-curiosidades"],"yoast_head":"<!-- This site is optimized with the Yoast SEO plugin v24.6 - https:\/\/yoast.com\/wordpress\/plugins\/seo\/ -->\n<title>Alimentos que aceleram o crescimento dos cabelos segundo especialistas<\/title>\n<meta name=\"description\" content=\"Descubra alimentos que fortalecem seus cabelos e promovem crescimento saud\u00e1vel. Prote\u00ednas, vitaminas e \u00e1cidos graxos essenciais para um cabelo forte e brilhante.\" \/>\n<meta name=\"robots\" content=\"index, follow, max-snippet:-1, max-image-preview:large, max-video-preview:-1\" \/>\n<link rel=\"canonical\" href=\"https:\/\/www.correiobraziliense.com.br\/cbradar\/alimentos-que-aceleram-o-crescimento-dos-cabelos-segundo-especialistas\/\" \/>\n<meta property=\"og:locale\" content=\"pt_BR\" \/>\n<meta property=\"og:type\" content=\"article\" \/>\n<meta property=\"og:title\" content=\"Alimentos que aceleram o crescimento dos cabelos segundo especialistas\" \/>\n<meta property=\"og:description\" content=\"Descubra alimentos que fortalecem seus cabelos e promovem crescimento saud\u00e1vel. Prote\u00ednas, vitaminas e \u00e1cidos graxos essenciais para um cabelo forte e brilhante.\" \/>\n<meta property=\"og:url\" content=\"https:\/\/www.correiobraziliense.com.br\/cbradar\/alimentos-que-aceleram-o-crescimento-dos-cabelos-segundo-especialistas\/\" \/>\n<meta property=\"og:site_name\" content=\"Correio Braziliense - Radar\" \/>\n<meta property=\"article:published_time\" content=\"2025-08-20T20:23:00+00:00\" \/>\n<meta property=\"og:image\" content=\"https:\/\/www.correiobraziliense.com.br\/cbradar\/wp-content\/uploads\/2025\/08\/cabelo_1755559705784.jpg\" \/>\n\t<meta property=\"og:image:width\" content=\"1280\" \/>\n\t<meta property=\"og:image:height\" content=\"720\" \/>\n\t<meta property=\"og:image:type\" content=\"image\/jpeg\" \/>\n<meta name=\"author\" content=\"Larissa Carvalho\" \/>\n<meta name=\"twitter:card\" content=\"summary_large_image\" \/>\n<meta name=\"twitter:label1\" content=\"Escrito por\" \/>\n\t<meta name=\"twitter:data1\" content=\"Larissa Carvalho\" \/>\n\t<meta name=\"twitter:label2\" content=\"Est. tempo de leitura\" \/>\n\t<meta name=\"twitter:data2\" content=\"3 minutos\" \/>\n<!-- \/ Yoast SEO plugin. -->","yoast_head_json":{"title":"Alimentos que aceleram o crescimento dos cabelos segundo especialistas","description":"Descubra alimentos que fortalecem seus cabelos e promovem crescimento saud\u00e1vel. Prote\u00ednas, vitaminas e \u00e1cidos graxos essenciais para um cabelo forte e brilhante.","robots":{"index":"index","follow":"follow","max-snippet":"max-snippet:-1","max-image-preview":"max-image-preview:large","max-video-preview":"max-video-preview:-1"},"canonical":"https:\/\/www.correiobraziliense.com.br\/cbradar\/alimentos-que-aceleram-o-crescimento-dos-cabelos-segundo-especialistas\/","og_locale":"pt_BR","og_type":"article","og_title":"Alimentos que aceleram o crescimento dos cabelos segundo especialistas","og_description":"Descubra alimentos que fortalecem seus cabelos e promovem crescimento saud\u00e1vel. Prote\u00ednas, vitaminas e \u00e1cidos graxos essenciais para um cabelo forte e brilhante.","og_url":"https:\/\/www.correiobraziliense.com.br\/cbradar\/alimentos-que-aceleram-o-crescimento-dos-cabelos-segundo-especialistas\/","og_site_name":"Correio Braziliense - Radar","article_published_time":"2025-08-20T20:23:00+00:00","og_image":[{"width":1280,"height":720,"url":"https:\/\/www.correiobraziliense.com.br\/cbradar\/wp-content\/uploads\/2025\/08\/cabelo_1755559705784.jpg","type":"image\/jpeg"}],"author":"Larissa Carvalho","twitter_card":"summary_large_image","twitter_misc":{"Escrito por":"Larissa Carvalho","Est. tempo de leitura":"3 minutos"},"schema":{"@context":"https:\/\/schema.org","@graph":[{"@type":"WebPage","@id":"https:\/\/www.correiobraziliense.com.br\/cbradar\/alimentos-que-aceleram-o-crescimento-dos-cabelos-segundo-especialistas\/","url":"https:\/\/www.correiobraziliense.com.br\/cbradar\/alimentos-que-aceleram-o-crescimento-dos-cabelos-segundo-especialistas\/","name":"Alimentos que aceleram o crescimento dos cabelos segundo especialistas","isPartOf":{"@id":"https:\/\/www.correiobraziliense.com.br\/cbradar\/#website"},"primaryImageOfPage":{"@id":"https:\/\/www.correiobraziliense.com.br\/cbradar\/alimentos-que-aceleram-o-crescimento-dos-cabelos-segundo-especialistas\/#primaryimage"},"image":{"@id":"https:\/\/www.correiobraziliense.com.br\/cbradar\/alimentos-que-aceleram-o-crescimento-dos-cabelos-segundo-especialistas\/#primaryimage"},"thumbnailUrl":"https:\/\/www.correiobraziliense.com.br\/cbradar\/wp-content\/uploads\/2025\/08\/cabelo_1755559705784.jpg","datePublished":"2025-08-20T20:23:00+00:00","author":{"@id":"https:\/\/www.correiobraziliense.com.br\/cbradar\/#\/schema\/person\/58422787644df994b53a19d3e56c1513"},"description":"Descubra alimentos que fortalecem seus cabelos e promovem crescimento saud\u00e1vel. Prote\u00ednas, vitaminas e \u00e1cidos graxos essenciais para um cabelo forte e brilhante.","breadcrumb":{"@id":"https:\/\/www.correiobraziliense.com.br\/cbradar\/alimentos-que-aceleram-o-crescimento-dos-cabelos-segundo-especialistas\/#breadcrumb"},"inLanguage":"pt-BR","potentialAction":[{"@type":"ReadAction","target":["https:\/\/www.correiobraziliense.com.br\/cbradar\/alimentos-que-aceleram-o-crescimento-dos-cabelos-segundo-especialistas\/"]}]},{"@type":"ImageObject","inLanguage":"pt-BR","@id":"https:\/\/www.correiobraziliense.com.br\/cbradar\/alimentos-que-aceleram-o-crescimento-dos-cabelos-segundo-especialistas\/#primaryimage","url":"https:\/\/www.correiobraziliense.com.br\/cbradar\/wp-content\/uploads\/2025\/08\/cabelo_1755559705784.jpg","contentUrl":"https:\/\/www.correiobraziliense.com.br\/cbradar\/wp-content\/uploads\/2025\/08\/cabelo_1755559705784.jpg","width":1280,"height":720,"caption":"cabelo. Cr\u00e9ditos: depositphotos.com \/ gpointstudio"},{"@type":"BreadcrumbList","@id":"https:\/\/www.correiobraziliense.com.br\/cbradar\/alimentos-que-aceleram-o-crescimento-dos-cabelos-segundo-especialistas\/#breadcrumb","itemListElement":[{"@type":"ListItem","position":1,"name":"In\u00edcio","item":"https:\/\/www.correiobraziliense.com.br\/cbradar\/"},{"@type":"ListItem","position":2,"name":"Alimentos que aceleram o crescimento dos cabelos segundo especialistas"}]},{"@type":"WebSite","@id":"https:\/\/www.correiobraziliense.com.br\/cbradar\/#website","url":"https:\/\/www.correiobraziliense.com.br\/cbradar\/","name":"Correio Braziliense - Radar","description":"Acompanhe as \u00faltimas not\u00edcias e fique bem informado sobre tudo o que acontece no Brasil e no mundo.","potentialAction":[{"@type":"SearchAction","target":{"@type":"EntryPoint","urlTemplate":"https:\/\/www.correiobraziliense.com.br\/cbradar\/?s={search_term_string}"},"query-input":{"@type":"PropertyValueSpecification","valueRequired":true,"valueName":"search_term_string"}}],"inLanguage":"pt-BR"},{"@type":"Person","@id":"https:\/\/www.correiobraziliense.com.br\/cbradar\/#\/schema\/person\/58422787644df994b53a19d3e56c1513","name":"Larissa Carvalho","image":{"@type":"ImageObject","inLanguage":"pt-BR","@id":"https:\/\/www.correiobraziliense.com.br\/cbradar\/#\/schema\/person\/image\/","url":"https:\/\/secure.gravatar.com\/avatar\/fe4f91a0de32b52a838d0d612abdc1aa?s=96&d=mm&r=g","contentUrl":"https:\/\/secure.gravatar.com\/avatar\/fe4f91a0de32b52a838d0d612abdc1aa?s=96&d=mm&r=g","caption":"Larissa Carvalho"},"url":"https:\/\/www.correiobraziliense.com.br\/cbradar\/author\/larissamyth\/"}]}},"_links":{"self":[{"href":"https:\/\/www.correiobraziliense.com.br\/cbradar\/wp-json\/wp\/v2\/posts\/89240","targetHints":{"allow":["GET"]}}],"collection":[{"href":"https:\/\/www.correiobraziliense.com.br\/cbradar\/wp-json\/wp\/v2\/posts"}],"about":[{"href":"https:\/\/www.correiobraziliense.com.br\/cbradar\/wp-json\/wp\/v2\/types\/post"}],"author":[{"embeddable":true,"href":"https:\/\/www.correiobraziliense.com.br\/cbradar\/wp-json\/wp\/v2\/users\/3"}],"replies":[{"embeddable":true,"href":"https:\/\/www.correiobraziliense.com.br\/cbradar\/wp-json\/wp\/v2\/comments?post=89240"}],"version-history":[{"count":2,"href":"https:\/\/www.correiobraziliense.com.br\/cbradar\/wp-json\/wp\/v2\/posts\/89240\/revisions"}],"predecessor-version":[{"id":89244,"href":"https:\/\/www.correiobraziliense.com.br\/cbradar\/wp-json\/wp\/v2\/posts\/89240\/revisions\/89244"}],"wp:featuredmedia":[{"embeddable":true,"href":"https:\/\/www.correiobraziliense.com.br\/cbradar\/wp-json\/wp\/v2\/media\/89242"}],"wp:attachment":[{"href":"https:\/\/www.correiobraziliense.com.br\/cbradar\/wp-json\/wp\/v2\/media?parent=89240"}],"wp:term":[{"taxonomy":"category","embeddable":true,"href":"https:\/\/www.correiobraziliense.com.br\/cbradar\/wp-json\/wp\/v2\/categories?post=89240"},{"taxonomy":"post_tag","embeddable":true,"href":"https:\/\/www.correiobraziliense.com.br\/cbradar\/wp-json\/wp\/v2\/tags?post=89240"}],"curies":[{"name":"wp","href":"https:\/\/api.w.org\/{rel}","templated":true}]}}