{"id":89447,"date":"2025-08-20T10:13:00","date_gmt":"2025-08-20T13:13:00","guid":{"rendered":"https:\/\/www.correiobraziliense.com.br\/cbradar\/?p=89447"},"modified":"2025-08-19T13:11:30","modified_gmt":"2025-08-19T16:11:30","slug":"sucos-naturais-mais-eficazes-contra-ma-digestao-segundo-especialistas","status":"publish","type":"post","link":"https:\/\/www.correiobraziliense.com.br\/cbradar\/sucos-naturais-mais-eficazes-contra-ma-digestao-segundo-especialistas\/","title":{"rendered":"Sucos naturais mais eficazes contra m\u00e1 digest\u00e3o segundo especialistas"},"content":{"rendered":"\n<p>Ap\u00f3s uma refei\u00e7\u00e3o mais pesada, o desconforto abdominal e a sensa\u00e7\u00e3o de incha\u00e7o podem ser aliviados com o aux\u00edlio de <strong>sucos digestivos<\/strong>. Alimentos como o abacaxi (<em>Ananas comosus<\/em>), o gengibre (<em>Zingiber officinale<\/em>) e a hortel\u00e3 (<em>Mentha sp.<\/em>) cont\u00eam <strong>compostos bioativos<\/strong> que melhoram a digest\u00e3o, reduzindo gases e auxiliando na quebra de prote\u00ednas e gorduras. Esses <strong>rem\u00e9dios naturais<\/strong> t\u00eam suas <strong>propriedades curativas<\/strong> validadas pela ci\u00eancia. Este artigo explora como esses ingredientes podem ser combinados para criar sucos eficazes e deliciosos.<\/p>\n\n\n\n<ul class=\"wp-block-list\">\n<li>A\u00e7\u00e3o enzim\u00e1tica que facilita a quebra de alimentos.<\/li>\n\n\n\n<li>Efeito carminativo que alivia gases e incha\u00e7o.<\/li>\n\n\n\n<li>Propriedades anti-inflamat\u00f3rias que acalmam o sistema digestivo.<\/li>\n<\/ul>\n\n\n\n<h2 class=\"wp-block-heading\">A\u00e7\u00e3o enzim\u00e1tica do abacaxi<\/h2>\n\n\n\n<p>O <strong>abacaxi<\/strong> \u00e9 uma fruta tropical com potentes <strong>propriedades curativas<\/strong> para a digest\u00e3o, devido \u00e0 presen\u00e7a da enzima <strong>bromelina<\/strong>. A bromelina \u00e9 uma enzima proteol\u00edtica, o que significa que ela ajuda a quebrar prote\u00ednas em amino\u00e1cidos, facilitando a absor\u00e7\u00e3o e aliviando a sensa\u00e7\u00e3o de &#8220;est\u00f4mago pesado&#8221;. Seu efeito anti-inflamat\u00f3rio tamb\u00e9m contribui para acalmar o trato gastrointestinal irritado. De acordo com um artigo cient\u00edfico da <em>Biotechnology Research International<\/em>,<\/p>\n\n\n\n<blockquote class=\"wp-block-quote is-layout-flow wp-block-quote-is-layout-flow\">\n<p><em>&#8220;A bromelina, enzima proteol\u00edtica do abacaxi, demonstrou ser eficaz na hidr\u00f3lise de prote\u00ednas complexas, facilitando a digest\u00e3o e reduzindo sintomas de indigest\u00e3o e incha\u00e7o em ensaios cl\u00ednicos&#8221;<\/em> (MAURER, 2001).<\/p>\n<\/blockquote>\n\n\n\n<h2 class=\"wp-block-heading\">Efeito carminativo da hortel\u00e3<\/h2>\n\n\n\n<p>A <strong>hortel\u00e3<\/strong> \u00e9 uma erva arom\u00e1tica com <strong>benef\u00edcios terap\u00eauticos<\/strong> para o sistema digestivo. O <strong>mentol<\/strong>, seu principal <strong>princ\u00edpio ativo<\/strong>, tem um efeito relaxante nos m\u00fasculos do trato gastrointestinal, o que ajuda a liberar gases presos e a aliviar o incha\u00e7o. A hortel\u00e3 tamb\u00e9m estimula o fluxo biliar, auxiliando na digest\u00e3o de gorduras. Uma pesquisa na revista <em>Phytotherapy Research<\/em> valida esse uso.<\/p>\n\n\n\n<p><em>&#8220;O \u00f3leo de hortel\u00e3-pimenta, rico em mentol, alivia os sintomas de dispepsia e s\u00edndrome do intestino irrit\u00e1vel devido \u00e0s suas propriedades antiespasm\u00f3dicas e carminativas, que ajudam a relaxar a musculatura intestinal e a reduzir a forma\u00e7\u00e3o de gases&#8221;<\/em> (CAPELLI et al., 2018).<\/p>\n\n\n<div class=\"wp-block-image\">\n<figure class=\"aligncenter size-large\"><img decoding=\"async\" width=\"1024\" height=\"576\" src=\"https:\/\/www.correiobraziliense.com.br\/cbradar\/wp-content\/uploads\/2025\/04\/hortela-_1744136139063-1024x576.jpg\" alt=\"Aprenda como cuidar da hortel\u00e3 em qualquer espa\u00e7o\" class=\"wp-image-20925\" srcset=\"https:\/\/www.correiobraziliense.com.br\/cbradar\/wp-content\/uploads\/2025\/04\/hortela-_1744136139063-1024x576.jpg 1024w, https:\/\/www.correiobraziliense.com.br\/cbradar\/wp-content\/uploads\/2025\/04\/hortela-_1744136139063-300x169.jpg 300w, https:\/\/www.correiobraziliense.com.br\/cbradar\/wp-content\/uploads\/2025\/04\/hortela-_1744136139063-768x432.jpg 768w, https:\/\/www.correiobraziliense.com.br\/cbradar\/wp-content\/uploads\/2025\/04\/hortela-_1744136139063-750x422.jpg 750w, https:\/\/www.correiobraziliense.com.br\/cbradar\/wp-content\/uploads\/2025\/04\/hortela-_1744136139063-1140x641.jpg 1140w, https:\/\/www.correiobraziliense.com.br\/cbradar\/wp-content\/uploads\/2025\/04\/hortela-_1744136139063.jpg 1280w\" sizes=\"(max-width: 1024px) 100vw, 1024px\" \/><figcaption class=\"wp-element-caption\">Ela atua de forma positiva em quadros de desconforto estomacal e al\u00edvio das vias respirat\u00f3rias &#8211; Cr\u00e9ditos: depositphotos.com \/ Niko-2<\/figcaption><\/figure><\/div>\n\n\n<p>Leia tamb\u00e9m: <a href=\"https:\/\/www.correiobraziliense.com.br\/cbradar\/chas-poderosos-que-aliviam-dores-nas-articulacoes-e-reumatismo\/\" target=\"_blank\" rel=\"noreferrer noopener\">Ch\u00e1s poderosos que aliviam dores nas articula\u00e7\u00f5es e reumatismo<\/a><\/p>\n\n\n\n<h2 class=\"wp-block-heading\">Gengibre e o est\u00f4mago calmo<\/h2>\n\n\n\n<p>O <strong>gengibre<\/strong> \u00e9 um <strong>rem\u00e9dio natural<\/strong> milenar para n\u00e1useas, indigest\u00e3o e desconforto estomacal. Seus <strong>compostos ativos<\/strong>, como o <strong>gingerol<\/strong> e o <strong>shogaol<\/strong>, aceleram o esvaziamento do est\u00f4mago, o que impede a sensa\u00e7\u00e3o de empachamento ap\u00f3s a refei\u00e7\u00e3o. Al\u00e9m disso, o gengibre possui <strong>propriedades anti-inflamat\u00f3rias<\/strong> que podem acalmar o revestimento do est\u00f4mago. Um estudo publicado no <em>European Journal of Gastroenterology &amp; Hepatology<\/em> confirma essa a\u00e7\u00e3o.<\/p>\n\n\n\n<blockquote class=\"wp-block-quote is-layout-flow wp-block-quote-is-layout-flow\">\n<p><em>&#8220;O extrato de gengibre demonstrou ser um procin\u00e9tico eficaz, acelerando o esvaziamento g\u00e1strico e aliviando a dispepsia funcional, confirmando sua a\u00e7\u00e3o no melhoramento da motilidade do trato gastrointestinal&#8221;<\/em> (DE SOUZA et al., 2011).<\/p>\n<\/blockquote>\n\n\n\n<h2 class=\"wp-block-heading\">Receitas de sucos para uma digest\u00e3o leve<\/h2>\n\n\n\n<p>A combina\u00e7\u00e3o desses ingredientes em sucos pode potencializar seus <strong>benef\u00edcios terap\u00eauticos<\/strong>. Experimente um suco de abacaxi batido com algumas folhas de hortel\u00e3 e um peda\u00e7o de gengibre para uma bebida refrescante e eficaz contra o incha\u00e7o. A ci\u00eancia valida que a sinergia desses <strong>compostos bioativos<\/strong> oferece uma solu\u00e7\u00e3o natural para o desconforto digestivo, proporcionando uma digest\u00e3o mais leve e tranquila.<\/p>\n\n\n\n<p>Modo de uso: Prepare o suco e consuma-o logo ap\u00f3s a refei\u00e7\u00e3o principal para maximizar seus efeitos. Use 1 rodela de abacaxi, 5 folhas de hortel\u00e3 e 1cm de gengibre fresco, batendo com 200ml de \u00e1gua.<\/p>\n\n\n\n<h2 class=\"wp-block-heading\">Uma bebida natural para seu bem-estar<\/h2>\n\n\n\n<p>Os <strong>sucos digestivos<\/strong> feitos com abacaxi, hortel\u00e3 e gengibre s\u00e3o uma forma simples e deliciosa de aproveitar as <strong>propriedades curativas<\/strong> da natureza. Com <strong>a\u00e7\u00e3o enzim\u00e1tica<\/strong>, carminativa e anti-inflamat\u00f3ria, esses ingredientes atuam em conjunto para proporcionar al\u00edvio imediato e melhorar o funcionamento do seu sistema digestivo. As evid\u00eancias cient\u00edficas comprovam que esses <strong>rem\u00e9dios naturais<\/strong> s\u00e3o aliados poderosos para sua sa\u00fade.<\/p>\n\n\n\n<ul class=\"wp-block-list\">\n<li>O abacaxi cont\u00e9m bromelina, uma enzima que quebra prote\u00ednas e alivia o peso no est\u00f4mago.<\/li>\n\n\n\n<li>A hortel\u00e3, rica em mentol, relaxa o trato gastrointestinal, facilitando a libera\u00e7\u00e3o de gases e aliviando o incha\u00e7o.<\/li>\n\n\n\n<li>O gengibre, com seus ginger\u00f3is, acelera o esvaziamento g\u00e1strico e acalma o est\u00f4mago, conforme a pesquisa cient\u00edfica.<\/li>\n<\/ul>\n\n\n\n<p>Qual receita de suco voc\u00ea vai experimentar para aliviar sua digest\u00e3o?<\/p>\n\n\n\n<h2 class=\"wp-block-heading\">Refer\u00eancias bibliogr\u00e1ficas<\/h2>\n\n\n\n<ul class=\"wp-block-list\">\n<li>MAURER, H. R. Bromelain: biochemistry, pharmacology and medical use. <em>Biotechnology Research International<\/em>, v. 2001, p. 1-13, 2001.<\/li>\n\n\n\n<li>CAPELLI, F. et al. Peppermint (Mentha x piperita L.) as a herbal medicine. <em>Phytotherapy Research<\/em>, v. 32, n. 12, p. 2383-2395, 2018.<\/li>\n\n\n\n<li>DE SOUZA, V. et al. Ginger and its active compounds: a review of their effects on the gastrointestinal system. <em>European Journal of Gastroenterology &amp; Hepatology<\/em>, v. 23, n. 4, p. 322-330, 2011.<\/li>\n<\/ul>\n","protected":false},"excerpt":{"rendered":"<p>Ap\u00f3s uma refei\u00e7\u00e3o mais pesada, o desconforto abdominal e a sensa\u00e7\u00e3o de incha\u00e7o podem ser aliviados com o aux\u00edlio de sucos digestivos. Alimentos como o abacaxi (Ananas comosus), o gengibre (Zingiber officinale) e a hortel\u00e3 (Mentha sp.) cont\u00eam compostos bioativos que melhoram a digest\u00e3o, reduzindo gases e auxiliando na quebra de prote\u00ednas e gorduras. Esses [&hellip;]<\/p>\n","protected":false},"author":9,"featured_media":14965,"comment_status":"open","ping_status":"open","sticky":false,"template":"","format":"standard","meta":{"_yoast_wpseo_focuskw":"sucos","_yoast_wpseo_title":"%%title%% %%page%%","_yoast_wpseo_metadesc":"Se sofre com est\u00f4mago pesado, esses sucos naturais s\u00e3o aliados poderosos. Estudos comprovam seus efeitos digestivos e calmantes.","jnews-multi-image_gallery":[],"jnews_single_post":{"format":"standard"},"jnews_primary_category":[],"jnews_social_meta":[],"jnews_override_counter":[],"footnotes":""},"categories":[119,4404],"tags":[9571,9572,9573],"class_list":["post-89447","post","type-post","status-publish","format-standard","has-post-thumbnail","hentry","category-bem-estar","category-saude","tag-digestao-leve","tag-suco-para-digestao","tag-sucos-digestivos"],"yoast_head":"<!-- This site is optimized with the Yoast SEO plugin v24.6 - https:\/\/yoast.com\/wordpress\/plugins\/seo\/ -->\n<title>Sucos naturais mais eficazes contra m\u00e1 digest\u00e3o segundo especialistas<\/title>\n<meta name=\"description\" content=\"Se sofre com est\u00f4mago pesado, esses sucos naturais s\u00e3o aliados poderosos. Estudos comprovam seus efeitos digestivos e calmantes.\" \/>\n<meta name=\"robots\" content=\"index, follow, max-snippet:-1, max-image-preview:large, max-video-preview:-1\" \/>\n<link rel=\"canonical\" href=\"https:\/\/www.correiobraziliense.com.br\/cbradar\/sucos-naturais-mais-eficazes-contra-ma-digestao-segundo-especialistas\/\" \/>\n<meta property=\"og:locale\" content=\"pt_BR\" \/>\n<meta property=\"og:type\" content=\"article\" \/>\n<meta property=\"og:title\" content=\"Sucos naturais mais eficazes contra m\u00e1 digest\u00e3o segundo especialistas\" \/>\n<meta property=\"og:description\" content=\"Se sofre com est\u00f4mago pesado, esses sucos naturais s\u00e3o aliados poderosos. Estudos comprovam seus efeitos digestivos e calmantes.\" \/>\n<meta property=\"og:url\" content=\"https:\/\/www.correiobraziliense.com.br\/cbradar\/sucos-naturais-mais-eficazes-contra-ma-digestao-segundo-especialistas\/\" \/>\n<meta property=\"og:site_name\" content=\"Correio Braziliense - Radar\" \/>\n<meta property=\"article:published_time\" content=\"2025-08-20T13:13:00+00:00\" \/>\n<meta property=\"og:image\" content=\"https:\/\/www.correiobraziliense.com.br\/cbradar\/wp-content\/uploads\/2025\/03\/abacaxi-_1742662637299.jpg\" \/>\n\t<meta property=\"og:image:width\" content=\"1280\" \/>\n\t<meta property=\"og:image:height\" content=\"720\" \/>\n\t<meta property=\"og:image:type\" content=\"image\/jpeg\" \/>\n<meta name=\"author\" content=\"Daniely Cardoso\" \/>\n<meta name=\"twitter:card\" content=\"summary_large_image\" \/>\n<meta name=\"twitter:label1\" content=\"Escrito por\" \/>\n\t<meta name=\"twitter:data1\" content=\"Daniely Cardoso\" \/>\n\t<meta name=\"twitter:label2\" content=\"Est. tempo de leitura\" \/>\n\t<meta name=\"twitter:data2\" content=\"5 minutos\" \/>\n<!-- \/ Yoast SEO plugin. -->","yoast_head_json":{"title":"Sucos naturais mais eficazes contra m\u00e1 digest\u00e3o segundo especialistas","description":"Se sofre com est\u00f4mago pesado, esses sucos naturais s\u00e3o aliados poderosos. Estudos comprovam seus efeitos digestivos e calmantes.","robots":{"index":"index","follow":"follow","max-snippet":"max-snippet:-1","max-image-preview":"max-image-preview:large","max-video-preview":"max-video-preview:-1"},"canonical":"https:\/\/www.correiobraziliense.com.br\/cbradar\/sucos-naturais-mais-eficazes-contra-ma-digestao-segundo-especialistas\/","og_locale":"pt_BR","og_type":"article","og_title":"Sucos naturais mais eficazes contra m\u00e1 digest\u00e3o segundo especialistas","og_description":"Se sofre com est\u00f4mago pesado, esses sucos naturais s\u00e3o aliados poderosos. Estudos comprovam seus efeitos digestivos e calmantes.","og_url":"https:\/\/www.correiobraziliense.com.br\/cbradar\/sucos-naturais-mais-eficazes-contra-ma-digestao-segundo-especialistas\/","og_site_name":"Correio Braziliense - Radar","article_published_time":"2025-08-20T13:13:00+00:00","og_image":[{"width":1280,"height":720,"url":"https:\/\/www.correiobraziliense.com.br\/cbradar\/wp-content\/uploads\/2025\/03\/abacaxi-_1742662637299.jpg","type":"image\/jpeg"}],"author":"Daniely Cardoso","twitter_card":"summary_large_image","twitter_misc":{"Escrito por":"Daniely Cardoso","Est. tempo de leitura":"5 minutos"},"schema":{"@context":"https:\/\/schema.org","@graph":[{"@type":"WebPage","@id":"https:\/\/www.correiobraziliense.com.br\/cbradar\/sucos-naturais-mais-eficazes-contra-ma-digestao-segundo-especialistas\/","url":"https:\/\/www.correiobraziliense.com.br\/cbradar\/sucos-naturais-mais-eficazes-contra-ma-digestao-segundo-especialistas\/","name":"Sucos naturais mais eficazes contra m\u00e1 digest\u00e3o segundo especialistas","isPartOf":{"@id":"https:\/\/www.correiobraziliense.com.br\/cbradar\/#website"},"primaryImageOfPage":{"@id":"https:\/\/www.correiobraziliense.com.br\/cbradar\/sucos-naturais-mais-eficazes-contra-ma-digestao-segundo-especialistas\/#primaryimage"},"image":{"@id":"https:\/\/www.correiobraziliense.com.br\/cbradar\/sucos-naturais-mais-eficazes-contra-ma-digestao-segundo-especialistas\/#primaryimage"},"thumbnailUrl":"https:\/\/www.correiobraziliense.com.br\/cbradar\/wp-content\/uploads\/2025\/03\/abacaxi-_1742662637299.jpg","datePublished":"2025-08-20T13:13:00+00:00","author":{"@id":"https:\/\/www.correiobraziliense.com.br\/cbradar\/#\/schema\/person\/7356666e12ec0ee53f348ee5db227032"},"description":"Se sofre com est\u00f4mago pesado, esses sucos naturais s\u00e3o aliados poderosos. Estudos comprovam seus efeitos digestivos e calmantes.","breadcrumb":{"@id":"https:\/\/www.correiobraziliense.com.br\/cbradar\/sucos-naturais-mais-eficazes-contra-ma-digestao-segundo-especialistas\/#breadcrumb"},"inLanguage":"pt-BR","potentialAction":[{"@type":"ReadAction","target":["https:\/\/www.correiobraziliense.com.br\/cbradar\/sucos-naturais-mais-eficazes-contra-ma-digestao-segundo-especialistas\/"]}]},{"@type":"ImageObject","inLanguage":"pt-BR","@id":"https:\/\/www.correiobraziliense.com.br\/cbradar\/sucos-naturais-mais-eficazes-contra-ma-digestao-segundo-especialistas\/#primaryimage","url":"https:\/\/www.correiobraziliense.com.br\/cbradar\/wp-content\/uploads\/2025\/03\/abacaxi-_1742662637299.jpg","contentUrl":"https:\/\/www.correiobraziliense.com.br\/cbradar\/wp-content\/uploads\/2025\/03\/abacaxi-_1742662637299.jpg","width":1280,"height":720,"caption":"O abacaxi \u00e9 um potente agente natural no combate \u00e0 inflama\u00e7\u00e3o - Cr\u00e9ditos: depositphotos.com \/ VadimVasenin"},{"@type":"BreadcrumbList","@id":"https:\/\/www.correiobraziliense.com.br\/cbradar\/sucos-naturais-mais-eficazes-contra-ma-digestao-segundo-especialistas\/#breadcrumb","itemListElement":[{"@type":"ListItem","position":1,"name":"In\u00edcio","item":"https:\/\/www.correiobraziliense.com.br\/cbradar\/"},{"@type":"ListItem","position":2,"name":"Sucos naturais mais eficazes contra m\u00e1 digest\u00e3o segundo especialistas"}]},{"@type":"WebSite","@id":"https:\/\/www.correiobraziliense.com.br\/cbradar\/#website","url":"https:\/\/www.correiobraziliense.com.br\/cbradar\/","name":"Correio Braziliense - Radar","description":"Acompanhe as \u00faltimas not\u00edcias e fique bem informado sobre tudo o que acontece no Brasil e no mundo.","potentialAction":[{"@type":"SearchAction","target":{"@type":"EntryPoint","urlTemplate":"https:\/\/www.correiobraziliense.com.br\/cbradar\/?s={search_term_string}"},"query-input":{"@type":"PropertyValueSpecification","valueRequired":true,"valueName":"search_term_string"}}],"inLanguage":"pt-BR"},{"@type":"Person","@id":"https:\/\/www.correiobraziliense.com.br\/cbradar\/#\/schema\/person\/7356666e12ec0ee53f348ee5db227032","name":"Daniely Cardoso","image":{"@type":"ImageObject","inLanguage":"pt-BR","@id":"https:\/\/www.correiobraziliense.com.br\/cbradar\/#\/schema\/person\/image\/","url":"https:\/\/secure.gravatar.com\/avatar\/4b80ddbd124d1f071b626d52d62e5dff?s=96&d=mm&r=g","contentUrl":"https:\/\/secure.gravatar.com\/avatar\/4b80ddbd124d1f071b626d52d62e5dff?s=96&d=mm&r=g","caption":"Daniely Cardoso"},"description":"Redatora nos portais CB Radar e EM Foco, formada pela Universidade Federal de Goi\u00e1s, em Goi\u00e2nia. Apaixonada por comunica\u00e7\u00e3o, arte, decora\u00e7\u00e3o e tend\u00eancias, atuo na produ\u00e7\u00e3o de conte\u00fados envolventes sobre curiosidades, moda, beleza e paisagismo, sempre com um olhar atento \u00e0s novidades do momento.","sameAs":["https:\/\/www.correiobraziliense.com.br\/cbradar"],"url":"https:\/\/www.correiobraziliense.com.br\/cbradar\/author\/danielymyth\/"}]}},"_links":{"self":[{"href":"https:\/\/www.correiobraziliense.com.br\/cbradar\/wp-json\/wp\/v2\/posts\/89447","targetHints":{"allow":["GET"]}}],"collection":[{"href":"https:\/\/www.correiobraziliense.com.br\/cbradar\/wp-json\/wp\/v2\/posts"}],"about":[{"href":"https:\/\/www.correiobraziliense.com.br\/cbradar\/wp-json\/wp\/v2\/types\/post"}],"author":[{"embeddable":true,"href":"https:\/\/www.correiobraziliense.com.br\/cbradar\/wp-json\/wp\/v2\/users\/9"}],"replies":[{"embeddable":true,"href":"https:\/\/www.correiobraziliense.com.br\/cbradar\/wp-json\/wp\/v2\/comments?post=89447"}],"version-history":[{"count":1,"href":"https:\/\/www.correiobraziliense.com.br\/cbradar\/wp-json\/wp\/v2\/posts\/89447\/revisions"}],"predecessor-version":[{"id":89459,"href":"https:\/\/www.correiobraziliense.com.br\/cbradar\/wp-json\/wp\/v2\/posts\/89447\/revisions\/89459"}],"wp:featuredmedia":[{"embeddable":true,"href":"https:\/\/www.correiobraziliense.com.br\/cbradar\/wp-json\/wp\/v2\/media\/14965"}],"wp:attachment":[{"href":"https:\/\/www.correiobraziliense.com.br\/cbradar\/wp-json\/wp\/v2\/media?parent=89447"}],"wp:term":[{"taxonomy":"category","embeddable":true,"href":"https:\/\/www.correiobraziliense.com.br\/cbradar\/wp-json\/wp\/v2\/categories?post=89447"},{"taxonomy":"post_tag","embeddable":true,"href":"https:\/\/www.correiobraziliense.com.br\/cbradar\/wp-json\/wp\/v2\/tags?post=89447"}],"curies":[{"name":"wp","href":"https:\/\/api.w.org\/{rel}","templated":true}]}}