{"id":8963,"date":"2025-03-05T07:10:33","date_gmt":"2025-03-05T10:10:33","guid":{"rendered":"https:\/\/www.correiobraziliense.com.br\/cbradar\/?p=8963"},"modified":"2025-03-04T15:08:19","modified_gmt":"2025-03-04T18:08:19","slug":"dicas-praticas-para-conservar-legumes-e-manter-o-sabor-por-mais-tempo","status":"publish","type":"post","link":"https:\/\/www.correiobraziliense.com.br\/cbradar\/dicas-praticas-para-conservar-legumes-e-manter-o-sabor-por-mais-tempo\/","title":{"rendered":"Dicas pr\u00e1ticas para conservar legumes e manter o sabor por mais tempo"},"content":{"rendered":"\n<p>Fazer <strong>conservas caseiras de legumes<\/strong> \u00e9 uma pr\u00e1tica que oferece in\u00fameros benef\u00edcios. Primeiramente, as conservas aumentam significativamente a durabilidade dos alimentos, permitindo que sejam consumidos por um per\u00edodo mais longo sem perder suas propriedades. Al\u00e9m disso, a t\u00e9cnica de conserva\u00e7\u00e3o real\u00e7a o sabor dos vegetais e ajuda a manter seus nutrientes, proporcionando uma op\u00e7\u00e3o saud\u00e1vel e saborosa para o consumo di\u00e1rio.<\/p>\n\n\n\n<p>Existem diferentes tipos de conservas, <strong>como em salmoura, vinagre e azeite<\/strong>, cada uma com suas particularidades e vantagens. A escolha do m\u00e9todo de conserva\u00e7\u00e3o pode influenciar diretamente no sabor e na textura final dos legumes, permitindo uma personaliza\u00e7\u00e3o de acordo com as prefer\u00eancias pessoais.<\/p>\n\n\n\n<h2 class=\"wp-block-heading\">Quais s\u00e3o os melhores legumes para fazer conserva?<\/h2>\n\n\n\n<p>Ao escolher os legumes para conserva, \u00e9 importante considerar aqueles que mant\u00eam textura e sabor por mais tempo.<strong> Legumes como pepino<\/strong>, <a href=\"https:\/\/www.correiobraziliense.com.br\/cbradar\/por-que-algumas-cenouras-sao-mais-doces-do-que-outras\/\" target=\"_blank\" rel=\"noreferrer noopener\">cenoura<\/a>,<strong> couve-flor e piment\u00e3o<\/strong> s\u00e3o excelentes op\u00e7\u00f5es, pois permanecem firmes e saborosos ap\u00f3s o processo de conserva\u00e7\u00e3o. A diferen\u00e7a entre conservas de legumes firmes e macios est\u00e1 na capacidade de absor\u00e7\u00e3o dos l\u00edquidos e na manuten\u00e7\u00e3o da textura desejada.<\/p>\n\n\n\n<p>Combinar diferentes legumes pode resultar em <strong>sabores equilibrados e \u00fanicos<\/strong>. Experimente misturar vegetais de diferentes cores e texturas para criar uma conserva visualmente atraente e saborosa. A criatividade na escolha dos ingredientes \u00e9 fundamental para um resultado final satisfat\u00f3rio.<\/p>\n\n\n<div class=\"wp-block-image\">\n<figure class=\"aligncenter size-large\"><img decoding=\"async\" width=\"1024\" height=\"576\" src=\"https:\/\/www.correiobraziliense.com.br\/cbradar\/wp-content\/uploads\/2025\/03\/conservas-caseiras_1741111482504-1024x576.jpg\" alt=\"\" class=\"wp-image-8975\" srcset=\"https:\/\/www.correiobraziliense.com.br\/cbradar\/wp-content\/uploads\/2025\/03\/conservas-caseiras_1741111482504-1024x576.jpg 1024w, https:\/\/www.correiobraziliense.com.br\/cbradar\/wp-content\/uploads\/2025\/03\/conservas-caseiras_1741111482504-300x169.jpg 300w, https:\/\/www.correiobraziliense.com.br\/cbradar\/wp-content\/uploads\/2025\/03\/conservas-caseiras_1741111482504-768x432.jpg 768w, https:\/\/www.correiobraziliense.com.br\/cbradar\/wp-content\/uploads\/2025\/03\/conservas-caseiras_1741111482504-750x422.jpg 750w, https:\/\/www.correiobraziliense.com.br\/cbradar\/wp-content\/uploads\/2025\/03\/conservas-caseiras_1741111482504-1140x641.jpg 1140w, https:\/\/www.correiobraziliense.com.br\/cbradar\/wp-content\/uploads\/2025\/03\/conservas-caseiras_1741111482504.jpg 1280w\" sizes=\"(max-width: 1024px) 100vw, 1024px\" \/><figcaption class=\"wp-element-caption\">Legumes em conserva &#8211; Cr\u00e9ditos: depositphotos.com \/ Georgina198<\/figcaption><\/figure><\/div>\n\n\n<h2 class=\"wp-block-heading\">Como preparar os legumes antes de colocar na conserva?<\/h2>\n\n\n\n<p>Antes de iniciar o processo de conserva, <strong>\u00e9 essencial higienizar corretamente os vegetais<\/strong>. Lave-os bem em \u00e1gua corrente e, se necess\u00e1rio, utilize uma escova para remover sujeiras mais resistentes. O corte dos legumes tamb\u00e9m \u00e9 importante para garantir uma melhor absor\u00e7\u00e3o dos l\u00edquidos. <strong>Fatias finas ou peda\u00e7os pequenos s\u00e3o ideais para uma conserva\u00e7\u00e3o eficaz<\/strong>.<\/p>\n\n\n\n<p>Em alguns casos, <strong>pode ser necess\u00e1rio cozinhar ou branquear os legumes antes de coloc\u00e1-los na conserva<\/strong>. Esse processo ajuda a preservar a cor e a textura dos vegetais, al\u00e9m de eliminar poss\u00edveis bact\u00e9rias que possam comprometer a qualidade da conserva.<\/p>\n\n\n\n<h2 class=\"wp-block-heading\">Receita b\u00e1sica de conserva de legumes no vinagre<\/h2>\n\n\n\n<p>Para preparar uma <strong>conserva simples e saborosa, os ingredientes essenciais incluem vinagre, \u00e1gua, sal e a\u00e7\u00facar<\/strong>. O passo a passo come\u00e7a com a mistura desses ingredientes em uma panela, levando ao fogo at\u00e9 ferver. Em seguida, despeje o l\u00edquido quente sobre os legumes j\u00e1 preparados e acondicionados em potes esterilizados.<\/p>\n\n\n\n<p>O tempo ideal para que os legumes absorvam os temperos varia, mas geralmente <strong>\u00e9 recomendado aguardar pelo menos 24 horas antes de consumir<\/strong>. Esse per\u00edodo permite que os sabores se integrem, resultando em uma conserva deliciosa e bem temperada.<\/p>\n\n\n\n<h2 class=\"wp-block-heading\">Como fazer conserva de legumes no azeite?<\/h2>\n\n\n\n<p>A conserva no azeite difere da feita em vinagre principalmente na textura e no sabor dos legumes. Para evitar que os vegetais fiquem moles ou percam sabor, \u00e9 importante escolher azeite de boa qualidade e adicionar ervas e temperos que complementem o sabor dos legumes.<\/p>\n\n\n\n<p><strong>Temperos como alho, alecrim e tomilho s\u00e3o excelentes escolhas para esse tipo de conserva<\/strong>. Eles n\u00e3o apenas real\u00e7am o sabor dos vegetais, mas tamb\u00e9m adicionam um toque arom\u00e1tico especial, tornando a conserva ainda mais saborosa.<\/p>\n\n\n\n<h2 class=\"wp-block-heading\">Conserva de legumes fermentados: uma alternativa saud\u00e1vel<\/h2>\n\n\n\n<p>A fermenta\u00e7\u00e3o \u00e9 um processo natural que oferece diversos benef\u00edcios para a sa\u00fade, como a <strong>melhoria da digest\u00e3o e o fortalecimento do sistema imunol\u00f3gico<\/strong>. Fazer picles fermentados sem o uso de vinagre \u00e9 uma op\u00e7\u00e3o saud\u00e1vel e saborosa.<\/p>\n\n\n\n<p>Para garantir que a fermenta\u00e7\u00e3o ocorra corretamente, \u00e9 importante manter os legumes submersos em salmoura e<strong> armazen\u00e1-los em um local fresco e escuro<\/strong>. A temperatura e o tempo de fermenta\u00e7\u00e3o podem variar, mas geralmente leva de uma a duas semanas para que os picles estejam prontos para consumo.<\/p>\n\n\n<div class=\"wp-block-image\">\n<figure class=\"aligncenter size-large\"><img decoding=\"async\" width=\"1024\" height=\"576\" src=\"https:\/\/www.correiobraziliense.com.br\/cbradar\/wp-content\/uploads\/2025\/03\/conservas-caseiras_1741111184521-1024x576.jpg\" alt=\"\" class=\"wp-image-8971\" srcset=\"https:\/\/www.correiobraziliense.com.br\/cbradar\/wp-content\/uploads\/2025\/03\/conservas-caseiras_1741111184521-1024x576.jpg 1024w, https:\/\/www.correiobraziliense.com.br\/cbradar\/wp-content\/uploads\/2025\/03\/conservas-caseiras_1741111184521-300x169.jpg 300w, https:\/\/www.correiobraziliense.com.br\/cbradar\/wp-content\/uploads\/2025\/03\/conservas-caseiras_1741111184521-768x432.jpg 768w, https:\/\/www.correiobraziliense.com.br\/cbradar\/wp-content\/uploads\/2025\/03\/conservas-caseiras_1741111184521-750x422.jpg 750w, https:\/\/www.correiobraziliense.com.br\/cbradar\/wp-content\/uploads\/2025\/03\/conservas-caseiras_1741111184521-1140x641.jpg 1140w, https:\/\/www.correiobraziliense.com.br\/cbradar\/wp-content\/uploads\/2025\/03\/conservas-caseiras_1741111184521.jpg 1280w\" sizes=\"(max-width: 1024px) 100vw, 1024px\" \/><figcaption class=\"wp-element-caption\">Conserva &#8211; Cr\u00e9ditos: depositphotos.com \/ burns.ashleybelle<\/figcaption><\/figure><\/div>\n\n\n<h2 class=\"wp-block-heading\">Quanto tempo dura uma conserva caseira e como armazenar corretamente?<\/h2>\n\n\n\n<p>O prazo de validade de uma conserva caseira pode variar, mas geralmente dura de seis meses a um ano, se armazenada corretamente. <strong>\u00c9 importante identificar sinais de deteriora\u00e7\u00e3o<\/strong>, como mudan\u00e7as na cor ou no cheiro, para garantir a seguran\u00e7a do consumo.<\/p>\n\n\n\n<p>Armazenar as conservas em um local fresco e escuro, como uma despensa ou geladeira, ajuda a prolongar sua durabilidade. A esteriliza\u00e7\u00e3o dos potes antes do uso \u00e9 crucial para <strong>evitar contamina\u00e7\u00e3o e garantir a qualidade da conserva<\/strong>.<\/p>\n\n\n\n<h2 class=\"wp-block-heading\">Como variar os sabores das conservas e criar combina\u00e7\u00f5es \u00fanicas?<\/h2>\n\n\n\n<p>Para criar conservas com sabores \u00fanicos, experimente adicionar diferentes temperos e especiarias. Ingredientes como alho, louro, pimenta e ervas frescas podem transformar o sabor dos vegetais, oferecendo uma experi\u00eancia gastron\u00f4mica diferenciada.<\/p>\n\n\n\n<p>Personalizar a conserva de acordo com o gosto pessoal \u00e9 uma maneira de tornar o processo ainda mais prazeroso. Teste diferentes combina\u00e7\u00f5es e quantidades de temperos para encontrar a mistura perfeita que agrade ao paladar.<\/p>\n\n\n\n<h2 class=\"wp-block-heading\">Posso fazer conserva de qualquer legume? O que evitar?<\/h2>\n\n\n\n<p>Embora muitos legumes sejam adequados para conserva, alguns podem n\u00e3o manter o sabor ou a textura desejada. Vegetais com alto teor de \u00e1gua, como abobrinha e berinjela, podem ficar moles ou borrachudos ap\u00f3s o processo de conserva\u00e7\u00e3o.<\/p>\n\n\n\n<p>Para evitar resultados indesejados, \u00e9 aconselh\u00e1vel testar pequenas quantidades antes de fazer grandes lotes. Dessa forma, \u00e9 poss\u00edvel ajustar a receita e os ingredientes conforme necess\u00e1rio, garantindo uma conserva de qualidade.<\/p>\n","protected":false},"excerpt":{"rendered":"<p>Fazer conservas caseiras de legumes \u00e9 uma pr\u00e1tica que oferece in\u00fameros benef\u00edcios. Primeiramente, as conservas aumentam significativamente a durabilidade dos alimentos, permitindo que sejam consumidos por um per\u00edodo mais longo sem perder suas propriedades. Al\u00e9m disso, a t\u00e9cnica de conserva\u00e7\u00e3o real\u00e7a o sabor dos vegetais e ajuda a manter seus nutrientes, proporcionando uma op\u00e7\u00e3o saud\u00e1vel [&hellip;]<\/p>\n","protected":false},"author":9,"featured_media":8964,"comment_status":"open","ping_status":"open","sticky":false,"template":"","format":"standard","meta":{"_yoast_wpseo_focuskw":"legumes","_yoast_wpseo_title":"%%title%% %%page%%","_yoast_wpseo_metadesc":"Aprenda m\u00e9todos eficazes para conservar legumes, real\u00e7ando sabor e durabilidade com dicas pr\u00e1ticas para sua cozinha.","jnews-multi-image_gallery":[],"jnews_single_post":[],"jnews_primary_category":[],"jnews_social_meta":[],"jnews_override_counter":[],"footnotes":""},"categories":[136],"post_tag":[1436,1494,1308],"class_list":["post-8963","post","type-post","status-publish","format-standard","has-post-thumbnail","hentry","category-jardinagem","tag-armazenamento-de-vegetais","tag-conserva","tag-vegetais"],"yoast_head":"<!-- This site is optimized with the Yoast SEO plugin v24.6 - https:\/\/yoast.com\/wordpress\/plugins\/seo\/ -->\n<title>Dicas pr\u00e1ticas para conservar legumes e manter o sabor por mais tempo<\/title>\n<meta name=\"description\" content=\"Aprenda m\u00e9todos eficazes para conservar legumes, real\u00e7ando sabor e durabilidade com dicas pr\u00e1ticas para sua cozinha.\" \/>\n<meta name=\"robots\" content=\"index, follow, max-snippet:-1, max-image-preview:large, max-video-preview:-1\" \/>\n<link rel=\"canonical\" href=\"https:\/\/www.correiobraziliense.com.br\/cbradar\/dicas-praticas-para-conservar-legumes-e-manter-o-sabor-por-mais-tempo\/\" \/>\n<meta property=\"og:locale\" content=\"pt_BR\" \/>\n<meta property=\"og:type\" content=\"article\" \/>\n<meta property=\"og:title\" content=\"Dicas pr\u00e1ticas para conservar legumes e manter o sabor por mais tempo\" \/>\n<meta property=\"og:description\" content=\"Aprenda m\u00e9todos eficazes para conservar legumes, real\u00e7ando sabor e durabilidade com dicas pr\u00e1ticas para sua cozinha.\" \/>\n<meta property=\"og:url\" content=\"https:\/\/www.correiobraziliense.com.br\/cbradar\/dicas-praticas-para-conservar-legumes-e-manter-o-sabor-por-mais-tempo\/\" \/>\n<meta property=\"og:site_name\" content=\"Correio Braziliense - Radar\" \/>\n<meta property=\"article:published_time\" content=\"2025-03-05T10:10:33+00:00\" \/>\n<meta property=\"og:image\" content=\"https:\/\/www.correiobraziliense.com.br\/cbradar\/wp-content\/uploads\/2025\/03\/conservas-caseiras_1741110726327.jpg\" \/>\n\t<meta property=\"og:image:width\" content=\"1280\" \/>\n\t<meta property=\"og:image:height\" content=\"720\" \/>\n\t<meta property=\"og:image:type\" content=\"image\/jpeg\" \/>\n<meta name=\"author\" content=\"Daniely Cardoso\" \/>\n<meta name=\"twitter:card\" content=\"summary_large_image\" \/>\n<meta name=\"twitter:label1\" content=\"Escrito por\" \/>\n\t<meta name=\"twitter:data1\" content=\"Daniely Cardoso\" \/>\n\t<meta name=\"twitter:label2\" content=\"Est. tempo de leitura\" \/>\n\t<meta name=\"twitter:data2\" content=\"6 minutos\" \/>\n<!-- \/ Yoast SEO plugin. -->","yoast_head_json":{"title":"Dicas pr\u00e1ticas para conservar legumes e manter o sabor por mais tempo","description":"Aprenda m\u00e9todos eficazes para conservar legumes, real\u00e7ando sabor e durabilidade com dicas pr\u00e1ticas para sua cozinha.","robots":{"index":"index","follow":"follow","max-snippet":"max-snippet:-1","max-image-preview":"max-image-preview:large","max-video-preview":"max-video-preview:-1"},"canonical":"https:\/\/www.correiobraziliense.com.br\/cbradar\/dicas-praticas-para-conservar-legumes-e-manter-o-sabor-por-mais-tempo\/","og_locale":"pt_BR","og_type":"article","og_title":"Dicas pr\u00e1ticas para conservar legumes e manter o sabor por mais tempo","og_description":"Aprenda m\u00e9todos eficazes para conservar legumes, real\u00e7ando sabor e durabilidade com dicas pr\u00e1ticas para sua cozinha.","og_url":"https:\/\/www.correiobraziliense.com.br\/cbradar\/dicas-praticas-para-conservar-legumes-e-manter-o-sabor-por-mais-tempo\/","og_site_name":"Correio Braziliense - Radar","article_published_time":"2025-03-05T10:10:33+00:00","og_image":[{"width":1280,"height":720,"url":"https:\/\/www.correiobraziliense.com.br\/cbradar\/wp-content\/uploads\/2025\/03\/conservas-caseiras_1741110726327.jpg","type":"image\/jpeg"}],"author":"Daniely Cardoso","twitter_card":"summary_large_image","twitter_misc":{"Escrito por":"Daniely Cardoso","Est. tempo de leitura":"6 minutos"},"schema":{"@context":"https:\/\/schema.org","@graph":[{"@type":"WebPage","@id":"https:\/\/www.correiobraziliense.com.br\/cbradar\/dicas-praticas-para-conservar-legumes-e-manter-o-sabor-por-mais-tempo\/","url":"https:\/\/www.correiobraziliense.com.br\/cbradar\/dicas-praticas-para-conservar-legumes-e-manter-o-sabor-por-mais-tempo\/","name":"Dicas pr\u00e1ticas para conservar legumes e manter o sabor por mais tempo","isPartOf":{"@id":"https:\/\/www.correiobraziliense.com.br\/cbradar\/#website"},"primaryImageOfPage":{"@id":"https:\/\/www.correiobraziliense.com.br\/cbradar\/dicas-praticas-para-conservar-legumes-e-manter-o-sabor-por-mais-tempo\/#primaryimage"},"image":{"@id":"https:\/\/www.correiobraziliense.com.br\/cbradar\/dicas-praticas-para-conservar-legumes-e-manter-o-sabor-por-mais-tempo\/#primaryimage"},"thumbnailUrl":"https:\/\/www.correiobraziliense.com.br\/cbradar\/wp-content\/uploads\/2025\/03\/conservas-caseiras_1741110726327.jpg","datePublished":"2025-03-05T10:10:33+00:00","author":{"@id":"https:\/\/www.correiobraziliense.com.br\/cbradar\/#\/schema\/person\/7356666e12ec0ee53f348ee5db227032"},"description":"Aprenda m\u00e9todos eficazes para conservar legumes, real\u00e7ando sabor e durabilidade com dicas pr\u00e1ticas para sua cozinha.","breadcrumb":{"@id":"https:\/\/www.correiobraziliense.com.br\/cbradar\/dicas-praticas-para-conservar-legumes-e-manter-o-sabor-por-mais-tempo\/#breadcrumb"},"inLanguage":"pt-BR","potentialAction":[{"@type":"ReadAction","target":["https:\/\/www.correiobraziliense.com.br\/cbradar\/dicas-praticas-para-conservar-legumes-e-manter-o-sabor-por-mais-tempo\/"]}]},{"@type":"ImageObject","inLanguage":"pt-BR","@id":"https:\/\/www.correiobraziliense.com.br\/cbradar\/dicas-praticas-para-conservar-legumes-e-manter-o-sabor-por-mais-tempo\/#primaryimage","url":"https:\/\/www.correiobraziliense.com.br\/cbradar\/wp-content\/uploads\/2025\/03\/conservas-caseiras_1741110726327.jpg","contentUrl":"https:\/\/www.correiobraziliense.com.br\/cbradar\/wp-content\/uploads\/2025\/03\/conservas-caseiras_1741110726327.jpg","width":1280,"height":720,"caption":"Conservas - Cr\u00e9ditos: depositphotos.com \/ monticelloa"},{"@type":"BreadcrumbList","@id":"https:\/\/www.correiobraziliense.com.br\/cbradar\/dicas-praticas-para-conservar-legumes-e-manter-o-sabor-por-mais-tempo\/#breadcrumb","itemListElement":[{"@type":"ListItem","position":1,"name":"In\u00edcio","item":"https:\/\/www.correiobraziliense.com.br\/cbradar\/"},{"@type":"ListItem","position":2,"name":"Dicas pr\u00e1ticas para conservar legumes e manter o sabor por mais tempo"}]},{"@type":"WebSite","@id":"https:\/\/www.correiobraziliense.com.br\/cbradar\/#website","url":"https:\/\/www.correiobraziliense.com.br\/cbradar\/","name":"Correio Braziliense - Radar","description":"Acompanhe as \u00faltimas not\u00edcias e fique bem informado sobre tudo o que acontece no Brasil e no mundo.","potentialAction":[{"@type":"SearchAction","target":{"@type":"EntryPoint","urlTemplate":"https:\/\/www.correiobraziliense.com.br\/cbradar\/?s={search_term_string}"},"query-input":{"@type":"PropertyValueSpecification","valueRequired":true,"valueName":"search_term_string"}}],"inLanguage":"pt-BR"},{"@type":"Person","@id":"https:\/\/www.correiobraziliense.com.br\/cbradar\/#\/schema\/person\/7356666e12ec0ee53f348ee5db227032","name":"Daniely Cardoso","image":{"@type":"ImageObject","inLanguage":"pt-BR","@id":"https:\/\/www.correiobraziliense.com.br\/cbradar\/#\/schema\/person\/image\/","url":"https:\/\/secure.gravatar.com\/avatar\/4b80ddbd124d1f071b626d52d62e5dff?s=96&d=mm&r=g","contentUrl":"https:\/\/secure.gravatar.com\/avatar\/4b80ddbd124d1f071b626d52d62e5dff?s=96&d=mm&r=g","caption":"Daniely Cardoso"},"description":"Redatora nos portais CB Radar e EM Foco, formada pela Universidade Federal de Goi\u00e1s, em Goi\u00e2nia. Apaixonada por comunica\u00e7\u00e3o, arte, decora\u00e7\u00e3o e tend\u00eancias, atuo na produ\u00e7\u00e3o de conte\u00fados envolventes sobre curiosidades, moda, beleza e paisagismo, sempre com um olhar atento \u00e0s novidades do momento.","sameAs":["https:\/\/www.correiobraziliense.com.br\/cbradar"],"url":"https:\/\/www.correiobraziliense.com.br\/cbradar\/author\/danielymyth\/"}]}},"_links":{"self":[{"href":"https:\/\/www.correiobraziliense.com.br\/cbradar\/wp-json\/wp\/v2\/posts\/8963","targetHints":{"allow":["GET"]}}],"collection":[{"href":"https:\/\/www.correiobraziliense.com.br\/cbradar\/wp-json\/wp\/v2\/posts"}],"about":[{"href":"https:\/\/www.correiobraziliense.com.br\/cbradar\/wp-json\/wp\/v2\/types\/post"}],"author":[{"embeddable":true,"href":"https:\/\/www.correiobraziliense.com.br\/cbradar\/wp-json\/wp\/v2\/users\/9"}],"replies":[{"embeddable":true,"href":"https:\/\/www.correiobraziliense.com.br\/cbradar\/wp-json\/wp\/v2\/comments?post=8963"}],"version-history":[{"count":3,"href":"https:\/\/www.correiobraziliense.com.br\/cbradar\/wp-json\/wp\/v2\/posts\/8963\/revisions"}],"predecessor-version":[{"id":8978,"href":"https:\/\/www.correiobraziliense.com.br\/cbradar\/wp-json\/wp\/v2\/posts\/8963\/revisions\/8978"}],"wp:featuredmedia":[{"embeddable":true,"href":"https:\/\/www.correiobraziliense.com.br\/cbradar\/wp-json\/wp\/v2\/media\/8964"}],"wp:attachment":[{"href":"https:\/\/www.correiobraziliense.com.br\/cbradar\/wp-json\/wp\/v2\/media?parent=8963"}],"wp:term":[{"taxonomy":"category","embeddable":true,"href":"https:\/\/www.correiobraziliense.com.br\/cbradar\/wp-json\/wp\/v2\/categories?post=8963"},{"taxonomy":"post_tag","embeddable":true,"href":"https:\/\/www.correiobraziliense.com.br\/cbradar\/wp-json\/wp\/v2\/post_tag?post=8963"}],"curies":[{"name":"wp","href":"https:\/\/api.w.org\/{rel}","templated":true}]}}