{"id":8974,"date":"2025-03-05T18:10:00","date_gmt":"2025-03-05T21:10:00","guid":{"rendered":"https:\/\/www.correiobraziliense.com.br\/cbradar\/?p=8974"},"modified":"2025-03-04T15:51:52","modified_gmt":"2025-03-04T18:51:52","slug":"quais-serao-os-proximos-trabalhos-de-fernanda-torres","status":"publish","type":"post","link":"https:\/\/www.correiobraziliense.com.br\/cbradar\/quais-serao-os-proximos-trabalhos-de-fernanda-torres\/","title":{"rendered":"Quais ser\u00e3o os pr\u00f3ximos trabalhos de Fernanda Torres?"},"content":{"rendered":"\n<p>Ap\u00f3s a consagra\u00e7\u00e3o no <strong>Oscar <\/strong>com o filme &#8220;<strong>Ainda Estou Aqui<\/strong>&#8220;, a renomada atriz <strong>Fernanda Torres<\/strong> est\u00e1 pronta para novos desafios profissionais. A vit\u00f3ria na maior premia\u00e7\u00e3o do cinema internacional marcou o encerramento de uma intensa campanha de divulga\u00e7\u00e3o, permitindo que a atriz retorne ao Brasil para um merecido descanso e para planejar seus pr\u00f3ximos passos.<\/p>\n\n\n\n<p>Com a agenda de compromissos internacionais conclu\u00edda, Fernanda Torres j\u00e1 delineou seus futuros projetos. Em uma entrevista recente, a atriz revelou que est\u00e1 trabalhando em um roteiro para uma s\u00e9rie de seis cap\u00edtulos no Brasil. Al\u00e9m disso, ela est\u00e1 envolvida em uma adapta\u00e7\u00e3o teatral de um conto de <strong>E\u00e7a de Queiroz<\/strong>, um escritor portugu\u00eas do s\u00e9culo XIX, que promete trazer uma perspectiva darwinista ao G\u00eanesis b\u00edblico.<\/p>\n\n\n\n<h2 class=\"wp-block-heading\"><strong>Quais s\u00e3o os novos projetos de Fernanda Torres?<\/strong><\/h2>\n\n\n\n<p>Os novos projetos de Fernanda Torres incluem uma s\u00e9rie de televis\u00e3o e uma pe\u00e7a de teatro. A s\u00e9rie, ainda em fase de desenvolvimento, contar\u00e1 com seis epis\u00f3dios e ser\u00e1 ambientada no Brasil. J\u00e1 a pe\u00e7a teatral \u00e9 uma adapta\u00e7\u00e3o de um conto de E\u00e7a de Queiroz, oferecendo uma vis\u00e3o \u00fanica e contempor\u00e2nea de temas cl\u00e1ssicos. Embora os detalhes sejam mantidos em sigilo, a expectativa \u00e9 alta para essas novas empreitadas da atriz.<\/p>\n\n\n\n<figure class=\"wp-block-image size-large\"><img decoding=\"async\" width=\"1024\" height=\"576\" src=\"https:\/\/www.correiobraziliense.com.br\/cbradar\/wp-content\/uploads\/2025\/03\/Fernanda-Torres-2-1024x576.png\" alt=\"Quais ser\u00e3o os pr\u00f3ximos trabalhos de Fernanda Torres?\" class=\"wp-image-8982\" srcset=\"https:\/\/www.correiobraziliense.com.br\/cbradar\/wp-content\/uploads\/2025\/03\/Fernanda-Torres-2-1024x576.png 1024w, https:\/\/www.correiobraziliense.com.br\/cbradar\/wp-content\/uploads\/2025\/03\/Fernanda-Torres-2-300x169.png 300w, https:\/\/www.correiobraziliense.com.br\/cbradar\/wp-content\/uploads\/2025\/03\/Fernanda-Torres-2-768x432.png 768w, https:\/\/www.correiobraziliense.com.br\/cbradar\/wp-content\/uploads\/2025\/03\/Fernanda-Torres-2-750x422.png 750w, https:\/\/www.correiobraziliense.com.br\/cbradar\/wp-content\/uploads\/2025\/03\/Fernanda-Torres-2-1140x641.png 1140w, https:\/\/www.correiobraziliense.com.br\/cbradar\/wp-content\/uploads\/2025\/03\/Fernanda-Torres-2.png 1280w\" sizes=\"(max-width: 1024px) 100vw, 1024px\" \/><figcaption class=\"wp-element-caption\">Fernanda Torres. Fonte: Instagram \/ @oficialfernandatorres<\/figcaption><\/figure>\n\n\n\n<h2 class=\"wp-block-heading\"><strong>Interesse internacional e colabora\u00e7\u00f5es futuras<\/strong><\/h2>\n\n\n\n<p>Durante uma conversa com a atriz <strong>Jessica Chastain <\/strong>para a revista <strong>Interview<\/strong>, Fernanda Torres discutiu seu trabalho em &#8220;Ainda Estou Aqui&#8221;. Chastain, admiradora do talento de Torres, expressou interesse em colaborar com a atriz brasileira. A americana destacou o potencial de Fernanda para a dire\u00e7\u00e3o, apesar da pr\u00f3pria Torres ter negado interesse nessa \u00e1rea. Chastain at\u00e9 se ofereceu para atuar em um eventual filme dirigido por Fernanda, demonstrando o respeito e a admira\u00e7\u00e3o que a brasileira conquistou no cen\u00e1rio internacional.<\/p>\n\n\n\n<h2 class=\"wp-block-heading\"><strong>Como foi a intera\u00e7\u00e3o entre Fernanda Torres e Jessica Chastain?<\/strong><\/h2>\n\n\n\n<p>A intera\u00e7\u00e3o entre Fernanda Torres e Jessica Chastain foi marcada por elogios e admira\u00e7\u00e3o m\u00fatua. Chastain elogiou a atua\u00e7\u00e3o de Torres em &#8220;Ainda Estou Aqui&#8221; e incentivou a atriz a reconhecer seu pr\u00f3prio talento. A americana tamb\u00e9m mostrou interesse em conhecer mais sobre a trajet\u00f3ria de Fernanda, especialmente sobre sua experi\u00eancia crescendo em uma fam\u00edlia de atores. No final da conversa, Chastain expressou o desejo de manter contato com Fernanda, considerando-a uma inspira\u00e7\u00e3o.<\/p>\n\n\n\n<h2 class=\"wp-block-heading\"><strong>Perspectivas para o futuro<\/strong><\/h2>\n\n\n\n<p>Com novos projetos no horizonte e o reconhecimento internacional consolidado, Fernanda Torres continua a expandir seus horizontes art\u00edsticos. Sua capacidade de transitar entre diferentes m\u00eddias e g\u00eaneros, aliada ao talento reconhecido por colegas de profiss\u00e3o, promete trazer novas e emocionantes contribui\u00e7\u00f5es para o cinema e o teatro. O p\u00fablico aguarda ansiosamente por suas pr\u00f3ximas realiza\u00e7\u00f5es, enquanto a atriz se prepara para mais uma fase de sucesso em sua carreira.<\/p>\n","protected":false},"excerpt":{"rendered":"<p>Saiba mais sobre a noite deslumbrante de Fernanda Torres no Oscar de 2025 e sua recente vit\u00f3ria no Globo de Ouro.<\/p>\n","protected":false},"author":3,"featured_media":8977,"comment_status":"open","ping_status":"open","sticky":false,"template":"","format":"standard","meta":{"_yoast_wpseo_focuskw":"Fernanda Torres","_yoast_wpseo_title":"%%title%%","_yoast_wpseo_metadesc":"Saiba mais sobre a noite deslumbrante de Fernanda Torres no Oscar de 2025 e sua recente vit\u00f3ria no Globo de Ouro.","jnews-multi-image_gallery":[],"jnews_single_post":{"format":"standard"},"jnews_primary_category":[],"jnews_social_meta":[],"jnews_override_counter":[],"footnotes":""},"categories":[140],"post_tag":[352],"class_list":["post-8974","post","type-post","status-publish","format-standard","has-post-thumbnail","hentry","category-entretenimento","tag-fernanda-torres"],"yoast_head":"<!-- This site is optimized with the Yoast SEO plugin v24.6 - https:\/\/yoast.com\/wordpress\/plugins\/seo\/ -->\n<title>Quais ser\u00e3o os pr\u00f3ximos trabalhos de Fernanda Torres?<\/title>\n<meta name=\"description\" content=\"Saiba mais sobre a noite deslumbrante de Fernanda Torres no Oscar de 2025 e sua recente vit\u00f3ria no Globo de Ouro.\" \/>\n<meta name=\"robots\" content=\"index, follow, max-snippet:-1, max-image-preview:large, max-video-preview:-1\" \/>\n<link rel=\"canonical\" href=\"https:\/\/www.correiobraziliense.com.br\/cbradar\/quais-serao-os-proximos-trabalhos-de-fernanda-torres\/\" \/>\n<meta property=\"og:locale\" content=\"pt_BR\" \/>\n<meta property=\"og:type\" content=\"article\" \/>\n<meta property=\"og:title\" content=\"Quais ser\u00e3o os pr\u00f3ximos trabalhos de Fernanda Torres?\" \/>\n<meta property=\"og:description\" content=\"Saiba mais sobre a noite deslumbrante de Fernanda Torres no Oscar de 2025 e sua recente vit\u00f3ria no Globo de Ouro.\" \/>\n<meta property=\"og:url\" content=\"https:\/\/www.correiobraziliense.com.br\/cbradar\/quais-serao-os-proximos-trabalhos-de-fernanda-torres\/\" \/>\n<meta property=\"og:site_name\" content=\"Correio Braziliense - Radar\" \/>\n<meta property=\"article:published_time\" content=\"2025-03-05T21:10:00+00:00\" \/>\n<meta property=\"og:image\" content=\"https:\/\/www.correiobraziliense.com.br\/cbradar\/wp-content\/uploads\/2025\/03\/Fernanda-Torres-1.png\" \/>\n\t<meta property=\"og:image:width\" content=\"1280\" \/>\n\t<meta property=\"og:image:height\" content=\"720\" \/>\n\t<meta property=\"og:image:type\" content=\"image\/png\" \/>\n<meta name=\"author\" content=\"Larissa Carvalho\" \/>\n<meta name=\"twitter:card\" content=\"summary_large_image\" \/>\n<meta name=\"twitter:label1\" content=\"Escrito por\" \/>\n\t<meta name=\"twitter:data1\" content=\"Larissa Carvalho\" \/>\n\t<meta name=\"twitter:label2\" content=\"Est. tempo de leitura\" \/>\n\t<meta name=\"twitter:data2\" content=\"3 minutos\" \/>\n<!-- \/ Yoast SEO plugin. -->","yoast_head_json":{"title":"Quais ser\u00e3o os pr\u00f3ximos trabalhos de Fernanda Torres?","description":"Saiba mais sobre a noite deslumbrante de Fernanda Torres no Oscar de 2025 e sua recente vit\u00f3ria no Globo de Ouro.","robots":{"index":"index","follow":"follow","max-snippet":"max-snippet:-1","max-image-preview":"max-image-preview:large","max-video-preview":"max-video-preview:-1"},"canonical":"https:\/\/www.correiobraziliense.com.br\/cbradar\/quais-serao-os-proximos-trabalhos-de-fernanda-torres\/","og_locale":"pt_BR","og_type":"article","og_title":"Quais ser\u00e3o os pr\u00f3ximos trabalhos de Fernanda Torres?","og_description":"Saiba mais sobre a noite deslumbrante de Fernanda Torres no Oscar de 2025 e sua recente vit\u00f3ria no Globo de Ouro.","og_url":"https:\/\/www.correiobraziliense.com.br\/cbradar\/quais-serao-os-proximos-trabalhos-de-fernanda-torres\/","og_site_name":"Correio Braziliense - Radar","article_published_time":"2025-03-05T21:10:00+00:00","og_image":[{"width":1280,"height":720,"url":"https:\/\/www.correiobraziliense.com.br\/cbradar\/wp-content\/uploads\/2025\/03\/Fernanda-Torres-1.png","type":"image\/png"}],"author":"Larissa Carvalho","twitter_card":"summary_large_image","twitter_misc":{"Escrito por":"Larissa Carvalho","Est. tempo de leitura":"3 minutos"},"schema":{"@context":"https:\/\/schema.org","@graph":[{"@type":"WebPage","@id":"https:\/\/www.correiobraziliense.com.br\/cbradar\/quais-serao-os-proximos-trabalhos-de-fernanda-torres\/","url":"https:\/\/www.correiobraziliense.com.br\/cbradar\/quais-serao-os-proximos-trabalhos-de-fernanda-torres\/","name":"Quais ser\u00e3o os pr\u00f3ximos trabalhos de Fernanda Torres?","isPartOf":{"@id":"https:\/\/www.correiobraziliense.com.br\/cbradar\/#website"},"primaryImageOfPage":{"@id":"https:\/\/www.correiobraziliense.com.br\/cbradar\/quais-serao-os-proximos-trabalhos-de-fernanda-torres\/#primaryimage"},"image":{"@id":"https:\/\/www.correiobraziliense.com.br\/cbradar\/quais-serao-os-proximos-trabalhos-de-fernanda-torres\/#primaryimage"},"thumbnailUrl":"https:\/\/www.correiobraziliense.com.br\/cbradar\/wp-content\/uploads\/2025\/03\/Fernanda-Torres-1.png","datePublished":"2025-03-05T21:10:00+00:00","author":{"@id":"https:\/\/www.correiobraziliense.com.br\/cbradar\/#\/schema\/person\/58422787644df994b53a19d3e56c1513"},"description":"Saiba mais sobre a noite deslumbrante de Fernanda Torres no Oscar de 2025 e sua recente vit\u00f3ria no Globo de Ouro.","breadcrumb":{"@id":"https:\/\/www.correiobraziliense.com.br\/cbradar\/quais-serao-os-proximos-trabalhos-de-fernanda-torres\/#breadcrumb"},"inLanguage":"pt-BR","potentialAction":[{"@type":"ReadAction","target":["https:\/\/www.correiobraziliense.com.br\/cbradar\/quais-serao-os-proximos-trabalhos-de-fernanda-torres\/"]}]},{"@type":"ImageObject","inLanguage":"pt-BR","@id":"https:\/\/www.correiobraziliense.com.br\/cbradar\/quais-serao-os-proximos-trabalhos-de-fernanda-torres\/#primaryimage","url":"https:\/\/www.correiobraziliense.com.br\/cbradar\/wp-content\/uploads\/2025\/03\/Fernanda-Torres-1.png","contentUrl":"https:\/\/www.correiobraziliense.com.br\/cbradar\/wp-content\/uploads\/2025\/03\/Fernanda-Torres-1.png","width":1280,"height":720,"caption":"Fernanda Torres. Fonte: Instagram \/ @oficialfernandatorres"},{"@type":"BreadcrumbList","@id":"https:\/\/www.correiobraziliense.com.br\/cbradar\/quais-serao-os-proximos-trabalhos-de-fernanda-torres\/#breadcrumb","itemListElement":[{"@type":"ListItem","position":1,"name":"In\u00edcio","item":"https:\/\/www.correiobraziliense.com.br\/cbradar\/"},{"@type":"ListItem","position":2,"name":"Quais ser\u00e3o os pr\u00f3ximos trabalhos de Fernanda Torres?"}]},{"@type":"WebSite","@id":"https:\/\/www.correiobraziliense.com.br\/cbradar\/#website","url":"https:\/\/www.correiobraziliense.com.br\/cbradar\/","name":"Correio Braziliense - Radar","description":"Acompanhe as \u00faltimas not\u00edcias e fique bem informado sobre tudo o que acontece no Brasil e no mundo.","potentialAction":[{"@type":"SearchAction","target":{"@type":"EntryPoint","urlTemplate":"https:\/\/www.correiobraziliense.com.br\/cbradar\/?s={search_term_string}"},"query-input":{"@type":"PropertyValueSpecification","valueRequired":true,"valueName":"search_term_string"}}],"inLanguage":"pt-BR"},{"@type":"Person","@id":"https:\/\/www.correiobraziliense.com.br\/cbradar\/#\/schema\/person\/58422787644df994b53a19d3e56c1513","name":"Larissa Carvalho","image":{"@type":"ImageObject","inLanguage":"pt-BR","@id":"https:\/\/www.correiobraziliense.com.br\/cbradar\/#\/schema\/person\/image\/","url":"https:\/\/secure.gravatar.com\/avatar\/fe4f91a0de32b52a838d0d612abdc1aa?s=96&d=mm&r=g","contentUrl":"https:\/\/secure.gravatar.com\/avatar\/fe4f91a0de32b52a838d0d612abdc1aa?s=96&d=mm&r=g","caption":"Larissa Carvalho"},"url":"https:\/\/www.correiobraziliense.com.br\/cbradar\/author\/larissamyth\/"}]}},"_links":{"self":[{"href":"https:\/\/www.correiobraziliense.com.br\/cbradar\/wp-json\/wp\/v2\/posts\/8974","targetHints":{"allow":["GET"]}}],"collection":[{"href":"https:\/\/www.correiobraziliense.com.br\/cbradar\/wp-json\/wp\/v2\/posts"}],"about":[{"href":"https:\/\/www.correiobraziliense.com.br\/cbradar\/wp-json\/wp\/v2\/types\/post"}],"author":[{"embeddable":true,"href":"https:\/\/www.correiobraziliense.com.br\/cbradar\/wp-json\/wp\/v2\/users\/3"}],"replies":[{"embeddable":true,"href":"https:\/\/www.correiobraziliense.com.br\/cbradar\/wp-json\/wp\/v2\/comments?post=8974"}],"version-history":[{"count":1,"href":"https:\/\/www.correiobraziliense.com.br\/cbradar\/wp-json\/wp\/v2\/posts\/8974\/revisions"}],"predecessor-version":[{"id":8983,"href":"https:\/\/www.correiobraziliense.com.br\/cbradar\/wp-json\/wp\/v2\/posts\/8974\/revisions\/8983"}],"wp:featuredmedia":[{"embeddable":true,"href":"https:\/\/www.correiobraziliense.com.br\/cbradar\/wp-json\/wp\/v2\/media\/8977"}],"wp:attachment":[{"href":"https:\/\/www.correiobraziliense.com.br\/cbradar\/wp-json\/wp\/v2\/media?parent=8974"}],"wp:term":[{"taxonomy":"category","embeddable":true,"href":"https:\/\/www.correiobraziliense.com.br\/cbradar\/wp-json\/wp\/v2\/categories?post=8974"},{"taxonomy":"post_tag","embeddable":true,"href":"https:\/\/www.correiobraziliense.com.br\/cbradar\/wp-json\/wp\/v2\/post_tag?post=8974"}],"curies":[{"name":"wp","href":"https:\/\/api.w.org\/{rel}","templated":true}]}}