{"id":8989,"date":"2025-03-05T18:30:00","date_gmt":"2025-03-05T21:30:00","guid":{"rendered":"https:\/\/www.correiobraziliense.com.br\/cbradar\/?p=8989"},"modified":"2025-03-04T15:51:38","modified_gmt":"2025-03-04T18:51:38","slug":"a-cidade-onde-o-sol-some-por-dois-meses","status":"publish","type":"post","link":"https:\/\/www.correiobraziliense.com.br\/cbradar\/a-cidade-onde-o-sol-some-por-dois-meses\/","title":{"rendered":"A cidade onde o sol some por dois meses"},"content":{"rendered":"\n<p>Em algumas partes do mundo, a luz do dia n\u00e3o \u00e9 garantida o ano todo. Esse \u00e9 o caso de <strong>Utqiagvik<\/strong>, uma cidade no extremo norte do Alasca, nos Estados Unidos, onde o sol se p\u00f5e em novembro e s\u00f3 volta a nascer em janeiro. Durante quase dois meses, os moradores viveram em completa escurid\u00e3o, um conhecido como <strong>noite polar<\/strong>.<\/p>\n\n\n\n<p>Mas como \u00e9 o dia a dia em um lugar onde o sol desaparece por tanto tempo? Como as pessoas se adaptam a essa condi\u00e7\u00e3o extrema? Vamos descobrir os segredos dessa cidade \u00fanica.<\/p>\n\n\n\n<h2 class=\"wp-block-heading\"><strong>Por que Utqiagvik fica no escuro?<\/strong><\/h2>\n\n\n\n<p>Utqiagvik, anteriormente conhecida como Barrow, \u00e9 uma cidade mais ao norte dos Estados Unidos. Sua localiza\u00e7\u00e3o extrema, dentro do C\u00edrculo Polar \u00c1rtico, faz com que ela passe por fen\u00f4menos astron\u00f4micos perigosos, como o <strong>sol da meia-noite<\/strong>, no ver\u00e3o, quando o sol nunca se p\u00f5e, e a <strong>noite polar<\/strong>, no inverno, quando ele nunca nasce.<\/p>\n\n\n\n<p>Isso acontece por causa da orienta\u00e7\u00e3o do eixo da Terra. Durante o inverno, o Hemisf\u00e9rio Norte fica inclinado para longe do sol, fazendo com que as \u00e1reas pr\u00f3ximas ao Polo Norte recebam pouca ou nenhuma luz solar. Em Utqiagvik, esse per\u00edodo de escurid\u00e3o come\u00e7a por volta do dia 18 de novembro e s\u00f3 termina no final de janeiro.<\/p>\n\n\n\n<figure class=\"wp-block-image size-large\"><img decoding=\"async\" width=\"1024\" height=\"576\" src=\"https:\/\/www.correiobraziliense.com.br\/cbradar\/wp-content\/uploads\/2025\/03\/Alasca_1741112321786-1024x576.jpg\" alt=\"A cidade onde o sol some por dois meses\" class=\"wp-image-8993\" srcset=\"https:\/\/www.correiobraziliense.com.br\/cbradar\/wp-content\/uploads\/2025\/03\/Alasca_1741112321786-1024x576.jpg 1024w, https:\/\/www.correiobraziliense.com.br\/cbradar\/wp-content\/uploads\/2025\/03\/Alasca_1741112321786-300x169.jpg 300w, https:\/\/www.correiobraziliense.com.br\/cbradar\/wp-content\/uploads\/2025\/03\/Alasca_1741112321786-768x432.jpg 768w, https:\/\/www.correiobraziliense.com.br\/cbradar\/wp-content\/uploads\/2025\/03\/Alasca_1741112321786-750x422.jpg 750w, https:\/\/www.correiobraziliense.com.br\/cbradar\/wp-content\/uploads\/2025\/03\/Alasca_1741112321786-1140x641.jpg 1140w, https:\/\/www.correiobraziliense.com.br\/cbradar\/wp-content\/uploads\/2025\/03\/Alasca_1741112321786.jpg 1280w\" sizes=\"(max-width: 1024px) 100vw, 1024px\" \/><figcaption class=\"wp-element-caption\">Alasca. Cr\u00e9ditos: depositphotos.com \/ jason.troutnut.com<\/figcaption><\/figure>\n\n\n\n<h2 class=\"wp-block-heading\"><strong>Como \u00e9 viver sem sol por tanto tempo?<\/strong><\/h2>\n\n\n\n<p>A vida na cidade n\u00e3o \u00e9 para por causa da escurid\u00e3o, mas os moradores precisam se adaptar a um cotidiano bem diferente do resto do mundo. A aus\u00eancia de luz solar pode afetar o humor e o ciclo do sono, causando a chamada <strong>depress\u00e3o sazonal<\/strong>. Para lidar com isso, muitas pessoas utilizam l\u00e2mpadas de luz artificial especiais, que simulam a luz do sol e ajudam a manter a disposi\u00e7\u00e3o.<\/p>\n\n\n\n<p>Al\u00e9m da falta de luz, o frio extremo tamb\u00e9m \u00e9 um desafio. Durante uma noite polar, as temperaturas podem chegar a <strong>\u221230\u202f\u00b0C<\/strong>, e a neve cobre a cidade por meses. Mesmo assim, uma popula\u00e7\u00e3o de cerca de 4.500 habitantes continua com suas atividades normalmente, trabalhando, estudando e at\u00e9 praticando esportes ao ar livre.<\/p>\n\n\n\n<h2 class=\"wp-block-heading\"><strong>Curiosidades sobre Utqiagvik<\/strong><\/h2>\n\n\n\n<ul class=\"wp-block-list\">\n<li><strong>O sol desaparece por 66 dias<\/strong> \u2013 Entre novembro e janeiro, a cidade fica na escurid\u00e3o total.<\/li>\n\n\n\n<li><strong>Sol da meia-noite<\/strong> \u2013 Se no inverno o sol algum, no ver\u00e3o ele nunca se p\u00f5e, iluminando a cidade por 82 dias seguidos.<\/li>\n\n\n\n<li><strong>Temperaturas extremas<\/strong> \u2013 O inverno pode registrar temperaturas t\u00e9rmicas abaixo de \u221240\u202f\u00b0C, tornando Utqiagvik um dos lugares habitados mais frios do planeta.<\/li>\n\n\n\n<li><strong>Povo ind\u00edgena I\u00f1upiat<\/strong> \u2013 Grande parte da popula\u00e7\u00e3o \u00e9 descendente dos povos ind\u00edgenas do \u00c1rtico, que vivem na regi\u00e3o h\u00e1 milhares de anos e desenvolvem t\u00e9cnicas para sobreviver ao frio intenso.<\/li>\n\n\n\n<li><strong>Isolamento total<\/strong> \u2013 N\u00e3o h\u00e1 estradas que liguem Utqiagvik ao restante do Alasca. O acesso s\u00f3 \u00e9 poss\u00edvel por avi\u00e3o ou barco durante o ver\u00e3o, quando o mar n\u00e3o est\u00e1 congelado.<\/li>\n<\/ul>\n\n\n\n<h2 class=\"wp-block-heading\"><strong>Como os moradores se adaptam ao frio e \u00e0 escurid\u00e3o?<\/strong><\/h2>\n\n\n\n<p>Mesmo com condi\u00e7\u00f5es t\u00e3o extremas, Utqiagvik tem uma comunidade forte e bem estruturada. O com\u00e9rcio funciona normalmente, as escolas permanecem abertas, e os moradores encontram formas criativas de lidar com a escurid\u00e3o.<\/p>\n\n\n\n<p>Atividades como pesca no gelo, ca\u00e7a e esportes de inverno ajudam a manter a tradi\u00e7\u00e3o dos povos ind\u00edgenas I\u00f1upiat. Al\u00e9m disso, a cidade tem um forte cultura comunit\u00e1ria, com eventos locais que incentivam a socializa\u00e7\u00e3o e combatem o isolamento.<\/p>\n\n\n\n<p>A tecnologia tamb\u00e9m \u00e9 uma grande aliada. A maioria das casas possui sistemas de aquecimento eficientes, e a internet permite que os moradores se conectem com o mundo exterior, tornando a vida mais suport\u00e1vel durante o longo inverno.<\/p>\n\n\n\n<h2 class=\"wp-block-heading\"><strong>Voc\u00ea moraria em um lugar assim?<\/strong><\/h2>\n\n\n\n<p>Utqiagvik provou que o ser humano \u00e9 capaz de se adaptar a praticamente qualquer condi\u00e7\u00e3o. Mesmo sem sol por dois meses e enfrentando temperaturas congelantes, seus habitantes levam uma vida normal e demonstram uma resist\u00eancia impressionante ao ambiente hostil.<\/p>\n\n\n\n<p>Para quem gosta de desafios e experi\u00eancias \u00fanicas, visitar essa cidade pode ser uma oportunidade inesquec\u00edvel. Mas viver l\u00e1 exige for\u00e7a de vontade e muita prepara\u00e7\u00e3o para enfrentar um dos climas mais extremos do mundo.<\/p>\n","protected":false},"excerpt":{"rendered":"<p>Existe uma cidade onde o sol desaparece por quase dois meses, deixando tudo na escurid\u00e3o total. Como os moradores vivem sem luz natural?<\/p>\n","protected":false},"author":3,"featured_media":8991,"comment_status":"open","ping_status":"open","sticky":false,"template":"","format":"standard","meta":{"_yoast_wpseo_focuskw":"cidade sol some","_yoast_wpseo_title":"%%title%%","_yoast_wpseo_metadesc":"Existe uma cidade onde o sol desaparece por quase dois meses, deixando tudo na escurid\u00e3o total. Como os moradores vivem sem luz natural?","jnews-multi-image_gallery":[],"jnews_single_post":{"format":"standard"},"jnews_primary_category":[],"jnews_social_meta":[],"jnews_override_counter":[],"footnotes":""},"categories":[108],"post_tag":[109],"class_list":["post-8989","post","type-post","status-publish","format-standard","has-post-thumbnail","hentry","category-cidades","tag-cidades"],"yoast_head":"<!-- This site is optimized with the Yoast SEO plugin v24.6 - https:\/\/yoast.com\/wordpress\/plugins\/seo\/ -->\n<title>A cidade onde o sol some por dois meses<\/title>\n<meta name=\"description\" content=\"Existe uma cidade onde o sol desaparece por quase dois meses, deixando tudo na escurid\u00e3o total. Como os moradores vivem sem luz natural?\" \/>\n<meta name=\"robots\" content=\"index, follow, max-snippet:-1, max-image-preview:large, max-video-preview:-1\" \/>\n<link rel=\"canonical\" href=\"https:\/\/www.correiobraziliense.com.br\/cbradar\/a-cidade-onde-o-sol-some-por-dois-meses\/\" \/>\n<meta property=\"og:locale\" content=\"pt_BR\" \/>\n<meta property=\"og:type\" content=\"article\" \/>\n<meta property=\"og:title\" content=\"A cidade onde o sol some por dois meses\" \/>\n<meta property=\"og:description\" content=\"Existe uma cidade onde o sol desaparece por quase dois meses, deixando tudo na escurid\u00e3o total. Como os moradores vivem sem luz natural?\" \/>\n<meta property=\"og:url\" content=\"https:\/\/www.correiobraziliense.com.br\/cbradar\/a-cidade-onde-o-sol-some-por-dois-meses\/\" \/>\n<meta property=\"og:site_name\" content=\"Correio Braziliense - Radar\" \/>\n<meta property=\"article:published_time\" content=\"2025-03-05T21:30:00+00:00\" \/>\n<meta property=\"og:image\" content=\"https:\/\/www.correiobraziliense.com.br\/cbradar\/wp-content\/uploads\/2025\/03\/Alasca_1741112283925.jpg\" \/>\n\t<meta property=\"og:image:width\" content=\"1280\" \/>\n\t<meta property=\"og:image:height\" content=\"720\" \/>\n\t<meta property=\"og:image:type\" content=\"image\/jpeg\" \/>\n<meta name=\"author\" content=\"Larissa Carvalho\" \/>\n<meta name=\"twitter:card\" content=\"summary_large_image\" \/>\n<meta name=\"twitter:label1\" content=\"Escrito por\" \/>\n\t<meta name=\"twitter:data1\" content=\"Larissa Carvalho\" \/>\n\t<meta name=\"twitter:label2\" content=\"Est. tempo de leitura\" \/>\n\t<meta name=\"twitter:data2\" content=\"5 minutos\" \/>\n<!-- \/ Yoast SEO plugin. -->","yoast_head_json":{"title":"A cidade onde o sol some por dois meses","description":"Existe uma cidade onde o sol desaparece por quase dois meses, deixando tudo na escurid\u00e3o total. Como os moradores vivem sem luz natural?","robots":{"index":"index","follow":"follow","max-snippet":"max-snippet:-1","max-image-preview":"max-image-preview:large","max-video-preview":"max-video-preview:-1"},"canonical":"https:\/\/www.correiobraziliense.com.br\/cbradar\/a-cidade-onde-o-sol-some-por-dois-meses\/","og_locale":"pt_BR","og_type":"article","og_title":"A cidade onde o sol some por dois meses","og_description":"Existe uma cidade onde o sol desaparece por quase dois meses, deixando tudo na escurid\u00e3o total. Como os moradores vivem sem luz natural?","og_url":"https:\/\/www.correiobraziliense.com.br\/cbradar\/a-cidade-onde-o-sol-some-por-dois-meses\/","og_site_name":"Correio Braziliense - Radar","article_published_time":"2025-03-05T21:30:00+00:00","og_image":[{"width":1280,"height":720,"url":"https:\/\/www.correiobraziliense.com.br\/cbradar\/wp-content\/uploads\/2025\/03\/Alasca_1741112283925.jpg","type":"image\/jpeg"}],"author":"Larissa Carvalho","twitter_card":"summary_large_image","twitter_misc":{"Escrito por":"Larissa Carvalho","Est. tempo de leitura":"5 minutos"},"schema":{"@context":"https:\/\/schema.org","@graph":[{"@type":"WebPage","@id":"https:\/\/www.correiobraziliense.com.br\/cbradar\/a-cidade-onde-o-sol-some-por-dois-meses\/","url":"https:\/\/www.correiobraziliense.com.br\/cbradar\/a-cidade-onde-o-sol-some-por-dois-meses\/","name":"A cidade onde o sol some por dois meses","isPartOf":{"@id":"https:\/\/www.correiobraziliense.com.br\/cbradar\/#website"},"primaryImageOfPage":{"@id":"https:\/\/www.correiobraziliense.com.br\/cbradar\/a-cidade-onde-o-sol-some-por-dois-meses\/#primaryimage"},"image":{"@id":"https:\/\/www.correiobraziliense.com.br\/cbradar\/a-cidade-onde-o-sol-some-por-dois-meses\/#primaryimage"},"thumbnailUrl":"https:\/\/www.correiobraziliense.com.br\/cbradar\/wp-content\/uploads\/2025\/03\/Alasca_1741112283925.jpg","datePublished":"2025-03-05T21:30:00+00:00","author":{"@id":"https:\/\/www.correiobraziliense.com.br\/cbradar\/#\/schema\/person\/58422787644df994b53a19d3e56c1513"},"description":"Existe uma cidade onde o sol desaparece por quase dois meses, deixando tudo na escurid\u00e3o total. Como os moradores vivem sem luz natural?","breadcrumb":{"@id":"https:\/\/www.correiobraziliense.com.br\/cbradar\/a-cidade-onde-o-sol-some-por-dois-meses\/#breadcrumb"},"inLanguage":"pt-BR","potentialAction":[{"@type":"ReadAction","target":["https:\/\/www.correiobraziliense.com.br\/cbradar\/a-cidade-onde-o-sol-some-por-dois-meses\/"]}]},{"@type":"ImageObject","inLanguage":"pt-BR","@id":"https:\/\/www.correiobraziliense.com.br\/cbradar\/a-cidade-onde-o-sol-some-por-dois-meses\/#primaryimage","url":"https:\/\/www.correiobraziliense.com.br\/cbradar\/wp-content\/uploads\/2025\/03\/Alasca_1741112283925.jpg","contentUrl":"https:\/\/www.correiobraziliense.com.br\/cbradar\/wp-content\/uploads\/2025\/03\/Alasca_1741112283925.jpg","width":1280,"height":720,"caption":"Alasca. Cr\u00e9ditos: depositphotos.com \/ lhboucault"},{"@type":"BreadcrumbList","@id":"https:\/\/www.correiobraziliense.com.br\/cbradar\/a-cidade-onde-o-sol-some-por-dois-meses\/#breadcrumb","itemListElement":[{"@type":"ListItem","position":1,"name":"In\u00edcio","item":"https:\/\/www.correiobraziliense.com.br\/cbradar\/"},{"@type":"ListItem","position":2,"name":"A cidade onde o sol some por dois meses"}]},{"@type":"WebSite","@id":"https:\/\/www.correiobraziliense.com.br\/cbradar\/#website","url":"https:\/\/www.correiobraziliense.com.br\/cbradar\/","name":"Correio Braziliense - Radar","description":"Acompanhe as \u00faltimas not\u00edcias e fique bem informado sobre tudo o que acontece no Brasil e no mundo.","potentialAction":[{"@type":"SearchAction","target":{"@type":"EntryPoint","urlTemplate":"https:\/\/www.correiobraziliense.com.br\/cbradar\/?s={search_term_string}"},"query-input":{"@type":"PropertyValueSpecification","valueRequired":true,"valueName":"search_term_string"}}],"inLanguage":"pt-BR"},{"@type":"Person","@id":"https:\/\/www.correiobraziliense.com.br\/cbradar\/#\/schema\/person\/58422787644df994b53a19d3e56c1513","name":"Larissa Carvalho","image":{"@type":"ImageObject","inLanguage":"pt-BR","@id":"https:\/\/www.correiobraziliense.com.br\/cbradar\/#\/schema\/person\/image\/","url":"https:\/\/secure.gravatar.com\/avatar\/fe4f91a0de32b52a838d0d612abdc1aa?s=96&d=mm&r=g","contentUrl":"https:\/\/secure.gravatar.com\/avatar\/fe4f91a0de32b52a838d0d612abdc1aa?s=96&d=mm&r=g","caption":"Larissa Carvalho"},"url":"https:\/\/www.correiobraziliense.com.br\/cbradar\/author\/larissamyth\/"}]}},"_links":{"self":[{"href":"https:\/\/www.correiobraziliense.com.br\/cbradar\/wp-json\/wp\/v2\/posts\/8989","targetHints":{"allow":["GET"]}}],"collection":[{"href":"https:\/\/www.correiobraziliense.com.br\/cbradar\/wp-json\/wp\/v2\/posts"}],"about":[{"href":"https:\/\/www.correiobraziliense.com.br\/cbradar\/wp-json\/wp\/v2\/types\/post"}],"author":[{"embeddable":true,"href":"https:\/\/www.correiobraziliense.com.br\/cbradar\/wp-json\/wp\/v2\/users\/3"}],"replies":[{"embeddable":true,"href":"https:\/\/www.correiobraziliense.com.br\/cbradar\/wp-json\/wp\/v2\/comments?post=8989"}],"version-history":[{"count":2,"href":"https:\/\/www.correiobraziliense.com.br\/cbradar\/wp-json\/wp\/v2\/posts\/8989\/revisions"}],"predecessor-version":[{"id":8994,"href":"https:\/\/www.correiobraziliense.com.br\/cbradar\/wp-json\/wp\/v2\/posts\/8989\/revisions\/8994"}],"wp:featuredmedia":[{"embeddable":true,"href":"https:\/\/www.correiobraziliense.com.br\/cbradar\/wp-json\/wp\/v2\/media\/8991"}],"wp:attachment":[{"href":"https:\/\/www.correiobraziliense.com.br\/cbradar\/wp-json\/wp\/v2\/media?parent=8989"}],"wp:term":[{"taxonomy":"category","embeddable":true,"href":"https:\/\/www.correiobraziliense.com.br\/cbradar\/wp-json\/wp\/v2\/categories?post=8989"},{"taxonomy":"post_tag","embeddable":true,"href":"https:\/\/www.correiobraziliense.com.br\/cbradar\/wp-json\/wp\/v2\/post_tag?post=8989"}],"curies":[{"name":"wp","href":"https:\/\/api.w.org\/{rel}","templated":true}]}}