{"id":89973,"date":"2025-08-21T13:23:00","date_gmt":"2025-08-21T16:23:00","guid":{"rendered":"https:\/\/www.correiobraziliense.com.br\/cbradar\/?p=89973"},"modified":"2025-08-20T16:38:53","modified_gmt":"2025-08-20T19:38:53","slug":"esquecimento-frequente-veja-sinais-de-alerta-no-cerebro","status":"publish","type":"post","link":"https:\/\/www.correiobraziliense.com.br\/cbradar\/esquecimento-frequente-veja-sinais-de-alerta-no-cerebro\/","title":{"rendered":"Esquecimento frequente? Veja sinais de alerta no c\u00e9rebro"},"content":{"rendered":"\n<p>O <strong>C\u00e9rebro <\/strong>\u00e9 essencial para uma s\u00e9rie de fun\u00e7\u00f5es que v\u00e3o desde o controle de emo\u00e7\u00f5es at\u00e9 a execu\u00e7\u00e3o de tarefas complexas, como o racioc\u00ednio l\u00f3gico. Ele tamb\u00e9m gerencia processos vitais, incluindo a respira\u00e7\u00e3o e a circula\u00e7\u00e3o sangu\u00ednea. Com o passar dos anos, algumas altera\u00e7\u00f5es nessas fun\u00e7\u00f5es s\u00e3o normais, mas quando come\u00e7am a interferir na vida cotidiana, \u00e9 importante considerar uma avalia\u00e7\u00e3o m\u00e9dica.<\/p>\n\n\n\n<p>Esquecimentos pontuais s\u00e3o comuns \u00e0 medida que envelhecemos, mas quando essas falhas se tornam persistentes ao ponto de afetar atividades di\u00e1rias, podem sinalizar problemas mais graves. Nesses momentos, \u00e9 crucial procurar ajuda m\u00e9dica para investigar poss\u00edveis condi\u00e7\u00f5es que comprometam a autonomia da pessoa.<\/p>\n\n\n\n<h2 class=\"wp-block-heading\">Quais as dem\u00eancias e seus efeitos?<\/h2>\n\n\n\n<p>Dem\u00eancias referem-se a doen\u00e7as que prejudicam a capacidade cognitiva, como o Alzheimer e outras dem\u00eancias vasculares. Os sinais iniciais podem ser confundidos com o envelhecimento comum, o que dificulta um diagn\u00f3stico atempado. A predisposi\u00e7\u00e3o gen\u00e9tica pode influenciar, mas o impacto do estilo de vida na progress\u00e3o dessas doen\u00e7as \u00e9 significativo, destacando a import\u00e2ncia de escolhas saud\u00e1veis.<\/p>\n\n\n\n<h2 class=\"wp-block-heading\">Como identificar fatores de risco para a sa\u00fade cerebral?<\/h2>\n\n\n<div class=\"wp-block-image\">\n<figure class=\"aligncenter size-large\"><img decoding=\"async\" width=\"1024\" height=\"576\" src=\"https:\/\/www.correiobraziliense.com.br\/cbradar\/wp-content\/uploads\/2025\/08\/demencia_1755718691964-1024x576.jpg\" alt=\"\" class=\"wp-image-89976\" srcset=\"https:\/\/www.correiobraziliense.com.br\/cbradar\/wp-content\/uploads\/2025\/08\/demencia_1755718691964-1024x576.jpg 1024w, https:\/\/www.correiobraziliense.com.br\/cbradar\/wp-content\/uploads\/2025\/08\/demencia_1755718691964-300x169.jpg 300w, https:\/\/www.correiobraziliense.com.br\/cbradar\/wp-content\/uploads\/2025\/08\/demencia_1755718691964-768x432.jpg 768w, https:\/\/www.correiobraziliense.com.br\/cbradar\/wp-content\/uploads\/2025\/08\/demencia_1755718691964-750x422.jpg 750w, https:\/\/www.correiobraziliense.com.br\/cbradar\/wp-content\/uploads\/2025\/08\/demencia_1755718691964-1140x641.jpg 1140w, https:\/\/www.correiobraziliense.com.br\/cbradar\/wp-content\/uploads\/2025\/08\/demencia_1755718691964.jpg 1280w\" sizes=\"(max-width: 1024px) 100vw, 1024px\" \/><figcaption class=\"wp-element-caption\">dem\u00eancia  &#8211; Cr\u00e9ditos: depositphotos.com \/ AndrewLozovyi<\/figcaption><\/figure><\/div>\n\n\n<p>Muitos fatores podem amea\u00e7ar a <a href=\"https:\/\/www.gov.br\/saude\/pt-br\" target=\"_blank\" rel=\"noreferrer noopener\">sa\u00fade <\/a>do C\u00e9rebro. M\u00e1 <a href=\"https:\/\/www.correiobraziliense.com.br\/cbradar\/4-alimentos-mais-poderosos-contra-a-pressao-alta\/\" target=\"_blank\" rel=\"noreferrer noopener\">alimenta\u00e7\u00e3o<\/a>, priva\u00e7\u00e3o de sono, estresse elevado e falta de atividade f\u00edsica est\u00e3o entre os principais riscos para o decl\u00ednio cognitivo. O isolamento tende a agravar problemas mentais. Em contraponto, uma dieta equilibrada, exerc\u00edcios regulares e uma vida social ativa podem promover o bem-estar e retardar o envelhecimento cerebral.<\/p>\n\n\n\n<h2 class=\"wp-block-heading\">Por que a detec\u00e7\u00e3o precoce faz diferen\u00e7a?<\/h2>\n\n\n\n<p>Identificar mudan\u00e7as cognitivas logo no in\u00edcio permite a\u00e7\u00f5es terap\u00eauticas que podem mitigar impactos e preservar a qualidade de vida. Mesmo sem cura dispon\u00edvel, diagnosticar cedo uma dem\u00eancia oferece a possibilidade de interven\u00e7\u00f5es que prolongam a independ\u00eancia do paciente e promovem o apoio necess\u00e1rio para enfrentar os desafios decorrentes.<\/p>\n\n\n\n<h2 class=\"wp-block-heading\">Quais os m\u00e9todos de preserva\u00e7\u00e3o da sa\u00fade do C\u00e9rebro?<\/h2>\n\n\n\n<p>Manter o C\u00e9rebro saud\u00e1vel exige pr\u00e1ticas que sustentem o equil\u00edbrio f\u00edsico e mental. Exerc\u00edcios f\u00edsicos aumentam a circula\u00e7\u00e3o no C\u00e9rebro, favorecendo a fun\u00e7\u00e3o cognitiva. Envolver-se em atividades que desafiem a mente, como aprender novas habilidades, pode melhorar a neuroplasticidade. Participa\u00e7\u00e3o em atividades sociais e culturais tamb\u00e9m \u00e9 ben\u00e9fica, criando um ambiente que suporta a sa\u00fade cerebral.<\/p>\n\n\n\n<p>O cuidado cont\u00ednuo com o C\u00e9rebro, equiparado a qualquer outro \u00f3rg\u00e3o vital, \u00e9 fundamental. Ao implementar h\u00e1bitos que promovam o bem-estar integral, \u00e9 poss\u00edvel assegurar que o C\u00e9rebro funcione de maneira otimizada e eficiente ao longo da vida, estabelecendo bases s\u00f3lidas para uma vida plena e independente.<\/p>\n\n\n<a href=\"https:\/\/www.instagram.com\/dra.annaluisabf\/\" target=\"_blank\" rel=\"noopener\" style=\"text-decoration: none; color: inherit;\">\n    <span style=\"display: inline-block; border: 1px solid #ccc; border-radius: 10px; padding: 15px; max-width: 550px; font-family: sans-serif; box-shadow: 0 2px 5px rgba(0,0,0,0.1); width: 100%;\">\n\n      <!-- T\u00edtulo -->\n      <span style=\"display: block; margin: 0 0 15px 0; font-weight: bold; color: #2c3e50; text-align: center;\">\n        Entre em contato:\n      <\/span>\n\n      <!-- Linha do perfil -->\n      <span style=\"display: flex; align-items: center; gap: 15px;\">\n        <img decoding=\"async\"\n          src=\"https:\/\/www.correiobraziliense.com.br\/cbradar\/wp-content\/uploads\/2025\/08\/dra_anna_luisa.jpeg\"\n          alt=\"Foto da Dra. Anna Lu\u00edsa\"\n          style=\"border-radius: 50%; width: 80px; height: 80px; object-fit: cover;\"\n        \/>\n        <span style=\"display: flex; flex-direction: column;\">\n          <span style=\"font-size: 18px; font-weight: 700; color: #2c3e50;\">Dra. Anna Lu\u00edsa Barbosa Fernandes<\/span>\n          <span style=\"color: #555;\">CRM-GO 33.271<\/span>\n        <\/span>\n      <\/span>\n\n      <!-- Redes -->\n      <span style=\"display: flex; align-items: center; gap: 10px; margin-top: 12px;\">\n        <img decoding=\"async\" src=\"https:\/\/cdn-icons-png.flaticon.com\/24\/1384\/1384063.png\" alt=\"Instagram\" width=\"24\" height=\"24\" \/>\n        <span style=\"text-decoration: underline; color: #2c3e50;\">@dra.annaluisabf<\/span>\n      <\/span>\n\n    <\/span>\n  <\/a>","protected":false},"excerpt":{"rendered":"<p>O C\u00e9rebro \u00e9 essencial para uma s\u00e9rie de fun\u00e7\u00f5es que v\u00e3o desde o controle de emo\u00e7\u00f5es at\u00e9 a execu\u00e7\u00e3o de tarefas complexas, como o racioc\u00ednio l\u00f3gico. Ele tamb\u00e9m gerencia processos vitais, incluindo a respira\u00e7\u00e3o e a circula\u00e7\u00e3o sangu\u00ednea. Com o passar dos anos, algumas altera\u00e7\u00f5es nessas fun\u00e7\u00f5es s\u00e3o normais, mas quando come\u00e7am a interferir na [&hellip;]<\/p>\n","protected":false},"author":14,"featured_media":37970,"comment_status":"open","ping_status":"open","sticky":false,"template":"","format":"standard","meta":{"jnews-multi-image_gallery":[],"jnews_single_post":{"format":"standard"},"jnews_primary_category":[],"jnews_social_meta":[],"jnews_override_counter":[],"footnotes":""},"categories":[4404],"post_tag":[281,698,1318],"class_list":["post-89973","post","type-post","status-publish","format-standard","has-post-thumbnail","hentry","category-saude","tag-alimentacao","tag-cerebro","tag-saude-2"],"yoast_head":"<!-- This site is optimized with the Yoast SEO plugin v24.6 - https:\/\/yoast.com\/wordpress\/plugins\/seo\/ -->\n<title>Esquecimento frequente? Veja sinais de alerta no c\u00e9rebro - Correio Braziliense - Radar<\/title>\n<meta name=\"description\" content=\"Problemas de mem\u00f3ria recorrentes podem ser mais do que idade. Saiba como detectar precocemente e proteger o c\u00e9rebro com atitudes simples.\" \/>\n<meta name=\"robots\" content=\"index, follow, max-snippet:-1, max-image-preview:large, max-video-preview:-1\" \/>\n<link rel=\"canonical\" href=\"https:\/\/www.correiobraziliense.com.br\/cbradar\/esquecimento-frequente-veja-sinais-de-alerta-no-cerebro\/\" \/>\n<meta property=\"og:locale\" content=\"pt_BR\" \/>\n<meta property=\"og:type\" content=\"article\" \/>\n<meta property=\"og:title\" content=\"Esquecimento frequente? Veja sinais de alerta no c\u00e9rebro - Correio Braziliense - Radar\" \/>\n<meta property=\"og:description\" content=\"Problemas de mem\u00f3ria recorrentes podem ser mais do que idade. Saiba como detectar precocemente e proteger o c\u00e9rebro com atitudes simples.\" \/>\n<meta property=\"og:url\" content=\"https:\/\/www.correiobraziliense.com.br\/cbradar\/esquecimento-frequente-veja-sinais-de-alerta-no-cerebro\/\" \/>\n<meta property=\"og:site_name\" content=\"Correio Braziliense - Radar\" \/>\n<meta property=\"article:published_time\" content=\"2025-08-21T16:23:00+00:00\" \/>\n<meta property=\"og:image\" content=\"https:\/\/www.correiobraziliense.com.br\/cbradar\/wp-content\/uploads\/2025\/05\/exercicio-cerebro_1747410056818.jpg\" \/>\n\t<meta property=\"og:image:width\" content=\"1280\" \/>\n\t<meta property=\"og:image:height\" content=\"720\" \/>\n\t<meta property=\"og:image:type\" content=\"image\/jpeg\" \/>\n<meta name=\"author\" content=\"guilherme_saude\" \/>\n<meta name=\"twitter:card\" content=\"summary_large_image\" \/>\n<meta name=\"twitter:label1\" content=\"Escrito por\" \/>\n\t<meta name=\"twitter:data1\" content=\"guilherme_saude\" \/>\n\t<meta name=\"twitter:label2\" content=\"Est. tempo de leitura\" \/>\n\t<meta name=\"twitter:data2\" content=\"4 minutos\" \/>\n<!-- \/ Yoast SEO plugin. -->","yoast_head_json":{"title":"Esquecimento frequente? Veja sinais de alerta no c\u00e9rebro - Correio Braziliense - Radar","description":"Problemas de mem\u00f3ria recorrentes podem ser mais do que idade. Saiba como detectar precocemente e proteger o c\u00e9rebro com atitudes simples.","robots":{"index":"index","follow":"follow","max-snippet":"max-snippet:-1","max-image-preview":"max-image-preview:large","max-video-preview":"max-video-preview:-1"},"canonical":"https:\/\/www.correiobraziliense.com.br\/cbradar\/esquecimento-frequente-veja-sinais-de-alerta-no-cerebro\/","og_locale":"pt_BR","og_type":"article","og_title":"Esquecimento frequente? Veja sinais de alerta no c\u00e9rebro - Correio Braziliense - Radar","og_description":"Problemas de mem\u00f3ria recorrentes podem ser mais do que idade. Saiba como detectar precocemente e proteger o c\u00e9rebro com atitudes simples.","og_url":"https:\/\/www.correiobraziliense.com.br\/cbradar\/esquecimento-frequente-veja-sinais-de-alerta-no-cerebro\/","og_site_name":"Correio Braziliense - Radar","article_published_time":"2025-08-21T16:23:00+00:00","og_image":[{"width":1280,"height":720,"url":"https:\/\/www.correiobraziliense.com.br\/cbradar\/wp-content\/uploads\/2025\/05\/exercicio-cerebro_1747410056818.jpg","type":"image\/jpeg"}],"author":"guilherme_saude","twitter_card":"summary_large_image","twitter_misc":{"Escrito por":"guilherme_saude","Est. tempo de leitura":"4 minutos"},"schema":{"@context":"https:\/\/schema.org","@graph":[{"@type":"WebPage","@id":"https:\/\/www.correiobraziliense.com.br\/cbradar\/esquecimento-frequente-veja-sinais-de-alerta-no-cerebro\/","url":"https:\/\/www.correiobraziliense.com.br\/cbradar\/esquecimento-frequente-veja-sinais-de-alerta-no-cerebro\/","name":"Esquecimento frequente? Veja sinais de alerta no c\u00e9rebro - Correio Braziliense - Radar","isPartOf":{"@id":"https:\/\/www.correiobraziliense.com.br\/cbradar\/#website"},"primaryImageOfPage":{"@id":"https:\/\/www.correiobraziliense.com.br\/cbradar\/esquecimento-frequente-veja-sinais-de-alerta-no-cerebro\/#primaryimage"},"image":{"@id":"https:\/\/www.correiobraziliense.com.br\/cbradar\/esquecimento-frequente-veja-sinais-de-alerta-no-cerebro\/#primaryimage"},"thumbnailUrl":"https:\/\/www.correiobraziliense.com.br\/cbradar\/wp-content\/uploads\/2025\/05\/exercicio-cerebro_1747410056818.jpg","datePublished":"2025-08-21T16:23:00+00:00","author":{"@id":"https:\/\/www.correiobraziliense.com.br\/cbradar\/#\/schema\/person\/5aa4bf3c8fa699c267933611de12978b"},"description":"Problemas de mem\u00f3ria recorrentes podem ser mais do que idade. Saiba como detectar precocemente e proteger o c\u00e9rebro com atitudes simples.","breadcrumb":{"@id":"https:\/\/www.correiobraziliense.com.br\/cbradar\/esquecimento-frequente-veja-sinais-de-alerta-no-cerebro\/#breadcrumb"},"inLanguage":"pt-BR","potentialAction":[{"@type":"ReadAction","target":["https:\/\/www.correiobraziliense.com.br\/cbradar\/esquecimento-frequente-veja-sinais-de-alerta-no-cerebro\/"]}]},{"@type":"ImageObject","inLanguage":"pt-BR","@id":"https:\/\/www.correiobraziliense.com.br\/cbradar\/esquecimento-frequente-veja-sinais-de-alerta-no-cerebro\/#primaryimage","url":"https:\/\/www.correiobraziliense.com.br\/cbradar\/wp-content\/uploads\/2025\/05\/exercicio-cerebro_1747410056818.jpg","contentUrl":"https:\/\/www.correiobraziliense.com.br\/cbradar\/wp-content\/uploads\/2025\/05\/exercicio-cerebro_1747410056818.jpg","width":1280,"height":720,"caption":"A combina\u00e7\u00e3o natural que ativa mem\u00f3ria e foco - Cr\u00e9ditos: depositphotos.com \/ KaterynaPavlenko"},{"@type":"BreadcrumbList","@id":"https:\/\/www.correiobraziliense.com.br\/cbradar\/esquecimento-frequente-veja-sinais-de-alerta-no-cerebro\/#breadcrumb","itemListElement":[{"@type":"ListItem","position":1,"name":"In\u00edcio","item":"https:\/\/www.correiobraziliense.com.br\/cbradar\/"},{"@type":"ListItem","position":2,"name":"Esquecimento frequente? Veja sinais de alerta no c\u00e9rebro"}]},{"@type":"WebSite","@id":"https:\/\/www.correiobraziliense.com.br\/cbradar\/#website","url":"https:\/\/www.correiobraziliense.com.br\/cbradar\/","name":"Correio Braziliense - Radar","description":"Acompanhe as \u00faltimas not\u00edcias e fique bem informado sobre tudo o que acontece no Brasil e no mundo.","potentialAction":[{"@type":"SearchAction","target":{"@type":"EntryPoint","urlTemplate":"https:\/\/www.correiobraziliense.com.br\/cbradar\/?s={search_term_string}"},"query-input":{"@type":"PropertyValueSpecification","valueRequired":true,"valueName":"search_term_string"}}],"inLanguage":"pt-BR"},{"@type":"Person","@id":"https:\/\/www.correiobraziliense.com.br\/cbradar\/#\/schema\/person\/5aa4bf3c8fa699c267933611de12978b","name":"guilherme_saude","image":{"@type":"ImageObject","inLanguage":"pt-BR","@id":"https:\/\/www.correiobraziliense.com.br\/cbradar\/#\/schema\/person\/image\/","url":"https:\/\/secure.gravatar.com\/avatar\/df9adfb835d344bc0af109d41756253f?s=96&d=mm&r=g","contentUrl":"https:\/\/secure.gravatar.com\/avatar\/df9adfb835d344bc0af109d41756253f?s=96&d=mm&r=g","caption":"guilherme_saude"},"url":"https:\/\/www.correiobraziliense.com.br\/cbradar\/author\/guilherme_saude\/"}]}},"_links":{"self":[{"href":"https:\/\/www.correiobraziliense.com.br\/cbradar\/wp-json\/wp\/v2\/posts\/89973","targetHints":{"allow":["GET"]}}],"collection":[{"href":"https:\/\/www.correiobraziliense.com.br\/cbradar\/wp-json\/wp\/v2\/posts"}],"about":[{"href":"https:\/\/www.correiobraziliense.com.br\/cbradar\/wp-json\/wp\/v2\/types\/post"}],"author":[{"embeddable":true,"href":"https:\/\/www.correiobraziliense.com.br\/cbradar\/wp-json\/wp\/v2\/users\/14"}],"replies":[{"embeddable":true,"href":"https:\/\/www.correiobraziliense.com.br\/cbradar\/wp-json\/wp\/v2\/comments?post=89973"}],"version-history":[{"count":1,"href":"https:\/\/www.correiobraziliense.com.br\/cbradar\/wp-json\/wp\/v2\/posts\/89973\/revisions"}],"predecessor-version":[{"id":89977,"href":"https:\/\/www.correiobraziliense.com.br\/cbradar\/wp-json\/wp\/v2\/posts\/89973\/revisions\/89977"}],"wp:featuredmedia":[{"embeddable":true,"href":"https:\/\/www.correiobraziliense.com.br\/cbradar\/wp-json\/wp\/v2\/media\/37970"}],"wp:attachment":[{"href":"https:\/\/www.correiobraziliense.com.br\/cbradar\/wp-json\/wp\/v2\/media?parent=89973"}],"wp:term":[{"taxonomy":"category","embeddable":true,"href":"https:\/\/www.correiobraziliense.com.br\/cbradar\/wp-json\/wp\/v2\/categories?post=89973"},{"taxonomy":"post_tag","embeddable":true,"href":"https:\/\/www.correiobraziliense.com.br\/cbradar\/wp-json\/wp\/v2\/post_tag?post=89973"}],"curies":[{"name":"wp","href":"https:\/\/api.w.org\/{rel}","templated":true}]}}