{"id":90015,"date":"2025-08-21T22:33:00","date_gmt":"2025-08-22T01:33:00","guid":{"rendered":"https:\/\/www.correiobraziliense.com.br\/cbradar\/?p=90015"},"modified":"2025-08-20T17:03:23","modified_gmt":"2025-08-20T20:03:23","slug":"como-tratar-a-flacidez-no-pescoco-e-recuperar-firmeza-rapidamente","status":"publish","type":"post","link":"https:\/\/www.correiobraziliense.com.br\/cbradar\/como-tratar-a-flacidez-no-pescoco-e-recuperar-firmeza-rapidamente\/","title":{"rendered":"Como tratar a flacidez no pesco\u00e7o e recuperar firmeza rapidamente"},"content":{"rendered":"\n<p>A <strong>Flacidez no Pesco\u00e7o<\/strong> \u00e9 um desafio est\u00e9tico que muitos enfrentam ao longo dos anos. Diversos fatores contribuem para esse quadro, incluindo o envelhecimento natural e h\u00e1bitos cotidianos. A elasticidade da pele tende a diminuir com o tempo, devido \u00e0 menor produ\u00e7\u00e3o de col\u00e1geno e elastina, deixando a pele mais suscet\u00edvel \u00e0 gravidade. Al\u00e9m disso, a exposi\u00e7\u00e3o ao sol e as mudan\u00e7as de peso podem acelerar esse processo. Entender a origem dessa flacidez \u00e9 crucial para adotar medidas preventivas e buscar os tratamentos mais apropriados.<\/p>\n\n\n\n<p>Em tempos modernos, onde a apar\u00eancia pessoal ganha relev\u00e2ncia, o pesco\u00e7o se torna um ponto focal para muitos que buscam manter uma imagem jovem e saud\u00e1vel. No entanto, a busca por solu\u00e7\u00f5es requer um entendimento aprofundado das causas e das op\u00e7\u00f5es dispon\u00edveis. Com isso em mente, exploraremos o que acarreta a Flacidez no Pesco\u00e7o e como enfrent\u00e1-la de maneira eficaz.<\/p>\n\n\n\n<h2 class=\"wp-block-heading\">Quais fatores contribuem para a Flacidez no Pesco\u00e7o?<\/h2>\n\n\n<div class=\"wp-block-image\">\n<figure class=\"aligncenter size-large\"><img decoding=\"async\" width=\"1024\" height=\"576\" src=\"https:\/\/www.correiobraziliense.com.br\/cbradar\/wp-content\/uploads\/2025\/08\/flacidez-pescoco_1755720170017-1024x576.jpg\" alt=\"\" class=\"wp-image-90017\" srcset=\"https:\/\/www.correiobraziliense.com.br\/cbradar\/wp-content\/uploads\/2025\/08\/flacidez-pescoco_1755720170017-1024x576.jpg 1024w, https:\/\/www.correiobraziliense.com.br\/cbradar\/wp-content\/uploads\/2025\/08\/flacidez-pescoco_1755720170017-300x169.jpg 300w, https:\/\/www.correiobraziliense.com.br\/cbradar\/wp-content\/uploads\/2025\/08\/flacidez-pescoco_1755720170017-768x432.jpg 768w, https:\/\/www.correiobraziliense.com.br\/cbradar\/wp-content\/uploads\/2025\/08\/flacidez-pescoco_1755720170017-750x422.jpg 750w, https:\/\/www.correiobraziliense.com.br\/cbradar\/wp-content\/uploads\/2025\/08\/flacidez-pescoco_1755720170017-1140x641.jpg 1140w, https:\/\/www.correiobraziliense.com.br\/cbradar\/wp-content\/uploads\/2025\/08\/flacidez-pescoco_1755720170017.jpg 1280w\" sizes=\"(max-width: 1024px) 100vw, 1024px\" \/><figcaption class=\"wp-element-caption\">flacidez pesco\u00e7o &#8211; Cr\u00e9ditos: depositphotos.com \/ grinvalds<\/figcaption><\/figure><\/div>\n\n\n<p>A perda de firmeza no pesco\u00e7o pode ser atribu\u00edda a v\u00e1rios fatores. A redu\u00e7\u00e3o natural de col\u00e1geno e elastina \u00e9 uma das principais raz\u00f5es, comprometendo a estrutura da pele. Al\u00e9m disso, a exposi\u00e7\u00e3o prolongada ao sol provoca dano cut\u00e2neo, acelerando o envelhecimento. Mudan\u00e7as substanciais no peso podem esticar a pele, dificultando seu retorno \u00e0 condi\u00e7\u00e3o original. H\u00e1bitos como fumar tamb\u00e9m desempenham um papel significativo, prejudicando a elasticidade da pele. Curiosamente, at\u00e9 a postura e o uso excessivo de dispositivos eletr\u00f4nicos podem influenciar negativamente a apar\u00eancia do pesco\u00e7o ao longo do tempo.<\/p>\n\n\n\n<p>Nesse contexto, entender todos esses aspectos \u00e9 essencial para que se possa adotar uma abordagem preventiva e abrangente. A ado\u00e7\u00e3o de um estilo de vida saud\u00e1vel e a prote\u00e7\u00e3o contra os danos ambientais podem, assim, ser poderosos aliados na luta contra a flacidez do pesco\u00e7o.<\/p>\n\n\n\n<h2 class=\"wp-block-heading\">Preven\u00e7\u00e3o da Flacidez no Pesco\u00e7o: como priorizar a firmeza?<\/h2>\n\n\n\n<p>Para preservar a pele do pesco\u00e7o e mant\u00ea-la firme, \u00e9 necess\u00e1rio implementar estrat\u00e9gias que combinam cuidados internos e externos. Primeiramente, uma rotina de cuidados com a pele, incluindo limpeza, hidrata\u00e7\u00e3o e esfolia\u00e7\u00e3o, pode ajudar a manter a <a href=\"https:\/\/www.gov.br\/saude\/pt-br\" target=\"_blank\" rel=\"noreferrer noopener\">sa\u00fade <\/a>cut\u00e2nea. Produtos que estimulam a produ\u00e7\u00e3o de col\u00e1geno s\u00e3o recomendados para uso di\u00e1rio. Outra a\u00e7\u00e3o essencial \u00e9 a ingest\u00e3o de \u00e1gua, garantindo a hidrata\u00e7\u00e3o de dentro para fora. A <a href=\"https:\/\/www.correiobraziliense.com.br\/cbradar\/4-alimentos-mais-poderosos-contra-a-pressao-alta\/\" target=\"_blank\" rel=\"noreferrer noopener\">dieta<\/a>, rica em vitaminas essenciais como a vitamina C, tamb\u00e9m desempenha um papel crucial na resist\u00eancia da pele \u00e0 flacidez. Praticar exerc\u00edcios f\u00edsicos pode melhorar a circula\u00e7\u00e3o sangu\u00ednea, fornecendo oxig\u00eanio e nutrientes \u00e0 pele.<\/p>\n\n\n\n<p>A prote\u00e7\u00e3o solar \u00e9 uma medida indispens\u00e1vel. A radia\u00e7\u00e3o UV \u00e9 uma das principais causadoras do envelhecimento cut\u00e2neo, portanto, aplicar protetor solar na regi\u00e3o do pesco\u00e7o deve ser parte da rotina di\u00e1ria. Assim, com essas a\u00e7\u00f5es combinadas, torna-se poss\u00edvel diminuir os riscos de flacidez e promover uma pele mais vigorosa e saud\u00e1vel.<\/p>\n\n\n\n<h2 class=\"wp-block-heading\">A qual \u00e9 a melhor forma de tratar a Flacidez no Pesco\u00e7o?<\/h2>\n\n\n\n<p>Para aqueles que buscam tratar a flacidez j\u00e1 instalada, existem v\u00e1rias abordagens que v\u00e3o desde solu\u00e7\u00f5es t\u00f3picas a procedimentos est\u00e9ticos. Cremes ricos em pept\u00eddeos e retinol podem fortalecer a pele, enquanto exerc\u00edcios espec\u00edficos ajudam a tonificar os m\u00fasculos do pesco\u00e7o. Por outro lado, tratamentos est\u00e9ticos como radiofrequ\u00eancia e preenchimentos d\u00e9rmicos s\u00e3o op\u00e7\u00f5es eficazes para estimular a produ\u00e7\u00e3o de col\u00e1geno. O microagulhamento e o ultrassom focado tamb\u00e9m demonstram bons resultados, promovendo a regenera\u00e7\u00e3o cut\u00e2nea e melhorando a textura da pele.<\/p>\n\n\n\n<h2 class=\"wp-block-heading\">Op\u00e7\u00f5es cir\u00fargicas: quando considerar o deep neck lift?<\/h2>\n\n\n\n<p>Em casos onde os m\u00e9todos menos invasivos n\u00e3o oferecem os resultados desejados, procedimentos cir\u00fargicos como o Deep Neck Lift podem ser considerados. Essa op\u00e7\u00e3o envolve a corre\u00e7\u00e3o e repoosi\u00e7\u00e3o dos m\u00fasculos do pesco\u00e7o, garantindo resultados mais duradouros. \u00c9 fundamental que essa interven\u00e7\u00e3o seja realizada por profissionais qualificados para garantir seguran\u00e7a e efic\u00e1cia.<\/p>\n\n\n\n<p>A escolha do tratamento depender\u00e1 das necessidades espec\u00edficas de cada pessoa e do grau de flacidez presente. Consultar um profissional \u00e9 essencial para uma avalia\u00e7\u00e3o adequada e para a escolha do melhor plano de a\u00e7\u00e3o.<\/p>\n\n\n<a href=\"https:\/\/www.instagram.com\/dra.annaluisabf\/\" target=\"_blank\" rel=\"noopener\" style=\"text-decoration: none; color: inherit;\">\n    <span style=\"display: inline-block; border: 1px solid #ccc; border-radius: 10px; padding: 15px; max-width: 550px; font-family: sans-serif; box-shadow: 0 2px 5px rgba(0,0,0,0.1); width: 100%;\">\n\n      <!-- T\u00edtulo -->\n      <span style=\"display: block; margin: 0 0 15px 0; font-weight: bold; color: #2c3e50; text-align: center;\">\n        Entre em contato:\n      <\/span>\n\n      <!-- Linha do perfil -->\n      <span style=\"display: flex; align-items: center; gap: 15px;\">\n        <img decoding=\"async\"\n          src=\"https:\/\/www.correiobraziliense.com.br\/cbradar\/wp-content\/uploads\/2025\/08\/dra_anna_luisa.jpeg\"\n          alt=\"Foto da Dra. Anna Lu\u00edsa\"\n          style=\"border-radius: 50%; width: 80px; height: 80px; object-fit: cover;\"\n        \/>\n        <span style=\"display: flex; flex-direction: column;\">\n          <span style=\"font-size: 18px; font-weight: 700; color: #2c3e50;\">Dra. Anna Lu\u00edsa Barbosa Fernandes<\/span>\n          <span style=\"color: #555;\">CRM-GO 33.271<\/span>\n        <\/span>\n      <\/span>\n\n      <!-- Redes -->\n      <span style=\"display: flex; align-items: center; gap: 10px; margin-top: 12px;\">\n        <img decoding=\"async\" src=\"https:\/\/cdn-icons-png.flaticon.com\/24\/1384\/1384063.png\" alt=\"Instagram\" width=\"24\" height=\"24\" \/>\n        <span style=\"text-decoration: underline; color: #2c3e50;\">@dra.annaluisabf<\/span>\n      <\/span>\n\n    <\/span>\n  <\/a>","protected":false},"excerpt":{"rendered":"<p>A Flacidez no Pesco\u00e7o \u00e9 um desafio est\u00e9tico que muitos enfrentam ao longo dos anos. Diversos fatores contribuem para esse quadro, incluindo o envelhecimento natural e h\u00e1bitos cotidianos. A elasticidade da pele tende a diminuir com o tempo, devido \u00e0 menor produ\u00e7\u00e3o de col\u00e1geno e elastina, deixando a pele mais suscet\u00edvel \u00e0 gravidade. Al\u00e9m disso, [&hellip;]<\/p>\n","protected":false},"author":14,"featured_media":90016,"comment_status":"open","ping_status":"open","sticky":false,"template":"","format":"standard","meta":{"_yoast_wpseo_focuskw":"Flacidez no Pesco\u00e7o","_yoast_wpseo_title":"","_yoast_wpseo_metadesc":"Descubra como prevenir e tratar a flacidez no pesco\u00e7o com cuidados di\u00e1rios, tratamentos est\u00e9ticos e op\u00e7\u00f5es cir\u00fargicas seguras e eficazes.","jnews-multi-image_gallery":[],"jnews_single_post":{"format":"standard"},"jnews_primary_category":[],"jnews_social_meta":[],"jnews_override_counter":[],"footnotes":""},"categories":[4404],"post_tag":[281,120,225],"class_list":["post-90015","post","type-post","status-publish","format-standard","has-post-thumbnail","hentry","category-saude","tag-alimentacao","tag-bem-estar","tag-brasil"],"yoast_head":"<!-- This site is optimized with the Yoast SEO plugin v24.6 - https:\/\/yoast.com\/wordpress\/plugins\/seo\/ -->\n<title>Como tratar a flacidez no pesco\u00e7o e recuperar firmeza rapidamente - Correio Braziliense - Radar<\/title>\n<meta name=\"description\" content=\"Descubra como prevenir e tratar a flacidez no pesco\u00e7o com cuidados di\u00e1rios, tratamentos est\u00e9ticos e op\u00e7\u00f5es cir\u00fargicas seguras e eficazes.\" \/>\n<meta name=\"robots\" content=\"index, follow, max-snippet:-1, max-image-preview:large, max-video-preview:-1\" \/>\n<link rel=\"canonical\" href=\"https:\/\/www.correiobraziliense.com.br\/cbradar\/como-tratar-a-flacidez-no-pescoco-e-recuperar-firmeza-rapidamente\/\" \/>\n<meta property=\"og:locale\" content=\"pt_BR\" \/>\n<meta property=\"og:type\" content=\"article\" \/>\n<meta property=\"og:title\" content=\"Como tratar a flacidez no pesco\u00e7o e recuperar firmeza rapidamente - Correio Braziliense - Radar\" \/>\n<meta property=\"og:description\" content=\"Descubra como prevenir e tratar a flacidez no pesco\u00e7o com cuidados di\u00e1rios, tratamentos est\u00e9ticos e op\u00e7\u00f5es cir\u00fargicas seguras e eficazes.\" \/>\n<meta property=\"og:url\" content=\"https:\/\/www.correiobraziliense.com.br\/cbradar\/como-tratar-a-flacidez-no-pescoco-e-recuperar-firmeza-rapidamente\/\" \/>\n<meta property=\"og:site_name\" content=\"Correio Braziliense - Radar\" \/>\n<meta property=\"article:published_time\" content=\"2025-08-22T01:33:00+00:00\" \/>\n<meta property=\"og:image\" content=\"https:\/\/www.correiobraziliense.com.br\/cbradar\/wp-content\/uploads\/2025\/08\/flacidez-pescoco_1755720136975.jpg\" \/>\n\t<meta property=\"og:image:width\" content=\"1280\" \/>\n\t<meta property=\"og:image:height\" content=\"720\" \/>\n\t<meta property=\"og:image:type\" content=\"image\/jpeg\" \/>\n<meta name=\"author\" content=\"guilherme_saude\" \/>\n<meta name=\"twitter:card\" content=\"summary_large_image\" \/>\n<meta name=\"twitter:label1\" content=\"Escrito por\" \/>\n\t<meta name=\"twitter:data1\" content=\"guilherme_saude\" \/>\n\t<meta name=\"twitter:label2\" content=\"Est. tempo de leitura\" \/>\n\t<meta name=\"twitter:data2\" content=\"5 minutos\" \/>\n<!-- \/ Yoast SEO plugin. -->","yoast_head_json":{"title":"Como tratar a flacidez no pesco\u00e7o e recuperar firmeza rapidamente - Correio Braziliense - Radar","description":"Descubra como prevenir e tratar a flacidez no pesco\u00e7o com cuidados di\u00e1rios, tratamentos est\u00e9ticos e op\u00e7\u00f5es cir\u00fargicas seguras e eficazes.","robots":{"index":"index","follow":"follow","max-snippet":"max-snippet:-1","max-image-preview":"max-image-preview:large","max-video-preview":"max-video-preview:-1"},"canonical":"https:\/\/www.correiobraziliense.com.br\/cbradar\/como-tratar-a-flacidez-no-pescoco-e-recuperar-firmeza-rapidamente\/","og_locale":"pt_BR","og_type":"article","og_title":"Como tratar a flacidez no pesco\u00e7o e recuperar firmeza rapidamente - Correio Braziliense - Radar","og_description":"Descubra como prevenir e tratar a flacidez no pesco\u00e7o com cuidados di\u00e1rios, tratamentos est\u00e9ticos e op\u00e7\u00f5es cir\u00fargicas seguras e eficazes.","og_url":"https:\/\/www.correiobraziliense.com.br\/cbradar\/como-tratar-a-flacidez-no-pescoco-e-recuperar-firmeza-rapidamente\/","og_site_name":"Correio Braziliense - Radar","article_published_time":"2025-08-22T01:33:00+00:00","og_image":[{"width":1280,"height":720,"url":"https:\/\/www.correiobraziliense.com.br\/cbradar\/wp-content\/uploads\/2025\/08\/flacidez-pescoco_1755720136975.jpg","type":"image\/jpeg"}],"author":"guilherme_saude","twitter_card":"summary_large_image","twitter_misc":{"Escrito por":"guilherme_saude","Est. tempo de leitura":"5 minutos"},"schema":{"@context":"https:\/\/schema.org","@graph":[{"@type":"WebPage","@id":"https:\/\/www.correiobraziliense.com.br\/cbradar\/como-tratar-a-flacidez-no-pescoco-e-recuperar-firmeza-rapidamente\/","url":"https:\/\/www.correiobraziliense.com.br\/cbradar\/como-tratar-a-flacidez-no-pescoco-e-recuperar-firmeza-rapidamente\/","name":"Como tratar a flacidez no pesco\u00e7o e recuperar firmeza rapidamente - Correio Braziliense - Radar","isPartOf":{"@id":"https:\/\/www.correiobraziliense.com.br\/cbradar\/#website"},"primaryImageOfPage":{"@id":"https:\/\/www.correiobraziliense.com.br\/cbradar\/como-tratar-a-flacidez-no-pescoco-e-recuperar-firmeza-rapidamente\/#primaryimage"},"image":{"@id":"https:\/\/www.correiobraziliense.com.br\/cbradar\/como-tratar-a-flacidez-no-pescoco-e-recuperar-firmeza-rapidamente\/#primaryimage"},"thumbnailUrl":"https:\/\/www.correiobraziliense.com.br\/cbradar\/wp-content\/uploads\/2025\/08\/flacidez-pescoco_1755720136975.jpg","datePublished":"2025-08-22T01:33:00+00:00","author":{"@id":"https:\/\/www.correiobraziliense.com.br\/cbradar\/#\/schema\/person\/5aa4bf3c8fa699c267933611de12978b"},"description":"Descubra como prevenir e tratar a flacidez no pesco\u00e7o com cuidados di\u00e1rios, tratamentos est\u00e9ticos e op\u00e7\u00f5es cir\u00fargicas seguras e eficazes.","breadcrumb":{"@id":"https:\/\/www.correiobraziliense.com.br\/cbradar\/como-tratar-a-flacidez-no-pescoco-e-recuperar-firmeza-rapidamente\/#breadcrumb"},"inLanguage":"pt-BR","potentialAction":[{"@type":"ReadAction","target":["https:\/\/www.correiobraziliense.com.br\/cbradar\/como-tratar-a-flacidez-no-pescoco-e-recuperar-firmeza-rapidamente\/"]}]},{"@type":"ImageObject","inLanguage":"pt-BR","@id":"https:\/\/www.correiobraziliense.com.br\/cbradar\/como-tratar-a-flacidez-no-pescoco-e-recuperar-firmeza-rapidamente\/#primaryimage","url":"https:\/\/www.correiobraziliense.com.br\/cbradar\/wp-content\/uploads\/2025\/08\/flacidez-pescoco_1755720136975.jpg","contentUrl":"https:\/\/www.correiobraziliense.com.br\/cbradar\/wp-content\/uploads\/2025\/08\/flacidez-pescoco_1755720136975.jpg","width":1280,"height":720,"caption":"flacidez - Cr\u00e9ditos: depositphotos.com \/ grinvalds"},{"@type":"BreadcrumbList","@id":"https:\/\/www.correiobraziliense.com.br\/cbradar\/como-tratar-a-flacidez-no-pescoco-e-recuperar-firmeza-rapidamente\/#breadcrumb","itemListElement":[{"@type":"ListItem","position":1,"name":"In\u00edcio","item":"https:\/\/www.correiobraziliense.com.br\/cbradar\/"},{"@type":"ListItem","position":2,"name":"Como tratar a flacidez no pesco\u00e7o e recuperar firmeza rapidamente"}]},{"@type":"WebSite","@id":"https:\/\/www.correiobraziliense.com.br\/cbradar\/#website","url":"https:\/\/www.correiobraziliense.com.br\/cbradar\/","name":"Correio Braziliense - Radar","description":"Acompanhe as \u00faltimas not\u00edcias e fique bem informado sobre tudo o que acontece no Brasil e no mundo.","potentialAction":[{"@type":"SearchAction","target":{"@type":"EntryPoint","urlTemplate":"https:\/\/www.correiobraziliense.com.br\/cbradar\/?s={search_term_string}"},"query-input":{"@type":"PropertyValueSpecification","valueRequired":true,"valueName":"search_term_string"}}],"inLanguage":"pt-BR"},{"@type":"Person","@id":"https:\/\/www.correiobraziliense.com.br\/cbradar\/#\/schema\/person\/5aa4bf3c8fa699c267933611de12978b","name":"guilherme_saude","image":{"@type":"ImageObject","inLanguage":"pt-BR","@id":"https:\/\/www.correiobraziliense.com.br\/cbradar\/#\/schema\/person\/image\/","url":"https:\/\/secure.gravatar.com\/avatar\/df9adfb835d344bc0af109d41756253f?s=96&d=mm&r=g","contentUrl":"https:\/\/secure.gravatar.com\/avatar\/df9adfb835d344bc0af109d41756253f?s=96&d=mm&r=g","caption":"guilherme_saude"},"url":"https:\/\/www.correiobraziliense.com.br\/cbradar\/author\/guilherme_saude\/"}]}},"_links":{"self":[{"href":"https:\/\/www.correiobraziliense.com.br\/cbradar\/wp-json\/wp\/v2\/posts\/90015","targetHints":{"allow":["GET"]}}],"collection":[{"href":"https:\/\/www.correiobraziliense.com.br\/cbradar\/wp-json\/wp\/v2\/posts"}],"about":[{"href":"https:\/\/www.correiobraziliense.com.br\/cbradar\/wp-json\/wp\/v2\/types\/post"}],"author":[{"embeddable":true,"href":"https:\/\/www.correiobraziliense.com.br\/cbradar\/wp-json\/wp\/v2\/users\/14"}],"replies":[{"embeddable":true,"href":"https:\/\/www.correiobraziliense.com.br\/cbradar\/wp-json\/wp\/v2\/comments?post=90015"}],"version-history":[{"count":1,"href":"https:\/\/www.correiobraziliense.com.br\/cbradar\/wp-json\/wp\/v2\/posts\/90015\/revisions"}],"predecessor-version":[{"id":90018,"href":"https:\/\/www.correiobraziliense.com.br\/cbradar\/wp-json\/wp\/v2\/posts\/90015\/revisions\/90018"}],"wp:featuredmedia":[{"embeddable":true,"href":"https:\/\/www.correiobraziliense.com.br\/cbradar\/wp-json\/wp\/v2\/media\/90016"}],"wp:attachment":[{"href":"https:\/\/www.correiobraziliense.com.br\/cbradar\/wp-json\/wp\/v2\/media?parent=90015"}],"wp:term":[{"taxonomy":"category","embeddable":true,"href":"https:\/\/www.correiobraziliense.com.br\/cbradar\/wp-json\/wp\/v2\/categories?post=90015"},{"taxonomy":"post_tag","embeddable":true,"href":"https:\/\/www.correiobraziliense.com.br\/cbradar\/wp-json\/wp\/v2\/post_tag?post=90015"}],"curies":[{"name":"wp","href":"https:\/\/api.w.org\/{rel}","templated":true}]}}