{"id":9016,"date":"2025-03-05T21:10:00","date_gmt":"2025-03-06T00:10:00","guid":{"rendered":"https:\/\/www.correiobraziliense.com.br\/cbradar\/?p=9016"},"modified":"2025-03-04T15:50:11","modified_gmt":"2025-03-04T18:50:11","slug":"precos-versoes-e-consumo-do-fiat-mobi-2025","status":"publish","type":"post","link":"https:\/\/www.correiobraziliense.com.br\/cbradar\/precos-versoes-e-consumo-do-fiat-mobi-2025\/","title":{"rendered":"Pre\u00e7os, vers\u00f5es e consumo do Fiat Mobi 2025"},"content":{"rendered":"\n<p>O <strong><a href=\"https:\/\/mobi.fiat.com.br\/\" target=\"_blank\" rel=\"noreferrer noopener\">Fiat Mobi 2025<\/a><\/strong> se destaca no mercado brasileiro como o carro zero quil\u00f4metro mais acess\u00edvel. Mesmo ocupando a d\u00e9cima posi\u00e7\u00e3o entre os mais vendidos, o <strong>Mobi <\/strong>supera concorrentes diretos, como o Renault Kwid. Este artigo explora as caracter\u00edsticas, especifica\u00e7\u00f5es e inova\u00e7\u00f5es do modelo 2025, que traz mudan\u00e7as significativas em sua motoriza\u00e7\u00e3o e equipamentos.<\/p>\n\n\n\n<p>Lan\u00e7ado em janeiro de 2025, o Mobi recebeu atualiza\u00e7\u00f5es importantes, especialmente no motor. A Fiat substituiu o antigo Fire Evo de quatro cilindros pelo <strong>Firefly Flex tricil\u00edndrico<\/strong>, proporcionando mais pot\u00eancia e efici\u00eancia. Al\u00e9m disso, a inclus\u00e3o de dire\u00e7\u00e3o el\u00e9trica e ajuste de altura do volante responde a cr\u00edticas anteriores dos consumidores.<\/p>\n\n\n\n<h2 class=\"wp-block-heading\"><strong>Quais s\u00e3o as dimens\u00f5es e especifica\u00e7\u00f5es do Fiat Mobi 2025?<\/strong><\/h2>\n\n\n\n<p>O Fiat Mobi 2025 mant\u00e9m suas dimens\u00f5es compactas, ideais para o ambiente urbano. Com 3.596 mm de comprimento, 1.666 mm de largura e 1.553 mm de altura, o modelo oferece uma dist\u00e2ncia entre-eixos de 2.304 mm. O porta-malas, com capacidade para 200 litros, atende bem \u00e0s necessidades di\u00e1rias de transporte.<\/p>\n\n\n\n<p>As vers\u00f5es Like e Trekking s\u00e3o equipadas com o motor Firefly de tr\u00eas cilindros, 1.0 6V, que entrega 75 cv com etanol e 71 cv com gasolina. O torque varia entre 10,7 kgfm e 10 kgfm, respectivamente. O c\u00e2mbio manual de cinco marchas complementa o conjunto mec\u00e2nico.<\/p>\n\n\n\n<figure class=\"wp-block-image size-large\"><img decoding=\"async\" width=\"1024\" height=\"576\" src=\"https:\/\/www.correiobraziliense.com.br\/cbradar\/wp-content\/uploads\/2025\/03\/Fiat-Mobi-3-1024x576.png\" alt=\"Pre\u00e7os, vers\u00f5es e consumo do Fiat Mobi 2025\" class=\"wp-image-9041\" srcset=\"https:\/\/www.correiobraziliense.com.br\/cbradar\/wp-content\/uploads\/2025\/03\/Fiat-Mobi-3-1024x576.png 1024w, https:\/\/www.correiobraziliense.com.br\/cbradar\/wp-content\/uploads\/2025\/03\/Fiat-Mobi-3-300x169.png 300w, https:\/\/www.correiobraziliense.com.br\/cbradar\/wp-content\/uploads\/2025\/03\/Fiat-Mobi-3-768x432.png 768w, https:\/\/www.correiobraziliense.com.br\/cbradar\/wp-content\/uploads\/2025\/03\/Fiat-Mobi-3-750x422.png 750w, https:\/\/www.correiobraziliense.com.br\/cbradar\/wp-content\/uploads\/2025\/03\/Fiat-Mobi-3-1140x641.png 1140w, https:\/\/www.correiobraziliense.com.br\/cbradar\/wp-content\/uploads\/2025\/03\/Fiat-Mobi-3.png 1280w\" sizes=\"(max-width: 1024px) 100vw, 1024px\" \/><figcaption class=\"wp-element-caption\">Fiat Mobi. Fonte: divulga\u00e7\u00e3o \/ FIAT<\/figcaption><\/figure>\n\n\n\n<h2 class=\"wp-block-heading\"><strong>Como \u00e9 o desempenho e consumo do Mobi 2025?<\/strong><\/h2>\n\n\n\n<p>O desempenho do Fiat Mobi 2025 \u00e9 adequado para sua proposta urbana. A acelera\u00e7\u00e3o de 0 a 100 km\/h ocorre em 13,8 segundos com etanol e 14,7 segundos com gasolina. A velocidade m\u00e1xima atinge 164 km\/h com etanol e 161 km\/h com gasolina. Em termos de consumo, o Inmetro registra 9,8 km\/l na cidade e 10,6 km\/l na estrada com etanol, enquanto com gasolina, os n\u00fameros s\u00e3o 14 km\/l e 15,1 km\/l, respectivamente.<\/p>\n\n\n\n<h2 class=\"wp-block-heading\"><strong>Quais s\u00e3o os principais equipamentos das vers\u00f5es Like e Trekking?<\/strong><\/h2>\n\n\n\n<p>O Fiat Mobi 2025 vem bem equipado, oferecendo conforto e seguran\u00e7a. A vers\u00e3o Like inclui dire\u00e7\u00e3o el\u00e9trica, ar-condicionado, controle de tra\u00e7\u00e3o (ASR), e freios ABS com EBD. A seguran\u00e7a \u00e9 refor\u00e7ada com airbags duplos e sistema Isofix para cadeirinhas infantis.<\/p>\n\n\n\n<p>A vers\u00e3o Trekking adiciona caracter\u00edsticas aventureiras, como barras longitudinais no teto e adesivos decorativos. Tamb\u00e9m conta com uma central multim\u00eddia de 7 polegadas, compat\u00edvel com Android Auto e Apple CarPlay, al\u00e9m de volante multifuncional e sistema de reconhecimento de voz.<\/p>\n\n\n\n<h2 class=\"wp-block-heading\"><strong>Por que o Fiat Mobi 2025 \u00e9 uma escolha atraente?<\/strong><\/h2>\n\n\n\n<p>O Fiat Mobi 2025 se destaca por sua combina\u00e7\u00e3o de pre\u00e7o acess\u00edvel, efici\u00eancia e equipamentos modernos. As atualiza\u00e7\u00f5es na motoriza\u00e7\u00e3o e os novos recursos tecnol\u00f3gicos tornam o Mobi uma op\u00e7\u00e3o atraente para quem busca um ve\u00edculo urbano pr\u00e1tico e econ\u00f4mico. A Fiat continua a investir em melhorias que atendem \u00e0s demandas dos consumidores, solidificando a posi\u00e7\u00e3o do Mobi no mercado brasileiro.<\/p>\n","protected":false},"excerpt":{"rendered":"<p>O Fiat Mobi \u00e9 um carro compacto projetado para o mercado brasileiro. Com um pre\u00e7o acess\u00edvel e eficiente, o Mobi \u00e9 um sucesso no Brasil.<\/p>\n","protected":false},"author":3,"featured_media":9034,"comment_status":"open","ping_status":"open","sticky":false,"template":"","format":"standard","meta":{"_yoast_wpseo_focuskw":"Fiat Mobi 2025","_yoast_wpseo_title":"%%title%%","_yoast_wpseo_metadesc":"O Fiat Mobi \u00e9 um carro compacto projetado para o mercado brasileiro. Com um pre\u00e7o acess\u00edvel e eficiente, o Mobi \u00e9 um sucesso no Brasil.","jnews-multi-image_gallery":[],"jnews_single_post":{"format":"standard"},"jnews_primary_category":[],"jnews_social_meta":[],"jnews_override_counter":[],"footnotes":""},"categories":[122],"post_tag":[1506],"class_list":["post-9016","post","type-post","status-publish","format-standard","has-post-thumbnail","hentry","category-automobilismo","tag-fiat-mobi-fiat"],"yoast_head":"<!-- This site is optimized with the Yoast SEO plugin v24.6 - https:\/\/yoast.com\/wordpress\/plugins\/seo\/ -->\n<title>Pre\u00e7os, vers\u00f5es e consumo do Fiat Mobi 2025<\/title>\n<meta name=\"description\" content=\"O Fiat Mobi \u00e9 um carro compacto projetado para o mercado brasileiro. Com um pre\u00e7o acess\u00edvel e eficiente, o Mobi \u00e9 um sucesso no Brasil.\" \/>\n<meta name=\"robots\" content=\"index, follow, max-snippet:-1, max-image-preview:large, max-video-preview:-1\" \/>\n<link rel=\"canonical\" href=\"https:\/\/www.correiobraziliense.com.br\/cbradar\/precos-versoes-e-consumo-do-fiat-mobi-2025\/\" \/>\n<meta property=\"og:locale\" content=\"pt_BR\" \/>\n<meta property=\"og:type\" content=\"article\" \/>\n<meta property=\"og:title\" content=\"Pre\u00e7os, vers\u00f5es e consumo do Fiat Mobi 2025\" \/>\n<meta property=\"og:description\" content=\"O Fiat Mobi \u00e9 um carro compacto projetado para o mercado brasileiro. Com um pre\u00e7o acess\u00edvel e eficiente, o Mobi \u00e9 um sucesso no Brasil.\" \/>\n<meta property=\"og:url\" content=\"https:\/\/www.correiobraziliense.com.br\/cbradar\/precos-versoes-e-consumo-do-fiat-mobi-2025\/\" \/>\n<meta property=\"og:site_name\" content=\"Correio Braziliense - Radar\" \/>\n<meta property=\"article:published_time\" content=\"2025-03-06T00:10:00+00:00\" \/>\n<meta property=\"og:image\" content=\"https:\/\/www.correiobraziliense.com.br\/cbradar\/wp-content\/uploads\/2025\/03\/Fiat-Mobi-2.png\" \/>\n\t<meta property=\"og:image:width\" content=\"1280\" \/>\n\t<meta property=\"og:image:height\" content=\"720\" \/>\n\t<meta property=\"og:image:type\" content=\"image\/png\" \/>\n<meta name=\"author\" content=\"Larissa Carvalho\" \/>\n<meta name=\"twitter:card\" content=\"summary_large_image\" \/>\n<meta name=\"twitter:label1\" content=\"Escrito por\" \/>\n\t<meta name=\"twitter:data1\" content=\"Larissa Carvalho\" \/>\n\t<meta name=\"twitter:label2\" content=\"Est. tempo de leitura\" \/>\n\t<meta name=\"twitter:data2\" content=\"3 minutos\" \/>\n<!-- \/ Yoast SEO plugin. -->","yoast_head_json":{"title":"Pre\u00e7os, vers\u00f5es e consumo do Fiat Mobi 2025","description":"O Fiat Mobi \u00e9 um carro compacto projetado para o mercado brasileiro. Com um pre\u00e7o acess\u00edvel e eficiente, o Mobi \u00e9 um sucesso no Brasil.","robots":{"index":"index","follow":"follow","max-snippet":"max-snippet:-1","max-image-preview":"max-image-preview:large","max-video-preview":"max-video-preview:-1"},"canonical":"https:\/\/www.correiobraziliense.com.br\/cbradar\/precos-versoes-e-consumo-do-fiat-mobi-2025\/","og_locale":"pt_BR","og_type":"article","og_title":"Pre\u00e7os, vers\u00f5es e consumo do Fiat Mobi 2025","og_description":"O Fiat Mobi \u00e9 um carro compacto projetado para o mercado brasileiro. Com um pre\u00e7o acess\u00edvel e eficiente, o Mobi \u00e9 um sucesso no Brasil.","og_url":"https:\/\/www.correiobraziliense.com.br\/cbradar\/precos-versoes-e-consumo-do-fiat-mobi-2025\/","og_site_name":"Correio Braziliense - Radar","article_published_time":"2025-03-06T00:10:00+00:00","og_image":[{"width":1280,"height":720,"url":"https:\/\/www.correiobraziliense.com.br\/cbradar\/wp-content\/uploads\/2025\/03\/Fiat-Mobi-2.png","type":"image\/png"}],"author":"Larissa Carvalho","twitter_card":"summary_large_image","twitter_misc":{"Escrito por":"Larissa Carvalho","Est. tempo de leitura":"3 minutos"},"schema":{"@context":"https:\/\/schema.org","@graph":[{"@type":"WebPage","@id":"https:\/\/www.correiobraziliense.com.br\/cbradar\/precos-versoes-e-consumo-do-fiat-mobi-2025\/","url":"https:\/\/www.correiobraziliense.com.br\/cbradar\/precos-versoes-e-consumo-do-fiat-mobi-2025\/","name":"Pre\u00e7os, vers\u00f5es e consumo do Fiat Mobi 2025","isPartOf":{"@id":"https:\/\/www.correiobraziliense.com.br\/cbradar\/#website"},"primaryImageOfPage":{"@id":"https:\/\/www.correiobraziliense.com.br\/cbradar\/precos-versoes-e-consumo-do-fiat-mobi-2025\/#primaryimage"},"image":{"@id":"https:\/\/www.correiobraziliense.com.br\/cbradar\/precos-versoes-e-consumo-do-fiat-mobi-2025\/#primaryimage"},"thumbnailUrl":"https:\/\/www.correiobraziliense.com.br\/cbradar\/wp-content\/uploads\/2025\/03\/Fiat-Mobi-2.png","datePublished":"2025-03-06T00:10:00+00:00","author":{"@id":"https:\/\/www.correiobraziliense.com.br\/cbradar\/#\/schema\/person\/58422787644df994b53a19d3e56c1513"},"description":"O Fiat Mobi \u00e9 um carro compacto projetado para o mercado brasileiro. Com um pre\u00e7o acess\u00edvel e eficiente, o Mobi \u00e9 um sucesso no Brasil.","breadcrumb":{"@id":"https:\/\/www.correiobraziliense.com.br\/cbradar\/precos-versoes-e-consumo-do-fiat-mobi-2025\/#breadcrumb"},"inLanguage":"pt-BR","potentialAction":[{"@type":"ReadAction","target":["https:\/\/www.correiobraziliense.com.br\/cbradar\/precos-versoes-e-consumo-do-fiat-mobi-2025\/"]}]},{"@type":"ImageObject","inLanguage":"pt-BR","@id":"https:\/\/www.correiobraziliense.com.br\/cbradar\/precos-versoes-e-consumo-do-fiat-mobi-2025\/#primaryimage","url":"https:\/\/www.correiobraziliense.com.br\/cbradar\/wp-content\/uploads\/2025\/03\/Fiat-Mobi-2.png","contentUrl":"https:\/\/www.correiobraziliense.com.br\/cbradar\/wp-content\/uploads\/2025\/03\/Fiat-Mobi-2.png","width":1280,"height":720,"caption":"Fiat Mobi. Fonte: divulga\u00e7\u00e3o \/ FIAT"},{"@type":"BreadcrumbList","@id":"https:\/\/www.correiobraziliense.com.br\/cbradar\/precos-versoes-e-consumo-do-fiat-mobi-2025\/#breadcrumb","itemListElement":[{"@type":"ListItem","position":1,"name":"In\u00edcio","item":"https:\/\/www.correiobraziliense.com.br\/cbradar\/"},{"@type":"ListItem","position":2,"name":"Pre\u00e7os, vers\u00f5es e consumo do Fiat Mobi 2025"}]},{"@type":"WebSite","@id":"https:\/\/www.correiobraziliense.com.br\/cbradar\/#website","url":"https:\/\/www.correiobraziliense.com.br\/cbradar\/","name":"Correio Braziliense - Radar","description":"Acompanhe as \u00faltimas not\u00edcias e fique bem informado sobre tudo o que acontece no Brasil e no mundo.","potentialAction":[{"@type":"SearchAction","target":{"@type":"EntryPoint","urlTemplate":"https:\/\/www.correiobraziliense.com.br\/cbradar\/?s={search_term_string}"},"query-input":{"@type":"PropertyValueSpecification","valueRequired":true,"valueName":"search_term_string"}}],"inLanguage":"pt-BR"},{"@type":"Person","@id":"https:\/\/www.correiobraziliense.com.br\/cbradar\/#\/schema\/person\/58422787644df994b53a19d3e56c1513","name":"Larissa Carvalho","image":{"@type":"ImageObject","inLanguage":"pt-BR","@id":"https:\/\/www.correiobraziliense.com.br\/cbradar\/#\/schema\/person\/image\/","url":"https:\/\/secure.gravatar.com\/avatar\/fe4f91a0de32b52a838d0d612abdc1aa?s=96&d=mm&r=g","contentUrl":"https:\/\/secure.gravatar.com\/avatar\/fe4f91a0de32b52a838d0d612abdc1aa?s=96&d=mm&r=g","caption":"Larissa Carvalho"},"url":"https:\/\/www.correiobraziliense.com.br\/cbradar\/author\/larissamyth\/"}]}},"_links":{"self":[{"href":"https:\/\/www.correiobraziliense.com.br\/cbradar\/wp-json\/wp\/v2\/posts\/9016","targetHints":{"allow":["GET"]}}],"collection":[{"href":"https:\/\/www.correiobraziliense.com.br\/cbradar\/wp-json\/wp\/v2\/posts"}],"about":[{"href":"https:\/\/www.correiobraziliense.com.br\/cbradar\/wp-json\/wp\/v2\/types\/post"}],"author":[{"embeddable":true,"href":"https:\/\/www.correiobraziliense.com.br\/cbradar\/wp-json\/wp\/v2\/users\/3"}],"replies":[{"embeddable":true,"href":"https:\/\/www.correiobraziliense.com.br\/cbradar\/wp-json\/wp\/v2\/comments?post=9016"}],"version-history":[{"count":1,"href":"https:\/\/www.correiobraziliense.com.br\/cbradar\/wp-json\/wp\/v2\/posts\/9016\/revisions"}],"predecessor-version":[{"id":9047,"href":"https:\/\/www.correiobraziliense.com.br\/cbradar\/wp-json\/wp\/v2\/posts\/9016\/revisions\/9047"}],"wp:featuredmedia":[{"embeddable":true,"href":"https:\/\/www.correiobraziliense.com.br\/cbradar\/wp-json\/wp\/v2\/media\/9034"}],"wp:attachment":[{"href":"https:\/\/www.correiobraziliense.com.br\/cbradar\/wp-json\/wp\/v2\/media?parent=9016"}],"wp:term":[{"taxonomy":"category","embeddable":true,"href":"https:\/\/www.correiobraziliense.com.br\/cbradar\/wp-json\/wp\/v2\/categories?post=9016"},{"taxonomy":"post_tag","embeddable":true,"href":"https:\/\/www.correiobraziliense.com.br\/cbradar\/wp-json\/wp\/v2\/post_tag?post=9016"}],"curies":[{"name":"wp","href":"https:\/\/api.w.org\/{rel}","templated":true}]}}