{"id":9023,"date":"2025-03-05T11:10:45","date_gmt":"2025-03-05T14:10:45","guid":{"rendered":"https:\/\/www.correiobraziliense.com.br\/cbradar\/?p=9023"},"modified":"2025-03-04T16:00:24","modified_gmt":"2025-03-04T19:00:24","slug":"como-transformar-frutas-maduras-em-geleias-deliciosas-e-naturais","status":"publish","type":"post","link":"https:\/\/www.correiobraziliense.com.br\/cbradar\/como-transformar-frutas-maduras-em-geleias-deliciosas-e-naturais\/","title":{"rendered":"Como transformar frutas maduras em geleias deliciosas e naturais"},"content":{"rendered":"\n<p>Transformar<strong> frutas maduras em geleias caseiras <\/strong>\u00e9 uma pr\u00e1tica que oferece diversos benef\u00edcios. Primeiramente, \u00e9 uma maneira eficaz de <strong>reduzir o desperd\u00edcio<\/strong> de alimentos, aproveitando frutas que est\u00e3o no ponto ideal de matura\u00e7\u00e3o, mas que podem estragar rapidamente se n\u00e3o forem consumidas. Al\u00e9m disso, fazer geleias em casa permite o controle sobre os ingredientes, garantindo um produto final sem conservantes artificiais e com um sabor mais aut\u00eantico e fresco.<\/p>\n\n\n\n<p>Comparadas \u00e0s geleias industrializadas, as caseiras se destacam pela <em><strong>qualidade e sabor<\/strong><\/em>. As vers\u00f5es comerciais frequentemente cont\u00eam aditivos e conservantes que podem alterar o gosto e a textura. Em contrapartida, <strong>as geleias feitas em casa s\u00e3o personaliz\u00e1veis, permitindo a cria\u00e7\u00e3o de combina\u00e7\u00f5es \u00fanicas e o ajuste do n\u00edvel de do\u00e7ura conforme o gosto pessoal<\/strong>.<\/p>\n\n\n\n<h2 class=\"wp-block-heading\">Quais frutas s\u00e3o ideais para fazer geleias caseiras?<\/h2>\n\n\n\n<p>Para obter uma <strong>geleia de boa consist\u00eancia<\/strong>, \u00e9 importante escolher <a href=\"https:\/\/www.correiobraziliense.com.br\/cbradar\/banana-da-terra-ou-banana-comum-saiba-qual-escolher-para-cada-preparo\/\" target=\"_blank\" rel=\"noreferrer noopener\">frutas <\/a>ricas em pectina, uma subst\u00e2ncia natural que ajuda a dar a textura desejada.<strong> Frutas como ma\u00e7\u00e3s, marmelos e groselhas s\u00e3o \u00f3timas op\u00e7\u00f5es<\/strong>. No entanto, \u00e9 poss\u00edvel misturar diferentes tipos de frutas para criar sabores equilibrados e inovadores. Por exemplo, combinar <strong>morangos <\/strong>com ruibarbo pode resultar em uma geleia deliciosa e bem equilibrada.<\/p>\n\n\n\n<p>Frutas com menor <strong>teor de pectina<\/strong>, como morangos e cerejas, podem exigir ajustes na receita. Uma solu\u00e7\u00e3o \u00e9 adicionar suco de lim\u00e3o ou usar pectina comercial para garantir que a geleia atinja a consist\u00eancia ideal. Experimentar diferentes combina\u00e7\u00f5es de frutas pode levar a descobertas surpreendentes e deliciosas.<\/p>\n\n\n\n<h2 class=\"wp-block-heading\">Ingredientes essenciais para preparar uma geleia perfeita<\/h2>\n\n\n\n<p>A pectina natural desempenha um papel crucial na prepara\u00e7\u00e3o de geleias, pois \u00e9 respons\u00e1vel pela <strong>textura<\/strong> e firmeza do produto final. Utiliz\u00e1-la corretamente \u00e9 fundamental para evitar que a geleia fique l\u00edquida ou muito dura. Al\u00e9m disso, a escolha do a\u00e7\u00facar \u00e9 importante, pois ele n\u00e3o s\u00f3 ado\u00e7a, mas tamb\u00e9m ajuda na conserva\u00e7\u00e3o da geleia.<\/p>\n\n\n\n<p>O<strong> suco de lim\u00e3o<\/strong> \u00e9 outro ingrediente essencial, pois, al\u00e9m de contribuir para a durabilidade da geleia, tamb\u00e9m real\u00e7a o sabor das frutas. A acidez do <strong>lim\u00e3o <\/strong>ajuda a equilibrar a do\u00e7ura e a intensificar o sabor natural das frutas, resultando em uma geleia mais saborosa e arom\u00e1tica.<\/p>\n\n\n<div class=\"wp-block-image\">\n<figure class=\"aligncenter size-large\"><img decoding=\"async\" width=\"1024\" height=\"576\" src=\"https:\/\/www.correiobraziliense.com.br\/cbradar\/wp-content\/uploads\/2025\/03\/compota-frutas_1741114520034-1024x576.jpg\" alt=\"\" class=\"wp-image-9059\" srcset=\"https:\/\/www.correiobraziliense.com.br\/cbradar\/wp-content\/uploads\/2025\/03\/compota-frutas_1741114520034-1024x576.jpg 1024w, https:\/\/www.correiobraziliense.com.br\/cbradar\/wp-content\/uploads\/2025\/03\/compota-frutas_1741114520034-300x169.jpg 300w, https:\/\/www.correiobraziliense.com.br\/cbradar\/wp-content\/uploads\/2025\/03\/compota-frutas_1741114520034-768x432.jpg 768w, https:\/\/www.correiobraziliense.com.br\/cbradar\/wp-content\/uploads\/2025\/03\/compota-frutas_1741114520034-750x422.jpg 750w, https:\/\/www.correiobraziliense.com.br\/cbradar\/wp-content\/uploads\/2025\/03\/compota-frutas_1741114520034-1140x641.jpg 1140w, https:\/\/www.correiobraziliense.com.br\/cbradar\/wp-content\/uploads\/2025\/03\/compota-frutas_1741114520034.jpg 1280w\" sizes=\"(max-width: 1024px) 100vw, 1024px\" \/><figcaption class=\"wp-element-caption\">Geleia de morango &#8211; Cr\u00e9ditos: depositphotos.com \/ ildi_papp<\/figcaption><\/figure><\/div>\n\n\n<h2 class=\"wp-block-heading\">Passo a passo para fazer geleia caseira com frutas maduras<\/h2>\n\n\n\n<p>O primeiro passo para fazer geleia caseira \u00e9 preparar as frutas. <strong>Lave-as bem, retire partes danificadas e corte-as em peda\u00e7os pequenos. Isso ajuda a preservar o sabor e os nutrientes durante o cozimento<\/strong>. Em seguida, cozinhe as frutas em fogo baixo, mexendo regularmente para evitar que grudem no fundo da panela.<\/p>\n\n\n\n<p>Para testar o ponto da geleia, coloque uma pequena quantidade em um prato frio e incline-o. Se a geleia n\u00e3o escorrer rapidamente, est\u00e1 no ponto certo. Esse teste simples garante que a textura final seja perfeita, nem muito l\u00edquida, nem muito firme.<\/p>\n\n\n\n<h2 class=\"wp-block-heading\">Como armazenar e conservar a geleia caseira por mais tempo?<\/h2>\n\n\n\n<p>Para garantir a durabilidade da geleia caseira,<strong> \u00e9 essencial esterilizar os potes de vidro antes de us\u00e1-los. Ferva os potes e as tampas por pelo menos 10 minutos e deixe-os secar naturalmente<\/strong>. Ap\u00f3s encher os potes com a geleia quente, vede-os bem para evitar a entrada de ar, o que pode causar a deteriora\u00e7\u00e3o do produto.<\/p>\n\n\n\n<p>Uma vez vedada,<strong> a geleia pode ser armazenada em temperatura ambiente<\/strong>, mas ap\u00f3s aberta, deve ser mantida na geladeira. Em condi\u00e7\u00f5es adequadas, a geleia caseira pode durar de seis meses a um ano, proporcionando um sabor delicioso por muito tempo.<\/p>\n\n\n\n<h2 class=\"wp-block-heading\">Como fazer geleias sem a\u00e7\u00facar ou com ado\u00e7antes naturais?<\/h2>\n\n\n\n<p>Para aqueles que desejam uma op\u00e7\u00e3o mais saud\u00e1vel,<strong> \u00e9 poss\u00edvel fazer geleias sem a\u00e7\u00facar refinado<\/strong>. Substitutos como mel, a\u00e7\u00facar mascavo ou ado\u00e7antes naturais podem ser usados para ado\u00e7ar a geleia. No entanto, \u00e9 importante lembrar que a aus\u00eancia de a\u00e7\u00facar pode afetar a conserva\u00e7\u00e3o, tornando necess\u00e1rio consumir a geleia mais rapidamente.<\/p>\n\n\n\n<p>O <strong>uso de ado\u00e7antes naturais pode resultar em uma geleia com um sabor ligeiramente diferente<\/strong>, mas ainda assim deliciosa. Ajustar a quantidade de ado\u00e7ante conforme o gosto pessoal \u00e9 uma maneira de garantir que a geleia atenda \u00e0s prefer\u00eancias de cada um.<\/p>\n\n\n<div class=\"wp-block-image\">\n<figure class=\"aligncenter size-large\"><img decoding=\"async\" width=\"1024\" height=\"576\" src=\"https:\/\/www.correiobraziliense.com.br\/cbradar\/wp-content\/uploads\/2025\/03\/geleia-frutas_1741114451814-1024x576.jpg\" alt=\"\" class=\"wp-image-9054\" srcset=\"https:\/\/www.correiobraziliense.com.br\/cbradar\/wp-content\/uploads\/2025\/03\/geleia-frutas_1741114451814-1024x576.jpg 1024w, https:\/\/www.correiobraziliense.com.br\/cbradar\/wp-content\/uploads\/2025\/03\/geleia-frutas_1741114451814-300x169.jpg 300w, https:\/\/www.correiobraziliense.com.br\/cbradar\/wp-content\/uploads\/2025\/03\/geleia-frutas_1741114451814-768x432.jpg 768w, https:\/\/www.correiobraziliense.com.br\/cbradar\/wp-content\/uploads\/2025\/03\/geleia-frutas_1741114451814-750x422.jpg 750w, https:\/\/www.correiobraziliense.com.br\/cbradar\/wp-content\/uploads\/2025\/03\/geleia-frutas_1741114451814-1140x642.jpg 1140w, https:\/\/www.correiobraziliense.com.br\/cbradar\/wp-content\/uploads\/2025\/03\/geleia-frutas_1741114451814.jpg 1279w\" sizes=\"(max-width: 1024px) 100vw, 1024px\" \/><figcaption class=\"wp-element-caption\">Geleia de ma\u00e7a &#8211; Cr\u00e9ditos: depositphotos.com \/ HeikeRau<\/figcaption><\/figure><\/div>\n\n\n<h2 class=\"wp-block-heading\">Receitas criativas de geleias caseiras para testar em casa<\/h2>\n\n\n\n<p>Experimentar novas receitas de geleias pode ser uma atividade divertida e recompensadora. <strong>Uma op\u00e7\u00e3o interessante \u00e9 a geleia de morango com pimenta, que adiciona um toque especial e picante ao sabor doce dos morangos<\/strong>. Outra sugest\u00e3o \u00e9 a <strong>geleia de manga e maracuj\u00e1<\/strong>, que traz um sabor tropical e refrescante.<\/p>\n\n\n\n<p>Para aqueles que preferem uma op\u00e7\u00e3o sem conservantes, a receita de geleia de frutas vermelhas \u00e9 uma escolha perfeita. <strong>Combinando framboesas, amoras e mirtilos, essa geleia \u00e9 rica em sabor e cor, ideal para acompanhar p\u00e3es e torradas<\/strong>.<\/p>\n\n\n\n<h2 class=\"wp-block-heading\">Dicas para personalizar sua geleia e inovar nas combina\u00e7\u00f5es<\/h2>\n\n\n\n<p>Adicionar ervas e especiarias \u00e0s geleias pode transform\u00e1-las em um produto gourmet. Ervas como manjeric\u00e3o ou hortel\u00e3 podem ser combinadas com frutas c\u00edtricas para criar sabores \u00fanicos e sofisticados. Al\u00e9m disso, misturar diferentes frutas permite criar combina\u00e7\u00f5es inusitadas e deliciosas.<\/p>\n\n\n\n<p>Para os mais aventureiros, as geleias alco\u00f3licas s\u00e3o uma op\u00e7\u00e3o interessante. Combinar frutas com vinho ou licor pode resultar em uma geleia com um sabor complexo e elegante, perfeita para ocasi\u00f5es especiais.<\/p>\n\n\n\n<h2 class=\"wp-block-heading\">Como usar geleias caseiras al\u00e9m do caf\u00e9 da manh\u00e3?<\/h2>\n\n\n\n<p>As geleias caseiras s\u00e3o vers\u00e1teis e podem ser usadas em diversas receitas al\u00e9m do tradicional caf\u00e9 da manh\u00e3. Elas podem ser incorporadas em sobremesas, como recheios de tortas ou coberturas de bolos. Al\u00e9m disso, <strong>s\u00e3o excelentes para preparar molhos agridoces para carnes ou como acompanhamento de queijos<\/strong>.<\/p>\n\n\n\n<p>Outra ideia \u00e9 usar geleias em drinks, adicionando um toque doce e frutado a coquet\u00e9is. Com criatividade, as possibilidades de uso das geleias caseiras s\u00e3o praticamente infinitas, permitindo que sejam apreciadas de v\u00e1rias maneiras.<\/p>\n","protected":false},"excerpt":{"rendered":"<p>Transformar frutas maduras em geleias caseiras \u00e9 uma pr\u00e1tica que oferece diversos benef\u00edcios. Primeiramente, \u00e9 uma maneira eficaz de reduzir o desperd\u00edcio de alimentos, aproveitando frutas que est\u00e3o no ponto ideal de matura\u00e7\u00e3o, mas que podem estragar rapidamente se n\u00e3o forem consumidas. Al\u00e9m disso, fazer geleias em casa permite o controle sobre os ingredientes, garantindo [&hellip;]<\/p>\n","protected":false},"author":9,"featured_media":9061,"comment_status":"open","ping_status":"open","sticky":false,"template":"","format":"standard","meta":{"_yoast_wpseo_focuskw":"geleias","_yoast_wpseo_title":"%%title%% %%page%%","_yoast_wpseo_metadesc":"Aprenda a fazer geleias caseiras com frutas maduras, aproveitando ao m\u00e1ximo os alimentos e controlando os ingredientes usados.","jnews-multi-image_gallery":[],"jnews_single_post":{"format":"standard"},"jnews_primary_category":[],"jnews_social_meta":[],"jnews_override_counter":[],"footnotes":""},"categories":[136],"post_tag":[687,1502,1501,1503],"class_list":["post-9023","post","type-post","status-publish","format-standard","has-post-thumbnail","hentry","category-jardinagem","tag-cozinha","tag-frutas-maduras","tag-geleia-caseira","tag-receitas"],"yoast_head":"<!-- This site is optimized with the Yoast SEO plugin v24.6 - https:\/\/yoast.com\/wordpress\/plugins\/seo\/ -->\n<title>Como transformar frutas maduras em geleias deliciosas e naturais<\/title>\n<meta name=\"description\" content=\"Aprenda a fazer geleias caseiras com frutas maduras, aproveitando ao m\u00e1ximo os alimentos e controlando os ingredientes usados.\" \/>\n<meta name=\"robots\" content=\"index, follow, max-snippet:-1, max-image-preview:large, max-video-preview:-1\" \/>\n<link rel=\"canonical\" href=\"https:\/\/www.correiobraziliense.com.br\/cbradar\/como-transformar-frutas-maduras-em-geleias-deliciosas-e-naturais\/\" \/>\n<meta property=\"og:locale\" content=\"pt_BR\" \/>\n<meta property=\"og:type\" content=\"article\" \/>\n<meta property=\"og:title\" content=\"Como transformar frutas maduras em geleias deliciosas e naturais\" \/>\n<meta property=\"og:description\" content=\"Aprenda a fazer geleias caseiras com frutas maduras, aproveitando ao m\u00e1ximo os alimentos e controlando os ingredientes usados.\" \/>\n<meta property=\"og:url\" content=\"https:\/\/www.correiobraziliense.com.br\/cbradar\/como-transformar-frutas-maduras-em-geleias-deliciosas-e-naturais\/\" \/>\n<meta property=\"og:site_name\" content=\"Correio Braziliense - Radar\" \/>\n<meta property=\"article:published_time\" content=\"2025-03-05T14:10:45+00:00\" \/>\n<meta property=\"og:image\" content=\"https:\/\/www.correiobraziliense.com.br\/cbradar\/wp-content\/uploads\/2025\/03\/geleia-de-frutas-no-pote_1741114587989.jpg\" \/>\n\t<meta property=\"og:image:width\" content=\"1280\" \/>\n\t<meta property=\"og:image:height\" content=\"720\" \/>\n\t<meta property=\"og:image:type\" content=\"image\/jpeg\" \/>\n<meta name=\"author\" content=\"Daniely Cardoso\" \/>\n<meta name=\"twitter:card\" content=\"summary_large_image\" \/>\n<meta name=\"twitter:label1\" content=\"Escrito por\" \/>\n\t<meta name=\"twitter:data1\" content=\"Daniely Cardoso\" \/>\n\t<meta name=\"twitter:label2\" content=\"Est. tempo de leitura\" \/>\n\t<meta name=\"twitter:data2\" content=\"6 minutos\" \/>\n<!-- \/ Yoast SEO plugin. -->","yoast_head_json":{"title":"Como transformar frutas maduras em geleias deliciosas e naturais","description":"Aprenda a fazer geleias caseiras com frutas maduras, aproveitando ao m\u00e1ximo os alimentos e controlando os ingredientes usados.","robots":{"index":"index","follow":"follow","max-snippet":"max-snippet:-1","max-image-preview":"max-image-preview:large","max-video-preview":"max-video-preview:-1"},"canonical":"https:\/\/www.correiobraziliense.com.br\/cbradar\/como-transformar-frutas-maduras-em-geleias-deliciosas-e-naturais\/","og_locale":"pt_BR","og_type":"article","og_title":"Como transformar frutas maduras em geleias deliciosas e naturais","og_description":"Aprenda a fazer geleias caseiras com frutas maduras, aproveitando ao m\u00e1ximo os alimentos e controlando os ingredientes usados.","og_url":"https:\/\/www.correiobraziliense.com.br\/cbradar\/como-transformar-frutas-maduras-em-geleias-deliciosas-e-naturais\/","og_site_name":"Correio Braziliense - Radar","article_published_time":"2025-03-05T14:10:45+00:00","og_image":[{"width":1280,"height":720,"url":"https:\/\/www.correiobraziliense.com.br\/cbradar\/wp-content\/uploads\/2025\/03\/geleia-de-frutas-no-pote_1741114587989.jpg","type":"image\/jpeg"}],"author":"Daniely Cardoso","twitter_card":"summary_large_image","twitter_misc":{"Escrito por":"Daniely Cardoso","Est. tempo de leitura":"6 minutos"},"schema":{"@context":"https:\/\/schema.org","@graph":[{"@type":"WebPage","@id":"https:\/\/www.correiobraziliense.com.br\/cbradar\/como-transformar-frutas-maduras-em-geleias-deliciosas-e-naturais\/","url":"https:\/\/www.correiobraziliense.com.br\/cbradar\/como-transformar-frutas-maduras-em-geleias-deliciosas-e-naturais\/","name":"Como transformar frutas maduras em geleias deliciosas e naturais","isPartOf":{"@id":"https:\/\/www.correiobraziliense.com.br\/cbradar\/#website"},"primaryImageOfPage":{"@id":"https:\/\/www.correiobraziliense.com.br\/cbradar\/como-transformar-frutas-maduras-em-geleias-deliciosas-e-naturais\/#primaryimage"},"image":{"@id":"https:\/\/www.correiobraziliense.com.br\/cbradar\/como-transformar-frutas-maduras-em-geleias-deliciosas-e-naturais\/#primaryimage"},"thumbnailUrl":"https:\/\/www.correiobraziliense.com.br\/cbradar\/wp-content\/uploads\/2025\/03\/geleia-de-frutas-no-pote_1741114587989.jpg","datePublished":"2025-03-05T14:10:45+00:00","author":{"@id":"https:\/\/www.correiobraziliense.com.br\/cbradar\/#\/schema\/person\/7356666e12ec0ee53f348ee5db227032"},"description":"Aprenda a fazer geleias caseiras com frutas maduras, aproveitando ao m\u00e1ximo os alimentos e controlando os ingredientes usados.","breadcrumb":{"@id":"https:\/\/www.correiobraziliense.com.br\/cbradar\/como-transformar-frutas-maduras-em-geleias-deliciosas-e-naturais\/#breadcrumb"},"inLanguage":"pt-BR","potentialAction":[{"@type":"ReadAction","target":["https:\/\/www.correiobraziliense.com.br\/cbradar\/como-transformar-frutas-maduras-em-geleias-deliciosas-e-naturais\/"]}]},{"@type":"ImageObject","inLanguage":"pt-BR","@id":"https:\/\/www.correiobraziliense.com.br\/cbradar\/como-transformar-frutas-maduras-em-geleias-deliciosas-e-naturais\/#primaryimage","url":"https:\/\/www.correiobraziliense.com.br\/cbradar\/wp-content\/uploads\/2025\/03\/geleia-de-frutas-no-pote_1741114587989.jpg","contentUrl":"https:\/\/www.correiobraziliense.com.br\/cbradar\/wp-content\/uploads\/2025\/03\/geleia-de-frutas-no-pote_1741114587989.jpg","width":1280,"height":720,"caption":"P\u00e3o com geleia - Cr\u00e9ditos: depositphotos.com \/ gdolgikh"},{"@type":"BreadcrumbList","@id":"https:\/\/www.correiobraziliense.com.br\/cbradar\/como-transformar-frutas-maduras-em-geleias-deliciosas-e-naturais\/#breadcrumb","itemListElement":[{"@type":"ListItem","position":1,"name":"In\u00edcio","item":"https:\/\/www.correiobraziliense.com.br\/cbradar\/"},{"@type":"ListItem","position":2,"name":"Como transformar frutas maduras em geleias deliciosas e naturais"}]},{"@type":"WebSite","@id":"https:\/\/www.correiobraziliense.com.br\/cbradar\/#website","url":"https:\/\/www.correiobraziliense.com.br\/cbradar\/","name":"Correio Braziliense - Radar","description":"Acompanhe as \u00faltimas not\u00edcias e fique bem informado sobre tudo o que acontece no Brasil e no mundo.","potentialAction":[{"@type":"SearchAction","target":{"@type":"EntryPoint","urlTemplate":"https:\/\/www.correiobraziliense.com.br\/cbradar\/?s={search_term_string}"},"query-input":{"@type":"PropertyValueSpecification","valueRequired":true,"valueName":"search_term_string"}}],"inLanguage":"pt-BR"},{"@type":"Person","@id":"https:\/\/www.correiobraziliense.com.br\/cbradar\/#\/schema\/person\/7356666e12ec0ee53f348ee5db227032","name":"Daniely Cardoso","image":{"@type":"ImageObject","inLanguage":"pt-BR","@id":"https:\/\/www.correiobraziliense.com.br\/cbradar\/#\/schema\/person\/image\/","url":"https:\/\/secure.gravatar.com\/avatar\/4b80ddbd124d1f071b626d52d62e5dff?s=96&d=mm&r=g","contentUrl":"https:\/\/secure.gravatar.com\/avatar\/4b80ddbd124d1f071b626d52d62e5dff?s=96&d=mm&r=g","caption":"Daniely Cardoso"},"description":"Redatora nos portais CB Radar e EM Foco, formada pela Universidade Federal de Goi\u00e1s, em Goi\u00e2nia. Apaixonada por comunica\u00e7\u00e3o, arte, decora\u00e7\u00e3o e tend\u00eancias, atuo na produ\u00e7\u00e3o de conte\u00fados envolventes sobre curiosidades, moda, beleza e paisagismo, sempre com um olhar atento \u00e0s novidades do momento.","sameAs":["https:\/\/www.correiobraziliense.com.br\/cbradar"],"url":"https:\/\/www.correiobraziliense.com.br\/cbradar\/author\/danielymyth\/"}]}},"_links":{"self":[{"href":"https:\/\/www.correiobraziliense.com.br\/cbradar\/wp-json\/wp\/v2\/posts\/9023","targetHints":{"allow":["GET"]}}],"collection":[{"href":"https:\/\/www.correiobraziliense.com.br\/cbradar\/wp-json\/wp\/v2\/posts"}],"about":[{"href":"https:\/\/www.correiobraziliense.com.br\/cbradar\/wp-json\/wp\/v2\/types\/post"}],"author":[{"embeddable":true,"href":"https:\/\/www.correiobraziliense.com.br\/cbradar\/wp-json\/wp\/v2\/users\/9"}],"replies":[{"embeddable":true,"href":"https:\/\/www.correiobraziliense.com.br\/cbradar\/wp-json\/wp\/v2\/comments?post=9023"}],"version-history":[{"count":3,"href":"https:\/\/www.correiobraziliense.com.br\/cbradar\/wp-json\/wp\/v2\/posts\/9023\/revisions"}],"predecessor-version":[{"id":9063,"href":"https:\/\/www.correiobraziliense.com.br\/cbradar\/wp-json\/wp\/v2\/posts\/9023\/revisions\/9063"}],"wp:featuredmedia":[{"embeddable":true,"href":"https:\/\/www.correiobraziliense.com.br\/cbradar\/wp-json\/wp\/v2\/media\/9061"}],"wp:attachment":[{"href":"https:\/\/www.correiobraziliense.com.br\/cbradar\/wp-json\/wp\/v2\/media?parent=9023"}],"wp:term":[{"taxonomy":"category","embeddable":true,"href":"https:\/\/www.correiobraziliense.com.br\/cbradar\/wp-json\/wp\/v2\/categories?post=9023"},{"taxonomy":"post_tag","embeddable":true,"href":"https:\/\/www.correiobraziliense.com.br\/cbradar\/wp-json\/wp\/v2\/post_tag?post=9023"}],"curies":[{"name":"wp","href":"https:\/\/api.w.org\/{rel}","templated":true}]}}