{"id":90239,"date":"2025-08-25T06:43:00","date_gmt":"2025-08-25T09:43:00","guid":{"rendered":"https:\/\/www.correiobraziliense.com.br\/cbradar\/?p=90239"},"modified":"2025-08-21T04:39:02","modified_gmt":"2025-08-21T07:39:02","slug":"a-planta-antiga-que-nossos-ancestrais-usavam-para-curar-o-intestino","status":"publish","type":"post","link":"https:\/\/www.correiobraziliense.com.br\/cbradar\/a-planta-antiga-que-nossos-ancestrais-usavam-para-curar-o-intestino\/","title":{"rendered":"A planta antiga que nossos ancestrais usavam para curar o intestino"},"content":{"rendered":"\n<p>Ao longo da hist\u00f3ria, a humanidade recorreu \u00e0 natureza em busca de solu\u00e7\u00f5es para problemas de <strong><a href=\"https:\/\/pt.wikipedia.org\/wiki\/Sa%C3%BAde\" target=\"_blank\" rel=\"noreferrer noopener\">sa\u00fade<\/a><\/strong>. Entre as plantas mais tradicionais, uma delas se destaca pelo efeito no trato digestivo e pela presen\u00e7a constante nas pr\u00e1ticas medicinais populares. <strong>Essa planta milenar \u00e9 a camomila, usada h\u00e1 s\u00e9culos para aliviar desconfortos intestinais e trazer bem-estar.<\/strong><\/p>\n\n\n\n<ul class=\"wp-block-list\">\n<li>Descubra a import\u00e2ncia da camomila na sa\u00fade intestinal<\/li>\n\n\n\n<li>Aprenda como plantar e cultivar em casa de forma simples<\/li>\n\n\n\n<li>Conhe\u00e7a os benef\u00edcios e cuidados necess\u00e1rios no consumo<\/li>\n<\/ul>\n\n\n\n<h2 class=\"wp-block-heading\">Qual \u00e9 a planta milenar usada para o intestino?<\/h2>\n\n\n\n<p>A <strong>camomila<\/strong> \u00e9 conhecida por suas propriedades calmantes e digestivas. <strong>Ela \u00e9 considerada uma das plantas medicinais mais utilizadas no mundo para tratar c\u00f3licas, gases e inflama\u00e7\u00f5es intestinais.<\/strong> Al\u00e9m do ch\u00e1, suas flores tamb\u00e9m s\u00e3o aproveitadas em banhos, compressas e at\u00e9 em cosm\u00e9ticos naturais.<\/p>\n\n\n\n<p>O h\u00e1bito de consumir ch\u00e1 de camomila para aliviar dores no est\u00f4mago e intestino vem desde as civiliza\u00e7\u00f5es antigas, incluindo os eg\u00edpcios e os romanos, que acreditavam em seu poder curativo. No <strong>Brasil<\/strong>, a tradi\u00e7\u00e3o continua viva, e a planta est\u00e1 presente em muitos lares.<\/p>\n\n\n<div class=\"wp-block-image\">\n<figure class=\"aligncenter size-large\"><img decoding=\"async\" width=\"1024\" height=\"576\" src=\"https:\/\/www.correiobraziliense.com.br\/cbradar\/wp-content\/uploads\/2025\/07\/cha-camomila_1752393967124-1024x576.jpg\" alt=\"\" class=\"wp-image-69027\" srcset=\"https:\/\/www.correiobraziliense.com.br\/cbradar\/wp-content\/uploads\/2025\/07\/cha-camomila_1752393967124-1024x576.jpg 1024w, https:\/\/www.correiobraziliense.com.br\/cbradar\/wp-content\/uploads\/2025\/07\/cha-camomila_1752393967124-300x169.jpg 300w, https:\/\/www.correiobraziliense.com.br\/cbradar\/wp-content\/uploads\/2025\/07\/cha-camomila_1752393967124-768x432.jpg 768w, https:\/\/www.correiobraziliense.com.br\/cbradar\/wp-content\/uploads\/2025\/07\/cha-camomila_1752393967124-750x422.jpg 750w, https:\/\/www.correiobraziliense.com.br\/cbradar\/wp-content\/uploads\/2025\/07\/cha-camomila_1752393967124-1140x641.jpg 1140w, https:\/\/www.correiobraziliense.com.br\/cbradar\/wp-content\/uploads\/2025\/07\/cha-camomila_1752393967124.jpg 1280w\" sizes=\"(max-width: 1024px) 100vw, 1024px\" \/><figcaption class=\"wp-element-caption\">Ch\u00e1 de camomila \/\/ Cr\u00e9ditos: depositphotos.com \/ kolesnikovserg<\/figcaption><\/figure><\/div>\n\n\n<h2 class=\"wp-block-heading\">Como plantar camomila em casa?<\/h2>\n\n\n\n<p>Plantar camomila \u00e9 simples e pode ser feito em vasos ou jardins. Essa planta se adapta bem a climas mais amenos, mas tamb\u00e9m consegue se desenvolver em locais ensolarados, se receber alguns cuidados b\u00e1sicos.<\/p>\n\n\n\n<p>Confira o passo a passo:<\/p>\n\n\n\n<ol class=\"wp-block-list\">\n<li>Escolha sementes ou mudas de camomila em lojas de jardinagem.<\/li>\n\n\n\n<li>Prepare um vaso com terra f\u00e9rtil e bem drenada.<\/li>\n\n\n\n<li>Plante as sementes a 1 cm de profundidade e regue levemente.<\/li>\n\n\n\n<li>Mantenha o vaso em local ensolarado, mas protegido de ventos fortes.<\/li>\n\n\n\n<li>Regue de 2 a 3 vezes por semana, sem encharcar.<\/li>\n<\/ol>\n\n\n\n<p>Em poucas semanas, as primeiras flores surgem, prontas para serem colhidas e utilizadas em ch\u00e1s.<\/p>\n\n\n\n<figure class=\"wp-block-embed aligncenter is-type-video is-provider-tiktok wp-block-embed-tiktok\"><div class=\"wp-block-embed__wrapper\">\n<blockquote class=\"tiktok-embed\" cite=\"https:\/\/www.tiktok.com\/@plantas_vasos_horta\/video\/7244901061184457990\" data-video-id=\"7244901061184457990\" data-embed-from=\"oembed\" style=\"max-width:605px; min-width:325px;\"> <section> <a target=\"_blank\" title=\"@plantas_vasos_horta\" href=\"https:\/\/www.tiktok.com\/@plantas_vasos_horta?refer=embed\">@plantas_vasos_horta<\/a> <p>Olha que legal a dica dessa mo\u00e7a <a title=\"plantioemcasa\" target=\"_blank\" href=\"https:\/\/www.tiktok.com\/tag\/plantioemcasa?refer=embed\">#plantioemcasa<\/a> <a title=\"hortaorganica\" target=\"_blank\" href=\"https:\/\/www.tiktok.com\/tag\/hortaorganica?refer=embed\">#hortaorganica<\/a> <a title=\"horta\" target=\"_blank\" href=\"https:\/\/www.tiktok.com\/tag\/horta?refer=embed\">#horta<\/a> <a title=\"comoplantar\" target=\"_blank\" href=\"https:\/\/www.tiktok.com\/tag\/comoplantar?refer=embed\">#comoplantar<\/a> <a title=\"camomila\" target=\"_blank\" href=\"https:\/\/www.tiktok.com\/tag\/camomila?refer=embed\">#camomila<\/a><\/p> <a target=\"_blank\" title=\"\u266c Papin - MC Kevin o Chris &#038; MC CAJA\" href=\"https:\/\/www.tiktok.com\/music\/Papin-7154172725198751746?refer=embed\">\u266c Papin &#8211; MC Kevin o Chris &#038; MC CAJA<\/a> <\/section> <\/blockquote> <script async src=\"https:\/\/www.tiktok.com\/embed.js\"><\/script>\n<\/div><\/figure>\n\n\n\n<h2 class=\"wp-block-heading\">Quais os benef\u00edcios da camomila para o intestino e sa\u00fade?<\/h2>\n\n\n\n<p>A camomila \u00e9 considerada uma planta vers\u00e1til e terap\u00eautica. Entre seus principais benef\u00edcios est\u00e3o:<\/p>\n\n\n\n<ul class=\"wp-block-list\">\n<li>Auxilia na digest\u00e3o<\/li>\n\n\n\n<li>Reduz gases e c\u00f3licas intestinais<\/li>\n\n\n\n<li>Tem efeito calmante e ajuda no sono<\/li>\n\n\n\n<li>A\u00e7\u00e3o anti-inflamat\u00f3ria natural<\/li>\n\n\n\n<li>Fortalece o sistema imunol\u00f3gico<\/li>\n<\/ul>\n\n\n\n<p><strong>O ch\u00e1 de camomila \u00e9 um dos mais recomendados para quem sofre com desconfortos intestinais.<\/strong> Al\u00e9m disso, ajuda a relaxar o corpo e a mente, tornando-se um aliado no dia a dia.<\/p>\n\n\n\n<h2 class=\"wp-block-heading\">Quais os malef\u00edcios e cuidados no uso?<\/h2>\n\n\n\n<p>Apesar de segura para a maioria das pessoas, a camomila tamb\u00e9m requer aten\u00e7\u00e3o. <strong>O uso excessivo pode causar sonol\u00eancia intensa e rea\u00e7\u00f5es al\u00e9rgicas em pessoas sens\u00edveis.<\/strong><\/p>\n\n\n\n<p>Alguns cuidados importantes:<\/p>\n\n\n\n<ul class=\"wp-block-list\">\n<li>N\u00e3o exagerar no consumo di\u00e1rio<\/li>\n\n\n\n<li>Evitar durante a gravidez sem orienta\u00e7\u00e3o m\u00e9dica<\/li>\n\n\n\n<li>Cautela para pessoas com alergia a plantas da mesma fam\u00edlia (como margaridas)<\/li>\n\n\n\n<li>Interromper o uso em caso de irrita\u00e7\u00f5es ou desconforto<\/li>\n<\/ul>\n\n\n\n<h2 class=\"wp-block-heading\">Curiosidades sobre a camomila<\/h2>\n\n\n\n<p>Al\u00e9m de sua fama como ch\u00e1 relaxante, a camomila guarda algumas curiosidades interessantes. Na antiguidade, era considerada uma planta sagrada, associada ao sol e ao equil\u00edbrio espiritual.<\/p>\n\n\n\n<ul class=\"wp-block-list\">\n<li>Foi usada pelos eg\u00edpcios para embalsamamento devido \u00e0s propriedades conservantes<\/li>\n\n\n\n<li>No passado, acreditava-se que a plantar no jardim fortalecia outras plantas<\/li>\n\n\n\n<li>\u00c9 ingrediente comum em produtos de beleza e cuidados com a pele<\/li>\n<\/ul>\n\n\n\n<p>Essas curiosidades mostram como a camomila ultrapassa a fun\u00e7\u00e3o medicinal, estando tamb\u00e9m no imagin\u00e1rio cultural e na vida cotidiana.<\/p>\n\n\n<div class=\"wp-block-image\">\n<figure class=\"aligncenter size-large\"><img decoding=\"async\" width=\"1024\" height=\"576\" src=\"https:\/\/www.correiobraziliense.com.br\/cbradar\/wp-content\/uploads\/2025\/03\/camomila_1740802001301-1024x576.jpg\" alt=\"Aprenda a plantar em casa a planta que combate estresse e ansiedade\" class=\"wp-image-7940\" srcset=\"https:\/\/www.correiobraziliense.com.br\/cbradar\/wp-content\/uploads\/2025\/03\/camomila_1740802001301-1024x576.jpg 1024w, https:\/\/www.correiobraziliense.com.br\/cbradar\/wp-content\/uploads\/2025\/03\/camomila_1740802001301-300x169.jpg 300w, https:\/\/www.correiobraziliense.com.br\/cbradar\/wp-content\/uploads\/2025\/03\/camomila_1740802001301-768x432.jpg 768w, https:\/\/www.correiobraziliense.com.br\/cbradar\/wp-content\/uploads\/2025\/03\/camomila_1740802001301-750x422.jpg 750w, https:\/\/www.correiobraziliense.com.br\/cbradar\/wp-content\/uploads\/2025\/03\/camomila_1740802001301-1140x641.jpg 1140w, https:\/\/www.correiobraziliense.com.br\/cbradar\/wp-content\/uploads\/2025\/03\/camomila_1740802001301.jpg 1280w\" sizes=\"(max-width: 1024px) 100vw, 1024px\" \/><figcaption class=\"wp-element-caption\">Planta de camomila \/\/ Cr\u00e9ditos: depositphotos.com \/ scorpp<\/figcaption><\/figure><\/div>\n\n\n<h2 class=\"wp-block-heading\">O valor de cultivar plantas medicinais em casa<\/h2>\n\n\n\n<p>Ter camomila em casa vai al\u00e9m da praticidade. O cultivo fortalece o contato com a natureza e oferece a possibilidade de ter sempre flores frescas \u00e0 disposi\u00e7\u00e3o. <strong>Cuidar da pr\u00f3pria planta \u00e9 um gesto de autocuidado e bem-estar, al\u00e9m de reduzir a depend\u00eancia de produtos industrializados.<\/strong><\/p>\n\n\n\n<p>Se voc\u00ea gosta de jardinagem e busca qualidade de vida, a camomila \u00e9 uma das melhores escolhas para come\u00e7ar.<\/p>\n\n\n\n<p><strong>Leia tamb\u00e9m:<\/strong> <strong><a href=\"https:\/\/www.correiobraziliense.com.br\/cbradar\/descoberto-efeito-surpreendente-do-oregano-no-corpo-humano\/\" target=\"_blank\" rel=\"noreferrer noopener\">Descoberto efeito surpreendente do Or\u00e9gano no corpo humano<\/a>.<\/strong><\/p>\n\n\n\n<h2 class=\"wp-block-heading\">Principais aprendizados sobre a camomila<\/h2>\n\n\n\n<ul class=\"wp-block-list\">\n<li>A camomila \u00e9 usada h\u00e1 s\u00e9culos para tratar desconfortos intestinais<\/li>\n\n\n\n<li>\u00c9 f\u00e1cil de plantar em vasos ou jardins, exigindo poucos cuidados<\/li>\n\n\n\n<li>Deve ser consumida com cautela para evitar efeitos adversos<\/li>\n<\/ul>\n\n\n\n<h2 class=\"wp-block-heading\">Perguntas Frequentes (FAQ)<\/h2>\n\n\n\n<p><strong>1. A camomila pode ser usada para beb\u00eas com c\u00f3lica?<\/strong><br>Sim, mas apenas em pequenas quantidades e sempre com orienta\u00e7\u00e3o pedi\u00e1trica.<\/p>\n\n\n\n<p><strong>2. Posso plantar camomila em apartamentos?<\/strong><br>Sim, ela se adapta bem a vasos e pode ser cultivada em varandas ou \u00e1reas com boa ilumina\u00e7\u00e3o.<\/p>\n\n\n\n<p><strong>3. Qual a melhor \u00e9poca para colher as flores?<\/strong><br>As flores devem ser colhidas quando est\u00e3o totalmente abertas, preferencialmente no in\u00edcio da manh\u00e3.<\/p>\n\n\n\n<p><strong>4. A camomila substitui medicamentos para o intestino?<\/strong><br>N\u00e3o. Ela pode ser um complemento natural, mas n\u00e3o substitui tratamentos m\u00e9dicos.<\/p>\n\n\n\n<p><strong>5. A camomila tamb\u00e9m ajuda em problemas de pele?<\/strong><br>Sim, suas propriedades calmantes s\u00e3o usadas em compressas para irrita\u00e7\u00f5es e inflama\u00e7\u00f5es leves na pele.<\/p>\n","protected":false},"excerpt":{"rendered":"<p>Ao longo da hist\u00f3ria, a humanidade recorreu \u00e0 natureza em busca de solu\u00e7\u00f5es para problemas de sa\u00fade. Entre as plantas mais tradicionais, uma delas se destaca pelo efeito no trato digestivo e pela presen\u00e7a constante nas pr\u00e1ticas medicinais populares. Essa planta milenar \u00e9 a camomila, usada h\u00e1 s\u00e9culos para aliviar desconfortos intestinais e trazer bem-estar. [&hellip;]<\/p>\n","protected":false},"author":8,"featured_media":90278,"comment_status":"open","ping_status":"open","sticky":false,"template":"","format":"standard","meta":{"_yoast_wpseo_focuskw":"planta","_yoast_wpseo_title":"","_yoast_wpseo_metadesc":"Descubra a planta milenar usada por nossos ancestrais para cuidar do intestino e melhorar a digest\u00e3o naturalmente.","jnews-multi-image_gallery":[],"jnews_single_post":{"format":"standard"},"jnews_primary_category":[],"jnews_social_meta":[],"jnews_override_counter":[],"footnotes":""},"categories":[136],"tags":[1360,1422,9640],"class_list":["post-90239","post","type-post","status-publish","format-standard","has-post-thumbnail","hentry","category-jardinagem","tag-camomila","tag-intestino","tag-planta-antiga"],"yoast_head":"<!-- This site is optimized with the Yoast SEO plugin v24.6 - https:\/\/yoast.com\/wordpress\/plugins\/seo\/ -->\n<title>A planta antiga que nossos ancestrais usavam para curar o intestino - Correio Braziliense - Radar<\/title>\n<meta name=\"description\" content=\"Descubra a planta milenar usada por nossos ancestrais para cuidar do intestino e melhorar a digest\u00e3o naturalmente.\" \/>\n<meta name=\"robots\" content=\"index, follow, max-snippet:-1, max-image-preview:large, max-video-preview:-1\" \/>\n<link rel=\"canonical\" href=\"https:\/\/www.correiobraziliense.com.br\/cbradar\/a-planta-antiga-que-nossos-ancestrais-usavam-para-curar-o-intestino\/\" \/>\n<meta property=\"og:locale\" content=\"pt_BR\" \/>\n<meta property=\"og:type\" content=\"article\" \/>\n<meta property=\"og:title\" content=\"A planta antiga que nossos ancestrais usavam para curar o intestino - Correio Braziliense - Radar\" \/>\n<meta property=\"og:description\" content=\"Descubra a planta milenar usada por nossos ancestrais para cuidar do intestino e melhorar a digest\u00e3o naturalmente.\" \/>\n<meta property=\"og:url\" content=\"https:\/\/www.correiobraziliense.com.br\/cbradar\/a-planta-antiga-que-nossos-ancestrais-usavam-para-curar-o-intestino\/\" \/>\n<meta property=\"og:site_name\" content=\"Correio Braziliense - Radar\" \/>\n<meta property=\"article:published_time\" content=\"2025-08-25T09:43:00+00:00\" \/>\n<meta property=\"og:image\" content=\"https:\/\/www.correiobraziliense.com.br\/cbradar\/wp-content\/uploads\/2025\/08\/maceio_1755760699956.jpg\" \/>\n\t<meta property=\"og:image:width\" content=\"1280\" \/>\n\t<meta property=\"og:image:height\" content=\"720\" \/>\n\t<meta property=\"og:image:type\" content=\"image\/jpeg\" \/>\n<meta name=\"author\" content=\"Maura Pereira\" \/>\n<meta name=\"twitter:card\" content=\"summary_large_image\" \/>\n<meta name=\"twitter:label1\" content=\"Escrito por\" \/>\n\t<meta name=\"twitter:data1\" content=\"Maura Pereira\" \/>\n\t<meta name=\"twitter:label2\" content=\"Est. tempo de leitura\" \/>\n\t<meta name=\"twitter:data2\" content=\"5 minutos\" \/>\n<!-- \/ Yoast SEO plugin. -->","yoast_head_json":{"title":"A planta antiga que nossos ancestrais usavam para curar o intestino - Correio Braziliense - Radar","description":"Descubra a planta milenar usada por nossos ancestrais para cuidar do intestino e melhorar a digest\u00e3o naturalmente.","robots":{"index":"index","follow":"follow","max-snippet":"max-snippet:-1","max-image-preview":"max-image-preview:large","max-video-preview":"max-video-preview:-1"},"canonical":"https:\/\/www.correiobraziliense.com.br\/cbradar\/a-planta-antiga-que-nossos-ancestrais-usavam-para-curar-o-intestino\/","og_locale":"pt_BR","og_type":"article","og_title":"A planta antiga que nossos ancestrais usavam para curar o intestino - Correio Braziliense - Radar","og_description":"Descubra a planta milenar usada por nossos ancestrais para cuidar do intestino e melhorar a digest\u00e3o naturalmente.","og_url":"https:\/\/www.correiobraziliense.com.br\/cbradar\/a-planta-antiga-que-nossos-ancestrais-usavam-para-curar-o-intestino\/","og_site_name":"Correio Braziliense - Radar","article_published_time":"2025-08-25T09:43:00+00:00","og_image":[{"width":1280,"height":720,"url":"https:\/\/www.correiobraziliense.com.br\/cbradar\/wp-content\/uploads\/2025\/08\/maceio_1755760699956.jpg","type":"image\/jpeg"}],"author":"Maura Pereira","twitter_card":"summary_large_image","twitter_misc":{"Escrito por":"Maura Pereira","Est. tempo de leitura":"5 minutos"},"schema":{"@context":"https:\/\/schema.org","@graph":[{"@type":"WebPage","@id":"https:\/\/www.correiobraziliense.com.br\/cbradar\/a-planta-antiga-que-nossos-ancestrais-usavam-para-curar-o-intestino\/","url":"https:\/\/www.correiobraziliense.com.br\/cbradar\/a-planta-antiga-que-nossos-ancestrais-usavam-para-curar-o-intestino\/","name":"A planta antiga que nossos ancestrais usavam para curar o intestino - Correio Braziliense - Radar","isPartOf":{"@id":"https:\/\/www.correiobraziliense.com.br\/cbradar\/#website"},"primaryImageOfPage":{"@id":"https:\/\/www.correiobraziliense.com.br\/cbradar\/a-planta-antiga-que-nossos-ancestrais-usavam-para-curar-o-intestino\/#primaryimage"},"image":{"@id":"https:\/\/www.correiobraziliense.com.br\/cbradar\/a-planta-antiga-que-nossos-ancestrais-usavam-para-curar-o-intestino\/#primaryimage"},"thumbnailUrl":"https:\/\/www.correiobraziliense.com.br\/cbradar\/wp-content\/uploads\/2025\/08\/maceio_1755760699956.jpg","datePublished":"2025-08-25T09:43:00+00:00","author":{"@id":"https:\/\/www.correiobraziliense.com.br\/cbradar\/#\/schema\/person\/4053c651a9bfc785afc6f4cbc9032fd3"},"description":"Descubra a planta milenar usada por nossos ancestrais para cuidar do intestino e melhorar a digest\u00e3o naturalmente.","breadcrumb":{"@id":"https:\/\/www.correiobraziliense.com.br\/cbradar\/a-planta-antiga-que-nossos-ancestrais-usavam-para-curar-o-intestino\/#breadcrumb"},"inLanguage":"pt-BR","potentialAction":[{"@type":"ReadAction","target":["https:\/\/www.correiobraziliense.com.br\/cbradar\/a-planta-antiga-que-nossos-ancestrais-usavam-para-curar-o-intestino\/"]}]},{"@type":"ImageObject","inLanguage":"pt-BR","@id":"https:\/\/www.correiobraziliense.com.br\/cbradar\/a-planta-antiga-que-nossos-ancestrais-usavam-para-curar-o-intestino\/#primaryimage","url":"https:\/\/www.correiobraziliense.com.br\/cbradar\/wp-content\/uploads\/2025\/08\/maceio_1755760699956.jpg","contentUrl":"https:\/\/www.correiobraziliense.com.br\/cbradar\/wp-content\/uploads\/2025\/08\/maceio_1755760699956.jpg","width":1280,"height":720,"caption":"Intestino e planta sobre m\u00e3os de um m\u00e9dico \/\/ Cr\u00e9ditos: depositphotos.com \/ NataliMis"},{"@type":"BreadcrumbList","@id":"https:\/\/www.correiobraziliense.com.br\/cbradar\/a-planta-antiga-que-nossos-ancestrais-usavam-para-curar-o-intestino\/#breadcrumb","itemListElement":[{"@type":"ListItem","position":1,"name":"In\u00edcio","item":"https:\/\/www.correiobraziliense.com.br\/cbradar\/"},{"@type":"ListItem","position":2,"name":"A planta antiga que nossos ancestrais usavam para curar o intestino"}]},{"@type":"WebSite","@id":"https:\/\/www.correiobraziliense.com.br\/cbradar\/#website","url":"https:\/\/www.correiobraziliense.com.br\/cbradar\/","name":"Correio Braziliense - Radar","description":"Acompanhe as \u00faltimas not\u00edcias e fique bem informado sobre tudo o que acontece no Brasil e no mundo.","potentialAction":[{"@type":"SearchAction","target":{"@type":"EntryPoint","urlTemplate":"https:\/\/www.correiobraziliense.com.br\/cbradar\/?s={search_term_string}"},"query-input":{"@type":"PropertyValueSpecification","valueRequired":true,"valueName":"search_term_string"}}],"inLanguage":"pt-BR"},{"@type":"Person","@id":"https:\/\/www.correiobraziliense.com.br\/cbradar\/#\/schema\/person\/4053c651a9bfc785afc6f4cbc9032fd3","name":"Maura Pereira","image":{"@type":"ImageObject","inLanguage":"pt-BR","@id":"https:\/\/www.correiobraziliense.com.br\/cbradar\/#\/schema\/person\/image\/","url":"https:\/\/secure.gravatar.com\/avatar\/3effd6bdadfa447f15089c7f7144eaa6?s=96&d=mm&r=g","contentUrl":"https:\/\/secure.gravatar.com\/avatar\/3effd6bdadfa447f15089c7f7144eaa6?s=96&d=mm&r=g","caption":"Maura Pereira"},"sameAs":["https:\/\/www.correiobraziliense.com.br\/"],"url":"https:\/\/www.correiobraziliense.com.br\/cbradar\/author\/mauramyth\/"}]}},"_links":{"self":[{"href":"https:\/\/www.correiobraziliense.com.br\/cbradar\/wp-json\/wp\/v2\/posts\/90239","targetHints":{"allow":["GET"]}}],"collection":[{"href":"https:\/\/www.correiobraziliense.com.br\/cbradar\/wp-json\/wp\/v2\/posts"}],"about":[{"href":"https:\/\/www.correiobraziliense.com.br\/cbradar\/wp-json\/wp\/v2\/types\/post"}],"author":[{"embeddable":true,"href":"https:\/\/www.correiobraziliense.com.br\/cbradar\/wp-json\/wp\/v2\/users\/8"}],"replies":[{"embeddable":true,"href":"https:\/\/www.correiobraziliense.com.br\/cbradar\/wp-json\/wp\/v2\/comments?post=90239"}],"version-history":[{"count":17,"href":"https:\/\/www.correiobraziliense.com.br\/cbradar\/wp-json\/wp\/v2\/posts\/90239\/revisions"}],"predecessor-version":[{"id":90291,"href":"https:\/\/www.correiobraziliense.com.br\/cbradar\/wp-json\/wp\/v2\/posts\/90239\/revisions\/90291"}],"wp:featuredmedia":[{"embeddable":true,"href":"https:\/\/www.correiobraziliense.com.br\/cbradar\/wp-json\/wp\/v2\/media\/90278"}],"wp:attachment":[{"href":"https:\/\/www.correiobraziliense.com.br\/cbradar\/wp-json\/wp\/v2\/media?parent=90239"}],"wp:term":[{"taxonomy":"category","embeddable":true,"href":"https:\/\/www.correiobraziliense.com.br\/cbradar\/wp-json\/wp\/v2\/categories?post=90239"},{"taxonomy":"post_tag","embeddable":true,"href":"https:\/\/www.correiobraziliense.com.br\/cbradar\/wp-json\/wp\/v2\/tags?post=90239"}],"curies":[{"name":"wp","href":"https:\/\/api.w.org\/{rel}","templated":true}]}}