{"id":90485,"date":"2025-08-21T14:24:00","date_gmt":"2025-08-21T17:24:00","guid":{"rendered":"https:\/\/www.correiobraziliense.com.br\/cbradar\/?p=90485"},"modified":"2025-08-21T13:49:23","modified_gmt":"2025-08-21T16:49:23","slug":"7-coisas-que-os-especialistas-dizem-que-seu-cachorro-pode-cheirar-que-voce-nao-pode","status":"publish","type":"post","link":"https:\/\/www.correiobraziliense.com.br\/cbradar\/7-coisas-que-os-especialistas-dizem-que-seu-cachorro-pode-cheirar-que-voce-nao-pode\/","title":{"rendered":"7 coisas que os especialistas dizem que seu cachorro pode cheirar que voc\u00ea n\u00e3o pode"},"content":{"rendered":"\n<p>Os <strong>c\u00e3es<\/strong> s\u00e3o conhecidos por seu incr\u00edvel sentido de olfato, detectando aromas que passam despercebidos pelos humanos. Isso ocorre devido \u00e0 estrutura \u00fanica de seu c\u00e9rebro e nariz, permitindo-lhes explorar o mundo de formas inimagin\u00e1veis para n\u00f3s. Vamos explorar o que os c\u00e3es podem farejar e como isso beneficia tanto eles quanto n\u00f3s.<\/p>\n\n\n\n<ul class=\"wp-block-list\">\n<li><strong>Doen\u00e7as<\/strong>: C\u00e3es podem identificar mudan\u00e7as na qu\u00edmica do corpo que indicam doen\u00e7as.<\/li>\n\n\n\n<li><strong>Emo\u00e7\u00f5es<\/strong>: Eles podem sentir mudan\u00e7as emocionais atrav\u00e9s do cheiro.<\/li>\n\n\n\n<li><strong>Desastres Naturais<\/strong>: Eles detectam mudan\u00e7as no ambiente que precedem tempestades.<\/li>\n<\/ul>\n\n\n\n<h2 class=\"wp-block-heading\">Como os c\u00e3es detectam doen\u00e7as?<\/h2>\n\n\n\n<p>Os <strong>c\u00e3es<\/strong> t\u00eam a habilidade de detectar <strong>doen\u00e7as<\/strong>, como diabetes e certos tipos de c\u00e2ncer, atrav\u00e9s de altera\u00e7\u00f5es nos compostos org\u00e2nicos vol\u00e1teis corporais. Essa habilidade tem sido aproveitada para ajudar pessoas com condi\u00e7\u00f5es m\u00e9dicas, salvando vidas em potencial. Recentemente, estudos mostraram que c\u00e3es tamb\u00e9m podem, em alguns casos, identificar infec\u00e7\u00f5es virais, como o coronav\u00edrus.<\/p>\n\n\n\n<h2 class=\"wp-block-heading\">Os c\u00e3es podem sentir nossas emo\u00e7\u00f5es?<\/h2>\n\n\n\n<p>Sim, eles podem! Quando uma pessoa sente <strong>estresse<\/strong> ou <strong>ansiedade<\/strong>, seu corpo libera horm\u00f4nios que alteram seu cheiro de forma sutil. C\u00e3es podem captar esses aromas, reagindo de maneiras que ajudam a confortar seus donos.<\/p>\n\n\n\n<h2 class=\"wp-block-heading\">Adapta\u00e7\u00e3o durante a gravidez<\/h2>\n\n\n\n<p>Apesar de parecer incr\u00edvel, c\u00e3es podem sentir as mudan\u00e7as <strong>hormonais<\/strong> durante a gravidez. O aumento de horm\u00f4nios como estrog\u00eanio e progesterona muda o cheiro da futura m\u00e3e, fazendo com que os c\u00e3es se comportem de forma mais protetora.<\/p>\n\n\n\n<h2 class=\"wp-block-heading\">Detec\u00e7\u00e3o de ingredientes<\/h2>\n\n\n\n<p>Com narizes sens\u00edveis, c\u00e3es conseguem detectar ingredientes aliment\u00edcios mesmo em m\u00ednimas quantidades. Isso os torna \u00fateis para pessoas com alergias, como alergias a <strong>amendoins<\/strong>. Atualmente, c\u00e3es treinados j\u00e1 s\u00e3o utilizados em escolas e ambientes p\u00fablicos para detectar tra\u00e7os de al\u00e9rgenos e proteger pessoas sens\u00edveis.<\/p>\n\n\n\n<figure class=\"wp-block-image size-large\"><img decoding=\"async\" width=\"1024\" height=\"576\" src=\"https:\/\/www.correiobraziliense.com.br\/cbradar\/wp-content\/uploads\/2025\/08\/cachorro_1755794932045-1024x576.jpg\" alt=\"7 coisas que os especialistas dizem que seu cachorro pode cheirar que voc\u00ea n\u00e3o pode\" class=\"wp-image-90488\" srcset=\"https:\/\/www.correiobraziliense.com.br\/cbradar\/wp-content\/uploads\/2025\/08\/cachorro_1755794932045-1024x576.jpg 1024w, https:\/\/www.correiobraziliense.com.br\/cbradar\/wp-content\/uploads\/2025\/08\/cachorro_1755794932045-300x169.jpg 300w, https:\/\/www.correiobraziliense.com.br\/cbradar\/wp-content\/uploads\/2025\/08\/cachorro_1755794932045-768x432.jpg 768w, https:\/\/www.correiobraziliense.com.br\/cbradar\/wp-content\/uploads\/2025\/08\/cachorro_1755794932045-750x422.jpg 750w, https:\/\/www.correiobraziliense.com.br\/cbradar\/wp-content\/uploads\/2025\/08\/cachorro_1755794932045-1140x641.jpg 1140w, https:\/\/www.correiobraziliense.com.br\/cbradar\/wp-content\/uploads\/2025\/08\/cachorro_1755794932045.jpg 1280w\" sizes=\"(max-width: 1024px) 100vw, 1024px\" \/><figcaption class=\"wp-element-caption\">cachorro. Cr\u00e9ditos: depositphotos.com \/ ViktoriaSapata<\/figcaption><\/figure>\n\n\n\n<h2 class=\"wp-block-heading\">Identificando assinaturas de cheiro pessoais<\/h2>\n\n\n\n<p>Cada pessoa tem um <strong>cheiro<\/strong> \u00fanico, e os c\u00e3es podem identific\u00e1-lo facilmente. Isso \u00e9 vital para busca e resgate, bem como para fortalecer la\u00e7os entre c\u00e3es e seus donos.<\/p>\n\n\n\n<h2 class=\"wp-block-heading\">A-tecidos naturais e mudan\u00e7as clim\u00e1ticas<\/h2>\n\n\n\n<p>Os c\u00e3es t\u00eam a capacidade de prever mudan\u00e7as no clima, sentindo press\u00f5es e eletricidade est\u00e1tica no ar. Esse sentido <strong>ancestral<\/strong> ajuda a alertar sobre tempestades iminentes.<\/p>\n\n\n\n<h2 class=\"wp-block-heading\">O que os c\u00e3es farejam quando algu\u00e9m est\u00e1 morrendo?<\/h2>\n\n\n\n<p>\u00c9 sabido que c\u00e3es podem detectar <strong>mudan\u00e7as qu\u00edmicas<\/strong> em pessoas perto da morte. As altera\u00e7\u00f5es no odor corporal e nos ferom\u00f4nios d\u00e3o pistas aos c\u00e3es sobre a sa\u00fade de uma pessoa.<\/p>\n\n\n\n<h2 class=\"wp-block-heading\">O poder do olfato canino<\/h2>\n\n\n\n<ul class=\"wp-block-list\">\n<li><strong>C\u00e3es<\/strong> t\u00eam um olfato altamente afinado que salva vidas.<\/li>\n\n\n\n<li>Eles detectam mudan\u00e7as emocionais e f\u00edsicas, fornecendo conforto e seguran\u00e7a.<\/li>\n\n\n\n<li>Os c\u00e3es nos conectam ao mundo de maneiras que ainda estamos descobrindo.<\/li>\n<\/ul>\n","protected":false},"excerpt":{"rendered":"<p>Descubra o incr\u00edvel mundo dos c\u00e3es e seu poder de farejar doen\u00e7as, emo\u00e7\u00f5es e muito mais. Um nariz sensacional que salva vidas e nos conecta de maneiras surpreendentes!<\/p>\n","protected":false},"author":3,"featured_media":90487,"comment_status":"open","ping_status":"open","sticky":false,"template":"","format":"standard","meta":{"_yoast_wpseo_focuskw":"coisas cachorro pode cheirar","_yoast_wpseo_title":"%%title%%","_yoast_wpseo_metadesc":"Descubra o incr\u00edvel mundo dos c\u00e3es e seu poder de farejar doen\u00e7as, emo\u00e7\u00f5es e muito mais. Um nariz sensacional que salva vidas e nos conecta de maneiras surpreendentes!","jnews-multi-image_gallery":[],"jnews_single_post":{"format":"standard"},"jnews_primary_category":[],"jnews_social_meta":[],"jnews_override_counter":[],"footnotes":""},"categories":[112],"tags":[1977,378,144],"class_list":["post-90485","post","type-post","status-publish","format-standard","has-post-thumbnail","hentry","category-curiosidades","tag-animais-de-estimacao","tag-cachorro","tag-curiosidades"],"yoast_head":"<!-- This site is optimized with the Yoast SEO plugin v24.6 - https:\/\/yoast.com\/wordpress\/plugins\/seo\/ -->\n<title>7 coisas que os especialistas dizem que seu cachorro pode cheirar que voc\u00ea n\u00e3o pode<\/title>\n<meta name=\"description\" content=\"Descubra o incr\u00edvel mundo dos c\u00e3es e seu poder de farejar doen\u00e7as, emo\u00e7\u00f5es e muito mais. Um nariz sensacional que salva vidas e nos conecta de maneiras surpreendentes!\" \/>\n<meta name=\"robots\" content=\"index, follow, max-snippet:-1, max-image-preview:large, max-video-preview:-1\" \/>\n<link rel=\"canonical\" href=\"https:\/\/www.correiobraziliense.com.br\/cbradar\/7-coisas-que-os-especialistas-dizem-que-seu-cachorro-pode-cheirar-que-voce-nao-pode\/\" \/>\n<meta property=\"og:locale\" content=\"pt_BR\" \/>\n<meta property=\"og:type\" content=\"article\" \/>\n<meta property=\"og:title\" content=\"7 coisas que os especialistas dizem que seu cachorro pode cheirar que voc\u00ea n\u00e3o pode\" \/>\n<meta property=\"og:description\" content=\"Descubra o incr\u00edvel mundo dos c\u00e3es e seu poder de farejar doen\u00e7as, emo\u00e7\u00f5es e muito mais. Um nariz sensacional que salva vidas e nos conecta de maneiras surpreendentes!\" \/>\n<meta property=\"og:url\" content=\"https:\/\/www.correiobraziliense.com.br\/cbradar\/7-coisas-que-os-especialistas-dizem-que-seu-cachorro-pode-cheirar-que-voce-nao-pode\/\" \/>\n<meta property=\"og:site_name\" content=\"Correio Braziliense - Radar\" \/>\n<meta property=\"article:published_time\" content=\"2025-08-21T17:24:00+00:00\" \/>\n<meta property=\"og:image\" content=\"https:\/\/www.correiobraziliense.com.br\/cbradar\/wp-content\/uploads\/2025\/08\/cachorro_1755794911253.jpg\" \/>\n\t<meta property=\"og:image:width\" content=\"1280\" \/>\n\t<meta property=\"og:image:height\" content=\"720\" \/>\n\t<meta property=\"og:image:type\" content=\"image\/jpeg\" \/>\n<meta name=\"author\" content=\"Larissa Carvalho\" \/>\n<meta name=\"twitter:card\" content=\"summary_large_image\" \/>\n<meta name=\"twitter:label1\" content=\"Escrito por\" \/>\n\t<meta name=\"twitter:data1\" content=\"Larissa Carvalho\" \/>\n\t<meta name=\"twitter:label2\" content=\"Est. tempo de leitura\" \/>\n\t<meta name=\"twitter:data2\" content=\"3 minutos\" \/>\n<!-- \/ Yoast SEO plugin. -->","yoast_head_json":{"title":"7 coisas que os especialistas dizem que seu cachorro pode cheirar que voc\u00ea n\u00e3o pode","description":"Descubra o incr\u00edvel mundo dos c\u00e3es e seu poder de farejar doen\u00e7as, emo\u00e7\u00f5es e muito mais. Um nariz sensacional que salva vidas e nos conecta de maneiras surpreendentes!","robots":{"index":"index","follow":"follow","max-snippet":"max-snippet:-1","max-image-preview":"max-image-preview:large","max-video-preview":"max-video-preview:-1"},"canonical":"https:\/\/www.correiobraziliense.com.br\/cbradar\/7-coisas-que-os-especialistas-dizem-que-seu-cachorro-pode-cheirar-que-voce-nao-pode\/","og_locale":"pt_BR","og_type":"article","og_title":"7 coisas que os especialistas dizem que seu cachorro pode cheirar que voc\u00ea n\u00e3o pode","og_description":"Descubra o incr\u00edvel mundo dos c\u00e3es e seu poder de farejar doen\u00e7as, emo\u00e7\u00f5es e muito mais. Um nariz sensacional que salva vidas e nos conecta de maneiras surpreendentes!","og_url":"https:\/\/www.correiobraziliense.com.br\/cbradar\/7-coisas-que-os-especialistas-dizem-que-seu-cachorro-pode-cheirar-que-voce-nao-pode\/","og_site_name":"Correio Braziliense - Radar","article_published_time":"2025-08-21T17:24:00+00:00","og_image":[{"width":1280,"height":720,"url":"https:\/\/www.correiobraziliense.com.br\/cbradar\/wp-content\/uploads\/2025\/08\/cachorro_1755794911253.jpg","type":"image\/jpeg"}],"author":"Larissa Carvalho","twitter_card":"summary_large_image","twitter_misc":{"Escrito por":"Larissa Carvalho","Est. tempo de leitura":"3 minutos"},"schema":{"@context":"https:\/\/schema.org","@graph":[{"@type":"WebPage","@id":"https:\/\/www.correiobraziliense.com.br\/cbradar\/7-coisas-que-os-especialistas-dizem-que-seu-cachorro-pode-cheirar-que-voce-nao-pode\/","url":"https:\/\/www.correiobraziliense.com.br\/cbradar\/7-coisas-que-os-especialistas-dizem-que-seu-cachorro-pode-cheirar-que-voce-nao-pode\/","name":"7 coisas que os especialistas dizem que seu cachorro pode cheirar que voc\u00ea n\u00e3o pode","isPartOf":{"@id":"https:\/\/www.correiobraziliense.com.br\/cbradar\/#website"},"primaryImageOfPage":{"@id":"https:\/\/www.correiobraziliense.com.br\/cbradar\/7-coisas-que-os-especialistas-dizem-que-seu-cachorro-pode-cheirar-que-voce-nao-pode\/#primaryimage"},"image":{"@id":"https:\/\/www.correiobraziliense.com.br\/cbradar\/7-coisas-que-os-especialistas-dizem-que-seu-cachorro-pode-cheirar-que-voce-nao-pode\/#primaryimage"},"thumbnailUrl":"https:\/\/www.correiobraziliense.com.br\/cbradar\/wp-content\/uploads\/2025\/08\/cachorro_1755794911253.jpg","datePublished":"2025-08-21T17:24:00+00:00","author":{"@id":"https:\/\/www.correiobraziliense.com.br\/cbradar\/#\/schema\/person\/58422787644df994b53a19d3e56c1513"},"description":"Descubra o incr\u00edvel mundo dos c\u00e3es e seu poder de farejar doen\u00e7as, emo\u00e7\u00f5es e muito mais. Um nariz sensacional que salva vidas e nos conecta de maneiras surpreendentes!","breadcrumb":{"@id":"https:\/\/www.correiobraziliense.com.br\/cbradar\/7-coisas-que-os-especialistas-dizem-que-seu-cachorro-pode-cheirar-que-voce-nao-pode\/#breadcrumb"},"inLanguage":"pt-BR","potentialAction":[{"@type":"ReadAction","target":["https:\/\/www.correiobraziliense.com.br\/cbradar\/7-coisas-que-os-especialistas-dizem-que-seu-cachorro-pode-cheirar-que-voce-nao-pode\/"]}]},{"@type":"ImageObject","inLanguage":"pt-BR","@id":"https:\/\/www.correiobraziliense.com.br\/cbradar\/7-coisas-que-os-especialistas-dizem-que-seu-cachorro-pode-cheirar-que-voce-nao-pode\/#primaryimage","url":"https:\/\/www.correiobraziliense.com.br\/cbradar\/wp-content\/uploads\/2025\/08\/cachorro_1755794911253.jpg","contentUrl":"https:\/\/www.correiobraziliense.com.br\/cbradar\/wp-content\/uploads\/2025\/08\/cachorro_1755794911253.jpg","width":1280,"height":720,"caption":"cachorro. Cr\u00e9ditos: depositphotos.com \/ AllaSerebrina"},{"@type":"BreadcrumbList","@id":"https:\/\/www.correiobraziliense.com.br\/cbradar\/7-coisas-que-os-especialistas-dizem-que-seu-cachorro-pode-cheirar-que-voce-nao-pode\/#breadcrumb","itemListElement":[{"@type":"ListItem","position":1,"name":"In\u00edcio","item":"https:\/\/www.correiobraziliense.com.br\/cbradar\/"},{"@type":"ListItem","position":2,"name":"7 coisas que os especialistas dizem que seu cachorro pode cheirar que voc\u00ea n\u00e3o pode"}]},{"@type":"WebSite","@id":"https:\/\/www.correiobraziliense.com.br\/cbradar\/#website","url":"https:\/\/www.correiobraziliense.com.br\/cbradar\/","name":"Correio Braziliense - Radar","description":"Acompanhe as \u00faltimas not\u00edcias e fique bem informado sobre tudo o que acontece no Brasil e no mundo.","potentialAction":[{"@type":"SearchAction","target":{"@type":"EntryPoint","urlTemplate":"https:\/\/www.correiobraziliense.com.br\/cbradar\/?s={search_term_string}"},"query-input":{"@type":"PropertyValueSpecification","valueRequired":true,"valueName":"search_term_string"}}],"inLanguage":"pt-BR"},{"@type":"Person","@id":"https:\/\/www.correiobraziliense.com.br\/cbradar\/#\/schema\/person\/58422787644df994b53a19d3e56c1513","name":"Larissa Carvalho","image":{"@type":"ImageObject","inLanguage":"pt-BR","@id":"https:\/\/www.correiobraziliense.com.br\/cbradar\/#\/schema\/person\/image\/","url":"https:\/\/secure.gravatar.com\/avatar\/fe4f91a0de32b52a838d0d612abdc1aa?s=96&d=mm&r=g","contentUrl":"https:\/\/secure.gravatar.com\/avatar\/fe4f91a0de32b52a838d0d612abdc1aa?s=96&d=mm&r=g","caption":"Larissa Carvalho"},"url":"https:\/\/www.correiobraziliense.com.br\/cbradar\/author\/larissamyth\/"}]}},"_links":{"self":[{"href":"https:\/\/www.correiobraziliense.com.br\/cbradar\/wp-json\/wp\/v2\/posts\/90485","targetHints":{"allow":["GET"]}}],"collection":[{"href":"https:\/\/www.correiobraziliense.com.br\/cbradar\/wp-json\/wp\/v2\/posts"}],"about":[{"href":"https:\/\/www.correiobraziliense.com.br\/cbradar\/wp-json\/wp\/v2\/types\/post"}],"author":[{"embeddable":true,"href":"https:\/\/www.correiobraziliense.com.br\/cbradar\/wp-json\/wp\/v2\/users\/3"}],"replies":[{"embeddable":true,"href":"https:\/\/www.correiobraziliense.com.br\/cbradar\/wp-json\/wp\/v2\/comments?post=90485"}],"version-history":[{"count":2,"href":"https:\/\/www.correiobraziliense.com.br\/cbradar\/wp-json\/wp\/v2\/posts\/90485\/revisions"}],"predecessor-version":[{"id":90490,"href":"https:\/\/www.correiobraziliense.com.br\/cbradar\/wp-json\/wp\/v2\/posts\/90485\/revisions\/90490"}],"wp:featuredmedia":[{"embeddable":true,"href":"https:\/\/www.correiobraziliense.com.br\/cbradar\/wp-json\/wp\/v2\/media\/90487"}],"wp:attachment":[{"href":"https:\/\/www.correiobraziliense.com.br\/cbradar\/wp-json\/wp\/v2\/media?parent=90485"}],"wp:term":[{"taxonomy":"category","embeddable":true,"href":"https:\/\/www.correiobraziliense.com.br\/cbradar\/wp-json\/wp\/v2\/categories?post=90485"},{"taxonomy":"post_tag","embeddable":true,"href":"https:\/\/www.correiobraziliense.com.br\/cbradar\/wp-json\/wp\/v2\/tags?post=90485"}],"curies":[{"name":"wp","href":"https:\/\/api.w.org\/{rel}","templated":true}]}}