{"id":90544,"date":"2025-08-22T15:13:37","date_gmt":"2025-08-22T18:13:37","guid":{"rendered":"https:\/\/www.correiobraziliense.com.br\/cbradar\/?p=90544"},"modified":"2025-08-21T17:24:20","modified_gmt":"2025-08-21T20:24:20","slug":"as-cidades-do-nordeste-que-todo-viajante-sonha-em-conhecer","status":"publish","type":"post","link":"https:\/\/www.correiobraziliense.com.br\/cbradar\/as-cidades-do-nordeste-que-todo-viajante-sonha-em-conhecer\/","title":{"rendered":"As cidades do Nordeste que todo viajante sonha em conhecer"},"content":{"rendered":"\n<p>O <strong>Nordeste do Brasil<\/strong> \u00e9 conhecido por sua vibrante cultura, culin\u00e1ria distinta e paisagens de tirar o f\u00f4lego. Com uma combina\u00e7\u00e3o de belas praias, rico patrim\u00f4nio hist\u00f3rico e festas animadas, ele atrai turistas do mundo inteiro em busca de experi\u00eancias \u00fanicas. Este artigo explora alguns dos destinos tur\u00edsticos mais populares da regi\u00e3o e suas atra\u00e7\u00f5es mais ic\u00f4nicas.<\/p>\n\n\n\n<h2 class=\"wp-block-heading\">Por que Salvador \u00e9 ber\u00e7o da cultura afro-brasileira?<\/h2>\n\n\n\n<p><strong>Salvador<\/strong>, a capital da <strong>Bahia<\/strong>, destaca-se como um dos principais destinos do nordeste. Famosa pelo <strong>Carnaval<\/strong> e pelo <strong>Pelourinho<\/strong>, a cidade oferece uma imers\u00e3o na cultura afro-brasileira. O Pelourinho, com suas ruas de paralelep\u00edpedos e edifica\u00e7\u00f5es coloridas, \u00e9 considerado Patrim\u00f4nio Mundial pela <strong>UNESCO<\/strong> e oferece uma rica cultura hist\u00f3rica para explorar. Al\u00e9m disso, Salvador encanta pela m\u00fasica do ax\u00e9, a gastronomia de acaraj\u00e9 e as tradicionais rodas de capoeira.<\/p>\n\n\n\n<h2 class=\"wp-block-heading\">O que faz Fortaleza t\u00e3o procurada para praias e entretenimento?<\/h2>\n\n\n\n<p>Localizada no estado do <strong>Cear\u00e1<\/strong>, <strong>Fortaleza<\/strong> \u00e9 conhecida por suas praias urbanas, como a <strong>Praia do Futuro<\/strong>, famosa por suas barracas animadas e deliciosa culin\u00e1ria \u00e0 base de frutos do mar. Al\u00e9m das praias, a cidade oferece uma vibrante vida noturna e o famoso <strong>Beach Park<\/strong>, um dos maiores parques aqu\u00e1ticos da <strong>Am\u00e9rica Latina<\/strong>, garantindo divers\u00e3o para toda a fam\u00edlia. Tamb\u00e9m vale a pena conhecer a Avenida Beira-Mar, onde ocorre a tradicional feirinha de artesanato e apresenta\u00e7\u00f5es culturais.<\/p>\n\n\n\n<h2 class=\"wp-block-heading\">Qual a magia de Recife e Olinda?<\/h2>\n\n\n\n<p>A combina\u00e7\u00e3o de <strong>Recife<\/strong> e <strong>Olinda<\/strong> \u00e9 um convite irresist\u00edvel ao turismo hist\u00f3rico e cultural. Olinda, com suas igrejas barrocas e paisagens elevadas, ganha vida especialmente durante o Carnaval, quando suas ladeiras s\u00e3o tomadas por bonecos gigantes e frevos. Recife, al\u00e9m de suas praias, \u00e9 famosa pelo centro hist\u00f3rico e o emocionante passeio de <strong>Catamar\u00e3<\/strong> pelo <strong>Rio Capibaribe<\/strong>. A cidade tamb\u00e9m abriga o Museu Cais do Sert\u00e3o, dedicado \u00e0 cultura nordestina, e a tradicional Festa de S\u00e3o Jo\u00e3o.<\/p>\n\n\n<div class=\"wp-block-image\">\n<figure class=\"aligncenter size-large\"><img decoding=\"async\" width=\"1024\" height=\"576\" src=\"https:\/\/www.correiobraziliense.com.br\/cbradar\/wp-content\/uploads\/2025\/07\/Olinda_1753384002546-1024x576.jpg\" alt=\"As cidades do Nordeste que todo viajante sonha em conhecer\" class=\"wp-image-74712\" srcset=\"https:\/\/www.correiobraziliense.com.br\/cbradar\/wp-content\/uploads\/2025\/07\/Olinda_1753384002546-1024x576.jpg 1024w, https:\/\/www.correiobraziliense.com.br\/cbradar\/wp-content\/uploads\/2025\/07\/Olinda_1753384002546-300x169.jpg 300w, https:\/\/www.correiobraziliense.com.br\/cbradar\/wp-content\/uploads\/2025\/07\/Olinda_1753384002546-768x432.jpg 768w, https:\/\/www.correiobraziliense.com.br\/cbradar\/wp-content\/uploads\/2025\/07\/Olinda_1753384002546-750x422.jpg 750w, https:\/\/www.correiobraziliense.com.br\/cbradar\/wp-content\/uploads\/2025\/07\/Olinda_1753384002546-1140x641.jpg 1140w, https:\/\/www.correiobraziliense.com.br\/cbradar\/wp-content\/uploads\/2025\/07\/Olinda_1753384002546.jpg 1280w\" sizes=\"(max-width: 1024px) 100vw, 1024px\" \/><figcaption class=\"wp-element-caption\">Olinda &#8211; Cr\u00e9ditos: depositphotos.com \/ Fotoember<\/figcaption><\/figure><\/div>\n\n\n<p>Leia tamb\u00e9m: <a href=\"https:\/\/www.correiobraziliense.com.br\/cbradar\/cuidados-ao-viajar-com-remedios-que-exigem-frio-constante\/\" target=\"_blank\" rel=\"noopener\">Cuidados ao viajar com rem\u00e9dios que exigem frio constante<\/a><\/p>\n\n\n\n<h2 class=\"wp-block-heading\">Por que Porto de Galinhas \u00e9 chamado de para\u00edso dos mergulhadores?<\/h2>\n\n\n\n<p>Localizado em <strong>Pernambuco<\/strong>, <strong>Porto de Galinhas<\/strong> \u00e9 um dos destinos de praia mais adorados do <strong>Brasil<\/strong>. Suas piscinas naturais de \u00e1guas cristalinas s\u00e3o perfeitas para a pr\u00e1tica de mergulho e snorkeling. A vila tamb\u00e9m \u00e9 conhecida por sua hospitalidade e infraestrutura tur\u00edstica que garante uma estadia confort\u00e1vel e memor\u00e1vel. Al\u00e9m do mergulho, visitas de buggy pelas praias e passeios de jangada at\u00e9 as piscinas naturais s\u00e3o experi\u00eancias imperd\u00edveis.<\/p>\n\n\n\n<h2 class=\"wp-block-heading\">O que torna S\u00e3o Lu\u00eds e os Len\u00e7\u00f3is Maranhenses especiais em natureza e cultura?<\/h2>\n\n\n\n<p>Para aqueles que buscam uma experi\u00eancia mais natural, <strong>S\u00e3o Lu\u00eds<\/strong> e os <strong>Len\u00e7\u00f3is Maranhenses<\/strong> s\u00e3o paradas obrigat\u00f3rias. S\u00e3o Lu\u00eds \u00e9 famosa por sua arquitetura colonial e tambor de crioula, enquanto os Len\u00e7\u00f3is oferecem um espet\u00e1culo natural com suas dunas m\u00f3veis e lagoas de \u00e1guas azuis durante a esta\u00e7\u00e3o chuvosa. O Centro Hist\u00f3rico de S\u00e3o Lu\u00eds foi reconhecido pela UNESCO em 1997 e, al\u00e9m disso, a cidade se destaca pelo animado S\u00e3o Jo\u00e3o, evento tradicional do calend\u00e1rio maranhense.<\/p>\n\n\n\n<p>Cada um desses destinos oferece um mix \u00fanico de beleza natural, hist\u00f3ria e cultura, tornando o nordeste uma regi\u00e3o imperd\u00edvel para turistas que desejam explorar a diversidade e riqueza do Brasil.<\/p>\n","protected":false},"excerpt":{"rendered":"<p>O Nordeste do Brasil \u00e9 conhecido por sua vibrante cultura, culin\u00e1ria distinta e paisagens de tirar o f\u00f4lego. Com uma combina\u00e7\u00e3o de belas praias, rico patrim\u00f4nio hist\u00f3rico e festas animadas, ele atrai turistas do mundo inteiro em busca de experi\u00eancias \u00fanicas. Este artigo explora alguns dos destinos tur\u00edsticos mais populares da regi\u00e3o e suas atra\u00e7\u00f5es [&hellip;]<\/p>\n","protected":false},"author":9,"featured_media":68607,"comment_status":"open","ping_status":"open","sticky":false,"template":"","format":"standard","meta":{"_yoast_wpseo_focuskw":"Nordeste","_yoast_wpseo_title":"%%title%% %%page%%","_yoast_wpseo_metadesc":"Explore os destinos do Nordeste brasileiro que unem praias, cultura e festas inesquec\u00edveis e descubra por que a regi\u00e3o encanta turistas.","jnews-multi-image_gallery":[],"jnews_single_post":{"format":"standard"},"jnews_primary_category":[],"jnews_social_meta":[],"jnews_override_counter":[],"footnotes":""},"categories":[112,111],"post_tag":[225,792,632,315],"class_list":["post-90544","post","type-post","status-publish","format-standard","has-post-thumbnail","hentry","category-curiosidades","category-turismo","tag-brasil","tag-cultura","tag-nordeste","tag-turismo"],"yoast_head":"<!-- This site is optimized with the Yoast SEO plugin v24.6 - https:\/\/yoast.com\/wordpress\/plugins\/seo\/ -->\n<title>As cidades do Nordeste que todo viajante sonha em conhecer<\/title>\n<meta name=\"description\" content=\"Explore os destinos do Nordeste brasileiro que unem praias, cultura e festas inesquec\u00edveis e descubra por que a regi\u00e3o encanta turistas.\" \/>\n<meta name=\"robots\" content=\"index, follow, max-snippet:-1, max-image-preview:large, max-video-preview:-1\" \/>\n<link rel=\"canonical\" href=\"https:\/\/www.correiobraziliense.com.br\/cbradar\/as-cidades-do-nordeste-que-todo-viajante-sonha-em-conhecer\/\" \/>\n<meta property=\"og:locale\" content=\"pt_BR\" \/>\n<meta property=\"og:type\" content=\"article\" \/>\n<meta property=\"og:title\" content=\"As cidades do Nordeste que todo viajante sonha em conhecer\" \/>\n<meta property=\"og:description\" content=\"Explore os destinos do Nordeste brasileiro que unem praias, cultura e festas inesquec\u00edveis e descubra por que a regi\u00e3o encanta turistas.\" \/>\n<meta property=\"og:url\" content=\"https:\/\/www.correiobraziliense.com.br\/cbradar\/as-cidades-do-nordeste-que-todo-viajante-sonha-em-conhecer\/\" \/>\n<meta property=\"og:site_name\" content=\"Correio Braziliense - Radar\" \/>\n<meta property=\"article:published_time\" content=\"2025-08-22T18:13:37+00:00\" \/>\n<meta property=\"og:image\" content=\"https:\/\/www.correiobraziliense.com.br\/cbradar\/wp-content\/uploads\/2025\/07\/Pelourinho_1752350078599.jpg\" \/>\n\t<meta property=\"og:image:width\" content=\"1280\" \/>\n\t<meta property=\"og:image:height\" content=\"720\" \/>\n\t<meta property=\"og:image:type\" content=\"image\/jpeg\" \/>\n<meta name=\"author\" content=\"Daniely Cardoso\" \/>\n<meta name=\"twitter:card\" content=\"summary_large_image\" \/>\n<meta name=\"twitter:label1\" content=\"Escrito por\" \/>\n\t<meta name=\"twitter:data1\" content=\"Daniely Cardoso\" \/>\n\t<meta name=\"twitter:label2\" content=\"Est. tempo de leitura\" \/>\n\t<meta name=\"twitter:data2\" content=\"4 minutos\" \/>\n<!-- \/ Yoast SEO plugin. -->","yoast_head_json":{"title":"As cidades do Nordeste que todo viajante sonha em conhecer","description":"Explore os destinos do Nordeste brasileiro que unem praias, cultura e festas inesquec\u00edveis e descubra por que a regi\u00e3o encanta turistas.","robots":{"index":"index","follow":"follow","max-snippet":"max-snippet:-1","max-image-preview":"max-image-preview:large","max-video-preview":"max-video-preview:-1"},"canonical":"https:\/\/www.correiobraziliense.com.br\/cbradar\/as-cidades-do-nordeste-que-todo-viajante-sonha-em-conhecer\/","og_locale":"pt_BR","og_type":"article","og_title":"As cidades do Nordeste que todo viajante sonha em conhecer","og_description":"Explore os destinos do Nordeste brasileiro que unem praias, cultura e festas inesquec\u00edveis e descubra por que a regi\u00e3o encanta turistas.","og_url":"https:\/\/www.correiobraziliense.com.br\/cbradar\/as-cidades-do-nordeste-que-todo-viajante-sonha-em-conhecer\/","og_site_name":"Correio Braziliense - Radar","article_published_time":"2025-08-22T18:13:37+00:00","og_image":[{"width":1280,"height":720,"url":"https:\/\/www.correiobraziliense.com.br\/cbradar\/wp-content\/uploads\/2025\/07\/Pelourinho_1752350078599.jpg","type":"image\/jpeg"}],"author":"Daniely Cardoso","twitter_card":"summary_large_image","twitter_misc":{"Escrito por":"Daniely Cardoso","Est. tempo de leitura":"4 minutos"},"schema":{"@context":"https:\/\/schema.org","@graph":[{"@type":"WebPage","@id":"https:\/\/www.correiobraziliense.com.br\/cbradar\/as-cidades-do-nordeste-que-todo-viajante-sonha-em-conhecer\/","url":"https:\/\/www.correiobraziliense.com.br\/cbradar\/as-cidades-do-nordeste-que-todo-viajante-sonha-em-conhecer\/","name":"As cidades do Nordeste que todo viajante sonha em conhecer","isPartOf":{"@id":"https:\/\/www.correiobraziliense.com.br\/cbradar\/#website"},"primaryImageOfPage":{"@id":"https:\/\/www.correiobraziliense.com.br\/cbradar\/as-cidades-do-nordeste-que-todo-viajante-sonha-em-conhecer\/#primaryimage"},"image":{"@id":"https:\/\/www.correiobraziliense.com.br\/cbradar\/as-cidades-do-nordeste-que-todo-viajante-sonha-em-conhecer\/#primaryimage"},"thumbnailUrl":"https:\/\/www.correiobraziliense.com.br\/cbradar\/wp-content\/uploads\/2025\/07\/Pelourinho_1752350078599.jpg","datePublished":"2025-08-22T18:13:37+00:00","author":{"@id":"https:\/\/www.correiobraziliense.com.br\/cbradar\/#\/schema\/person\/7356666e12ec0ee53f348ee5db227032"},"description":"Explore os destinos do Nordeste brasileiro que unem praias, cultura e festas inesquec\u00edveis e descubra por que a regi\u00e3o encanta turistas.","breadcrumb":{"@id":"https:\/\/www.correiobraziliense.com.br\/cbradar\/as-cidades-do-nordeste-que-todo-viajante-sonha-em-conhecer\/#breadcrumb"},"inLanguage":"pt-BR","potentialAction":[{"@type":"ReadAction","target":["https:\/\/www.correiobraziliense.com.br\/cbradar\/as-cidades-do-nordeste-que-todo-viajante-sonha-em-conhecer\/"]}]},{"@type":"ImageObject","inLanguage":"pt-BR","@id":"https:\/\/www.correiobraziliense.com.br\/cbradar\/as-cidades-do-nordeste-que-todo-viajante-sonha-em-conhecer\/#primaryimage","url":"https:\/\/www.correiobraziliense.com.br\/cbradar\/wp-content\/uploads\/2025\/07\/Pelourinho_1752350078599.jpg","contentUrl":"https:\/\/www.correiobraziliense.com.br\/cbradar\/wp-content\/uploads\/2025\/07\/Pelourinho_1752350078599.jpg","width":1280,"height":720,"caption":"Pelourinho, Salvador - Cr\u00e9ditos: depositphotos.com \/ sergio_pulp"},{"@type":"BreadcrumbList","@id":"https:\/\/www.correiobraziliense.com.br\/cbradar\/as-cidades-do-nordeste-que-todo-viajante-sonha-em-conhecer\/#breadcrumb","itemListElement":[{"@type":"ListItem","position":1,"name":"In\u00edcio","item":"https:\/\/www.correiobraziliense.com.br\/cbradar\/"},{"@type":"ListItem","position":2,"name":"As cidades do Nordeste que todo viajante sonha em conhecer"}]},{"@type":"WebSite","@id":"https:\/\/www.correiobraziliense.com.br\/cbradar\/#website","url":"https:\/\/www.correiobraziliense.com.br\/cbradar\/","name":"Correio Braziliense - Radar","description":"Acompanhe as \u00faltimas not\u00edcias e fique bem informado sobre tudo o que acontece no Brasil e no mundo.","potentialAction":[{"@type":"SearchAction","target":{"@type":"EntryPoint","urlTemplate":"https:\/\/www.correiobraziliense.com.br\/cbradar\/?s={search_term_string}"},"query-input":{"@type":"PropertyValueSpecification","valueRequired":true,"valueName":"search_term_string"}}],"inLanguage":"pt-BR"},{"@type":"Person","@id":"https:\/\/www.correiobraziliense.com.br\/cbradar\/#\/schema\/person\/7356666e12ec0ee53f348ee5db227032","name":"Daniely Cardoso","image":{"@type":"ImageObject","inLanguage":"pt-BR","@id":"https:\/\/www.correiobraziliense.com.br\/cbradar\/#\/schema\/person\/image\/","url":"https:\/\/secure.gravatar.com\/avatar\/4b80ddbd124d1f071b626d52d62e5dff?s=96&d=mm&r=g","contentUrl":"https:\/\/secure.gravatar.com\/avatar\/4b80ddbd124d1f071b626d52d62e5dff?s=96&d=mm&r=g","caption":"Daniely Cardoso"},"description":"Redatora nos portais CB Radar e EM Foco, formada pela Universidade Federal de Goi\u00e1s, em Goi\u00e2nia. Apaixonada por comunica\u00e7\u00e3o, arte, decora\u00e7\u00e3o e tend\u00eancias, atuo na produ\u00e7\u00e3o de conte\u00fados envolventes sobre curiosidades, moda, beleza e paisagismo, sempre com um olhar atento \u00e0s novidades do momento.","sameAs":["https:\/\/www.correiobraziliense.com.br\/cbradar"],"url":"https:\/\/www.correiobraziliense.com.br\/cbradar\/author\/danielymyth\/"}]}},"_links":{"self":[{"href":"https:\/\/www.correiobraziliense.com.br\/cbradar\/wp-json\/wp\/v2\/posts\/90544","targetHints":{"allow":["GET"]}}],"collection":[{"href":"https:\/\/www.correiobraziliense.com.br\/cbradar\/wp-json\/wp\/v2\/posts"}],"about":[{"href":"https:\/\/www.correiobraziliense.com.br\/cbradar\/wp-json\/wp\/v2\/types\/post"}],"author":[{"embeddable":true,"href":"https:\/\/www.correiobraziliense.com.br\/cbradar\/wp-json\/wp\/v2\/users\/9"}],"replies":[{"embeddable":true,"href":"https:\/\/www.correiobraziliense.com.br\/cbradar\/wp-json\/wp\/v2\/comments?post=90544"}],"version-history":[{"count":3,"href":"https:\/\/www.correiobraziliense.com.br\/cbradar\/wp-json\/wp\/v2\/posts\/90544\/revisions"}],"predecessor-version":[{"id":90570,"href":"https:\/\/www.correiobraziliense.com.br\/cbradar\/wp-json\/wp\/v2\/posts\/90544\/revisions\/90570"}],"wp:featuredmedia":[{"embeddable":true,"href":"https:\/\/www.correiobraziliense.com.br\/cbradar\/wp-json\/wp\/v2\/media\/68607"}],"wp:attachment":[{"href":"https:\/\/www.correiobraziliense.com.br\/cbradar\/wp-json\/wp\/v2\/media?parent=90544"}],"wp:term":[{"taxonomy":"category","embeddable":true,"href":"https:\/\/www.correiobraziliense.com.br\/cbradar\/wp-json\/wp\/v2\/categories?post=90544"},{"taxonomy":"post_tag","embeddable":true,"href":"https:\/\/www.correiobraziliense.com.br\/cbradar\/wp-json\/wp\/v2\/post_tag?post=90544"}],"curies":[{"name":"wp","href":"https:\/\/api.w.org\/{rel}","templated":true}]}}