{"id":90608,"date":"2025-08-21T19:30:00","date_gmt":"2025-08-21T22:30:00","guid":{"rendered":"https:\/\/www.correiobraziliense.com.br\/cbradar\/?p=90608"},"modified":"2025-08-21T18:26:18","modified_gmt":"2025-08-21T21:26:18","slug":"14-coisas-que-fizemos-aos-20-anos-que-nos-atrapalharam-silenciosamente","status":"publish","type":"post","link":"https:\/\/www.correiobraziliense.com.br\/cbradar\/14-coisas-que-fizemos-aos-20-anos-que-nos-atrapalharam-silenciosamente\/","title":{"rendered":"14 coisas que fizemos aos 20 anos que nos atrapalharam silenciosamente"},"content":{"rendered":"\n<p>Navegar pelos seus vinte e poucos anos pode ser uma montanha-russa de emo\u00e7\u00f5es e incertezas. Durante esse per\u00edodo, as escolhas feitas podem ter impactos duradouros, muitas vezes despercebidos at\u00e9 mais tarde. Abaixo, uma vis\u00e3o realista de 15 atitudes comuns que as pessoas costumam ter na casa dos 20 anos que podem, de maneira silenciosa, trazer problemas.<\/p>\n\n\n\n<ul class=\"wp-block-list\">\n<li><strong>Educa\u00e7\u00e3o Financeira<\/strong>: A import\u00e2ncia de aprender a gerenciar seu dinheiro.<\/li>\n\n\n\n<li><strong>Sa\u00fade Mental<\/strong>: Priorizar o bem-estar psicol\u00f3gico desde cedo.<\/li>\n\n\n\n<li><strong>Relacionamentos T\u00f3xicos<\/strong>: Como identific\u00e1-los e evit\u00e1-los.<\/li>\n<\/ul>\n\n\n\n<h2 class=\"wp-block-heading\">Por que \u00e9 crucial aprender sobre finan\u00e7as na juventude?<\/h2>\n\n\n\n<p>No in\u00edcio da vida adulta, \u00e9 comum negligenciar a <strong>educa\u00e7\u00e3o financeira<\/strong>. Ao come\u00e7ar a ganhar um sal\u00e1rio decente, a tenta\u00e7\u00e3o de gastar em experi\u00eancias, roupas e gadgets pode ser irresist\u00edvel. Ignorar a import\u00e2ncia de or\u00e7amento, poupan\u00e7a e investimentos pode levar a viver de sal\u00e1rio em sal\u00e1rio. Desenvolver bons <strong>h\u00e1bitos financeiros<\/strong> cedo prepara o terreno para um futuro mais seguro.<\/p>\n\n\n\n<h2 class=\"wp-block-heading\">Como as m\u00eddias sociais afetam sua autoestima?<\/h2>\n\n\n\n<p>As m\u00eddias sociais s\u00e3o parte inescap\u00e1vel da vida moderna e, nos seus vinte anos, \u00e9 f\u00e1cil deixar que dominem seu tempo livre. Rolagens constantes por vidas idealizadas levam a compara\u00e7\u00f5es perigosas e a sensa\u00e7\u00e3o de que voc\u00ea n\u00e3o est\u00e1 \u00e0 altura. Essa exposi\u00e7\u00e3o constante pode corroer a <strong>autoestima<\/strong> e fomentar a ansiedade sem nem perceber. As conex\u00f5es virtuais criadas podem dar uma falsa sensa\u00e7\u00e3o de amizade, sem a nutri\u00e7\u00e3o real necess\u00e1ria para relacionamentos significativos. Desconecte-se regularmente e invista em conversas cara a cara para melhorar sua sa\u00fade mental.<\/p>\n\n\n\n<h2 class=\"wp-block-heading\">A import\u00e2ncia de priorizar a sa\u00fade mental<\/h2>\n\n\n\n<p>No turbilh\u00e3o de estabelecer carreira e vida social, a <strong>sa\u00fade mental<\/strong> muitas vezes fica de lado. Ironicamente, \u00e9 exatamente nesse per\u00edodo que muitos experienciam ansiedade, depress\u00e3o e outros problemas mentais. O autocuidado \u00e9 mais do que banhos de espuma; trata-se de manter um estilo de vida equilibrado. N\u00e3o espere que as coisas atinjam um ponto de ruptura para procurar apoio.<\/p>\n\n\n\n<h2 class=\"wp-block-heading\">Voc\u00ea est\u00e1 em um relacionamento t\u00f3xico?<\/h2>\n\n\n\n<p>A juventude \u00e9 um per\u00edodo de rela\u00e7\u00f5es intensas, mas nem todas s\u00e3o saud\u00e1veis. \u00c9 f\u00e1cil confundir sentimentos intensos com amor, mesmo em um relacionamento t\u00f3xico. Tais rela\u00e7\u00f5es podem afetar seu <strong>bem-estar<\/strong> geral, tornando vital reconhecer quando uma rela\u00e7\u00e3o \u00e9 mais prejudicial do que ben\u00e9fica.<\/p>\n\n\n\n<figure class=\"wp-block-image size-large\"><img decoding=\"async\" width=\"1024\" height=\"576\" src=\"https:\/\/www.correiobraziliense.com.br\/cbradar\/wp-content\/uploads\/2025\/08\/pessoa-triste_1755811535214-1024x576.jpg\" alt=\"14 coisas que fizemos aos 20 anos que nos atrapalharam silenciosamente\" class=\"wp-image-90611\" srcset=\"https:\/\/www.correiobraziliense.com.br\/cbradar\/wp-content\/uploads\/2025\/08\/pessoa-triste_1755811535214-1024x576.jpg 1024w, https:\/\/www.correiobraziliense.com.br\/cbradar\/wp-content\/uploads\/2025\/08\/pessoa-triste_1755811535214-300x169.jpg 300w, https:\/\/www.correiobraziliense.com.br\/cbradar\/wp-content\/uploads\/2025\/08\/pessoa-triste_1755811535214-768x432.jpg 768w, https:\/\/www.correiobraziliense.com.br\/cbradar\/wp-content\/uploads\/2025\/08\/pessoa-triste_1755811535214-750x422.jpg 750w, https:\/\/www.correiobraziliense.com.br\/cbradar\/wp-content\/uploads\/2025\/08\/pessoa-triste_1755811535214-1140x641.jpg 1140w, https:\/\/www.correiobraziliense.com.br\/cbradar\/wp-content\/uploads\/2025\/08\/pessoa-triste_1755811535214.jpg 1280w\" sizes=\"(max-width: 1024px) 100vw, 1024px\" \/><figcaption class=\"wp-element-caption\">pessoa triste. Cr\u00e9ditos: depositphotos.com \/ AndrewLozovyi<\/figcaption><\/figure>\n\n\n\n<h2 class=\"wp-block-heading\">Como a falta de sono impacta sua sa\u00fade?<\/h2>\n\n\n\n<p>Virar noites \u00e9 comum nos vinte anos, mas a priva\u00e7\u00e3o de sono cr\u00f4nica pode ter efeitos significativos na sa\u00fade a longo prazo. Um sono de qualidade n\u00e3o \u00e9 luxo, \u00e9 essencial. Priorizar um sono consistente \u00e9 crucial para sua <strong>produtividade<\/strong> e bem-estar.<\/p>\n\n\n\n<h2 class=\"wp-block-heading\">Por que \u00e9 importante n\u00e3o adiar check-ups de sa\u00fade?<\/h2>\n\n\n\n<p>Sentir-se invenc\u00edvel \u00e9 comum, mas isso pode levar a negligenciar exames m\u00e9dicos regulares. Cuidados preventivos s\u00e3o cruciais e ajudam a detectar poss\u00edveis problemas de sa\u00fade antes que se tornem graves. Assuma o controle da sua <strong>sa\u00fade<\/strong> agora para garantir um futuro mais saud\u00e1vel.<\/p>\n\n\n\n<h2 class=\"wp-block-heading\">Como gerenciar o estresse constante?<\/h2>\n\n\n\n<p>A ambi\u00e7\u00e3o de crescer profissionalmente nos seus vinte anos \u00e9 admir\u00e1vel, mas pode levar ao estresse cr\u00f4nico. Aprender a lidar com o estresse \u00e9 vital para evitar o esgotamento e manter a sa\u00fade geral. Implementar t\u00e9cnicas de manejo do estresse pode aliviar a press\u00e3o.<\/p>\n\n\n\n<h2 class=\"wp-block-heading\">Planejamento financeiro: \u00e9 cedo demais para come\u00e7ar?<\/h2>\n\n\n\n<p>A aposentadoria parece distante, fazendo muitos adiarem seu planejamento. No entanto, quanto antes voc\u00ea come\u00e7ar a poupar, mais poder\u00e1 usufruir do <strong>juros compostos<\/strong>. Compreender suas op\u00e7\u00f5es de aposentadoria \u00e9 um passo na dire\u00e7\u00e3o certa.<\/p>\n\n\n\n<h2 class=\"wp-block-heading\">O poder do networking para seu futuro<\/h2>\n\n\n\n<p>Networking pode parecer apenas uma palavra da moda, mas seu impacto potencial em sua carreira e crescimento pessoal \u00e9 enorme. Estabelecer conex\u00f5es \u00e9 sobre cultivar rela\u00e7\u00f5es genu\u00ednas, n\u00e3o apenas coletar contatos. Um <strong>network robusto<\/strong> pode apoi\u00e1-lo de maneiras inesperadas.<\/p>\n\n\n\n<h2 class=\"wp-block-heading\">Como evitar o burnout?<\/h2>\n\n\n\n<p>Nos vinte anos, a vontade de dizer \u2018sim\u2019 \u00e9 forte, levando a compromissos excessivos. Aprender a dizer \u2018n\u00e3o\u2019 quando necess\u00e1rio \u00e9 uma habilidade poderosa que ajuda a manter o bem-estar.<\/p>\n\n\n\n<figure class=\"wp-block-image size-large\"><img decoding=\"async\" width=\"1024\" height=\"576\" src=\"https:\/\/www.correiobraziliense.com.br\/cbradar\/wp-content\/uploads\/2025\/08\/pessoa-triste_1755811559850-1024x576.jpg\" alt=\"14 coisas que fizemos aos 20 anos que nos atrapalharam silenciosamente\" class=\"wp-image-90612\" srcset=\"https:\/\/www.correiobraziliense.com.br\/cbradar\/wp-content\/uploads\/2025\/08\/pessoa-triste_1755811559850-1024x576.jpg 1024w, https:\/\/www.correiobraziliense.com.br\/cbradar\/wp-content\/uploads\/2025\/08\/pessoa-triste_1755811559850-300x169.jpg 300w, https:\/\/www.correiobraziliense.com.br\/cbradar\/wp-content\/uploads\/2025\/08\/pessoa-triste_1755811559850-768x432.jpg 768w, https:\/\/www.correiobraziliense.com.br\/cbradar\/wp-content\/uploads\/2025\/08\/pessoa-triste_1755811559850-750x422.jpg 750w, https:\/\/www.correiobraziliense.com.br\/cbradar\/wp-content\/uploads\/2025\/08\/pessoa-triste_1755811559850-1140x641.jpg 1140w, https:\/\/www.correiobraziliense.com.br\/cbradar\/wp-content\/uploads\/2025\/08\/pessoa-triste_1755811559850.jpg 1280w\" sizes=\"(max-width: 1024px) 100vw, 1024px\" \/><figcaption class=\"wp-element-caption\">pessoa triste. Cr\u00e9ditos: depositphotos.com \/ AndrewLozovyi<\/figcaption><\/figure>\n\n\n\n<h2 class=\"wp-block-heading\">Voc\u00ea est\u00e1 se comparando injustamente a outros?<\/h2>\n\n\n\n<p>Comparar-se com colegas que parecem ter tudo resolvido pode levar a sentimentos de inadequa\u00e7\u00e3o. \u00c9 importante lembrar que cada trajet\u00f3ria \u00e9 \u00fanica e que a compara\u00e7\u00e3o constante pode distrair voc\u00ea do seu pr\u00f3prio <strong>crescimento pessoal<\/strong>.<\/p>\n\n\n\n<h2 class=\"wp-block-heading\">A import\u00e2ncia de buscar novas experi\u00eancias<\/h2>\n\n\n\n<p>Embora a rotina proporcione conforto, limitar-se em excesso pode restringir seu <strong>crescimento pessoal<\/strong>. Cada nova experi\u00eancia contribui para o seu desenvolvimento, equipando voc\u00ea com habilidades e percep\u00e7\u00f5es \u00fanicas.<\/p>\n\n\n\n<h2 class=\"wp-block-heading\">Voc\u00ea est\u00e1 ignorando seu crescimento pessoal?<\/h2>\n\n\n\n<p>Seus vinte anos s\u00e3o um per\u00edodo cr\u00edtico para o <strong>desenvolvimento pessoal<\/strong>, mas \u00e9 f\u00e1cil negligenciar isso em busca de objetivos de carreira. Investir tempo em compreender seus valores e pontos fortes estabelece a base para decis\u00f5es futuras informadas.<\/p>\n\n\n\n<h2 class=\"wp-block-heading\">Como vencer a s\u00edndrome do impostor?<\/h2>\n\n\n\n<p>Sentir-se como um impostor apesar do sucesso \u00e9 comum na juventude. N\u00e3o deixe que a d\u00favida pr\u00f3pria o impe\u00e7a de abra\u00e7ar suas conquistas. A s\u00edndrome do impostor pode ser combatida com reconhecimento de realiza\u00e7\u00f5es e busca de feedback construtivo.<\/p>\n\n\n\n<h2 class=\"wp-block-heading\">Por que a gratid\u00e3o importa tanto?<\/h2>\n\n\n\n<p>No corre-corre de construir uma vida, focar no que falta pode gerar insatisfa\u00e7\u00e3o. <strong>Praticar a gratid\u00e3o<\/strong> ajuda a mudar o foco do negativo para o positivo, promovendo um sentido de plenitude e bem-estar. Fa\u00e7a da gratid\u00e3o um h\u00e1bito e observe como isso transforma sua perspectiva.<\/p>\n\n\n\n<h2 class=\"wp-block-heading\">Resumindo os principais aprendizados<\/h2>\n\n\n\n<ul class=\"wp-block-list\">\n<li>Investir em <strong>educa\u00e7\u00e3o financeira<\/strong> desde cedo pode evitar problemas futuros.<\/li>\n\n\n\n<li>Priorizar a <strong>sa\u00fade mental<\/strong> auxilia na constru\u00e7\u00e3o de um futuro equilibrado.<\/li>\n\n\n\n<li>Reconhecer e sair de rela\u00e7\u00f5es t\u00f3xicas melhora a <strong>qualidade de vida<\/strong>.<\/li>\n<\/ul>\n","protected":false},"excerpt":{"rendered":"<p>Guia para ajudar jovens adultos a navegar pelos desafios comuns da vida na casa dos vinte anos, cobrindo finan\u00e7as, sa\u00fade mental, relacionamentos e crescimento pessoal.<\/p>\n","protected":false},"author":3,"featured_media":90610,"comment_status":"open","ping_status":"open","sticky":false,"template":"","format":"standard","meta":{"_yoast_wpseo_focuskw":"coisas fizemos 20 anos","_yoast_wpseo_title":"%%title%%","_yoast_wpseo_metadesc":"Guia para ajudar jovens adultos a navegar pelos desafios comuns da vida na casa dos vinte anos, cobrindo finan\u00e7as, sa\u00fade mental, relacionamentos e crescimento pessoal.","jnews-multi-image_gallery":[],"jnews_single_post":{"format":"standard"},"jnews_primary_category":[],"jnews_social_meta":[],"jnews_override_counter":[],"footnotes":""},"categories":[112],"post_tag":[144,404],"class_list":["post-90608","post","type-post","status-publish","format-standard","has-post-thumbnail","hentry","category-curiosidades","tag-curiosidades","tag-psicologia"],"yoast_head":"<!-- This site is optimized with the Yoast SEO plugin v24.6 - https:\/\/yoast.com\/wordpress\/plugins\/seo\/ -->\n<title>14 coisas que fizemos aos 20 anos que nos atrapalharam silenciosamente<\/title>\n<meta name=\"description\" content=\"Guia para ajudar jovens adultos a navegar pelos desafios comuns da vida na casa dos vinte anos, cobrindo finan\u00e7as, sa\u00fade mental, relacionamentos e crescimento pessoal.\" \/>\n<meta name=\"robots\" content=\"index, follow, max-snippet:-1, max-image-preview:large, max-video-preview:-1\" \/>\n<link rel=\"canonical\" href=\"https:\/\/www.correiobraziliense.com.br\/cbradar\/14-coisas-que-fizemos-aos-20-anos-que-nos-atrapalharam-silenciosamente\/\" \/>\n<meta property=\"og:locale\" content=\"pt_BR\" \/>\n<meta property=\"og:type\" content=\"article\" \/>\n<meta property=\"og:title\" content=\"14 coisas que fizemos aos 20 anos que nos atrapalharam silenciosamente\" \/>\n<meta property=\"og:description\" content=\"Guia para ajudar jovens adultos a navegar pelos desafios comuns da vida na casa dos vinte anos, cobrindo finan\u00e7as, sa\u00fade mental, relacionamentos e crescimento pessoal.\" \/>\n<meta property=\"og:url\" content=\"https:\/\/www.correiobraziliense.com.br\/cbradar\/14-coisas-que-fizemos-aos-20-anos-que-nos-atrapalharam-silenciosamente\/\" \/>\n<meta property=\"og:site_name\" content=\"Correio Braziliense - Radar\" \/>\n<meta property=\"article:published_time\" content=\"2025-08-21T22:30:00+00:00\" \/>\n<meta property=\"og:image\" content=\"https:\/\/www.correiobraziliense.com.br\/cbradar\/wp-content\/uploads\/2025\/08\/pessoa-triste_1755811336706.jpg\" \/>\n\t<meta property=\"og:image:width\" content=\"1280\" \/>\n\t<meta property=\"og:image:height\" content=\"720\" \/>\n\t<meta property=\"og:image:type\" content=\"image\/jpeg\" \/>\n<meta name=\"author\" content=\"Larissa Carvalho\" \/>\n<meta name=\"twitter:card\" content=\"summary_large_image\" \/>\n<meta name=\"twitter:label1\" content=\"Escrito por\" \/>\n\t<meta name=\"twitter:data1\" content=\"Larissa Carvalho\" \/>\n\t<meta name=\"twitter:label2\" content=\"Est. tempo de leitura\" \/>\n\t<meta name=\"twitter:data2\" content=\"6 minutos\" \/>\n<!-- \/ Yoast SEO plugin. -->","yoast_head_json":{"title":"14 coisas que fizemos aos 20 anos que nos atrapalharam silenciosamente","description":"Guia para ajudar jovens adultos a navegar pelos desafios comuns da vida na casa dos vinte anos, cobrindo finan\u00e7as, sa\u00fade mental, relacionamentos e crescimento pessoal.","robots":{"index":"index","follow":"follow","max-snippet":"max-snippet:-1","max-image-preview":"max-image-preview:large","max-video-preview":"max-video-preview:-1"},"canonical":"https:\/\/www.correiobraziliense.com.br\/cbradar\/14-coisas-que-fizemos-aos-20-anos-que-nos-atrapalharam-silenciosamente\/","og_locale":"pt_BR","og_type":"article","og_title":"14 coisas que fizemos aos 20 anos que nos atrapalharam silenciosamente","og_description":"Guia para ajudar jovens adultos a navegar pelos desafios comuns da vida na casa dos vinte anos, cobrindo finan\u00e7as, sa\u00fade mental, relacionamentos e crescimento pessoal.","og_url":"https:\/\/www.correiobraziliense.com.br\/cbradar\/14-coisas-que-fizemos-aos-20-anos-que-nos-atrapalharam-silenciosamente\/","og_site_name":"Correio Braziliense - Radar","article_published_time":"2025-08-21T22:30:00+00:00","og_image":[{"width":1280,"height":720,"url":"https:\/\/www.correiobraziliense.com.br\/cbradar\/wp-content\/uploads\/2025\/08\/pessoa-triste_1755811336706.jpg","type":"image\/jpeg"}],"author":"Larissa Carvalho","twitter_card":"summary_large_image","twitter_misc":{"Escrito por":"Larissa Carvalho","Est. tempo de leitura":"6 minutos"},"schema":{"@context":"https:\/\/schema.org","@graph":[{"@type":"WebPage","@id":"https:\/\/www.correiobraziliense.com.br\/cbradar\/14-coisas-que-fizemos-aos-20-anos-que-nos-atrapalharam-silenciosamente\/","url":"https:\/\/www.correiobraziliense.com.br\/cbradar\/14-coisas-que-fizemos-aos-20-anos-que-nos-atrapalharam-silenciosamente\/","name":"14 coisas que fizemos aos 20 anos que nos atrapalharam silenciosamente","isPartOf":{"@id":"https:\/\/www.correiobraziliense.com.br\/cbradar\/#website"},"primaryImageOfPage":{"@id":"https:\/\/www.correiobraziliense.com.br\/cbradar\/14-coisas-que-fizemos-aos-20-anos-que-nos-atrapalharam-silenciosamente\/#primaryimage"},"image":{"@id":"https:\/\/www.correiobraziliense.com.br\/cbradar\/14-coisas-que-fizemos-aos-20-anos-que-nos-atrapalharam-silenciosamente\/#primaryimage"},"thumbnailUrl":"https:\/\/www.correiobraziliense.com.br\/cbradar\/wp-content\/uploads\/2025\/08\/pessoa-triste_1755811336706.jpg","datePublished":"2025-08-21T22:30:00+00:00","author":{"@id":"https:\/\/www.correiobraziliense.com.br\/cbradar\/#\/schema\/person\/58422787644df994b53a19d3e56c1513"},"description":"Guia para ajudar jovens adultos a navegar pelos desafios comuns da vida na casa dos vinte anos, cobrindo finan\u00e7as, sa\u00fade mental, relacionamentos e crescimento pessoal.","breadcrumb":{"@id":"https:\/\/www.correiobraziliense.com.br\/cbradar\/14-coisas-que-fizemos-aos-20-anos-que-nos-atrapalharam-silenciosamente\/#breadcrumb"},"inLanguage":"pt-BR","potentialAction":[{"@type":"ReadAction","target":["https:\/\/www.correiobraziliense.com.br\/cbradar\/14-coisas-que-fizemos-aos-20-anos-que-nos-atrapalharam-silenciosamente\/"]}]},{"@type":"ImageObject","inLanguage":"pt-BR","@id":"https:\/\/www.correiobraziliense.com.br\/cbradar\/14-coisas-que-fizemos-aos-20-anos-que-nos-atrapalharam-silenciosamente\/#primaryimage","url":"https:\/\/www.correiobraziliense.com.br\/cbradar\/wp-content\/uploads\/2025\/08\/pessoa-triste_1755811336706.jpg","contentUrl":"https:\/\/www.correiobraziliense.com.br\/cbradar\/wp-content\/uploads\/2025\/08\/pessoa-triste_1755811336706.jpg","width":1280,"height":720,"caption":"pessoa triste. Cr\u00e9ditos: depositphotos.com \/ AlexShadyuk"},{"@type":"BreadcrumbList","@id":"https:\/\/www.correiobraziliense.com.br\/cbradar\/14-coisas-que-fizemos-aos-20-anos-que-nos-atrapalharam-silenciosamente\/#breadcrumb","itemListElement":[{"@type":"ListItem","position":1,"name":"In\u00edcio","item":"https:\/\/www.correiobraziliense.com.br\/cbradar\/"},{"@type":"ListItem","position":2,"name":"14 coisas que fizemos aos 20 anos que nos atrapalharam silenciosamente"}]},{"@type":"WebSite","@id":"https:\/\/www.correiobraziliense.com.br\/cbradar\/#website","url":"https:\/\/www.correiobraziliense.com.br\/cbradar\/","name":"Correio Braziliense - Radar","description":"Acompanhe as \u00faltimas not\u00edcias e fique bem informado sobre tudo o que acontece no Brasil e no mundo.","potentialAction":[{"@type":"SearchAction","target":{"@type":"EntryPoint","urlTemplate":"https:\/\/www.correiobraziliense.com.br\/cbradar\/?s={search_term_string}"},"query-input":{"@type":"PropertyValueSpecification","valueRequired":true,"valueName":"search_term_string"}}],"inLanguage":"pt-BR"},{"@type":"Person","@id":"https:\/\/www.correiobraziliense.com.br\/cbradar\/#\/schema\/person\/58422787644df994b53a19d3e56c1513","name":"Larissa Carvalho","image":{"@type":"ImageObject","inLanguage":"pt-BR","@id":"https:\/\/www.correiobraziliense.com.br\/cbradar\/#\/schema\/person\/image\/","url":"https:\/\/secure.gravatar.com\/avatar\/fe4f91a0de32b52a838d0d612abdc1aa?s=96&d=mm&r=g","contentUrl":"https:\/\/secure.gravatar.com\/avatar\/fe4f91a0de32b52a838d0d612abdc1aa?s=96&d=mm&r=g","caption":"Larissa Carvalho"},"url":"https:\/\/www.correiobraziliense.com.br\/cbradar\/author\/larissamyth\/"}]}},"_links":{"self":[{"href":"https:\/\/www.correiobraziliense.com.br\/cbradar\/wp-json\/wp\/v2\/posts\/90608","targetHints":{"allow":["GET"]}}],"collection":[{"href":"https:\/\/www.correiobraziliense.com.br\/cbradar\/wp-json\/wp\/v2\/posts"}],"about":[{"href":"https:\/\/www.correiobraziliense.com.br\/cbradar\/wp-json\/wp\/v2\/types\/post"}],"author":[{"embeddable":true,"href":"https:\/\/www.correiobraziliense.com.br\/cbradar\/wp-json\/wp\/v2\/users\/3"}],"replies":[{"embeddable":true,"href":"https:\/\/www.correiobraziliense.com.br\/cbradar\/wp-json\/wp\/v2\/comments?post=90608"}],"version-history":[{"count":2,"href":"https:\/\/www.correiobraziliense.com.br\/cbradar\/wp-json\/wp\/v2\/posts\/90608\/revisions"}],"predecessor-version":[{"id":90613,"href":"https:\/\/www.correiobraziliense.com.br\/cbradar\/wp-json\/wp\/v2\/posts\/90608\/revisions\/90613"}],"wp:featuredmedia":[{"embeddable":true,"href":"https:\/\/www.correiobraziliense.com.br\/cbradar\/wp-json\/wp\/v2\/media\/90610"}],"wp:attachment":[{"href":"https:\/\/www.correiobraziliense.com.br\/cbradar\/wp-json\/wp\/v2\/media?parent=90608"}],"wp:term":[{"taxonomy":"category","embeddable":true,"href":"https:\/\/www.correiobraziliense.com.br\/cbradar\/wp-json\/wp\/v2\/categories?post=90608"},{"taxonomy":"post_tag","embeddable":true,"href":"https:\/\/www.correiobraziliense.com.br\/cbradar\/wp-json\/wp\/v2\/post_tag?post=90608"}],"curies":[{"name":"wp","href":"https:\/\/api.w.org\/{rel}","templated":true}]}}