{"id":90703,"date":"2025-08-22T07:03:00","date_gmt":"2025-08-22T10:03:00","guid":{"rendered":"https:\/\/www.correiobraziliense.com.br\/cbradar\/?p=90703"},"modified":"2025-08-22T01:07:55","modified_gmt":"2025-08-22T04:07:55","slug":"viver-bem-e-possivel-nessa-cidade-brasileira-ecologica-e-inovadora","status":"publish","type":"post","link":"https:\/\/www.correiobraziliense.com.br\/cbradar\/viver-bem-e-possivel-nessa-cidade-brasileira-ecologica-e-inovadora\/","title":{"rendered":"Viver bem \u00e9 poss\u00edvel nessa cidade brasileira ecol\u00f3gica e inovadora"},"content":{"rendered":"\n<p><strong><a href=\"https:\/\/www.curitiba.pr.gov.br\/\" target=\"_blank\" rel=\"noreferrer noopener\">Curitiba<\/a><\/strong>, na regi\u00e3o Sul do <strong>Brasil<\/strong>, capital do <strong>Paran\u00e1<\/strong>, \u00e9 conhecida como \u201cCapital Ecol\u00f3gica\u201d. Com inova\u00e7\u00e3o urbana e qualidade de vida reconhecidas mundialmente, <strong>Curitiba<\/strong> \u00e9 ideal para morar. Conhe\u00e7a o que torna esta cidade um destino vibrante para viver e trabalhar.<\/p>\n\n\n\n<ul class=\"wp-block-list\">\n<li>Economia diversificada com ind\u00fastria automotiva e tecnol\u00f3gica de ponta<\/li>\n\n\n\n<li>Sistema de transporte p\u00fablico modelo para o mundo inteiro<\/li>\n\n\n\n<li>Qualidade de vida com parques urbanos e planejamento sustent\u00e1vel<\/li>\n<\/ul>\n\n\n\n<h2 class=\"wp-block-heading\">Por que morar em Curitiba?<\/h2>\n\n\n\n<p><strong>Curitiba<\/strong> possui um IDH de 0,823, segundo o <strong><strong>Programa das Na\u00e7\u00f5es Unidas para o Desenvolvimento<\/strong><\/strong>. A economia \u00e9 movida pelos setores automotivo, tecnol\u00f3gico e de servi\u00e7os, conforme a <strong>Prefeitura de Curitiba<\/strong>.<\/p>\n\n\n\n<p>Com cerca de 1,96 milh\u00e3o de habitantes na regi\u00e3o metropolitana, segundo o <strong>IBGE<\/strong>, a cidade oferece excelente infraestrutura de sa\u00fade e educa\u00e7\u00e3o. A seguran\u00e7a \u00e9 refor\u00e7ada com policiamento comunit\u00e1rio em \u00e1reas residenciais.<\/p>\n\n\n\n<p>O custo de vida \u00e9 competitivo comparado a outras capitais brasileiras. <strong>Curitiba<\/strong> conta com universidades renomadas como a <strong>Universidade Federal do Paran\u00e1<\/strong> e <strong>PUC-PR<\/strong>.<\/p>\n\n\n\n<p>A rede de sa\u00fade p\u00fablica \u00e9 refer\u00eancia nacional, com hospitais especializados. O sistema educacional inclui escolas t\u00e9cnicas integradas ao mercado de trabalho.<\/p>\n\n\n<div class=\"wp-block-image\">\n<figure class=\"aligncenter size-large\"><img decoding=\"async\" width=\"1024\" height=\"576\" src=\"https:\/\/www.correiobraziliense.com.br\/cbradar\/wp-content\/uploads\/2025\/02\/Curitiba_1739428654411-1024x576.jpg\" alt=\"A cidade brasileira que une tecnologia, \u00e1reas verdes e tranquilidade\" class=\"wp-image-2181\" srcset=\"https:\/\/www.correiobraziliense.com.br\/cbradar\/wp-content\/uploads\/2025\/02\/Curitiba_1739428654411-1024x576.jpg 1024w, https:\/\/www.correiobraziliense.com.br\/cbradar\/wp-content\/uploads\/2025\/02\/Curitiba_1739428654411-300x169.jpg 300w, https:\/\/www.correiobraziliense.com.br\/cbradar\/wp-content\/uploads\/2025\/02\/Curitiba_1739428654411-768x432.jpg 768w, https:\/\/www.correiobraziliense.com.br\/cbradar\/wp-content\/uploads\/2025\/02\/Curitiba_1739428654411-750x422.jpg 750w, https:\/\/www.correiobraziliense.com.br\/cbradar\/wp-content\/uploads\/2025\/02\/Curitiba_1739428654411-1140x641.jpg 1140w, https:\/\/www.correiobraziliense.com.br\/cbradar\/wp-content\/uploads\/2025\/02\/Curitiba_1739428654411.jpg 1280w\" sizes=\"(max-width: 1024px) 100vw, 1024px\" \/><figcaption class=\"wp-element-caption\">Curitiba \/\/ Cr\u00e9ditos: depositphotos.com \/ mbastos<\/figcaption><\/figure><\/div>\n\n\n<h2 class=\"wp-block-heading\">Quais s\u00e3o os melhores bairros para morar em Curitiba?<\/h2>\n\n\n\n<ul class=\"wp-block-list\">\n<li>O <strong>Batel<\/strong> \u00e9 sofisticado, com edif\u00edcios modernos e proximidade ao <strong>Parque Barigui<\/strong>. Ideal para profissionais que buscam localiza\u00e7\u00e3o central e comodidade urbana.<\/li>\n\n\n\n<li>O <strong>\u00c1gua Verde<\/strong> combina residencial e comercial, pr\u00f3ximo \u00e0 <strong>Rua 24 Horas<\/strong>. Oferece f\u00e1cil acesso ao transporte p\u00fablico e servi\u00e7os diversificados.<\/li>\n\n\n\n<li><strong>Ecoville<\/strong> \u00e9 planejado com conceitos sustent\u00e1veis e arquitetura contempor\u00e2nea. Atrai fam\u00edlias jovens que valorizam inova\u00e7\u00e3o e qualidade ambiental.<\/li>\n\n\n\n<li>O <strong>Centro C\u00edvico<\/strong> re\u00fane \u00f3rg\u00e3os p\u00fablicos e empresas, pr\u00f3ximo ao <strong>Museu Oscar Niemeyer<\/strong>. Concentra oportunidades profissionais e culturais da capital.<\/li>\n<\/ul>\n\n\n\n<figure class=\"wp-block-embed aligncenter is-type-video is-provider-youtube wp-block-embed-youtube wp-embed-aspect-16-9 wp-has-aspect-ratio\"><div class=\"wp-block-embed__wrapper\">\n<div class=\"jeg_video_container jeg_video_content\"><iframe loading=\"lazy\" title=\"Curitiba, Paran\u00e1, Brazil \ud83c\udde7\ud83c\uddf7 in 4K ULTRA HD 60FPS Video by Drone\" width=\"500\" height=\"281\" src=\"https:\/\/www.youtube.com\/embed\/Pi3swE_pjPA?feature=oembed\" frameborder=\"0\" allow=\"accelerometer; autoplay; clipboard-write; encrypted-media; gyroscope; picture-in-picture; web-share\" referrerpolicy=\"strict-origin-when-cross-origin\" allowfullscreen><\/iframe><\/div>\n<\/div><figcaption class=\"wp-element-caption\">Curitiba \/\/ Cr\u00e9ditos: YouTube @Exploropia<\/figcaption><\/figure>\n\n\n\n<h2 class=\"wp-block-heading\">Quais s\u00e3o as principais atra\u00e7\u00f5es tur\u00edsticas de Curitiba?<\/h2>\n\n\n\n<p>O <strong>Jardim Bot\u00e2nico<\/strong> encanta com sua estufa de tr\u00eas c\u00fapulas e jardins franceses. \u00c9 cart\u00e3o-postal da cidade e s\u00edmbolo da sustentabilidade urbana curitibana.<\/p>\n\n\n\n<p>A <strong>\u00d3pera de Arame<\/strong> impressiona pela estrutura tubular transparente no <strong>Parque das Pedreiras<\/strong>. Oferece apresenta\u00e7\u00f5es culturais em ambiente \u00fanico integrado \u00e0 natureza.<\/p>\n\n\n\n<p>O <strong>Museu Oscar Niemeyer<\/strong>, conhecido como <strong>Museu do Olho<\/strong>, destaca-se pela arquitetura futur\u00edstica. Abriga exposi\u00e7\u00f5es de arte contempor\u00e2nea e design brasileiro.<\/p>\n\n\n\n<p>O <strong>Parque Barigui<\/strong> \u00e9 o pulm\u00e3o verde da cidade com lago e trilhas. Atrai fam\u00edlias para caminhadas, exerc\u00edcios e contato com a fauna urbana.<\/p>\n\n\n\n<p>A <strong>Rua 24 Horas<\/strong> funciona ininterruptamente com lojas, restaurantes e servi\u00e7os. Representa a inova\u00e7\u00e3o urbana curitibana em com\u00e9rcio e conveni\u00eancia.<\/p>\n\n\n\n<ul class=\"wp-block-list\">\n<li><strong>Jardim Bot\u00e2nico<\/strong>: Estufa ic\u00f4nica com jardins tem\u00e1ticos e trilhas ecol\u00f3gicas<\/li>\n\n\n\n<li><strong>\u00d3pera de Arame<\/strong>: Teatro transparente em parque com apresenta\u00e7\u00f5es culturais<\/li>\n\n\n\n<li><strong>Museu Oscar Niemeyer<\/strong>: Arquitetura \u00fanica com acervo de arte contempor\u00e2nea<\/li>\n\n\n\n<li><strong>Parque Barigui<\/strong>: \u00c1rea verde urbana com lago e atividades recreativas<\/li>\n\n\n\n<li><strong>Rua 24 Horas<\/strong>: Galeria comercial que funciona todos os dias<\/li>\n<\/ul>\n\n\n<div class=\"wp-block-image\">\n<figure class=\"aligncenter size-large\"><img decoding=\"async\" width=\"1024\" height=\"576\" src=\"https:\/\/www.correiobraziliense.com.br\/cbradar\/wp-content\/uploads\/2025\/04\/curitiba_1744548906015-1024x576.jpg\" alt=\"A cidade brasileira que une tecnologia, \u00e1reas verdes e tranquilidade\" class=\"wp-image-22941\" srcset=\"https:\/\/www.correiobraziliense.com.br\/cbradar\/wp-content\/uploads\/2025\/04\/curitiba_1744548906015-1024x576.jpg 1024w, https:\/\/www.correiobraziliense.com.br\/cbradar\/wp-content\/uploads\/2025\/04\/curitiba_1744548906015-300x169.jpg 300w, https:\/\/www.correiobraziliense.com.br\/cbradar\/wp-content\/uploads\/2025\/04\/curitiba_1744548906015-768x432.jpg 768w, https:\/\/www.correiobraziliense.com.br\/cbradar\/wp-content\/uploads\/2025\/04\/curitiba_1744548906015-750x422.jpg 750w, https:\/\/www.correiobraziliense.com.br\/cbradar\/wp-content\/uploads\/2025\/04\/curitiba_1744548906015-1140x642.jpg 1140w, https:\/\/www.correiobraziliense.com.br\/cbradar\/wp-content\/uploads\/2025\/04\/curitiba_1744548906015.jpg 1279w\" sizes=\"(max-width: 1024px) 100vw, 1024px\" \/><figcaption class=\"wp-element-caption\">Curitiba \/\/ Cr\u00e9ditos: depositphotos.com \/ detanan<\/figcaption><\/figure><\/div>\n\n\n<h2 class=\"wp-block-heading\">Como \u00e9 a vida cultural em Curitiba?<\/h2>\n\n\n\n<p><strong>Curitiba<\/strong> vibra com o <strong>Festival de Inverno de Bonito<\/strong>, que re\u00fane m\u00fasica erudita e popular. O <strong>Teatro Gua\u00edra<\/strong> oferece espet\u00e1culos de dan\u00e7a, \u00f3pera e teatro cl\u00e1ssico.<\/p>\n\n\n\n<p>A gastronomia curitibana destaca pratos da imigra\u00e7\u00e3o europeia como o <strong>barreado<\/strong> paranaense. Feiras na <strong>Pra\u00e7a Garibaldi<\/strong> oferecem produtos org\u00e2nicos e artesanato local.<\/p>\n\n\n\n<p>O <strong>Memorial da Imigra\u00e7\u00e3o Polonesa<\/strong> preserva tradi\u00e7\u00f5es dos imigrantes europeus. <strong>Curitiba<\/strong> celebra sua diversidade cultural em festivais \u00e9tnicos durante o ano.<\/p>\n\n\n\n<h2 class=\"wp-block-heading\">Por que Curitiba \u00e9 refer\u00eancia em sustentabilidade urbana?<\/h2>\n\n\n\n<p><strong>Curitiba<\/strong> \u00e9 conhecida mundialmente por inova\u00e7\u00f5es no transporte p\u00fablico, segundo a <strong>Secretaria de Meio Ambiente de Curitiba<\/strong>. O sistema <strong>BRT<\/strong> (Bus Rapid Transit) inspirou cidades globais.<\/p>\n\n\n\n<p>A cidade possui mais de 30 parques urbanos integrados ao planejamento da cidade. <strong>Curitiba<\/strong> recicla 70% de seus res\u00edduos s\u00f3lidos atrav\u00e9s de programas pioneiros.<\/p>\n\n\n\n<p>O <strong>C\u00e2mbio Verde<\/strong> troca lixo recicl\u00e1vel por produtos hortigranjeiros. A gest\u00e3o ambiental curitibana \u00e9 modelo para metr\u00f3poles sustent\u00e1veis mundiais.<\/p>\n\n\n<div class=\"wp-block-image\">\n<figure class=\"aligncenter size-large\"><img decoding=\"async\" width=\"1024\" height=\"576\" src=\"https:\/\/www.correiobraziliense.com.br\/cbradar\/wp-content\/uploads\/2025\/08\/Edicoes-2025-08-09T021704.072-1024x576.png\" alt=\"\" class=\"wp-image-83398\" srcset=\"https:\/\/www.correiobraziliense.com.br\/cbradar\/wp-content\/uploads\/2025\/08\/Edicoes-2025-08-09T021704.072-1024x576.png 1024w, https:\/\/www.correiobraziliense.com.br\/cbradar\/wp-content\/uploads\/2025\/08\/Edicoes-2025-08-09T021704.072-300x169.png 300w, https:\/\/www.correiobraziliense.com.br\/cbradar\/wp-content\/uploads\/2025\/08\/Edicoes-2025-08-09T021704.072-768x432.png 768w, https:\/\/www.correiobraziliense.com.br\/cbradar\/wp-content\/uploads\/2025\/08\/Edicoes-2025-08-09T021704.072-750x422.png 750w, https:\/\/www.correiobraziliense.com.br\/cbradar\/wp-content\/uploads\/2025\/08\/Edicoes-2025-08-09T021704.072-1140x641.png 1140w, https:\/\/www.correiobraziliense.com.br\/cbradar\/wp-content\/uploads\/2025\/08\/Edicoes-2025-08-09T021704.072.png 1280w\" sizes=\"(max-width: 1024px) 100vw, 1024px\" \/><figcaption class=\"wp-element-caption\">Curitiba \/\/ Cr\u00e9ditos: YouTube @TheTMax<\/figcaption><\/figure><\/div>\n\n\n<h2 class=\"wp-block-heading\">A capital que virou modelo mundial<\/h2>\n\n\n\n<p><strong>Curitiba<\/strong> ganhou reconhecimento internacional pelas solu\u00e7\u00f5es urbanas inovadoras criadas pelo arquiteto <strong>Jamie Lerner<\/strong>. O planejamento urbano integrou transporte, meio ambiente e qualidade de vida.<\/p>\n\n\n\n<p>A cidade recebeu pr\u00eamios da <strong>ONU<\/strong> como <strong>Global Sustainable Transport Award<\/strong>. <strong>Curitiba<\/strong> influenciou pol\u00edticas p\u00fablicas urbanas em dezenas de pa\u00edses.<\/p>\n\n\n\n<p><strong>Leia tamb\u00e9m: <a href=\"https:\/\/www.correiobraziliense.com.br\/cbradar\/essa-cidade-se-destaca-no-brasil-por-seu-custo-de-vida-acessivel\/\" target=\"_blank\" rel=\"noreferrer noopener\">Essa cidade se destaca no Brasil por seu custo de vida acess\u00edvel<\/a>.<\/strong><\/p>\n\n\n\n<h2 class=\"wp-block-heading\">Melhor \u00e9poca para visitar Curitiba?<\/h2>\n\n\n\n<p>Entre mar\u00e7o e junho, <strong>Curitiba<\/strong> tem temperaturas entre 15\u202f\u00b0C e 25\u202f\u00b0C, segundo o <strong>Climatempo<\/strong>. O outono \u00e9 ideal para conhecer parques e museus com clima ameno.<\/p>\n\n\n\n<p>De setembro a dezembro, a primavera oferece temperaturas agrad\u00e1veis entre 18\u202f\u00b0C e 28\u202f\u00b0C. \u00c9 \u00e9poca de flora\u00e7\u00e3o nos jardins e parques da capital paranaense.<\/p>\n\n\n\n<p>O inverno, de junho a setembro, registra temperaturas entre 8\u202f\u00b0C e 18\u202f\u00b0C. \u00c9 temporada cultural com festivais de inverno e apresenta\u00e7\u00f5es teatrais.<\/p>\n\n\n\n<p>O ver\u00e3o, de dezembro a mar\u00e7o, tem temperaturas de 20\u202f\u00b0C a 30\u202f\u00b0C com chuvas regulares. \u00c9 per\u00edodo ideal para atividades ao ar livre nos parques urbanos.<\/p>\n\n\n\n<h2 class=\"wp-block-heading\">Vivencie Curitiba<\/h2>\n\n\n\n<p><strong>Curitiba<\/strong> une inova\u00e7\u00e3o urbana, sustentabilidade e qualidade de vida no <strong>Paran\u00e1<\/strong>. Do <strong>Jardim Bot\u00e2nico<\/strong> \u00e0 <strong>\u00d3pera de Arame<\/strong>, \u00e9 uma metr\u00f3pole vibrante e acolhedora. Planeje sua mudan\u00e7a para viver o charme da capital ecol\u00f3gica brasileira.<\/p>\n\n\n\n<ul class=\"wp-block-list\">\n<li>Inova\u00e7\u00e3o urbana com transporte p\u00fablico modelo mundial<\/li>\n\n\n\n<li>Sustentabilidade ambiental com parques integrados \u00e0 cidade<\/li>\n\n\n\n<li>Qualidade de vida com infraestrutura completa e cultura rica<\/li>\n<\/ul>\n","protected":false},"excerpt":{"rendered":"<p>Curitiba, na regi\u00e3o Sul do Brasil, capital do Paran\u00e1, \u00e9 conhecida como \u201cCapital Ecol\u00f3gica\u201d. Com inova\u00e7\u00e3o urbana e qualidade de vida reconhecidas mundialmente, Curitiba \u00e9 ideal para morar. Conhe\u00e7a o que torna esta cidade um destino vibrante para viver e trabalhar. Por que morar em Curitiba? Curitiba possui um IDH de 0,823, segundo o Programa [&hellip;]<\/p>\n","protected":false},"author":8,"featured_media":22942,"comment_status":"open","ping_status":"open","sticky":false,"template":"","format":"standard","meta":{"_yoast_wpseo_focuskw":"cidade","_yoast_wpseo_title":"","_yoast_wpseo_metadesc":"Conhe\u00e7a a cidade brasileira que alia inova\u00e7\u00e3o, sustentabilidade e qualidade de vida, mostrando ser poss\u00edvel viver bem no presente.","jnews-multi-image_gallery":[],"jnews_single_post":{"format":"standard"},"jnews_primary_category":[],"jnews_social_meta":[],"jnews_override_counter":[],"footnotes":""},"categories":[108,111],"post_tag":[225,449,9664,9665],"class_list":["post-90703","post","type-post","status-publish","format-standard","has-post-thumbnail","hentry","category-cidades","category-turismo","tag-brasil","tag-curitiba","tag-ecologica","tag-inovadora"],"yoast_head":"<!-- This site is optimized with the Yoast SEO plugin v24.6 - https:\/\/yoast.com\/wordpress\/plugins\/seo\/ -->\n<title>Viver bem \u00e9 poss\u00edvel nessa cidade brasileira ecol\u00f3gica e inovadora - Correio Braziliense - Radar<\/title>\n<meta name=\"description\" content=\"Conhe\u00e7a a cidade brasileira que alia inova\u00e7\u00e3o, sustentabilidade e qualidade de vida, mostrando ser poss\u00edvel viver bem no presente.\" \/>\n<meta name=\"robots\" content=\"index, follow, max-snippet:-1, max-image-preview:large, max-video-preview:-1\" \/>\n<link rel=\"canonical\" href=\"https:\/\/www.correiobraziliense.com.br\/cbradar\/viver-bem-e-possivel-nessa-cidade-brasileira-ecologica-e-inovadora\/\" \/>\n<meta property=\"og:locale\" content=\"pt_BR\" \/>\n<meta property=\"og:type\" content=\"article\" \/>\n<meta property=\"og:title\" content=\"Viver bem \u00e9 poss\u00edvel nessa cidade brasileira ecol\u00f3gica e inovadora - Correio Braziliense - Radar\" \/>\n<meta property=\"og:description\" content=\"Conhe\u00e7a a cidade brasileira que alia inova\u00e7\u00e3o, sustentabilidade e qualidade de vida, mostrando ser poss\u00edvel viver bem no presente.\" \/>\n<meta property=\"og:url\" content=\"https:\/\/www.correiobraziliense.com.br\/cbradar\/viver-bem-e-possivel-nessa-cidade-brasileira-ecologica-e-inovadora\/\" \/>\n<meta property=\"og:site_name\" content=\"Correio Braziliense - Radar\" \/>\n<meta property=\"article:published_time\" content=\"2025-08-22T10:03:00+00:00\" \/>\n<meta property=\"og:image\" content=\"https:\/\/www.correiobraziliense.com.br\/cbradar\/wp-content\/uploads\/2025\/04\/curitiba_1744549014194.jpg\" \/>\n\t<meta property=\"og:image:width\" content=\"1280\" \/>\n\t<meta property=\"og:image:height\" content=\"720\" \/>\n\t<meta property=\"og:image:type\" content=\"image\/jpeg\" \/>\n<meta name=\"author\" content=\"Maura Pereira\" \/>\n<meta name=\"twitter:card\" content=\"summary_large_image\" \/>\n<meta name=\"twitter:label1\" content=\"Escrito por\" \/>\n\t<meta name=\"twitter:data1\" content=\"Maura Pereira\" \/>\n\t<meta name=\"twitter:label2\" content=\"Est. tempo de leitura\" \/>\n\t<meta name=\"twitter:data2\" content=\"6 minutos\" \/>\n<!-- \/ Yoast SEO plugin. -->","yoast_head_json":{"title":"Viver bem \u00e9 poss\u00edvel nessa cidade brasileira ecol\u00f3gica e inovadora - Correio Braziliense - Radar","description":"Conhe\u00e7a a cidade brasileira que alia inova\u00e7\u00e3o, sustentabilidade e qualidade de vida, mostrando ser poss\u00edvel viver bem no presente.","robots":{"index":"index","follow":"follow","max-snippet":"max-snippet:-1","max-image-preview":"max-image-preview:large","max-video-preview":"max-video-preview:-1"},"canonical":"https:\/\/www.correiobraziliense.com.br\/cbradar\/viver-bem-e-possivel-nessa-cidade-brasileira-ecologica-e-inovadora\/","og_locale":"pt_BR","og_type":"article","og_title":"Viver bem \u00e9 poss\u00edvel nessa cidade brasileira ecol\u00f3gica e inovadora - Correio Braziliense - Radar","og_description":"Conhe\u00e7a a cidade brasileira que alia inova\u00e7\u00e3o, sustentabilidade e qualidade de vida, mostrando ser poss\u00edvel viver bem no presente.","og_url":"https:\/\/www.correiobraziliense.com.br\/cbradar\/viver-bem-e-possivel-nessa-cidade-brasileira-ecologica-e-inovadora\/","og_site_name":"Correio Braziliense - Radar","article_published_time":"2025-08-22T10:03:00+00:00","og_image":[{"width":1280,"height":720,"url":"https:\/\/www.correiobraziliense.com.br\/cbradar\/wp-content\/uploads\/2025\/04\/curitiba_1744549014194.jpg","type":"image\/jpeg"}],"author":"Maura Pereira","twitter_card":"summary_large_image","twitter_misc":{"Escrito por":"Maura Pereira","Est. tempo de leitura":"6 minutos"},"schema":{"@context":"https:\/\/schema.org","@graph":[{"@type":"WebPage","@id":"https:\/\/www.correiobraziliense.com.br\/cbradar\/viver-bem-e-possivel-nessa-cidade-brasileira-ecologica-e-inovadora\/","url":"https:\/\/www.correiobraziliense.com.br\/cbradar\/viver-bem-e-possivel-nessa-cidade-brasileira-ecologica-e-inovadora\/","name":"Viver bem \u00e9 poss\u00edvel nessa cidade brasileira ecol\u00f3gica e inovadora - Correio Braziliense - Radar","isPartOf":{"@id":"https:\/\/www.correiobraziliense.com.br\/cbradar\/#website"},"primaryImageOfPage":{"@id":"https:\/\/www.correiobraziliense.com.br\/cbradar\/viver-bem-e-possivel-nessa-cidade-brasileira-ecologica-e-inovadora\/#primaryimage"},"image":{"@id":"https:\/\/www.correiobraziliense.com.br\/cbradar\/viver-bem-e-possivel-nessa-cidade-brasileira-ecologica-e-inovadora\/#primaryimage"},"thumbnailUrl":"https:\/\/www.correiobraziliense.com.br\/cbradar\/wp-content\/uploads\/2025\/04\/curitiba_1744549014194.jpg","datePublished":"2025-08-22T10:03:00+00:00","author":{"@id":"https:\/\/www.correiobraziliense.com.br\/cbradar\/#\/schema\/person\/4053c651a9bfc785afc6f4cbc9032fd3"},"description":"Conhe\u00e7a a cidade brasileira que alia inova\u00e7\u00e3o, sustentabilidade e qualidade de vida, mostrando ser poss\u00edvel viver bem no presente.","breadcrumb":{"@id":"https:\/\/www.correiobraziliense.com.br\/cbradar\/viver-bem-e-possivel-nessa-cidade-brasileira-ecologica-e-inovadora\/#breadcrumb"},"inLanguage":"pt-BR","potentialAction":[{"@type":"ReadAction","target":["https:\/\/www.correiobraziliense.com.br\/cbradar\/viver-bem-e-possivel-nessa-cidade-brasileira-ecologica-e-inovadora\/"]}]},{"@type":"ImageObject","inLanguage":"pt-BR","@id":"https:\/\/www.correiobraziliense.com.br\/cbradar\/viver-bem-e-possivel-nessa-cidade-brasileira-ecologica-e-inovadora\/#primaryimage","url":"https:\/\/www.correiobraziliense.com.br\/cbradar\/wp-content\/uploads\/2025\/04\/curitiba_1744549014194.jpg","contentUrl":"https:\/\/www.correiobraziliense.com.br\/cbradar\/wp-content\/uploads\/2025\/04\/curitiba_1744549014194.jpg","width":1280,"height":720,"caption":"Viva Curitiba, cidade verde que inspira qualidade de vida com inova\u00e7\u00e3o e cultura vibrante. \/\/ Cr\u00e9ditos: depositphotos.com \/ sergio_pulp"},{"@type":"BreadcrumbList","@id":"https:\/\/www.correiobraziliense.com.br\/cbradar\/viver-bem-e-possivel-nessa-cidade-brasileira-ecologica-e-inovadora\/#breadcrumb","itemListElement":[{"@type":"ListItem","position":1,"name":"In\u00edcio","item":"https:\/\/www.correiobraziliense.com.br\/cbradar\/"},{"@type":"ListItem","position":2,"name":"Viver bem \u00e9 poss\u00edvel nessa cidade brasileira ecol\u00f3gica e inovadora"}]},{"@type":"WebSite","@id":"https:\/\/www.correiobraziliense.com.br\/cbradar\/#website","url":"https:\/\/www.correiobraziliense.com.br\/cbradar\/","name":"Correio Braziliense - Radar","description":"Acompanhe as \u00faltimas not\u00edcias e fique bem informado sobre tudo o que acontece no Brasil e no mundo.","potentialAction":[{"@type":"SearchAction","target":{"@type":"EntryPoint","urlTemplate":"https:\/\/www.correiobraziliense.com.br\/cbradar\/?s={search_term_string}"},"query-input":{"@type":"PropertyValueSpecification","valueRequired":true,"valueName":"search_term_string"}}],"inLanguage":"pt-BR"},{"@type":"Person","@id":"https:\/\/www.correiobraziliense.com.br\/cbradar\/#\/schema\/person\/4053c651a9bfc785afc6f4cbc9032fd3","name":"Maura Pereira","image":{"@type":"ImageObject","inLanguage":"pt-BR","@id":"https:\/\/www.correiobraziliense.com.br\/cbradar\/#\/schema\/person\/image\/","url":"https:\/\/secure.gravatar.com\/avatar\/3effd6bdadfa447f15089c7f7144eaa6?s=96&d=mm&r=g","contentUrl":"https:\/\/secure.gravatar.com\/avatar\/3effd6bdadfa447f15089c7f7144eaa6?s=96&d=mm&r=g","caption":"Maura Pereira"},"sameAs":["https:\/\/www.correiobraziliense.com.br\/"],"url":"https:\/\/www.correiobraziliense.com.br\/cbradar\/author\/mauramyth\/"}]}},"_links":{"self":[{"href":"https:\/\/www.correiobraziliense.com.br\/cbradar\/wp-json\/wp\/v2\/posts\/90703","targetHints":{"allow":["GET"]}}],"collection":[{"href":"https:\/\/www.correiobraziliense.com.br\/cbradar\/wp-json\/wp\/v2\/posts"}],"about":[{"href":"https:\/\/www.correiobraziliense.com.br\/cbradar\/wp-json\/wp\/v2\/types\/post"}],"author":[{"embeddable":true,"href":"https:\/\/www.correiobraziliense.com.br\/cbradar\/wp-json\/wp\/v2\/users\/8"}],"replies":[{"embeddable":true,"href":"https:\/\/www.correiobraziliense.com.br\/cbradar\/wp-json\/wp\/v2\/comments?post=90703"}],"version-history":[{"count":15,"href":"https:\/\/www.correiobraziliense.com.br\/cbradar\/wp-json\/wp\/v2\/posts\/90703\/revisions"}],"predecessor-version":[{"id":90763,"href":"https:\/\/www.correiobraziliense.com.br\/cbradar\/wp-json\/wp\/v2\/posts\/90703\/revisions\/90763"}],"wp:featuredmedia":[{"embeddable":true,"href":"https:\/\/www.correiobraziliense.com.br\/cbradar\/wp-json\/wp\/v2\/media\/22942"}],"wp:attachment":[{"href":"https:\/\/www.correiobraziliense.com.br\/cbradar\/wp-json\/wp\/v2\/media?parent=90703"}],"wp:term":[{"taxonomy":"category","embeddable":true,"href":"https:\/\/www.correiobraziliense.com.br\/cbradar\/wp-json\/wp\/v2\/categories?post=90703"},{"taxonomy":"post_tag","embeddable":true,"href":"https:\/\/www.correiobraziliense.com.br\/cbradar\/wp-json\/wp\/v2\/post_tag?post=90703"}],"curies":[{"name":"wp","href":"https:\/\/api.w.org\/{rel}","templated":true}]}}