{"id":90707,"date":"2025-08-22T18:33:00","date_gmt":"2025-08-22T21:33:00","guid":{"rendered":"https:\/\/www.correiobraziliense.com.br\/cbradar\/?p=90707"},"modified":"2025-08-22T01:30:45","modified_gmt":"2025-08-22T04:30:45","slug":"a-cidade-estrategica-que-conquista-turistas-com-sua-localizacao-privilegiada","status":"publish","type":"post","link":"https:\/\/www.correiobraziliense.com.br\/cbradar\/a-cidade-estrategica-que-conquista-turistas-com-sua-localizacao-privilegiada\/","title":{"rendered":"A cidade estrat\u00e9gica que conquista turistas com sua localiza\u00e7\u00e3o privilegiada"},"content":{"rendered":"\n<p><strong><a href=\"https:\/\/www.pjf.mg.gov.br\/\" target=\"_blank\" rel=\"noreferrer noopener\">Juiz de Fora<\/a><\/strong>, na <strong>Zona da Mata<\/strong> de <strong>Minas Gerais<\/strong>, <strong>Brasil<\/strong>, a 280 km de <strong>Belo Horizonte<\/strong> e pr\u00f3xima a <strong>Barbacena<\/strong> e <strong>Muria\u00e9<\/strong>, \u00e9 conhecida como \u201c<strong>Manchester Mineira<\/strong>\u201d. Com tradi\u00e7\u00e3o universit\u00e1ria e economia diversificada, <strong>Juiz de Fora<\/strong> \u00e9 ideal para morar. Conhe\u00e7a o que torna esta cidade um polo regional de desenvolvimento e cultura.<\/p>\n\n\n\n<ul class=\"wp-block-list\">\n<li>Centro econ\u00f4mico regional com ind\u00fastria, com\u00e9rcio e servi\u00e7os consolidados.<\/li>\n\n\n\n<li>Tradi\u00e7\u00e3o educacional com universidades renomadas e ensino de qualidade.<\/li>\n\n\n\n<li>Localiza\u00e7\u00e3o estrat\u00e9gica entre <strong>Rio de Janeiro<\/strong>, <strong>Belo Horizonte<\/strong> e <strong>S\u00e3o Paulo<\/strong>.<\/li>\n<\/ul>\n\n\n\n<h2 class=\"wp-block-heading\">Por que morar em Juiz de Fora?<\/h2>\n\n\n\n<p><strong>Juiz de Fora<\/strong> possui um IDH de 0,778, segundo o <strong><strong>Programa das Na\u00e7\u00f5es Unidas para o Desenvolvimento<\/strong><\/strong>, classificando-a como cidade de alto desenvolvimento humano. A economia \u00e9 diversificada com ind\u00fastria sider\u00fargica, aliment\u00edcia e setor de servi\u00e7os, conforme a <strong>Prefeitura de Juiz de Fora<\/strong>.<\/p>\n\n\n\n<p>Com cerca de 568 mil habitantes, segundo o <strong>IBGE<\/strong>, a cidade oferece infraestrutura metropolitana completa. O sistema de sa\u00fade p\u00fablico e privado atende toda regi\u00e3o com hospitais especializados e cl\u00ednicas modernas.<\/p>\n\n\n\n<p>A seguran\u00e7a urbana conta com policiamento integrado e baixos \u00edndices de criminalidade violenta nas \u00e1reas centrais. O custo de vida \u00e9 inferior ao de capitais, com alugu\u00e9is mais acess\u00edveis e servi\u00e7os competitivos.<\/p>\n\n\n\n<p>A educa\u00e7\u00e3o superior \u00e9 destaque com a <strong>Universidade Federal de Juiz de Fora<\/strong> e institui\u00e7\u00f5es privadas reconhecidas. O mercado profissional absorve graduados em diversas \u00e1reas do conhecimento.<\/p>\n\n\n<div class=\"wp-block-image\">\n<figure class=\"aligncenter size-large\"><img decoding=\"async\" width=\"1024\" height=\"576\" src=\"https:\/\/www.correiobraziliense.com.br\/cbradar\/wp-content\/uploads\/2025\/02\/Juiz-de-Fora_1740684674196-1024x576.jpg\" alt=\"A Manchester Mineira oferece qualidade de vida compar\u00e1vel a Europa\" class=\"wp-image-7024\" srcset=\"https:\/\/www.correiobraziliense.com.br\/cbradar\/wp-content\/uploads\/2025\/02\/Juiz-de-Fora_1740684674196-1024x576.jpg 1024w, https:\/\/www.correiobraziliense.com.br\/cbradar\/wp-content\/uploads\/2025\/02\/Juiz-de-Fora_1740684674196-300x169.jpg 300w, https:\/\/www.correiobraziliense.com.br\/cbradar\/wp-content\/uploads\/2025\/02\/Juiz-de-Fora_1740684674196-768x432.jpg 768w, https:\/\/www.correiobraziliense.com.br\/cbradar\/wp-content\/uploads\/2025\/02\/Juiz-de-Fora_1740684674196-750x422.jpg 750w, https:\/\/www.correiobraziliense.com.br\/cbradar\/wp-content\/uploads\/2025\/02\/Juiz-de-Fora_1740684674196-1140x641.jpg 1140w, https:\/\/www.correiobraziliense.com.br\/cbradar\/wp-content\/uploads\/2025\/02\/Juiz-de-Fora_1740684674196.jpg 1280w\" sizes=\"(max-width: 1024px) 100vw, 1024px\" \/><figcaption class=\"wp-element-caption\">Juiz de Fora \/\/ Cr\u00e9ditos: depositphotos.com \/ hug0martins<\/figcaption><\/figure><\/div>\n\n\n<h2 class=\"wp-block-heading\">Quais s\u00e3o os melhores bairros para morar em Juiz de Fora?<\/h2>\n\n\n\n<ul class=\"wp-block-list\">\n<li>O <strong>Centro<\/strong> concentra com\u00e9rcio, servi\u00e7os e vida cultural pr\u00f3ximo ao <strong>Parque Halfeld<\/strong>. Profissionais liberais encontram aqui conveni\u00eancia urbana completa.<\/li>\n\n\n\n<li><strong>Cascatinha<\/strong> oferece qualidade de vida residencial com proximidade \u00e0 <strong>Universidade Federal<\/strong>. Fam\u00edlias de professores e estudantes escolhem esta regi\u00e3o tranquila.<\/li>\n\n\n\n<li>O <strong>Alto dos Passos<\/strong> destaca-se pelos condom\u00ednios modernos e vista privilegiada da cidade. A regi\u00e3o combina seguran\u00e7a com f\u00e1cil acesso ao <strong>Centro<\/strong>.<\/li>\n\n\n\n<li><strong>S\u00e3o Mateus<\/strong> \u00e9 conhecido pela infraestrutura consolidada e com\u00e9rcio local forte. O bairro atende fam\u00edlias que buscam praticidade no dia a dia.<\/li>\n\n\n\n<li><strong>Paineiras<\/strong> oferece ambiente residencial arborizado pr\u00f3ximo ao <strong>Shopping Independ\u00eancia<\/strong>. A regi\u00e3o \u00e9 preferida por executivos e profissionais liberais.<\/li>\n<\/ul>\n\n\n\n<figure class=\"wp-block-embed aligncenter is-type-video is-provider-youtube wp-block-embed-youtube wp-embed-aspect-16-9 wp-has-aspect-ratio\"><div class=\"wp-block-embed__wrapper\">\n<div class=\"jeg_video_container jeg_video_content\"><iframe loading=\"lazy\" title=\"FLYING DRONE 4K JUIZ DE FORA CITY BRAZIL \ud83c\udde7\ud83c\uddf7\" width=\"500\" height=\"281\" src=\"https:\/\/www.youtube.com\/embed\/MLKC-dCyfGI?feature=oembed\" frameborder=\"0\" allow=\"accelerometer; autoplay; clipboard-write; encrypted-media; gyroscope; picture-in-picture; web-share\" referrerpolicy=\"strict-origin-when-cross-origin\" allowfullscreen><\/iframe><\/div>\n<\/div><figcaption class=\"wp-element-caption\">Juiz de Fora \/\/ Cr\u00e9ditos: YouTube @mattmarques<\/figcaption><\/figure>\n\n\n\n<h2 class=\"wp-block-heading\">Quais s\u00e3o as principais atra\u00e7\u00f5es tur\u00edsticas de Juiz de Fora?<\/h2>\n\n\n\n<p>O <strong>Museu Mariano Proc\u00f3pio<\/strong> impressiona com acervo hist\u00f3rico \u00fanico, incluindo m\u00f3veis imperiais e obras de arte. O palacete e jardins transportam visitantes ao s\u00e9culo XIX, segundo o <strong>TripAdvisor<\/strong>.<\/p>\n\n\n\n<p>O <strong>Parque Halfeld<\/strong> \u00e9 cora\u00e7\u00e3o verde da cidade com teatro ao ar livre, chafarizes e \u00e1rea de lazer. Fam\u00edlias se re\u00fanem aqui para eventos culturais e momentos de descanso.<\/p>\n\n\n\n<p>A <strong>Catedral Metropolitana<\/strong> encanta pela arquitetura neog\u00f3tica e vitrais coloridos importados da <strong>Fran\u00e7a<\/strong>. O templo \u00e9 patrim\u00f4nio religioso e art\u00edstico da regi\u00e3o.<\/p>\n\n\n\n<p>O <strong>Morro do Cristo<\/strong> oferece vista panor\u00e2mica da cidade com est\u00e1tua de 18 metros de altura. O local \u00e9 ponto de peregrina\u00e7\u00e3o e contempla\u00e7\u00e3o da natureza urbana.<\/p>\n\n\n\n<p>A <strong>Cervejaria Borck<\/strong> preserva tradi\u00e7\u00e3o alem\u00e3 com visitas guiadas e degusta\u00e7\u00e3o de cervejas artesanais. A f\u00e1brica centen\u00e1ria mant\u00e9m receitas originais dos imigrantes.<\/p>\n\n\n\n<ul class=\"wp-block-list\">\n<li><strong>Museu Mariano Proc\u00f3pio<\/strong>: Hist\u00f3ria imperial em palacete e jardins hist\u00f3ricos.<\/li>\n\n\n\n<li><strong>Parque Halfeld<\/strong>: Cora\u00e7\u00e3o verde com teatro e eventos culturais.<\/li>\n\n\n\n<li><strong>Catedral Metropolitana<\/strong>: Arquitetura neog\u00f3tica com vitrais franceses.<\/li>\n\n\n\n<li><strong>Morro do Cristo<\/strong>: Vista panor\u00e2mica e ponto de contempla\u00e7\u00e3o.<\/li>\n\n\n\n<li><strong>Cervejaria Borck<\/strong>: Tradi\u00e7\u00e3o alem\u00e3 em cervejas artesanais centen\u00e1rias.<\/li>\n<\/ul>\n\n\n<div class=\"wp-block-image\">\n<figure class=\"aligncenter size-large\"><img decoding=\"async\" width=\"1024\" height=\"576\" src=\"https:\/\/www.correiobraziliense.com.br\/cbradar\/wp-content\/uploads\/2025\/07\/Edicoes-27-1024x576.png\" alt=\"Cidade mineira que se destaca entre as melhores para viver no Brasil\" class=\"wp-image-63108\" srcset=\"https:\/\/www.correiobraziliense.com.br\/cbradar\/wp-content\/uploads\/2025\/07\/Edicoes-27-1024x576.png 1024w, https:\/\/www.correiobraziliense.com.br\/cbradar\/wp-content\/uploads\/2025\/07\/Edicoes-27-300x169.png 300w, https:\/\/www.correiobraziliense.com.br\/cbradar\/wp-content\/uploads\/2025\/07\/Edicoes-27-768x432.png 768w, https:\/\/www.correiobraziliense.com.br\/cbradar\/wp-content\/uploads\/2025\/07\/Edicoes-27-750x422.png 750w, https:\/\/www.correiobraziliense.com.br\/cbradar\/wp-content\/uploads\/2025\/07\/Edicoes-27-1140x641.png 1140w, https:\/\/www.correiobraziliense.com.br\/cbradar\/wp-content\/uploads\/2025\/07\/Edicoes-27.png 1280w\" sizes=\"(max-width: 1024px) 100vw, 1024px\" \/><figcaption class=\"wp-element-caption\">Juiz de Fora \u2013 SP \/\/ Cr\u00e9ditos: YouTube @Qdronefpv<\/figcaption><\/figure><\/div>\n\n\n<h2 class=\"wp-block-heading\">Como \u00e9 a vida cultural em Juiz de Fora?<\/h2>\n\n\n\n<p><strong>Juiz de Fora<\/strong> vibra com o <strong>Festival de Inverno<\/strong>, que re\u00fane m\u00fasica erudita, popular e workshops durante julho. O <strong>Teatro Central<\/strong> oferece programa\u00e7\u00e3o variada com espet\u00e1culos nacionais e locais.<\/p>\n\n\n\n<p>A <strong>Feira de Artesanato<\/strong> do <strong>Parque Halfeld<\/strong> acontece nos fins de semana, destacando trabalhos manuais e gastronomia regional. Artistas locais exp\u00f5em cria\u00e7\u00f5es \u00fanicas.<\/p>\n\n\n\n<p>A gastronomia mineira marca presen\u00e7a com restaurantes tradicionais servindo p\u00e3o de a\u00e7\u00facar, doce de leite e pratos t\u00edpicos. O <strong>Mercado Municipal<\/strong> preserva sabores centen\u00e1rios da regi\u00e3o.<\/p>\n\n\n\n<p>O <strong>Cine-Theatro Central<\/strong> \u00e9 patrim\u00f4nio cultural com arquitetura art d\u00e9co e programa\u00e7\u00e3o cinematogr\u00e1fica diversificada. O espa\u00e7o mant\u00e9m tradi\u00e7\u00e3o desde 1929.<\/p>\n\n\n\n<p>**Leia tamb\u00e9m: <strong>Roteiro cultural pela Zona da Mata Mineira<\/strong>.<\/p>\n\n\n\n<h2 class=\"wp-block-heading\">Por que Juiz de Fora \u00e9 refer\u00eancia em educa\u00e7\u00e3o superior?<\/h2>\n\n\n\n<p><strong>Juiz de Fora<\/strong> \u00e9 conhecida como polo educacional da <strong>Zona da Mata<\/strong>, segundo a <strong>Secretaria de Educa\u00e7\u00e3o de Juiz de Fora<\/strong>. A <strong>Universidade Federal<\/strong> oferece mais de 50 cursos de gradua\u00e7\u00e3o com reconhecimento nacional.<\/p>\n\n\n\n<p>O setor educacional emprega milhares de profissionais entre professores, pesquisadores e funcion\u00e1rios administrativos. Institutos t\u00e9cnicos complementam forma\u00e7\u00e3o profissional especializada.<\/p>\n\n\n\n<p>A cidade recebe estudantes de toda regi\u00e3o <strong>Sudeste<\/strong>, movimentando economia local com moradia estudantil e servi\u00e7os. O ambiente universit\u00e1rio enriquece vida cultural urbana.<\/p>\n\n\n<div class=\"wp-block-image\">\n<figure class=\"aligncenter size-large\"><img decoding=\"async\" width=\"1024\" height=\"576\" src=\"https:\/\/www.correiobraziliense.com.br\/cbradar\/wp-content\/uploads\/2025\/02\/Samsung-Galaxy-A55-17-1024x576.png\" alt=\"A Manchester Mineira oferece qualidade de vida compar\u00e1vel a Europa\" class=\"wp-image-7029\" srcset=\"https:\/\/www.correiobraziliense.com.br\/cbradar\/wp-content\/uploads\/2025\/02\/Samsung-Galaxy-A55-17-1024x576.png 1024w, https:\/\/www.correiobraziliense.com.br\/cbradar\/wp-content\/uploads\/2025\/02\/Samsung-Galaxy-A55-17-300x169.png 300w, https:\/\/www.correiobraziliense.com.br\/cbradar\/wp-content\/uploads\/2025\/02\/Samsung-Galaxy-A55-17-768x432.png 768w, https:\/\/www.correiobraziliense.com.br\/cbradar\/wp-content\/uploads\/2025\/02\/Samsung-Galaxy-A55-17-750x422.png 750w, https:\/\/www.correiobraziliense.com.br\/cbradar\/wp-content\/uploads\/2025\/02\/Samsung-Galaxy-A55-17-1140x641.png 1140w, https:\/\/www.correiobraziliense.com.br\/cbradar\/wp-content\/uploads\/2025\/02\/Samsung-Galaxy-A55-17.png 1280w\" sizes=\"(max-width: 1024px) 100vw, 1024px\" \/><figcaption class=\"wp-element-caption\">Juiz de Fora \/\/ Reprodu\u00e7\u00e3o: Wikimedia Commons<\/figcaption><\/figure><\/div>\n\n\n<h2 class=\"wp-block-heading\">A ferrovia que construiu a Manchester Mineira<\/h2>\n\n\n\n<p><strong>Juiz de Fora<\/strong> ganhou o apelido &#8220;<strong>Manchester Mineira<\/strong>&#8221; durante a expans\u00e3o ferrovi\u00e1ria do s\u00e9culo XIX. A <strong>Estrada de Ferro Dom Pedro II<\/strong> transformou a cidade em centro de distribui\u00e7\u00e3o regional.<\/p>\n\n\n\n<p>Ind\u00fastrias t\u00eaxteis e metal\u00fargicas se instalaram aproveitando transporte ferrovi\u00e1rio para <strong>Rio de Janeiro<\/strong> e <strong>S\u00e3o Paulo<\/strong>. O desenvolvimento industrial marcou \u00e9poca dourada da economia local.<\/p>\n\n\n\n<p>A <strong>Esta\u00e7\u00e3o Ferrovi\u00e1ria<\/strong> preserva arquitetura hist\u00f3rica como marco do progresso regional. Trilhos desativados viraram ciclovias e espa\u00e7os de lazer urbano.<\/p>\n\n\n\n<p><strong>Leia tamb\u00e9m: <a href=\"https:\/\/www.correiobraziliense.com.br\/cbradar\/essa-cidade-se-destaca-no-brasil-por-seu-custo-de-vida-acessivel\/\" target=\"_blank\" rel=\"noreferrer noopener\">Essa cidade se destaca no Brasil por seu custo de vida acess\u00edvel<\/a>.<\/strong><\/p>\n\n\n\n<h2 class=\"wp-block-heading\">Melhor \u00e9poca para visitar Juiz de Fora?<\/h2>\n\n\n\n<p>Entre <strong>maio<\/strong> e <strong>julho<\/strong>, <strong>Juiz de Fora<\/strong> tem temperaturas entre 12\u202f\u00b0C e 24\u202f\u00b0C, segundo o <strong>Climatempo<\/strong>. Outono e inverno s\u00e3o ideais para <strong>Festival de Inverno<\/strong> e visitas aos museus.<\/p>\n\n\n\n<p><strong>Agosto<\/strong> e <strong>setembro<\/strong> marcam o fim do inverno com dias ensolarados e noites frescas. Temperaturas amenas favorecem caminhadas pelo <strong>Centro Hist\u00f3rico<\/strong> e <strong>Parque Halfeld<\/strong>.<\/p>\n\n\n\n<p>A primavera de <strong>outubro<\/strong> a <strong>dezembro<\/strong> traz temperaturas de 18\u202f\u00b0C a 28\u202f\u00b0C, perfeitas para atividades ao ar livre. Flores nos jardins p\u00fablicos embelezam a paisagem urbana.<\/p>\n\n\n\n<p>O ver\u00e3o de <strong>dezembro<\/strong> a <strong>fevereiro<\/strong> tem temperaturas de 20\u202f\u00b0C a 30\u202f\u00b0C com chuvas regulares. Tardes chuvosas refrescam o clima e alimentam vegeta\u00e7\u00e3o local.<\/p>\n\n\n\n<h2 class=\"wp-block-heading\">Vivencie Juiz de Fora<\/h2>\n\n\n\n<p><strong>Juiz de Fora<\/strong> une tradi\u00e7\u00e3o hist\u00f3rica, educa\u00e7\u00e3o de qualidade e economia diversificada em <strong>Minas Gerais<\/strong>. Do <strong>Museu Mariano Proc\u00f3pio<\/strong> ao <strong>Festival de Inverno<\/strong>, \u00e9 um destino completo para morar e prosperar. Planeje sua mudan\u00e7a para viver o charme da <strong>Manchester Mineira<\/strong>.<\/p>\n\n\n\n<ul class=\"wp-block-list\">\n<li>Polo regional com infraestrutura metropolitana completa.<\/li>\n\n\n\n<li>Centro educacional com universidades renomadas e tradi\u00e7\u00e3o acad\u00eamica.<\/li>\n\n\n\n<li>Localiza\u00e7\u00e3o estrat\u00e9gica entre principais centros econ\u00f4micos do pa\u00eds.<\/li>\n<\/ul>\n","protected":false},"excerpt":{"rendered":"<p>Juiz de Fora, na Zona da Mata de Minas Gerais, Brasil, a 280 km de Belo Horizonte e pr\u00f3xima a Barbacena e Muria\u00e9, \u00e9 conhecida como \u201cManchester Mineira\u201d. Com tradi\u00e7\u00e3o universit\u00e1ria e economia diversificada, Juiz de Fora \u00e9 ideal para morar. Conhe\u00e7a o que torna esta cidade um polo regional de desenvolvimento e cultura. Por [&hellip;]<\/p>\n","protected":false},"author":8,"featured_media":81067,"comment_status":"open","ping_status":"open","sticky":false,"template":"","format":"standard","meta":{"_yoast_wpseo_focuskw":"cidade","_yoast_wpseo_title":"","_yoast_wpseo_metadesc":"Descubra a cidade brasileira com localiza\u00e7\u00e3o estrat\u00e9gica que encanta turistas com cultura, gastronomia e belas paisagens.","jnews-multi-image_gallery":[],"jnews_single_post":{"format":"standard"},"jnews_primary_category":[],"jnews_social_meta":[],"jnews_override_counter":[],"footnotes":""},"categories":[108,111],"post_tag":[225,1248,9666,388],"class_list":["post-90707","post","type-post","status-publish","format-standard","has-post-thumbnail","hentry","category-cidades","category-turismo","tag-brasil","tag-juiz-de-fora","tag-localizacao","tag-minas-gerais"],"yoast_head":"<!-- This site is optimized with the Yoast SEO plugin v24.6 - https:\/\/yoast.com\/wordpress\/plugins\/seo\/ -->\n<title>A cidade estrat\u00e9gica que conquista turistas com sua localiza\u00e7\u00e3o privilegiada - Correio Braziliense - Radar<\/title>\n<meta name=\"description\" content=\"Descubra a cidade brasileira com localiza\u00e7\u00e3o estrat\u00e9gica que encanta turistas com cultura, gastronomia e belas paisagens.\" \/>\n<meta name=\"robots\" content=\"index, follow, max-snippet:-1, max-image-preview:large, max-video-preview:-1\" \/>\n<link rel=\"canonical\" href=\"https:\/\/www.correiobraziliense.com.br\/cbradar\/a-cidade-estrategica-que-conquista-turistas-com-sua-localizacao-privilegiada\/\" \/>\n<meta property=\"og:locale\" content=\"pt_BR\" \/>\n<meta property=\"og:type\" content=\"article\" \/>\n<meta property=\"og:title\" content=\"A cidade estrat\u00e9gica que conquista turistas com sua localiza\u00e7\u00e3o privilegiada - Correio Braziliense - Radar\" \/>\n<meta property=\"og:description\" content=\"Descubra a cidade brasileira com localiza\u00e7\u00e3o estrat\u00e9gica que encanta turistas com cultura, gastronomia e belas paisagens.\" \/>\n<meta property=\"og:url\" content=\"https:\/\/www.correiobraziliense.com.br\/cbradar\/a-cidade-estrategica-que-conquista-turistas-com-sua-localizacao-privilegiada\/\" \/>\n<meta property=\"og:site_name\" content=\"Correio Braziliense - Radar\" \/>\n<meta property=\"article:published_time\" content=\"2025-08-22T21:33:00+00:00\" \/>\n<meta property=\"og:image\" content=\"https:\/\/www.correiobraziliense.com.br\/cbradar\/wp-content\/uploads\/2025\/08\/Edicoes-54.png\" \/>\n\t<meta property=\"og:image:width\" content=\"1280\" \/>\n\t<meta property=\"og:image:height\" content=\"720\" \/>\n\t<meta property=\"og:image:type\" content=\"image\/png\" \/>\n<meta name=\"author\" content=\"Maura Pereira\" \/>\n<meta name=\"twitter:card\" content=\"summary_large_image\" \/>\n<meta name=\"twitter:label1\" content=\"Escrito por\" \/>\n\t<meta name=\"twitter:data1\" content=\"Maura Pereira\" \/>\n\t<meta name=\"twitter:label2\" content=\"Est. tempo de leitura\" \/>\n\t<meta name=\"twitter:data2\" content=\"7 minutos\" \/>\n<!-- \/ Yoast SEO plugin. -->","yoast_head_json":{"title":"A cidade estrat\u00e9gica que conquista turistas com sua localiza\u00e7\u00e3o privilegiada - Correio Braziliense - Radar","description":"Descubra a cidade brasileira com localiza\u00e7\u00e3o estrat\u00e9gica que encanta turistas com cultura, gastronomia e belas paisagens.","robots":{"index":"index","follow":"follow","max-snippet":"max-snippet:-1","max-image-preview":"max-image-preview:large","max-video-preview":"max-video-preview:-1"},"canonical":"https:\/\/www.correiobraziliense.com.br\/cbradar\/a-cidade-estrategica-que-conquista-turistas-com-sua-localizacao-privilegiada\/","og_locale":"pt_BR","og_type":"article","og_title":"A cidade estrat\u00e9gica que conquista turistas com sua localiza\u00e7\u00e3o privilegiada - Correio Braziliense - Radar","og_description":"Descubra a cidade brasileira com localiza\u00e7\u00e3o estrat\u00e9gica que encanta turistas com cultura, gastronomia e belas paisagens.","og_url":"https:\/\/www.correiobraziliense.com.br\/cbradar\/a-cidade-estrategica-que-conquista-turistas-com-sua-localizacao-privilegiada\/","og_site_name":"Correio Braziliense - Radar","article_published_time":"2025-08-22T21:33:00+00:00","og_image":[{"width":1280,"height":720,"url":"https:\/\/www.correiobraziliense.com.br\/cbradar\/wp-content\/uploads\/2025\/08\/Edicoes-54.png","type":"image\/png"}],"author":"Maura Pereira","twitter_card":"summary_large_image","twitter_misc":{"Escrito por":"Maura Pereira","Est. tempo de leitura":"7 minutos"},"schema":{"@context":"https:\/\/schema.org","@graph":[{"@type":"WebPage","@id":"https:\/\/www.correiobraziliense.com.br\/cbradar\/a-cidade-estrategica-que-conquista-turistas-com-sua-localizacao-privilegiada\/","url":"https:\/\/www.correiobraziliense.com.br\/cbradar\/a-cidade-estrategica-que-conquista-turistas-com-sua-localizacao-privilegiada\/","name":"A cidade estrat\u00e9gica que conquista turistas com sua localiza\u00e7\u00e3o privilegiada - Correio Braziliense - Radar","isPartOf":{"@id":"https:\/\/www.correiobraziliense.com.br\/cbradar\/#website"},"primaryImageOfPage":{"@id":"https:\/\/www.correiobraziliense.com.br\/cbradar\/a-cidade-estrategica-que-conquista-turistas-com-sua-localizacao-privilegiada\/#primaryimage"},"image":{"@id":"https:\/\/www.correiobraziliense.com.br\/cbradar\/a-cidade-estrategica-que-conquista-turistas-com-sua-localizacao-privilegiada\/#primaryimage"},"thumbnailUrl":"https:\/\/www.correiobraziliense.com.br\/cbradar\/wp-content\/uploads\/2025\/08\/Edicoes-54.png","datePublished":"2025-08-22T21:33:00+00:00","author":{"@id":"https:\/\/www.correiobraziliense.com.br\/cbradar\/#\/schema\/person\/4053c651a9bfc785afc6f4cbc9032fd3"},"description":"Descubra a cidade brasileira com localiza\u00e7\u00e3o estrat\u00e9gica que encanta turistas com cultura, gastronomia e belas paisagens.","breadcrumb":{"@id":"https:\/\/www.correiobraziliense.com.br\/cbradar\/a-cidade-estrategica-que-conquista-turistas-com-sua-localizacao-privilegiada\/#breadcrumb"},"inLanguage":"pt-BR","potentialAction":[{"@type":"ReadAction","target":["https:\/\/www.correiobraziliense.com.br\/cbradar\/a-cidade-estrategica-que-conquista-turistas-com-sua-localizacao-privilegiada\/"]}]},{"@type":"ImageObject","inLanguage":"pt-BR","@id":"https:\/\/www.correiobraziliense.com.br\/cbradar\/a-cidade-estrategica-que-conquista-turistas-com-sua-localizacao-privilegiada\/#primaryimage","url":"https:\/\/www.correiobraziliense.com.br\/cbradar\/wp-content\/uploads\/2025\/08\/Edicoes-54.png","contentUrl":"https:\/\/www.correiobraziliense.com.br\/cbradar\/wp-content\/uploads\/2025\/08\/Edicoes-54.png","width":1280,"height":720,"caption":"Juiz de Fora, Manchester Mineira de parques hist\u00f3ricos e cultura vibrante que impulsiona sonhos na regi\u00e3o Sudeste. \/\/ Cr\u00e9ditos: Wikip\u00e9dia"},{"@type":"BreadcrumbList","@id":"https:\/\/www.correiobraziliense.com.br\/cbradar\/a-cidade-estrategica-que-conquista-turistas-com-sua-localizacao-privilegiada\/#breadcrumb","itemListElement":[{"@type":"ListItem","position":1,"name":"In\u00edcio","item":"https:\/\/www.correiobraziliense.com.br\/cbradar\/"},{"@type":"ListItem","position":2,"name":"A cidade estrat\u00e9gica que conquista turistas com sua localiza\u00e7\u00e3o privilegiada"}]},{"@type":"WebSite","@id":"https:\/\/www.correiobraziliense.com.br\/cbradar\/#website","url":"https:\/\/www.correiobraziliense.com.br\/cbradar\/","name":"Correio Braziliense - Radar","description":"Acompanhe as \u00faltimas not\u00edcias e fique bem informado sobre tudo o que acontece no Brasil e no mundo.","potentialAction":[{"@type":"SearchAction","target":{"@type":"EntryPoint","urlTemplate":"https:\/\/www.correiobraziliense.com.br\/cbradar\/?s={search_term_string}"},"query-input":{"@type":"PropertyValueSpecification","valueRequired":true,"valueName":"search_term_string"}}],"inLanguage":"pt-BR"},{"@type":"Person","@id":"https:\/\/www.correiobraziliense.com.br\/cbradar\/#\/schema\/person\/4053c651a9bfc785afc6f4cbc9032fd3","name":"Maura Pereira","image":{"@type":"ImageObject","inLanguage":"pt-BR","@id":"https:\/\/www.correiobraziliense.com.br\/cbradar\/#\/schema\/person\/image\/","url":"https:\/\/secure.gravatar.com\/avatar\/3effd6bdadfa447f15089c7f7144eaa6?s=96&d=mm&r=g","contentUrl":"https:\/\/secure.gravatar.com\/avatar\/3effd6bdadfa447f15089c7f7144eaa6?s=96&d=mm&r=g","caption":"Maura Pereira"},"sameAs":["https:\/\/www.correiobraziliense.com.br\/"],"url":"https:\/\/www.correiobraziliense.com.br\/cbradar\/author\/mauramyth\/"}]}},"_links":{"self":[{"href":"https:\/\/www.correiobraziliense.com.br\/cbradar\/wp-json\/wp\/v2\/posts\/90707","targetHints":{"allow":["GET"]}}],"collection":[{"href":"https:\/\/www.correiobraziliense.com.br\/cbradar\/wp-json\/wp\/v2\/posts"}],"about":[{"href":"https:\/\/www.correiobraziliense.com.br\/cbradar\/wp-json\/wp\/v2\/types\/post"}],"author":[{"embeddable":true,"href":"https:\/\/www.correiobraziliense.com.br\/cbradar\/wp-json\/wp\/v2\/users\/8"}],"replies":[{"embeddable":true,"href":"https:\/\/www.correiobraziliense.com.br\/cbradar\/wp-json\/wp\/v2\/comments?post=90707"}],"version-history":[{"count":16,"href":"https:\/\/www.correiobraziliense.com.br\/cbradar\/wp-json\/wp\/v2\/posts\/90707\/revisions"}],"predecessor-version":[{"id":90809,"href":"https:\/\/www.correiobraziliense.com.br\/cbradar\/wp-json\/wp\/v2\/posts\/90707\/revisions\/90809"}],"wp:featuredmedia":[{"embeddable":true,"href":"https:\/\/www.correiobraziliense.com.br\/cbradar\/wp-json\/wp\/v2\/media\/81067"}],"wp:attachment":[{"href":"https:\/\/www.correiobraziliense.com.br\/cbradar\/wp-json\/wp\/v2\/media?parent=90707"}],"wp:term":[{"taxonomy":"category","embeddable":true,"href":"https:\/\/www.correiobraziliense.com.br\/cbradar\/wp-json\/wp\/v2\/categories?post=90707"},{"taxonomy":"post_tag","embeddable":true,"href":"https:\/\/www.correiobraziliense.com.br\/cbradar\/wp-json\/wp\/v2\/post_tag?post=90707"}],"curies":[{"name":"wp","href":"https:\/\/api.w.org\/{rel}","templated":true}]}}