{"id":90747,"date":"2025-08-22T13:23:00","date_gmt":"2025-08-22T16:23:00","guid":{"rendered":"https:\/\/www.correiobraziliense.com.br\/cbradar\/?p=90747"},"modified":"2025-08-24T17:54:13","modified_gmt":"2025-08-24T20:54:13","slug":"o-cha-mais-poderoso-para-ansiedade-e-sono-reparador","status":"publish","type":"post","link":"https:\/\/www.correiobraziliense.com.br\/cbradar\/o-cha-mais-poderoso-para-ansiedade-e-sono-reparador\/","title":{"rendered":"O ch\u00e1 mais poderoso para ansiedade e sono reparador"},"content":{"rendered":"\n<p>O <strong>Capim-Lim\u00e3o<\/strong>, conhecido tamb\u00e9m como&nbsp;<em>lemongrass<\/em>, tem suas ra\u00edzes plantadas nas regi\u00f5es tropicais da \u00c1sia, principalmente na \u00cdndia e no Sri Lanka. Utilizada h\u00e1 s\u00e9culos, esta planta destaca-se por seu aroma refrescante e por suas propriedades medicinais. Este perfil arom\u00e1tico n\u00e3o somente a torna um ingrediente chave na culin\u00e1ria asi\u00e1tica, mas tamb\u00e9m \u00e9 altamente valorizado em pr\u00e1ticas terap\u00eauticas, especialmente na forma de ch\u00e1, devido aos seus efeitos ben\u00e9ficos para a sa\u00fade.<\/p>\n\n\n\n<p>Embora o uso do Capim-Lim\u00e3o como erva medicinal n\u00e3o seja recente, nos tempos modernos, sua popularidade cresceu significativamente. N\u00e3o \u00e9 raro encontrar pessoas recorrendo a esta tradicional infus\u00e3o como uma alternativa natural para promover relaxamento. O perfil sensorial \u00fanico do ch\u00e1 se deve \u00e0 presen\u00e7a de compostos ativos como citral e mirceno, ambos reconhecidos por suas qualidades calmantes e relaxantes.<\/p>\n\n\n\n<h2 class=\"wp-block-heading\">Quais s\u00e3o os benef\u00edcios do ch\u00e1 de Capim-Lim\u00e3o?<\/h2>\n\n\n\n<p>O ch\u00e1 de Capim-Lim\u00e3o desempenha diversos pap\u00e9is importantes na promo\u00e7\u00e3o do bem-estar. Um dos principais benef\u00edcios \u00e9 a capacidade de aliviar sintomas de ansiedade e stress. Os compostos naturais presentes na planta, como o citral, ajudam a acalmar a mente, promovendo uma sensa\u00e7\u00e3o geral de tranquilidade. Tal propriedade faz com que muitos o recomendem como um aux\u00edlio para obter uma noite de sono mais reparadora.<\/p>\n\n\n<div class=\"wp-block-image\">\n<figure class=\"aligncenter size-large\"><img decoding=\"async\" width=\"1024\" height=\"576\" src=\"https:\/\/www.correiobraziliense.com.br\/cbradar\/wp-content\/uploads\/2025\/08\/Capim-Limao_1755835615998-1024x576.jpg\" alt=\"\" class=\"wp-image-90761\" srcset=\"https:\/\/www.correiobraziliense.com.br\/cbradar\/wp-content\/uploads\/2025\/08\/Capim-Limao_1755835615998-1024x576.jpg 1024w, https:\/\/www.correiobraziliense.com.br\/cbradar\/wp-content\/uploads\/2025\/08\/Capim-Limao_1755835615998-300x169.jpg 300w, https:\/\/www.correiobraziliense.com.br\/cbradar\/wp-content\/uploads\/2025\/08\/Capim-Limao_1755835615998-768x432.jpg 768w, https:\/\/www.correiobraziliense.com.br\/cbradar\/wp-content\/uploads\/2025\/08\/Capim-Limao_1755835615998-750x422.jpg 750w, https:\/\/www.correiobraziliense.com.br\/cbradar\/wp-content\/uploads\/2025\/08\/Capim-Limao_1755835615998-1140x641.jpg 1140w, https:\/\/www.correiobraziliense.com.br\/cbradar\/wp-content\/uploads\/2025\/08\/Capim-Limao_1755835615998.jpg 1280w\" sizes=\"(max-width: 1024px) 100vw, 1024px\" \/><figcaption class=\"wp-element-caption\">Capim-Lim\u00e3o &#8211; Cr\u00e9ditos: depositphotos.com \/ Anny-ben<\/figcaption><\/figure><\/div>\n\n\n<p>Al\u00e9m disso, a bebida mostra-se eficaz para quem busca melhorar a digest\u00e3o. Possui propriedades antiespasm\u00f3dicas que ajudam a relaxar os m\u00fasculos do trato gastrointestinal, aliviando desconfortos como gases e incha\u00e7o. A fun\u00e7\u00e3o antibacteriana do ch\u00e1 tamb\u00e9m pode contribuir para regular a <a href=\"https:\/\/www.gov.br\/saude\/pt-br\" target=\"_blank\" rel=\"noreferrer noopener\">sa\u00fade <\/a>estomacal e prevenir o crescimento de bact\u00e9rias indesejadas.<\/p>\n\n\n\n<h2 class=\"wp-block-heading\">Como o ch\u00e1 de Capim-Lim\u00e3o pode ajudar no al\u00edvio da dor?<\/h2>\n\n\n\n<p>Outra aplica\u00e7\u00e3o interessante do ch\u00e1 de Capim-Lim\u00e3o est\u00e1 em seu potencial para amenizar dores de cabe\u00e7a tensionais. A presen\u00e7a de mirceno e citral imparte um efeito analg\u00e9sico natural, ajudando a reduzir a tens\u00e3o em nervos e m\u00fasculos. Este efeito se deve, em parte, \u00e0s propriedades anti-inflamat\u00f3rias dos compostos que inibem subst\u00e2ncias qu\u00edmicas respons\u00e1veis pelo in\u00edcio de processos inflamat\u00f3rios no organismo.<\/p>\n\n\n\n<p>Pesquisas iniciais, incluindo aquelas que envolvem a combina\u00e7\u00e3o do Capim-Lim\u00e3o com outras plantas, indicaram que este ch\u00e1 possui propriedades antimicrobianas. Estudos mostraram que, em laborat\u00f3rio, a infus\u00e3o \u00e9 capaz de inibir o crescimento de diversas bact\u00e9rias. Todavia, \u00e9 crucial que mais estudos sejam feitos com humanos para verificar a extens\u00e3o desses <a href=\"https:\/\/www.correiobraziliense.com.br\/cbradar\/dra-julianne-pessequillo-geriatra-segredo-da-longevidade-esta-na-juventude\/\" target=\"_blank\" rel=\"noreferrer noopener\">benef\u00edcios <\/a>na pr\u00e1tica <a href=\"https:\/\/www.correiobraziliense.com.br\/cbradar\/dra-marina-melhado-ortopedista-como-aliviar-a-dor-da-fascite-plantar-de-forma-segura\/\" target=\"_blank\" rel=\"noreferrer noopener\">cl\u00ednica<\/a>.<\/p>\n\n\n\n<h2 class=\"wp-block-heading\">Quais cuidados devem ser tomados ao consumir o ch\u00e1 de Capim-Lim\u00e3o?<\/h2>\n\n\n\n<p>Apesar dos benef\u00edcios associados, \u00e9 importante consumir o ch\u00e1 de Capim-Lim\u00e3o com cautela. Especialistas sugerem que, embora geralmente seguro, deve-se evitar excessos e seguir orienta\u00e7\u00f5es profissionais, especialmente em uso prolongado. Pessoas com alergias a gram\u00edneas devem ser particularmente cuidadosas, pois podem ocorrer rea\u00e7\u00f5es adversas.<\/p>\n\n\n\n<p>Outro fator a considerar \u00e9 a intera\u00e7\u00e3o do ch\u00e1 com tratamentos m\u00e9dicos regulares. Enquanto a infus\u00e3o auxilia no manejo de sintomas leves, como quadros de febre e gripes, ela n\u00e3o deve substituir o acompanhamento m\u00e9dico adequado, especialmente em casos mais graves ou persistentes. Por isso, \u00e9 prudente sempre integrar o uso de ch\u00e1s naturais a um estilo de vida saud\u00e1vel e \u00e0 supervis\u00e3o de profissionais de sa\u00fade.<\/p>\n\n\n\n<h2 class=\"wp-block-heading\">Qual a prepara\u00e7\u00e3o e consumo ideal do ch\u00e1 de Capim-Lim\u00e3o?<\/h2>\n\n\n\n<p>A prepara\u00e7\u00e3o do ch\u00e1 \u00e9 simples e pode ser feita no conforto de casa. Utiliza-se uma colher de sopa de folhas frescas para uma x\u00edcara de ch\u00e1 de \u00e1gua fervente. A mistura deve repousar por cerca de 15 minutos antes de ser consumida. Recomenda-se limitar o consumo a tr\u00eas x\u00edcaras por dia, durante per\u00edodos n\u00e3o superiores a duas semanas seguidas, procurando n\u00e3o cair em um consumo excessivo que possa levar a efeitos colaterais indesej\u00e1veis.<\/p>\n\n\n\n<p>Portanto, enquanto o Capim-Lim\u00e3o constitui uma excelente adi\u00e7\u00e3o \u00e0 rotina de quem busca op\u00e7\u00f5es naturais para promover a sa\u00fade, deve-se sempre atentar para que seu uso seja parte de um cuidado mais amplo e hol\u00edstico. A combina\u00e7\u00e3o de benef\u00edcios e simplicidade transforma o ch\u00e1 de Capim-Lim\u00e3o em uma bebida vers\u00e1til, que, quando consumida com prud\u00eancia, pode se tornar uma aliada valiosa no dia a dia.<\/p>\n\n\n<a href=\"https:\/\/www.instagram.com\/dra.annaluisabf\/\" target=\"_blank\" rel=\"noopener\" style=\"text-decoration: none; color: inherit;\">\n    <span style=\"display: inline-block; border: 1px solid #ccc; border-radius: 10px; padding: 15px; max-width: 550px; font-family: sans-serif; box-shadow: 0 2px 5px rgba(0,0,0,0.1); width: 100%;\">\n\n      <!-- T\u00edtulo -->\n      <span style=\"display: block; margin: 0 0 15px 0; font-weight: bold; color: #2c3e50; text-align: center;\">\n        Entre em contato:\n      <\/span>\n\n      <!-- Linha do perfil -->\n      <span style=\"display: flex; align-items: center; gap: 15px;\">\n        <img decoding=\"async\"\n          src=\"https:\/\/www.correiobraziliense.com.br\/cbradar\/wp-content\/uploads\/2025\/08\/dra_anna_luisa.jpeg\"\n          alt=\"Foto da Dra. Anna Lu\u00edsa\"\n          style=\"border-radius: 50%; width: 80px; height: 80px; object-fit: cover;\"\n        \/>\n        <span style=\"display: flex; flex-direction: column;\">\n          <span style=\"font-size: 18px; font-weight: 700; color: #2c3e50;\">Dra. Anna Lu\u00edsa Barbosa Fernandes<\/span>\n          <span style=\"color: #555;\">CRM-GO 33.271<\/span>\n        <\/span>\n      <\/span>\n\n      <!-- Redes -->\n      <span style=\"display: flex; align-items: center; gap: 10px; margin-top: 12px;\">\n        <img decoding=\"async\" src=\"https:\/\/cdn-icons-png.flaticon.com\/24\/1384\/1384063.png\" alt=\"Instagram\" width=\"24\" height=\"24\" \/>\n        <span style=\"text-decoration: underline; color: #2c3e50;\">@dra.annaluisabf<\/span>\n      <\/span>\n\n    <\/span>\n  <\/a>","protected":false},"excerpt":{"rendered":"<p>O Capim-Lim\u00e3o, conhecido tamb\u00e9m como&nbsp;lemongrass, tem suas ra\u00edzes plantadas nas regi\u00f5es tropicais da \u00c1sia, principalmente na \u00cdndia e no Sri Lanka. Utilizada h\u00e1 s\u00e9culos, esta planta destaca-se por seu aroma refrescante e por suas propriedades medicinais. Este perfil arom\u00e1tico n\u00e3o somente a torna um ingrediente chave na culin\u00e1ria asi\u00e1tica, mas tamb\u00e9m \u00e9 altamente valorizado em [&hellip;]<\/p>\n","protected":false},"author":14,"featured_media":90760,"comment_status":"open","ping_status":"open","sticky":false,"template":"","format":"standard","meta":{"jnews-multi-image_gallery":[],"jnews_single_post":{"format":"standard"},"jnews_primary_category":[],"jnews_social_meta":[],"jnews_override_counter":[],"footnotes":""},"categories":[4404],"post_tag":[281,120,1318],"class_list":["post-90747","post","type-post","status-publish","format-standard","has-post-thumbnail","hentry","category-saude","tag-alimentacao","tag-bem-estar","tag-saude-2"],"yoast_head":"<!-- This site is optimized with the Yoast SEO plugin v24.6 - https:\/\/yoast.com\/wordpress\/plugins\/seo\/ -->\n<title>O ch\u00e1 mais poderoso para ansiedade e sono reparador - Correio Braziliense - Radar<\/title>\n<meta name=\"description\" content=\"Conhe\u00e7a o poder do ch\u00e1 de capim-lim\u00e3o para aliviar ansiedade e dores com efeitos naturais que v\u00e3o te surpreender.\" \/>\n<meta name=\"robots\" content=\"index, follow, max-snippet:-1, max-image-preview:large, max-video-preview:-1\" \/>\n<link rel=\"canonical\" href=\"https:\/\/www.correiobraziliense.com.br\/cbradar\/o-cha-mais-poderoso-para-ansiedade-e-sono-reparador\/\" \/>\n<meta property=\"og:locale\" content=\"pt_BR\" \/>\n<meta property=\"og:type\" content=\"article\" \/>\n<meta property=\"og:title\" content=\"O ch\u00e1 mais poderoso para ansiedade e sono reparador - Correio Braziliense - Radar\" \/>\n<meta property=\"og:description\" content=\"Conhe\u00e7a o poder do ch\u00e1 de capim-lim\u00e3o para aliviar ansiedade e dores com efeitos naturais que v\u00e3o te surpreender.\" \/>\n<meta property=\"og:url\" content=\"https:\/\/www.correiobraziliense.com.br\/cbradar\/o-cha-mais-poderoso-para-ansiedade-e-sono-reparador\/\" \/>\n<meta property=\"og:site_name\" content=\"Correio Braziliense - Radar\" \/>\n<meta property=\"article:published_time\" content=\"2025-08-22T16:23:00+00:00\" \/>\n<meta property=\"article:modified_time\" content=\"2025-08-24T20:54:13+00:00\" \/>\n<meta property=\"og:image\" content=\"https:\/\/www.correiobraziliense.com.br\/cbradar\/wp-content\/uploads\/2025\/08\/Capim-Limao_1755835589473.jpg\" \/>\n\t<meta property=\"og:image:width\" content=\"1280\" \/>\n\t<meta property=\"og:image:height\" content=\"720\" \/>\n\t<meta property=\"og:image:type\" content=\"image\/jpeg\" \/>\n<meta name=\"author\" content=\"guilherme_saude\" \/>\n<meta name=\"twitter:card\" content=\"summary_large_image\" \/>\n<meta name=\"twitter:label1\" content=\"Escrito por\" \/>\n\t<meta name=\"twitter:data1\" content=\"guilherme_saude\" \/>\n\t<meta name=\"twitter:label2\" content=\"Est. tempo de leitura\" \/>\n\t<meta name=\"twitter:data2\" content=\"5 minutos\" \/>\n<!-- \/ Yoast SEO plugin. -->","yoast_head_json":{"title":"O ch\u00e1 mais poderoso para ansiedade e sono reparador - Correio Braziliense - Radar","description":"Conhe\u00e7a o poder do ch\u00e1 de capim-lim\u00e3o para aliviar ansiedade e dores com efeitos naturais que v\u00e3o te surpreender.","robots":{"index":"index","follow":"follow","max-snippet":"max-snippet:-1","max-image-preview":"max-image-preview:large","max-video-preview":"max-video-preview:-1"},"canonical":"https:\/\/www.correiobraziliense.com.br\/cbradar\/o-cha-mais-poderoso-para-ansiedade-e-sono-reparador\/","og_locale":"pt_BR","og_type":"article","og_title":"O ch\u00e1 mais poderoso para ansiedade e sono reparador - Correio Braziliense - Radar","og_description":"Conhe\u00e7a o poder do ch\u00e1 de capim-lim\u00e3o para aliviar ansiedade e dores com efeitos naturais que v\u00e3o te surpreender.","og_url":"https:\/\/www.correiobraziliense.com.br\/cbradar\/o-cha-mais-poderoso-para-ansiedade-e-sono-reparador\/","og_site_name":"Correio Braziliense - Radar","article_published_time":"2025-08-22T16:23:00+00:00","article_modified_time":"2025-08-24T20:54:13+00:00","og_image":[{"width":1280,"height":720,"url":"https:\/\/www.correiobraziliense.com.br\/cbradar\/wp-content\/uploads\/2025\/08\/Capim-Limao_1755835589473.jpg","type":"image\/jpeg"}],"author":"guilherme_saude","twitter_card":"summary_large_image","twitter_misc":{"Escrito por":"guilherme_saude","Est. tempo de leitura":"5 minutos"},"schema":{"@context":"https:\/\/schema.org","@graph":[{"@type":"WebPage","@id":"https:\/\/www.correiobraziliense.com.br\/cbradar\/o-cha-mais-poderoso-para-ansiedade-e-sono-reparador\/","url":"https:\/\/www.correiobraziliense.com.br\/cbradar\/o-cha-mais-poderoso-para-ansiedade-e-sono-reparador\/","name":"O ch\u00e1 mais poderoso para ansiedade e sono reparador - Correio Braziliense - Radar","isPartOf":{"@id":"https:\/\/www.correiobraziliense.com.br\/cbradar\/#website"},"primaryImageOfPage":{"@id":"https:\/\/www.correiobraziliense.com.br\/cbradar\/o-cha-mais-poderoso-para-ansiedade-e-sono-reparador\/#primaryimage"},"image":{"@id":"https:\/\/www.correiobraziliense.com.br\/cbradar\/o-cha-mais-poderoso-para-ansiedade-e-sono-reparador\/#primaryimage"},"thumbnailUrl":"https:\/\/www.correiobraziliense.com.br\/cbradar\/wp-content\/uploads\/2025\/08\/Capim-Limao_1755835589473.jpg","datePublished":"2025-08-22T16:23:00+00:00","dateModified":"2025-08-24T20:54:13+00:00","author":{"@id":"https:\/\/www.correiobraziliense.com.br\/cbradar\/#\/schema\/person\/5aa4bf3c8fa699c267933611de12978b"},"description":"Conhe\u00e7a o poder do ch\u00e1 de capim-lim\u00e3o para aliviar ansiedade e dores com efeitos naturais que v\u00e3o te surpreender.","breadcrumb":{"@id":"https:\/\/www.correiobraziliense.com.br\/cbradar\/o-cha-mais-poderoso-para-ansiedade-e-sono-reparador\/#breadcrumb"},"inLanguage":"pt-BR","potentialAction":[{"@type":"ReadAction","target":["https:\/\/www.correiobraziliense.com.br\/cbradar\/o-cha-mais-poderoso-para-ansiedade-e-sono-reparador\/"]}]},{"@type":"ImageObject","inLanguage":"pt-BR","@id":"https:\/\/www.correiobraziliense.com.br\/cbradar\/o-cha-mais-poderoso-para-ansiedade-e-sono-reparador\/#primaryimage","url":"https:\/\/www.correiobraziliense.com.br\/cbradar\/wp-content\/uploads\/2025\/08\/Capim-Limao_1755835589473.jpg","contentUrl":"https:\/\/www.correiobraziliense.com.br\/cbradar\/wp-content\/uploads\/2025\/08\/Capim-Limao_1755835589473.jpg","width":1280,"height":720,"caption":"Capim-Lim\u00e3o - Cr\u00e9ditos: depositphotos.com \/ Denisfilm"},{"@type":"BreadcrumbList","@id":"https:\/\/www.correiobraziliense.com.br\/cbradar\/o-cha-mais-poderoso-para-ansiedade-e-sono-reparador\/#breadcrumb","itemListElement":[{"@type":"ListItem","position":1,"name":"In\u00edcio","item":"https:\/\/www.correiobraziliense.com.br\/cbradar\/"},{"@type":"ListItem","position":2,"name":"O ch\u00e1 mais poderoso para ansiedade e sono reparador"}]},{"@type":"WebSite","@id":"https:\/\/www.correiobraziliense.com.br\/cbradar\/#website","url":"https:\/\/www.correiobraziliense.com.br\/cbradar\/","name":"Correio Braziliense - Radar","description":"Acompanhe as \u00faltimas not\u00edcias e fique bem informado sobre tudo o que acontece no Brasil e no mundo.","potentialAction":[{"@type":"SearchAction","target":{"@type":"EntryPoint","urlTemplate":"https:\/\/www.correiobraziliense.com.br\/cbradar\/?s={search_term_string}"},"query-input":{"@type":"PropertyValueSpecification","valueRequired":true,"valueName":"search_term_string"}}],"inLanguage":"pt-BR"},{"@type":"Person","@id":"https:\/\/www.correiobraziliense.com.br\/cbradar\/#\/schema\/person\/5aa4bf3c8fa699c267933611de12978b","name":"guilherme_saude","image":{"@type":"ImageObject","inLanguage":"pt-BR","@id":"https:\/\/www.correiobraziliense.com.br\/cbradar\/#\/schema\/person\/image\/","url":"https:\/\/secure.gravatar.com\/avatar\/df9adfb835d344bc0af109d41756253f?s=96&d=mm&r=g","contentUrl":"https:\/\/secure.gravatar.com\/avatar\/df9adfb835d344bc0af109d41756253f?s=96&d=mm&r=g","caption":"guilherme_saude"},"url":"https:\/\/www.correiobraziliense.com.br\/cbradar\/author\/guilherme_saude\/"}]}},"_links":{"self":[{"href":"https:\/\/www.correiobraziliense.com.br\/cbradar\/wp-json\/wp\/v2\/posts\/90747","targetHints":{"allow":["GET"]}}],"collection":[{"href":"https:\/\/www.correiobraziliense.com.br\/cbradar\/wp-json\/wp\/v2\/posts"}],"about":[{"href":"https:\/\/www.correiobraziliense.com.br\/cbradar\/wp-json\/wp\/v2\/types\/post"}],"author":[{"embeddable":true,"href":"https:\/\/www.correiobraziliense.com.br\/cbradar\/wp-json\/wp\/v2\/users\/14"}],"replies":[{"embeddable":true,"href":"https:\/\/www.correiobraziliense.com.br\/cbradar\/wp-json\/wp\/v2\/comments?post=90747"}],"version-history":[{"count":2,"href":"https:\/\/www.correiobraziliense.com.br\/cbradar\/wp-json\/wp\/v2\/posts\/90747\/revisions"}],"predecessor-version":[{"id":92459,"href":"https:\/\/www.correiobraziliense.com.br\/cbradar\/wp-json\/wp\/v2\/posts\/90747\/revisions\/92459"}],"wp:featuredmedia":[{"embeddable":true,"href":"https:\/\/www.correiobraziliense.com.br\/cbradar\/wp-json\/wp\/v2\/media\/90760"}],"wp:attachment":[{"href":"https:\/\/www.correiobraziliense.com.br\/cbradar\/wp-json\/wp\/v2\/media?parent=90747"}],"wp:term":[{"taxonomy":"category","embeddable":true,"href":"https:\/\/www.correiobraziliense.com.br\/cbradar\/wp-json\/wp\/v2\/categories?post=90747"},{"taxonomy":"post_tag","embeddable":true,"href":"https:\/\/www.correiobraziliense.com.br\/cbradar\/wp-json\/wp\/v2\/post_tag?post=90747"}],"curies":[{"name":"wp","href":"https:\/\/api.w.org\/{rel}","templated":true}]}}