{"id":9082,"date":"2025-03-05T22:50:00","date_gmt":"2025-03-06T01:50:00","guid":{"rendered":"https:\/\/www.correiobraziliense.com.br\/cbradar\/?p=9082"},"modified":"2025-03-04T17:03:57","modified_gmt":"2025-03-04T20:03:57","slug":"a-cidade-onde-as-pessoas-moram-dentro-de-um-cemiterio","status":"publish","type":"post","link":"https:\/\/www.correiobraziliense.com.br\/cbradar\/a-cidade-onde-as-pessoas-moram-dentro-de-um-cemiterio\/","title":{"rendered":"A cidade onde as pessoas moram dentro de um cemit\u00e9rio"},"content":{"rendered":"\n<p>Em muitas partes do mundo, os cemit\u00e9rios s\u00e3o lugares de sil\u00eancio e luto, mas em <strong>Manila<\/strong>, nas Filipinas, milhares de pessoas vivem em t\u00famulos e mausol\u00e9us no <strong>Cemit\u00e9rio Norte de Manila<\/strong>. Esse local n\u00e3o \u00e9 apenas um cemit\u00e9rio \u2013 \u00e9 tamb\u00e9m uma cidade, com casas improvisadas entre l\u00e1pides, ruas movimentadas e at\u00e9 com\u00e9rcios funcionando dentro das sepulturas.<\/p>\n\n\n\n<p>Como isso aconteceu? Como \u00e9 o dia a dia de quem chama um cemit\u00e9rio de lar? Vamos explorar essa realidade surpreendente.<\/p>\n\n\n\n<h2 class=\"wp-block-heading\"><strong>Como surgiu essa cidade dentro de um cemit\u00e9rio?<\/strong><\/h2>\n\n\n\n<p>O Cemit\u00e9rio Norte de Manila \u00e9 um dos maiores e mais antigos do pa\u00eds, tendo sido fundado no s\u00e9culo XIX. Ao longo das d\u00e9cadas, as fam\u00edlias sem moradia passaram a ocupar os mausol\u00e9us, transformando-os em casas. Muitas dessas estruturas s\u00e3o grandes, feitas de concreto e com espa\u00e7o suficiente para acomoda\u00e7\u00f5es m\u00f3veis e at\u00e9 pequenos neg\u00f3cios.<\/p>\n\n\n\n<p>Com o tempo, a popula\u00e7\u00e3o do cemit\u00e9rio cresceu e se especificou. Hoje, estima-se que mais de <strong>6 mil pessoas<\/strong> vivam permanentemente, num cen\u00e1rio onde os vivos e os mortos dividem o mesmo espa\u00e7o.<\/p>\n\n\n\n<figure class=\"wp-block-image size-large\"><img decoding=\"async\" width=\"1024\" height=\"576\" src=\"https:\/\/www.correiobraziliense.com.br\/cbradar\/wp-content\/uploads\/2025\/03\/Manila_1741118114767-1024x576.jpg\" alt=\"A cidade onde as pessoas moram dentro de um cemit\u00e9rio\" class=\"wp-image-9109\" srcset=\"https:\/\/www.correiobraziliense.com.br\/cbradar\/wp-content\/uploads\/2025\/03\/Manila_1741118114767-1024x576.jpg 1024w, https:\/\/www.correiobraziliense.com.br\/cbradar\/wp-content\/uploads\/2025\/03\/Manila_1741118114767-300x169.jpg 300w, https:\/\/www.correiobraziliense.com.br\/cbradar\/wp-content\/uploads\/2025\/03\/Manila_1741118114767-768x432.jpg 768w, https:\/\/www.correiobraziliense.com.br\/cbradar\/wp-content\/uploads\/2025\/03\/Manila_1741118114767-750x422.jpg 750w, https:\/\/www.correiobraziliense.com.br\/cbradar\/wp-content\/uploads\/2025\/03\/Manila_1741118114767-1140x641.jpg 1140w, https:\/\/www.correiobraziliense.com.br\/cbradar\/wp-content\/uploads\/2025\/03\/Manila_1741118114767.jpg 1280w\" sizes=\"(max-width: 1024px) 100vw, 1024px\" \/><figcaption class=\"wp-element-caption\">Manila. Cr\u00e9ditos: depositphotos.com \/ donsimon<\/figcaption><\/figure>\n\n\n\n<h2 class=\"wp-block-heading\"><strong>Como \u00e9 a vida dentro de um cemit\u00e9rio?<\/strong><\/h2>\n\n\n\n<p>Apesar do ambiente incomum, a comunidade do Cemit\u00e9rio Norte tem um cotidiano estruturado. As fam\u00edlias montam pequenas lojas dentro dos t\u00famulos, vendendo comida, \u00e1gua e produtos b\u00e1sicos. As crian\u00e7as brincam entre os l\u00e1pides e muitas pessoas trabalham como zeladores, limpando sepulturas e cuidando dos t\u00famulos de fam\u00edlias que vivem fora de l\u00e1.<\/p>\n\n\n\n<p>Os mausol\u00e9us maiores servem como moradia para v\u00e1rias gera\u00e7\u00f5es. Algumas casas t\u00eam eletricidade, televis\u00e3o e at\u00e9 Wi-Fi, fornecidas por liga\u00e7\u00f5es clandestinas. H\u00e1 tamb\u00e9m lojas, restaurantes improvisados \u200b\u200be at\u00e9 festas acontecendo no meio do cemit\u00e9rio.<\/p>\n\n\n\n<h2 class=\"wp-block-heading\"><strong>Curiosidades sobre essa cidade incomum<\/strong><\/h2>\n\n\n\n<ul class=\"wp-block-list\">\n<li><strong>Mausol\u00e9us como casas<\/strong> \u2013 Muitas fam\u00edlias vivem dentro dos t\u00famulos, utilizando-os como abrigos permanentes.<\/li>\n\n\n\n<li><strong>Mercados entre l\u00e1pides<\/strong> \u2013 Pequenos com\u00e9rcios funcionam dentro do cemit\u00e9rio, vendendo de alimentos a servi\u00e7os funer\u00e1rios.<\/li>\n\n\n\n<li><strong>Sem aluguel ou contas<\/strong> \u2013 Como a ocupa\u00e7\u00e3o \u00e9 informal, muitos moradores n\u00e3o pagam moradia, apenas pelos servi\u00e7os que utilizam.<\/li>\n\n\n\n<li><strong>Crian\u00e7as crescendo entre t\u00famulos<\/strong> \u2013 H\u00e1 escolas pr\u00f3ximas, e muitas crian\u00e7as passam a inf\u00e2ncia brincando entre os jazigos.<\/li>\n\n\n\n<li><strong>Uma comunidade organizada<\/strong> \u2013 Apesar das condi\u00e7\u00f5es prec\u00e1rias, os moradores realizam uma rede de apoio para garantir seguran\u00e7a e sustento.<\/li>\n<\/ul>\n\n\n\n<h2 class=\"wp-block-heading\"><strong>Os desafios de viver no Cemit\u00e9rio Norte<\/strong><\/h2>\n\n\n\n<p>Apesar de ser um lar para muitas pessoas, viver no cemit\u00e9rio traz dificuldades. A infraestrutura \u00e9 prec\u00e1ria, o acesso \u00e0 \u00e1gua e ao saneamento b\u00e1sico \u00e9 limitado, e h\u00e1 riscos de despejo por parte das autoridades.<\/p>\n\n\n\n<p>Mesmo assim, muitas fam\u00edlias permaneceram ali por n\u00e3o terem outra op\u00e7\u00e3o. H\u00e1 algumas d\u00e9cadas no local, criando gera\u00e7\u00f5es inteiras que nunca conheceram fora de casa al\u00e9m dos t\u00famulos.<\/p>\n\n\n\n<h2 class=\"wp-block-heading\"><strong>Voc\u00ea moraria em um lugar assim?<\/strong><\/h2>\n\n\n\n<p>O Cemit\u00e9rio Norte de Manila \u00e9 um exemplo impressionante de adapta\u00e7\u00e3o humana. Para muitos, viver entre os mortos pode parecer assustador, mas para essas fam\u00edlias, \u00e9 apenas a realidade do dia a dia.<\/p>\n\n\n\n<p>Seja por necessidade ou por tradi\u00e7\u00e3o, essa cidade dentro de um cemit\u00e9rio continua crescendo, desafiando a ideia de que a morte significa sil\u00eancio e solid\u00e3o.<\/p>\n","protected":false},"excerpt":{"rendered":"<p>Existe uma cidade onde milhares de pessoas vivem dentro de um cemit\u00e9rio, usando t\u00famulos como casas e ruas como mercados.<\/p>\n","protected":false},"author":3,"featured_media":9108,"comment_status":"open","ping_status":"open","sticky":false,"template":"","format":"standard","meta":{"_yoast_wpseo_focuskw":"cidade cemit\u00e9rio","_yoast_wpseo_title":"%%title%%","_yoast_wpseo_metadesc":"Existe uma cidade onde milhares de pessoas vivem dentro de um cemit\u00e9rio, usando t\u00famulos como casas e ruas como mercados.","jnews-multi-image_gallery":[],"jnews_single_post":{"format":"standard"},"jnews_primary_category":[],"jnews_social_meta":[],"jnews_override_counter":[],"footnotes":""},"categories":[108],"post_tag":[109],"class_list":["post-9082","post","type-post","status-publish","format-standard","has-post-thumbnail","hentry","category-cidades","tag-cidades"],"yoast_head":"<!-- This site is optimized with the Yoast SEO plugin v24.6 - https:\/\/yoast.com\/wordpress\/plugins\/seo\/ -->\n<title>A cidade onde as pessoas moram dentro de um cemit\u00e9rio<\/title>\n<meta name=\"description\" content=\"Existe uma cidade onde milhares de pessoas vivem dentro de um cemit\u00e9rio, usando t\u00famulos como casas e ruas como mercados.\" \/>\n<meta name=\"robots\" content=\"index, follow, max-snippet:-1, max-image-preview:large, max-video-preview:-1\" \/>\n<link rel=\"canonical\" href=\"https:\/\/www.correiobraziliense.com.br\/cbradar\/a-cidade-onde-as-pessoas-moram-dentro-de-um-cemiterio\/\" \/>\n<meta property=\"og:locale\" content=\"pt_BR\" \/>\n<meta property=\"og:type\" content=\"article\" \/>\n<meta property=\"og:title\" content=\"A cidade onde as pessoas moram dentro de um cemit\u00e9rio\" \/>\n<meta property=\"og:description\" content=\"Existe uma cidade onde milhares de pessoas vivem dentro de um cemit\u00e9rio, usando t\u00famulos como casas e ruas como mercados.\" \/>\n<meta property=\"og:url\" content=\"https:\/\/www.correiobraziliense.com.br\/cbradar\/a-cidade-onde-as-pessoas-moram-dentro-de-um-cemiterio\/\" \/>\n<meta property=\"og:site_name\" content=\"Correio Braziliense - Radar\" \/>\n<meta property=\"article:published_time\" content=\"2025-03-06T01:50:00+00:00\" \/>\n<meta property=\"og:image\" content=\"https:\/\/www.correiobraziliense.com.br\/cbradar\/wp-content\/uploads\/2025\/03\/Manila_1741118089764.jpg\" \/>\n\t<meta property=\"og:image:width\" content=\"1280\" \/>\n\t<meta property=\"og:image:height\" content=\"720\" \/>\n\t<meta property=\"og:image:type\" content=\"image\/jpeg\" \/>\n<meta name=\"author\" content=\"Larissa Carvalho\" \/>\n<meta name=\"twitter:card\" content=\"summary_large_image\" \/>\n<meta name=\"twitter:label1\" content=\"Escrito por\" \/>\n\t<meta name=\"twitter:data1\" content=\"Larissa Carvalho\" \/>\n\t<meta name=\"twitter:label2\" content=\"Est. tempo de leitura\" \/>\n\t<meta name=\"twitter:data2\" content=\"4 minutos\" \/>\n<!-- \/ Yoast SEO plugin. -->","yoast_head_json":{"title":"A cidade onde as pessoas moram dentro de um cemit\u00e9rio","description":"Existe uma cidade onde milhares de pessoas vivem dentro de um cemit\u00e9rio, usando t\u00famulos como casas e ruas como mercados.","robots":{"index":"index","follow":"follow","max-snippet":"max-snippet:-1","max-image-preview":"max-image-preview:large","max-video-preview":"max-video-preview:-1"},"canonical":"https:\/\/www.correiobraziliense.com.br\/cbradar\/a-cidade-onde-as-pessoas-moram-dentro-de-um-cemiterio\/","og_locale":"pt_BR","og_type":"article","og_title":"A cidade onde as pessoas moram dentro de um cemit\u00e9rio","og_description":"Existe uma cidade onde milhares de pessoas vivem dentro de um cemit\u00e9rio, usando t\u00famulos como casas e ruas como mercados.","og_url":"https:\/\/www.correiobraziliense.com.br\/cbradar\/a-cidade-onde-as-pessoas-moram-dentro-de-um-cemiterio\/","og_site_name":"Correio Braziliense - Radar","article_published_time":"2025-03-06T01:50:00+00:00","og_image":[{"width":1280,"height":720,"url":"https:\/\/www.correiobraziliense.com.br\/cbradar\/wp-content\/uploads\/2025\/03\/Manila_1741118089764.jpg","type":"image\/jpeg"}],"author":"Larissa Carvalho","twitter_card":"summary_large_image","twitter_misc":{"Escrito por":"Larissa Carvalho","Est. tempo de leitura":"4 minutos"},"schema":{"@context":"https:\/\/schema.org","@graph":[{"@type":"WebPage","@id":"https:\/\/www.correiobraziliense.com.br\/cbradar\/a-cidade-onde-as-pessoas-moram-dentro-de-um-cemiterio\/","url":"https:\/\/www.correiobraziliense.com.br\/cbradar\/a-cidade-onde-as-pessoas-moram-dentro-de-um-cemiterio\/","name":"A cidade onde as pessoas moram dentro de um cemit\u00e9rio","isPartOf":{"@id":"https:\/\/www.correiobraziliense.com.br\/cbradar\/#website"},"primaryImageOfPage":{"@id":"https:\/\/www.correiobraziliense.com.br\/cbradar\/a-cidade-onde-as-pessoas-moram-dentro-de-um-cemiterio\/#primaryimage"},"image":{"@id":"https:\/\/www.correiobraziliense.com.br\/cbradar\/a-cidade-onde-as-pessoas-moram-dentro-de-um-cemiterio\/#primaryimage"},"thumbnailUrl":"https:\/\/www.correiobraziliense.com.br\/cbradar\/wp-content\/uploads\/2025\/03\/Manila_1741118089764.jpg","datePublished":"2025-03-06T01:50:00+00:00","author":{"@id":"https:\/\/www.correiobraziliense.com.br\/cbradar\/#\/schema\/person\/58422787644df994b53a19d3e56c1513"},"description":"Existe uma cidade onde milhares de pessoas vivem dentro de um cemit\u00e9rio, usando t\u00famulos como casas e ruas como mercados.","breadcrumb":{"@id":"https:\/\/www.correiobraziliense.com.br\/cbradar\/a-cidade-onde-as-pessoas-moram-dentro-de-um-cemiterio\/#breadcrumb"},"inLanguage":"pt-BR","potentialAction":[{"@type":"ReadAction","target":["https:\/\/www.correiobraziliense.com.br\/cbradar\/a-cidade-onde-as-pessoas-moram-dentro-de-um-cemiterio\/"]}]},{"@type":"ImageObject","inLanguage":"pt-BR","@id":"https:\/\/www.correiobraziliense.com.br\/cbradar\/a-cidade-onde-as-pessoas-moram-dentro-de-um-cemiterio\/#primaryimage","url":"https:\/\/www.correiobraziliense.com.br\/cbradar\/wp-content\/uploads\/2025\/03\/Manila_1741118089764.jpg","contentUrl":"https:\/\/www.correiobraziliense.com.br\/cbradar\/wp-content\/uploads\/2025\/03\/Manila_1741118089764.jpg","width":1280,"height":720,"caption":"Manila. Cr\u00e9ditos: depositphotos.com \/ jackmalipan"},{"@type":"BreadcrumbList","@id":"https:\/\/www.correiobraziliense.com.br\/cbradar\/a-cidade-onde-as-pessoas-moram-dentro-de-um-cemiterio\/#breadcrumb","itemListElement":[{"@type":"ListItem","position":1,"name":"In\u00edcio","item":"https:\/\/www.correiobraziliense.com.br\/cbradar\/"},{"@type":"ListItem","position":2,"name":"A cidade onde as pessoas moram dentro de um cemit\u00e9rio"}]},{"@type":"WebSite","@id":"https:\/\/www.correiobraziliense.com.br\/cbradar\/#website","url":"https:\/\/www.correiobraziliense.com.br\/cbradar\/","name":"Correio Braziliense - Radar","description":"Acompanhe as \u00faltimas not\u00edcias e fique bem informado sobre tudo o que acontece no Brasil e no mundo.","potentialAction":[{"@type":"SearchAction","target":{"@type":"EntryPoint","urlTemplate":"https:\/\/www.correiobraziliense.com.br\/cbradar\/?s={search_term_string}"},"query-input":{"@type":"PropertyValueSpecification","valueRequired":true,"valueName":"search_term_string"}}],"inLanguage":"pt-BR"},{"@type":"Person","@id":"https:\/\/www.correiobraziliense.com.br\/cbradar\/#\/schema\/person\/58422787644df994b53a19d3e56c1513","name":"Larissa Carvalho","image":{"@type":"ImageObject","inLanguage":"pt-BR","@id":"https:\/\/www.correiobraziliense.com.br\/cbradar\/#\/schema\/person\/image\/","url":"https:\/\/secure.gravatar.com\/avatar\/fe4f91a0de32b52a838d0d612abdc1aa?s=96&d=mm&r=g","contentUrl":"https:\/\/secure.gravatar.com\/avatar\/fe4f91a0de32b52a838d0d612abdc1aa?s=96&d=mm&r=g","caption":"Larissa Carvalho"},"url":"https:\/\/www.correiobraziliense.com.br\/cbradar\/author\/larissamyth\/"}]}},"_links":{"self":[{"href":"https:\/\/www.correiobraziliense.com.br\/cbradar\/wp-json\/wp\/v2\/posts\/9082","targetHints":{"allow":["GET"]}}],"collection":[{"href":"https:\/\/www.correiobraziliense.com.br\/cbradar\/wp-json\/wp\/v2\/posts"}],"about":[{"href":"https:\/\/www.correiobraziliense.com.br\/cbradar\/wp-json\/wp\/v2\/types\/post"}],"author":[{"embeddable":true,"href":"https:\/\/www.correiobraziliense.com.br\/cbradar\/wp-json\/wp\/v2\/users\/3"}],"replies":[{"embeddable":true,"href":"https:\/\/www.correiobraziliense.com.br\/cbradar\/wp-json\/wp\/v2\/comments?post=9082"}],"version-history":[{"count":1,"href":"https:\/\/www.correiobraziliense.com.br\/cbradar\/wp-json\/wp\/v2\/posts\/9082\/revisions"}],"predecessor-version":[{"id":9110,"href":"https:\/\/www.correiobraziliense.com.br\/cbradar\/wp-json\/wp\/v2\/posts\/9082\/revisions\/9110"}],"wp:featuredmedia":[{"embeddable":true,"href":"https:\/\/www.correiobraziliense.com.br\/cbradar\/wp-json\/wp\/v2\/media\/9108"}],"wp:attachment":[{"href":"https:\/\/www.correiobraziliense.com.br\/cbradar\/wp-json\/wp\/v2\/media?parent=9082"}],"wp:term":[{"taxonomy":"category","embeddable":true,"href":"https:\/\/www.correiobraziliense.com.br\/cbradar\/wp-json\/wp\/v2\/categories?post=9082"},{"taxonomy":"post_tag","embeddable":true,"href":"https:\/\/www.correiobraziliense.com.br\/cbradar\/wp-json\/wp\/v2\/post_tag?post=9082"}],"curies":[{"name":"wp","href":"https:\/\/api.w.org\/{rel}","templated":true}]}}