{"id":91043,"date":"2025-08-23T14:13:00","date_gmt":"2025-08-23T17:13:00","guid":{"rendered":"https:\/\/www.correiobraziliense.com.br\/cbradar\/?p=91043"},"modified":"2025-08-22T19:43:31","modified_gmt":"2025-08-22T22:43:31","slug":"a-praia-mais-bonita-do-brasil-encanta-turistas-do-mundo-todo","status":"publish","type":"post","link":"https:\/\/www.correiobraziliense.com.br\/cbradar\/a-praia-mais-bonita-do-brasil-encanta-turistas-do-mundo-todo\/","title":{"rendered":"A praia mais bonita do Brasil encanta turistas do mundo todo"},"content":{"rendered":"\n<p><strong><a href=\"https:\/\/www.ipojuca.pe.gov.br\/tag\/porto-de-galinhas\/\" target=\"_blank\" rel=\"noreferrer noopener\">Porto de Galinhas<\/a><\/strong>, no litoral sul de <strong>Pernambuco<\/strong>, <strong>Brasil<\/strong>, a 70 km do <strong>Recife<\/strong> e pr\u00f3xima a <strong>Maraca\u00edpe<\/strong> e <strong>Serrambi<\/strong>, \u00e9 conhecida como \u201cMelhor Praia do Brasil\u201d. Com piscinas naturais cristalinas formadas por recifes de corais, <strong>Porto de Galinhas<\/strong> \u00e9 o destino de praia mais premiado do pa\u00eds. Conhe\u00e7a este para\u00edso que encanta visitantes do mundo inteiro.<\/p>\n\n\n\n<ul class=\"wp-block-list\">\n<li>Piscinas naturais com \u00e1guas cristalinas e peixes coloridos<\/li>\n\n\n\n<li>Gastronomia regional rica com pratos t\u00edpicos pernambucanos<\/li>\n\n\n\n<li>Infraestrutura tur\u00edstica completa com hot\u00e9is e resorts de qualidade<\/li>\n<\/ul>\n\n\n\n<h2 class=\"wp-block-heading\">Quais s\u00e3o as principais atra\u00e7\u00f5es tur\u00edsticas de Porto de Galinhas?<\/h2>\n\n\n\n<p>A <strong>Praia de Porto de Galinhas<\/strong> \u00e9 famosa mundialmente por suas piscinas naturais formadas durante a mar\u00e9 baixa, onde visitantes podem nadar ao lado de peixes tropicais coloridos. Os recifes de corais criam barreiras naturais que protegem a costa e formam esses aqu\u00e1rios naturais \u00fanicos. O passeio de jangada \u00e9 tradicional e permite acesso \u00e0s piscinas mais distantes da costa com seguran\u00e7a e conforto.<\/p>\n\n\n\n<p>A <strong>Praia de Maraca\u00edpe<\/strong> oferece ondas perfeitas para o surfe e um ambiente mais selvagem, sendo considerada uma das melhores praias para a pr\u00e1tica do esporte no <strong>Nordeste<\/strong>. O <strong>Rio Maraca\u00edpe<\/strong> proporciona passeios de barco entre manguezais onde \u00e9 poss\u00edvel avistar cavalos-marinhos, esp\u00e9cie s\u00edmbolo da regi\u00e3o. A foz do rio cria um cen\u00e1rio espetacular onde \u00e1gua doce encontra o mar.<\/p>\n\n\n\n<p>A <strong>Praia do Cupe<\/strong> encanta com sua extensa faixa de areia clara e coqueirais que proporcionam sombra natural aos banhistas. \u00c9 o local ideal para longas caminhadas \u00e0 beira-mar e pr\u00e1tica de esportes aqu\u00e1ticos. A <strong>Vila de Porto de Galinhas<\/strong> concentra o com\u00e9rcio local com lojas de artesanato, restaurantes e barracas de praia que mant\u00eam a autenticidade da cultura pernambucana.<\/p>\n\n\n\n<p>O <strong>Projeto Hippocampus<\/strong> desenvolve pesquisas de preserva\u00e7\u00e3o dos cavalos-marinhos e oferece visitas educativas sobre a import\u00e2ncia da conserva\u00e7\u00e3o marinha. A <strong>Praia de Serrambi<\/strong> completa o roteiro com piscinas naturais menos movimentadas e um ambiente mais reservado, ideal para quem busca tranquilidade.<\/p>\n\n\n\n<ul class=\"wp-block-list\">\n<li><strong>Praia de Porto de Galinhas<\/strong>: Piscinas naturais com peixes tropicais coloridos.<\/li>\n\n\n\n<li><strong>Praia de Maraca\u00edpe<\/strong>: Ondas ideais para surfe e passeios pelos manguezais.<\/li>\n\n\n\n<li><strong>Praia do Cupe<\/strong>: Extensa faixa de areia com coqueirais naturais.<\/li>\n\n\n\n<li><strong>Vila de Porto de Galinhas<\/strong>: Centro comercial com artesanato e gastronomia local.<\/li>\n\n\n\n<li><strong>Projeto Hippocampus<\/strong>: Centro de pesquisa e preserva\u00e7\u00e3o de cavalos-marinhos.<\/li>\n\n\n\n<li><strong>Praia de Serrambi<\/strong>: Piscinas naturais em ambiente mais reservado<\/li>\n<\/ul>\n\n\n<div class=\"wp-block-image\">\n<figure class=\"aligncenter size-large\"><img decoding=\"async\" width=\"1024\" height=\"576\" src=\"https:\/\/www.correiobraziliense.com.br\/cbradar\/wp-content\/uploads\/2025\/08\/Edicoes-35-1024x576.png\" alt=\"\" class=\"wp-image-79538\" srcset=\"https:\/\/www.correiobraziliense.com.br\/cbradar\/wp-content\/uploads\/2025\/08\/Edicoes-35-1024x576.png 1024w, https:\/\/www.correiobraziliense.com.br\/cbradar\/wp-content\/uploads\/2025\/08\/Edicoes-35-300x169.png 300w, https:\/\/www.correiobraziliense.com.br\/cbradar\/wp-content\/uploads\/2025\/08\/Edicoes-35-768x432.png 768w, https:\/\/www.correiobraziliense.com.br\/cbradar\/wp-content\/uploads\/2025\/08\/Edicoes-35-750x422.png 750w, https:\/\/www.correiobraziliense.com.br\/cbradar\/wp-content\/uploads\/2025\/08\/Edicoes-35-1140x641.png 1140w, https:\/\/www.correiobraziliense.com.br\/cbradar\/wp-content\/uploads\/2025\/08\/Edicoes-35.png 1280w\" sizes=\"(max-width: 1024px) 100vw, 1024px\" \/><figcaption class=\"wp-element-caption\">Porto de Galinhas \/\/ Cr\u00e9ditos: YouTube @OneManWolfPack<\/figcaption><\/figure><\/div>\n\n\n<h2 class=\"wp-block-heading\">Como \u00e9 a vida cultural em Porto de Galinhas?<\/h2>\n\n\n\n<p><strong>Porto de Galinhas<\/strong> celebra anualmente o <strong>Festival de Inverno<\/strong>, que acontece em julho e re\u00fane artistas nacionais e internacionais em shows na praia e na vila. O evento inclui apresenta\u00e7\u00f5es de m\u00fasica popular brasileira, rock, eletr\u00f4nica e ritmos regionais como forr\u00f3 e maracatu. A <strong>Feira de Artesanato<\/strong> funciona diariamente na vila principal, oferecendo produtos t\u00edpicos de <strong>Pernambuco<\/strong> como rendas, cer\u00e2micas e esculturas em madeira.<\/p>\n\n\n\n<p>A gastronomia local destaca pratos com frutos-do-mar frescos, especialmente caldeirada de lagosta, casquinha de caranguejo e bob\u00f3 de camar\u00e3o preparados com t\u00e9cnicas tradicionais pernambucanas. Restaurantes \u00e0 beira-mar oferecem experi\u00eancias gastron\u00f4micas com vista panor\u00e2mica do oceano. A cacha\u00e7a artesanal e a caipirinha de frutas regionais como caj\u00e1 e mangaba s\u00e3o especialidades locais.<\/p>\n\n\n\n<p>A cultura jangadeira mant\u00e9m tradi\u00e7\u00f5es centen\u00e1rias com embarca\u00e7\u00f5es artesanais que hoje servem ao turismo, preservando t\u00e9cnicas de navega\u00e7\u00e3o passadas de gera\u00e7\u00e3o em gera\u00e7\u00e3o. Os jangadeiros s\u00e3o verdadeiros guardi\u00f5es da cultura mar\u00edtima pernambucana.<\/p>\n\n\n\n<figure class=\"wp-block-embed aligncenter is-type-video is-provider-youtube wp-block-embed-youtube wp-embed-aspect-16-9 wp-has-aspect-ratio\"><div class=\"wp-block-embed__wrapper\">\n<div class=\"jeg_video_container jeg_video_content\"><iframe loading=\"lazy\" title=\"\u30104K\u3011Porto de Galinhas from Above - BRAZIL 2020 | Cinematic Wolf Aerial\u2122 Drone Film\" width=\"500\" height=\"281\" src=\"https:\/\/www.youtube.com\/embed\/_u8DPjyW-14?feature=oembed\" frameborder=\"0\" allow=\"accelerometer; autoplay; clipboard-write; encrypted-media; gyroscope; picture-in-picture; web-share\" referrerpolicy=\"strict-origin-when-cross-origin\" allowfullscreen><\/iframe><\/div>\n<\/div><figcaption class=\"wp-element-caption\">Porto de Galinhas \/\/ Cr\u00e9ditos: YouTube @OneManWolfPack<\/figcaption><\/figure>\n\n\n\n<h2 class=\"wp-block-heading\">Por que Porto de Galinhas \u00e9 refer\u00eancia em turismo de praia?<\/h2>\n\n\n\n<p><strong>Porto de Galinhas<\/strong> foi eleita &#8220;Melhor Praia do Brasil&#8221; por dez anos consecutivos pela revista <strong>Viagem e Turismo<\/strong>, consolidando-se como refer\u00eancia nacional em turismo de sol e mar. A infraestrutura tur\u00edstica desenvolvida inclui resorts, pousadas, restaurantes e operadoras especializadas que atendem desde turismo familiar at\u00e9 ecoturismo. A <strong>Secretaria de Turismo de Pernambuco<\/strong> destaca o destino como modelo de desenvolvimento tur\u00edstico sustent\u00e1vel.<\/p>\n\n\n\n<p>Os projetos de conserva\u00e7\u00e3o ambiental incluem monitoramento dos recifes de corais e programas de educa\u00e7\u00e3o ambiental para turistas e comunidade local. A capacita\u00e7\u00e3o de guias locais e jangadeiros contribui para a qualidade dos servi\u00e7os tur\u00edsticos. A combina\u00e7\u00e3o de belezas naturais preservadas com excelente infraestrutura atrai mais de 1 milh\u00e3o de visitantes anualmente.<\/p>\n\n\n\n<p>A diversidade de atividades dispon\u00edveis inclui mergulho, surfe, passeios ecol\u00f3gicos, tratamentos de spa e vida noturna, atendendo diferentes perfis de turistas. <strong>Porto de Galinhas<\/strong> \u00e9 considerada pela <strong>EMBRATUR<\/strong> um dos principais cart\u00f5es-postais do turismo brasileiro.<\/p>\n\n\n<div class=\"wp-block-image\">\n<figure class=\"aligncenter size-large\"><img decoding=\"async\" width=\"1024\" height=\"576\" src=\"https:\/\/www.correiobraziliense.com.br\/cbradar\/wp-content\/uploads\/2025\/07\/porto-de-galinhas_1752363088100-1024x576.jpg\" alt=\"Voc\u00ea vai se apaixonar por essa joia escondida no litoral brasileiro\" class=\"wp-image-68709\" srcset=\"https:\/\/www.correiobraziliense.com.br\/cbradar\/wp-content\/uploads\/2025\/07\/porto-de-galinhas_1752363088100-1024x576.jpg 1024w, https:\/\/www.correiobraziliense.com.br\/cbradar\/wp-content\/uploads\/2025\/07\/porto-de-galinhas_1752363088100-300x169.jpg 300w, https:\/\/www.correiobraziliense.com.br\/cbradar\/wp-content\/uploads\/2025\/07\/porto-de-galinhas_1752363088100-768x432.jpg 768w, https:\/\/www.correiobraziliense.com.br\/cbradar\/wp-content\/uploads\/2025\/07\/porto-de-galinhas_1752363088100-750x422.jpg 750w, https:\/\/www.correiobraziliense.com.br\/cbradar\/wp-content\/uploads\/2025\/07\/porto-de-galinhas_1752363088100-1140x641.jpg 1140w, https:\/\/www.correiobraziliense.com.br\/cbradar\/wp-content\/uploads\/2025\/07\/porto-de-galinhas_1752363088100.jpg 1280w\" sizes=\"(max-width: 1024px) 100vw, 1024px\" \/><figcaption class=\"wp-element-caption\">Porto de Galinhas \/\/ Cr\u00e9ditos: depositphotos.com \/ Cristian_Lourenco<\/figcaption><\/figure><\/div>\n\n\n<h2 class=\"wp-block-heading\">A lenda das galinhas que deu nome ao para\u00edso<\/h2>\n\n\n\n<p><strong>Porto de Galinhas<\/strong> recebeu este nome durante o per\u00edodo colonial, quando a regi\u00e3o servia como porto clandestino para o desembarque de escravos africanos. Como o tr\u00e1fico era proibido, os traficantes usavam a express\u00e3o \u201ctem galinha nova no porto\u201d como c\u00f3digo para avisar sobre a chegada de navios negreiros. As \u201cgalinhas\u201d eram uma refer\u00eancia disfar\u00e7ada aos escravos que chegavam ao local.<\/p>\n\n\n\n<p>Ap\u00f3s a aboli\u00e7\u00e3o da escravatura, a regi\u00e3o manteve o nome que se tornou s\u00edmbolo de um dos destinos tur\u00edsticos mais importantes do <strong>Brasil<\/strong>. A gala s\u00edmbolo do destino \u00e9 hoje representada por esculturas coloridas espalhadas pela vila, transformando um passado doloroso em arte e mem\u00f3ria. A transforma\u00e7\u00e3o hist\u00f3rica do local reflete a capacidade de renova\u00e7\u00e3o e beleza que caracteriza <strong>Porto de Galinhas<\/strong>.<\/p>\n\n\n\n<h2 class=\"wp-block-heading\">Melhor \u00e9poca para visitar Porto de Galinhas?<\/h2>\n\n\n\n<p>Entre setembro e mar\u00e7o, <strong>Porto de Galinhas<\/strong> desfruta de temperaturas entre 26\u202f\u00b0C e 30\u202f\u00b0C com sol predominante e poucas chuvas, segundo o <strong>Climatempo<\/strong>. Este per\u00edodo \u00e9 ideal para aproveitar as piscinas naturais e atividades aqu\u00e1ticas com m\u00e1ximo conforto. A mar\u00e9 baixa ocorre preferencialmente pela manh\u00e3, facilitando o acesso \u00e0s piscinas naturais.<\/p>\n\n\n\n<p>De abril a agosto, a esta\u00e7\u00e3o chuvosa traz temperaturas mais amenas entre 24\u202f\u00b0C e 28\u202f\u00b0C, com chuvas geralmente concentradas no final da tarde e in\u00edcio da noite. Este per\u00edodo oferece tarifas menores em hot\u00e9is e restaurantes, al\u00e9m de menor movimento nas praias. As chuvas tropicais s\u00e3o r\u00e1pidas e refrescantes, n\u00e3o prejudicando significativamente as atividades tur\u00edsticas.<\/p>\n\n\n\n<p>O <strong>Festival de Inverno<\/strong> em julho coincide com f\u00e9rias escolares, atraindo maior n\u00famero de visitantes e oferecendo programa\u00e7\u00e3o cultural intensa. Para quem busca tranquilidade e pre\u00e7os mais acess\u00edveis, maio e junho s\u00e3o ideais.<\/p>\n\n\n\n<p><strong><strong>Leia tamb\u00e9m: <a href=\"https:\/\/www.correiobraziliense.com.br\/cbradar\/o-caribe-brasileiro-que-conquistou-o-mundo-todo-com-seu-paraiso-tropical\/\" target=\"_blank\" rel=\"noreferrer noopener\">O Caribe brasileiro que conquista o mundo com seu para\u00edso tropical.<\/a><\/strong><\/strong><\/p>\n\n\n\n<h2 class=\"wp-block-heading\">Vivencie Porto de Galinhas<\/h2>\n\n\n\n<p><strong>Porto de Galinhas<\/strong> combina as mais belas piscinas naturais do <strong>Brasil<\/strong> com infraestrutura tur\u00edstica de excel\u00eancia e cultura pernambucana aut\u00eantica. Das aventuras aqu\u00e1ticas entre peixes tropicais aos sabores \u00fanicos da gastronomia regional, cada experi\u00eancia revela por que este destino conquistou reconhecimento mundial. Planeje sua viagem para descobrir o para\u00edso que se tornou s\u00edmbolo do turismo brasileiro.<\/p>\n\n\n\n<ul class=\"wp-block-list\">\n<li>Piscinas naturais cristalinas \u00fanicas no litoral brasileiro.<\/li>\n\n\n\n<li>Infraestrutura tur\u00edstica premiada com op\u00e7\u00f5es para todos os perfis.<\/li>\n\n\n\n<li>Cultura pernambucana rica em tradi\u00e7\u00f5es mar\u00edtimas e gastron\u00f4mica<\/li>\n<\/ul>\n","protected":false},"excerpt":{"rendered":"<p>Porto de Galinhas, no litoral sul de Pernambuco, Brasil, a 70 km do Recife e pr\u00f3xima a Maraca\u00edpe e Serrambi, \u00e9 conhecida como \u201cMelhor Praia do Brasil\u201d. Com piscinas naturais cristalinas formadas por recifes de corais, Porto de Galinhas \u00e9 o destino de praia mais premiado do pa\u00eds. Conhe\u00e7a este para\u00edso que encanta visitantes do [&hellip;]<\/p>\n","protected":false},"author":8,"featured_media":1817,"comment_status":"open","ping_status":"open","sticky":false,"template":"","format":"standard","meta":{"_yoast_wpseo_focuskw":"praia","_yoast_wpseo_title":"","_yoast_wpseo_metadesc":"Conhe\u00e7a a praia considerada a melhor do Brasil, um ref\u00fagio paradis\u00edaco que encanta com sua beleza natural e \u00e1guas cristalinas.","jnews-multi-image_gallery":[],"jnews_single_post":{"format":"standard"},"jnews_primary_category":[],"jnews_social_meta":[],"jnews_override_counter":[],"footnotes":""},"categories":[108,111],"post_tag":[9457,940,9700],"class_list":["post-91043","post","type-post","status-publish","format-standard","has-post-thumbnail","hentry","category-cidades","category-turismo","tag-melhor-praia-do-brasil","tag-pernambuco","tag-porto-galinhas"],"yoast_head":"<!-- This site is optimized with the Yoast SEO plugin v24.6 - https:\/\/yoast.com\/wordpress\/plugins\/seo\/ -->\n<title>A praia mais bonita do Brasil encanta turistas do mundo todo - Correio Braziliense - Radar<\/title>\n<meta name=\"description\" content=\"Conhe\u00e7a a praia considerada a melhor do Brasil, um ref\u00fagio paradis\u00edaco que encanta com sua beleza natural e \u00e1guas cristalinas.\" \/>\n<meta name=\"robots\" content=\"index, follow, max-snippet:-1, max-image-preview:large, max-video-preview:-1\" \/>\n<link rel=\"canonical\" href=\"https:\/\/www.correiobraziliense.com.br\/cbradar\/a-praia-mais-bonita-do-brasil-encanta-turistas-do-mundo-todo\/\" \/>\n<meta property=\"og:locale\" content=\"pt_BR\" \/>\n<meta property=\"og:type\" content=\"article\" \/>\n<meta property=\"og:title\" content=\"A praia mais bonita do Brasil encanta turistas do mundo todo - Correio Braziliense - Radar\" \/>\n<meta property=\"og:description\" content=\"Conhe\u00e7a a praia considerada a melhor do Brasil, um ref\u00fagio paradis\u00edaco que encanta com sua beleza natural e \u00e1guas cristalinas.\" \/>\n<meta property=\"og:url\" content=\"https:\/\/www.correiobraziliense.com.br\/cbradar\/a-praia-mais-bonita-do-brasil-encanta-turistas-do-mundo-todo\/\" \/>\n<meta property=\"og:site_name\" content=\"Correio Braziliense - Radar\" \/>\n<meta property=\"article:published_time\" content=\"2025-08-23T17:13:00+00:00\" \/>\n<meta property=\"og:image\" content=\"https:\/\/www.correiobraziliense.com.br\/cbradar\/wp-content\/uploads\/2025\/02\/porto-de-galinhas_1739292732378.jpg\" \/>\n\t<meta property=\"og:image:width\" content=\"1280\" \/>\n\t<meta property=\"og:image:height\" content=\"720\" \/>\n\t<meta property=\"og:image:type\" content=\"image\/jpeg\" \/>\n<meta name=\"author\" content=\"Maura Pereira\" \/>\n<meta name=\"twitter:card\" content=\"summary_large_image\" \/>\n<meta name=\"twitter:label1\" content=\"Escrito por\" \/>\n\t<meta name=\"twitter:data1\" content=\"Maura Pereira\" \/>\n\t<meta name=\"twitter:label2\" content=\"Est. tempo de leitura\" \/>\n\t<meta name=\"twitter:data2\" content=\"7 minutos\" \/>\n<!-- \/ Yoast SEO plugin. -->","yoast_head_json":{"title":"A praia mais bonita do Brasil encanta turistas do mundo todo - Correio Braziliense - Radar","description":"Conhe\u00e7a a praia considerada a melhor do Brasil, um ref\u00fagio paradis\u00edaco que encanta com sua beleza natural e \u00e1guas cristalinas.","robots":{"index":"index","follow":"follow","max-snippet":"max-snippet:-1","max-image-preview":"max-image-preview:large","max-video-preview":"max-video-preview:-1"},"canonical":"https:\/\/www.correiobraziliense.com.br\/cbradar\/a-praia-mais-bonita-do-brasil-encanta-turistas-do-mundo-todo\/","og_locale":"pt_BR","og_type":"article","og_title":"A praia mais bonita do Brasil encanta turistas do mundo todo - Correio Braziliense - Radar","og_description":"Conhe\u00e7a a praia considerada a melhor do Brasil, um ref\u00fagio paradis\u00edaco que encanta com sua beleza natural e \u00e1guas cristalinas.","og_url":"https:\/\/www.correiobraziliense.com.br\/cbradar\/a-praia-mais-bonita-do-brasil-encanta-turistas-do-mundo-todo\/","og_site_name":"Correio Braziliense - Radar","article_published_time":"2025-08-23T17:13:00+00:00","og_image":[{"width":1280,"height":720,"url":"https:\/\/www.correiobraziliense.com.br\/cbradar\/wp-content\/uploads\/2025\/02\/porto-de-galinhas_1739292732378.jpg","type":"image\/jpeg"}],"author":"Maura Pereira","twitter_card":"summary_large_image","twitter_misc":{"Escrito por":"Maura Pereira","Est. tempo de leitura":"7 minutos"},"schema":{"@context":"https:\/\/schema.org","@graph":[{"@type":"WebPage","@id":"https:\/\/www.correiobraziliense.com.br\/cbradar\/a-praia-mais-bonita-do-brasil-encanta-turistas-do-mundo-todo\/","url":"https:\/\/www.correiobraziliense.com.br\/cbradar\/a-praia-mais-bonita-do-brasil-encanta-turistas-do-mundo-todo\/","name":"A praia mais bonita do Brasil encanta turistas do mundo todo - Correio Braziliense - Radar","isPartOf":{"@id":"https:\/\/www.correiobraziliense.com.br\/cbradar\/#website"},"primaryImageOfPage":{"@id":"https:\/\/www.correiobraziliense.com.br\/cbradar\/a-praia-mais-bonita-do-brasil-encanta-turistas-do-mundo-todo\/#primaryimage"},"image":{"@id":"https:\/\/www.correiobraziliense.com.br\/cbradar\/a-praia-mais-bonita-do-brasil-encanta-turistas-do-mundo-todo\/#primaryimage"},"thumbnailUrl":"https:\/\/www.correiobraziliense.com.br\/cbradar\/wp-content\/uploads\/2025\/02\/porto-de-galinhas_1739292732378.jpg","datePublished":"2025-08-23T17:13:00+00:00","author":{"@id":"https:\/\/www.correiobraziliense.com.br\/cbradar\/#\/schema\/person\/4053c651a9bfc785afc6f4cbc9032fd3"},"description":"Conhe\u00e7a a praia considerada a melhor do Brasil, um ref\u00fagio paradis\u00edaco que encanta com sua beleza natural e \u00e1guas cristalinas.","breadcrumb":{"@id":"https:\/\/www.correiobraziliense.com.br\/cbradar\/a-praia-mais-bonita-do-brasil-encanta-turistas-do-mundo-todo\/#breadcrumb"},"inLanguage":"pt-BR","potentialAction":[{"@type":"ReadAction","target":["https:\/\/www.correiobraziliense.com.br\/cbradar\/a-praia-mais-bonita-do-brasil-encanta-turistas-do-mundo-todo\/"]}]},{"@type":"ImageObject","inLanguage":"pt-BR","@id":"https:\/\/www.correiobraziliense.com.br\/cbradar\/a-praia-mais-bonita-do-brasil-encanta-turistas-do-mundo-todo\/#primaryimage","url":"https:\/\/www.correiobraziliense.com.br\/cbradar\/wp-content\/uploads\/2025\/02\/porto-de-galinhas_1739292732378.jpg","contentUrl":"https:\/\/www.correiobraziliense.com.br\/cbradar\/wp-content\/uploads\/2025\/02\/porto-de-galinhas_1739292732378.jpg","width":1280,"height":720,"caption":"Viva momentos m\u00e1gicos em Porto de Galinhas, onde o mar e a natureza encantam todos os visitantes! \/\/ Cr\u00e9ditos: depositphotos.com \/ Cristian_Lourenco"},{"@type":"BreadcrumbList","@id":"https:\/\/www.correiobraziliense.com.br\/cbradar\/a-praia-mais-bonita-do-brasil-encanta-turistas-do-mundo-todo\/#breadcrumb","itemListElement":[{"@type":"ListItem","position":1,"name":"In\u00edcio","item":"https:\/\/www.correiobraziliense.com.br\/cbradar\/"},{"@type":"ListItem","position":2,"name":"A praia mais bonita do Brasil encanta turistas do mundo todo"}]},{"@type":"WebSite","@id":"https:\/\/www.correiobraziliense.com.br\/cbradar\/#website","url":"https:\/\/www.correiobraziliense.com.br\/cbradar\/","name":"Correio Braziliense - Radar","description":"Acompanhe as \u00faltimas not\u00edcias e fique bem informado sobre tudo o que acontece no Brasil e no mundo.","potentialAction":[{"@type":"SearchAction","target":{"@type":"EntryPoint","urlTemplate":"https:\/\/www.correiobraziliense.com.br\/cbradar\/?s={search_term_string}"},"query-input":{"@type":"PropertyValueSpecification","valueRequired":true,"valueName":"search_term_string"}}],"inLanguage":"pt-BR"},{"@type":"Person","@id":"https:\/\/www.correiobraziliense.com.br\/cbradar\/#\/schema\/person\/4053c651a9bfc785afc6f4cbc9032fd3","name":"Maura Pereira","image":{"@type":"ImageObject","inLanguage":"pt-BR","@id":"https:\/\/www.correiobraziliense.com.br\/cbradar\/#\/schema\/person\/image\/","url":"https:\/\/secure.gravatar.com\/avatar\/3effd6bdadfa447f15089c7f7144eaa6?s=96&d=mm&r=g","contentUrl":"https:\/\/secure.gravatar.com\/avatar\/3effd6bdadfa447f15089c7f7144eaa6?s=96&d=mm&r=g","caption":"Maura Pereira"},"sameAs":["https:\/\/www.correiobraziliense.com.br\/"],"url":"https:\/\/www.correiobraziliense.com.br\/cbradar\/author\/mauramyth\/"}]}},"_links":{"self":[{"href":"https:\/\/www.correiobraziliense.com.br\/cbradar\/wp-json\/wp\/v2\/posts\/91043","targetHints":{"allow":["GET"]}}],"collection":[{"href":"https:\/\/www.correiobraziliense.com.br\/cbradar\/wp-json\/wp\/v2\/posts"}],"about":[{"href":"https:\/\/www.correiobraziliense.com.br\/cbradar\/wp-json\/wp\/v2\/types\/post"}],"author":[{"embeddable":true,"href":"https:\/\/www.correiobraziliense.com.br\/cbradar\/wp-json\/wp\/v2\/users\/8"}],"replies":[{"embeddable":true,"href":"https:\/\/www.correiobraziliense.com.br\/cbradar\/wp-json\/wp\/v2\/comments?post=91043"}],"version-history":[{"count":17,"href":"https:\/\/www.correiobraziliense.com.br\/cbradar\/wp-json\/wp\/v2\/posts\/91043\/revisions"}],"predecessor-version":[{"id":91362,"href":"https:\/\/www.correiobraziliense.com.br\/cbradar\/wp-json\/wp\/v2\/posts\/91043\/revisions\/91362"}],"wp:featuredmedia":[{"embeddable":true,"href":"https:\/\/www.correiobraziliense.com.br\/cbradar\/wp-json\/wp\/v2\/media\/1817"}],"wp:attachment":[{"href":"https:\/\/www.correiobraziliense.com.br\/cbradar\/wp-json\/wp\/v2\/media?parent=91043"}],"wp:term":[{"taxonomy":"category","embeddable":true,"href":"https:\/\/www.correiobraziliense.com.br\/cbradar\/wp-json\/wp\/v2\/categories?post=91043"},{"taxonomy":"post_tag","embeddable":true,"href":"https:\/\/www.correiobraziliense.com.br\/cbradar\/wp-json\/wp\/v2\/post_tag?post=91043"}],"curies":[{"name":"wp","href":"https:\/\/api.w.org\/{rel}","templated":true}]}}