{"id":91050,"date":"2025-08-23T07:43:14","date_gmt":"2025-08-23T10:43:14","guid":{"rendered":"https:\/\/www.correiobraziliense.com.br\/cbradar\/?p=91050"},"modified":"2025-08-22T15:53:02","modified_gmt":"2025-08-22T18:53:02","slug":"a-planta-que-ajuda-a-dormir-melhor-e-cuida-da-pressao","status":"publish","type":"post","link":"https:\/\/www.correiobraziliense.com.br\/cbradar\/a-planta-que-ajuda-a-dormir-melhor-e-cuida-da-pressao\/","title":{"rendered":"A planta que ajuda a dormir melhor e cuida da press\u00e3o"},"content":{"rendered":"\n<p>Desde tempos antigos, <strong>camomila<\/strong> tem sido apreciada por suas propriedades tranquilizantes, um legado que remonta aos gregos antigos. Esta erva oferece uma sensa\u00e7\u00e3o de calma, gra\u00e7as ao composto qu\u00edmico <strong>apigenina<\/strong>, que atua como um leve tranquilizante. Estudos indicam que o consumo de ch\u00e1 de camomila auxilia na promo\u00e7\u00e3o de um sono mais tranquilo, o que pode ser particularmente ben\u00e9fico em uma sociedade que enfrenta crescentes n\u00edveis de estresse. H\u00e1 relatos hist\u00f3ricos de seu uso em <strong>Roma<\/strong>, <strong>Egito<\/strong> e tamb\u00e9m registros antigos de benef\u00edcios na <strong>Gr\u00e9cia Antiga<\/strong>, mostrando a popularidade dessa planta ao longo das eras.<\/p>\n\n\n\n<h2 class=\"wp-block-heading\">Quais s\u00e3o os benef\u00edcios nutricionais da camomila?<\/h2>\n\n\n\n<p>Al\u00e9m de suas propriedades calmantes, a camomila \u00e9 uma \u00f3tima fonte de <a href=\"https:\/\/www.correiobraziliense.com.br\/cbradar\/13-vitaminas-que-causam-mais-danos-do-que-beneficios\/\" target=\"_blank\" rel=\"noopener\">vitaminas<\/a> e minerais essenciais, incluindo pot\u00e1ssio e c\u00e1lcio. O pot\u00e1ssio, um eletr\u00f3lito crucial, desempenha um papel vital na manuten\u00e7\u00e3o do sistema nervoso, fortalecimento dos ossos e regula\u00e7\u00e3o do ritmo card\u00edaco. Com a recomenda\u00e7\u00e3o di\u00e1ria de consumo de pot\u00e1ssio em torno de 2.600 miligramas para mulheres e 3.400 para homens, adicionar camomila \u00e0 dieta pode ser um passo positivo, apesar de seu teor modesto de 21 miligramas por x\u00edcara. Vale lembrar que \u00f3rg\u00e3os de sa\u00fade, como a <strong>Organiza\u00e7\u00e3o Mundial da Sa\u00fade<\/strong>, recomendam sempre buscar orienta\u00e7\u00e3o profissional para o uso de ch\u00e1s medicinais em casos espec\u00edficos.<\/p>\n\n\n\n<h2 class=\"wp-block-heading\">Como a camomila contribui para a sa\u00fade do cora\u00e7\u00e3o?<\/h2>\n\n\n\n<p>O efeito calmante da camomila tamb\u00e9m pode auxiliar na redu\u00e7\u00e3o da press\u00e3o arterial, minimizando o risco de eventos card\u00edacos. A ingest\u00e3o regular de pot\u00e1ssio rica atrav\u00e9s de alimentos, complementar ao ch\u00e1 de camomila, pode reduzir os riscos associados a uma dieta rica em s\u00f3dio, impactando positivamente na sa\u00fade cardiovascular. Pesquisas recentes, realizadas em pa\u00edses como <strong>Estados Unidos<\/strong> e <strong>Reino Unido<\/strong>, apoiam a inclus\u00e3o de infus\u00f5es naturais para melhor controle do estresse, fator determinante para a sa\u00fade do cora\u00e7\u00e3o.<\/p>\n\n\n<div class=\"wp-block-image\">\n<figure class=\"aligncenter size-large\"><img decoding=\"async\" width=\"1024\" height=\"576\" src=\"https:\/\/www.correiobraziliense.com.br\/cbradar\/wp-content\/uploads\/2025\/07\/camomila-_1752010932165-1024x576.jpg\" alt=\"\" class=\"wp-image-66794\" srcset=\"https:\/\/www.correiobraziliense.com.br\/cbradar\/wp-content\/uploads\/2025\/07\/camomila-_1752010932165-1024x576.jpg 1024w, https:\/\/www.correiobraziliense.com.br\/cbradar\/wp-content\/uploads\/2025\/07\/camomila-_1752010932165-300x169.jpg 300w, https:\/\/www.correiobraziliense.com.br\/cbradar\/wp-content\/uploads\/2025\/07\/camomila-_1752010932165-768x432.jpg 768w, https:\/\/www.correiobraziliense.com.br\/cbradar\/wp-content\/uploads\/2025\/07\/camomila-_1752010932165-750x422.jpg 750w, https:\/\/www.correiobraziliense.com.br\/cbradar\/wp-content\/uploads\/2025\/07\/camomila-_1752010932165-1140x641.jpg 1140w, https:\/\/www.correiobraziliense.com.br\/cbradar\/wp-content\/uploads\/2025\/07\/camomila-_1752010932165.jpg 1280w\" sizes=\"(max-width: 1024px) 100vw, 1024px\" \/><figcaption class=\"wp-element-caption\">Suas folhas frescas s\u00e3o amplamente empregadas em infus\u00f5es, xaropes ou extratos &#8211; Cr\u00e9ditos: depositphotos.com \/ 13-Smile<\/figcaption><\/figure><\/div>\n\n\n<h2 class=\"wp-block-heading\">Qual \u00e9 a rela\u00e7\u00e3o entre camomila e a preven\u00e7\u00e3o de doen\u00e7as?<\/h2>\n\n\n\n<p>Estudos sugerem que compostos presentes na camomila t\u00eam propriedades anti-inflamat\u00f3rias. A inflama\u00e7\u00e3o cr\u00f4nica est\u00e1 associada a doen\u00e7as como o c\u00e2ncer e problemas card\u00edacos. Pesquisas indicam que beber ch\u00e1 de camomila regularmente pode diminuir o risco de morte por doen\u00e7as card\u00edacas, al\u00e9m de potencialmente oferecer prote\u00e7\u00e3o contra certos tipos de c\u00e2ncer. Ainda, especialistas da <strong>Universidade de Oxford<\/strong> destacam que h\u00e1bitos saud\u00e1veis, como a introdu\u00e7\u00e3o de ervas no cotidiano, podem ter impacto significativo na qualidade de vida.<\/p>\n\n\n\n<h2 class=\"wp-block-heading\">Existe conex\u00e3o entre camomila e diabetes?<\/h2>\n\n\n\n<p>Pesquisas emergentes tamb\u00e9m destacam o potencial da camomila para o controle do diabetes. Compostos qu\u00edmicos na erva podem ajudar na gest\u00e3o dos n\u00edveis de a\u00e7\u00facar no sangue, proporcionando uma camada adicional de prote\u00e7\u00e3o para indiv\u00edduos predispostos a esta condi\u00e7\u00e3o. No entanto, mais estudos s\u00e3o necess\u00e1rios para confirmar esses efeitos ben\u00e9ficos. Algumas publica\u00e7\u00f5es do <strong>Instituto Nacional de Diabetes e Doen\u00e7as Digestivas e Renais<\/strong> j\u00e1 consideram a camomila um aliado complementar, por\u00e9m ressaltam a necessidade de acompanhamento m\u00e9dico.<\/p>\n\n\n\n<p>Embora a camomila seja geralmente segura, certas precau\u00e7\u00f5es s\u00e3o aconselhadas. Pessoas gr\u00e1vidas devem evitar o consumo dessa erva, pois ela pode induzir um trabalho de parto prematuro. Igualmente, indiv\u00edduos com hist\u00f3rico de alergias severas devem ter cuidado, considerando a poss\u00edvel contamina\u00e7\u00e3o cruzada com p\u00f3len de outras plantas.<\/p>\n\n\n\n<p>Como uma inclus\u00e3o segura e natural na dieta, uma ou duas x\u00edcaras de ch\u00e1 de camomila por dia podem ser suficientes para aproveitar seus m\u00faltiplos benef\u00edcios. Mais do que apenas uma bebida saborosa, o ch\u00e1 de camomila oferece uma gama de vantagens para a sa\u00fade, tornando-se uma escolha valiosa para aqueles que buscam equil\u00edbrio e bem-estar.<\/p>\n","protected":false},"excerpt":{"rendered":"<p>Desde tempos antigos, camomila tem sido apreciada por suas propriedades tranquilizantes, um legado que remonta aos gregos antigos. Esta erva oferece uma sensa\u00e7\u00e3o de calma, gra\u00e7as ao composto qu\u00edmico apigenina, que atua como um leve tranquilizante. Estudos indicam que o consumo de ch\u00e1 de camomila auxilia na promo\u00e7\u00e3o de um sono mais tranquilo, o que [&hellip;]<\/p>\n","protected":false},"author":9,"featured_media":21952,"comment_status":"open","ping_status":"open","sticky":false,"template":"","format":"standard","meta":{"_yoast_wpseo_focuskw":"Camomila","_yoast_wpseo_title":"%%title%% %%page%%","_yoast_wpseo_metadesc":"","jnews-multi-image_gallery":[],"jnews_single_post":{"format":"standard"},"jnews_primary_category":[],"jnews_social_meta":[],"jnews_override_counter":[],"footnotes":""},"categories":[119,4404],"tags":[120,1360,565,8408],"class_list":["post-91050","post","type-post","status-publish","format-standard","has-post-thumbnail","hentry","category-bem-estar","category-saude","tag-bem-estar","tag-camomila","tag-saude","tag-tranquilidade"],"yoast_head":"<!-- This site is optimized with the Yoast SEO plugin v24.6 - https:\/\/yoast.com\/wordpress\/plugins\/seo\/ -->\n<title>A planta que ajuda a dormir melhor e cuida da press\u00e3o<\/title>\n<meta name=\"robots\" content=\"index, follow, max-snippet:-1, max-image-preview:large, max-video-preview:-1\" \/>\n<link rel=\"canonical\" href=\"https:\/\/www.correiobraziliense.com.br\/cbradar\/a-planta-que-ajuda-a-dormir-melhor-e-cuida-da-pressao\/\" \/>\n<meta property=\"og:locale\" content=\"pt_BR\" \/>\n<meta property=\"og:type\" content=\"article\" \/>\n<meta property=\"og:title\" content=\"A planta que ajuda a dormir melhor e cuida da press\u00e3o\" \/>\n<meta property=\"og:description\" content=\"Desde tempos antigos, camomila tem sido apreciada por suas propriedades tranquilizantes, um legado que remonta aos gregos antigos. Esta erva oferece uma sensa\u00e7\u00e3o de calma, gra\u00e7as ao composto qu\u00edmico apigenina, que atua como um leve tranquilizante. Estudos indicam que o consumo de ch\u00e1 de camomila auxilia na promo\u00e7\u00e3o de um sono mais tranquilo, o que [&hellip;]\" \/>\n<meta property=\"og:url\" content=\"https:\/\/www.correiobraziliense.com.br\/cbradar\/a-planta-que-ajuda-a-dormir-melhor-e-cuida-da-pressao\/\" \/>\n<meta property=\"og:site_name\" content=\"Correio Braziliense - Radar\" \/>\n<meta property=\"article:published_time\" content=\"2025-08-23T10:43:14+00:00\" \/>\n<meta property=\"og:image\" content=\"https:\/\/www.correiobraziliense.com.br\/cbradar\/wp-content\/uploads\/2025\/04\/camomila_1744312018069.jpg\" \/>\n\t<meta property=\"og:image:width\" content=\"1280\" \/>\n\t<meta property=\"og:image:height\" content=\"720\" \/>\n\t<meta property=\"og:image:type\" content=\"image\/jpeg\" \/>\n<meta name=\"author\" content=\"Daniely Cardoso\" \/>\n<meta name=\"twitter:card\" content=\"summary_large_image\" \/>\n<meta name=\"twitter:label1\" content=\"Escrito por\" \/>\n\t<meta name=\"twitter:data1\" content=\"Daniely Cardoso\" \/>\n\t<meta name=\"twitter:label2\" content=\"Est. tempo de leitura\" \/>\n\t<meta name=\"twitter:data2\" content=\"4 minutos\" \/>\n<!-- \/ Yoast SEO plugin. -->","yoast_head_json":{"title":"A planta que ajuda a dormir melhor e cuida da press\u00e3o","robots":{"index":"index","follow":"follow","max-snippet":"max-snippet:-1","max-image-preview":"max-image-preview:large","max-video-preview":"max-video-preview:-1"},"canonical":"https:\/\/www.correiobraziliense.com.br\/cbradar\/a-planta-que-ajuda-a-dormir-melhor-e-cuida-da-pressao\/","og_locale":"pt_BR","og_type":"article","og_title":"A planta que ajuda a dormir melhor e cuida da press\u00e3o","og_description":"Desde tempos antigos, camomila tem sido apreciada por suas propriedades tranquilizantes, um legado que remonta aos gregos antigos. Esta erva oferece uma sensa\u00e7\u00e3o de calma, gra\u00e7as ao composto qu\u00edmico apigenina, que atua como um leve tranquilizante. Estudos indicam que o consumo de ch\u00e1 de camomila auxilia na promo\u00e7\u00e3o de um sono mais tranquilo, o que [&hellip;]","og_url":"https:\/\/www.correiobraziliense.com.br\/cbradar\/a-planta-que-ajuda-a-dormir-melhor-e-cuida-da-pressao\/","og_site_name":"Correio Braziliense - Radar","article_published_time":"2025-08-23T10:43:14+00:00","og_image":[{"width":1280,"height":720,"url":"https:\/\/www.correiobraziliense.com.br\/cbradar\/wp-content\/uploads\/2025\/04\/camomila_1744312018069.jpg","type":"image\/jpeg"}],"author":"Daniely Cardoso","twitter_card":"summary_large_image","twitter_misc":{"Escrito por":"Daniely Cardoso","Est. tempo de leitura":"4 minutos"},"schema":{"@context":"https:\/\/schema.org","@graph":[{"@type":"WebPage","@id":"https:\/\/www.correiobraziliense.com.br\/cbradar\/a-planta-que-ajuda-a-dormir-melhor-e-cuida-da-pressao\/","url":"https:\/\/www.correiobraziliense.com.br\/cbradar\/a-planta-que-ajuda-a-dormir-melhor-e-cuida-da-pressao\/","name":"A planta que ajuda a dormir melhor e cuida da press\u00e3o","isPartOf":{"@id":"https:\/\/www.correiobraziliense.com.br\/cbradar\/#website"},"primaryImageOfPage":{"@id":"https:\/\/www.correiobraziliense.com.br\/cbradar\/a-planta-que-ajuda-a-dormir-melhor-e-cuida-da-pressao\/#primaryimage"},"image":{"@id":"https:\/\/www.correiobraziliense.com.br\/cbradar\/a-planta-que-ajuda-a-dormir-melhor-e-cuida-da-pressao\/#primaryimage"},"thumbnailUrl":"https:\/\/www.correiobraziliense.com.br\/cbradar\/wp-content\/uploads\/2025\/04\/camomila_1744312018069.jpg","datePublished":"2025-08-23T10:43:14+00:00","author":{"@id":"https:\/\/www.correiobraziliense.com.br\/cbradar\/#\/schema\/person\/7356666e12ec0ee53f348ee5db227032"},"breadcrumb":{"@id":"https:\/\/www.correiobraziliense.com.br\/cbradar\/a-planta-que-ajuda-a-dormir-melhor-e-cuida-da-pressao\/#breadcrumb"},"inLanguage":"pt-BR","potentialAction":[{"@type":"ReadAction","target":["https:\/\/www.correiobraziliense.com.br\/cbradar\/a-planta-que-ajuda-a-dormir-melhor-e-cuida-da-pressao\/"]}]},{"@type":"ImageObject","inLanguage":"pt-BR","@id":"https:\/\/www.correiobraziliense.com.br\/cbradar\/a-planta-que-ajuda-a-dormir-melhor-e-cuida-da-pressao\/#primaryimage","url":"https:\/\/www.correiobraziliense.com.br\/cbradar\/wp-content\/uploads\/2025\/04\/camomila_1744312018069.jpg","contentUrl":"https:\/\/www.correiobraziliense.com.br\/cbradar\/wp-content\/uploads\/2025\/04\/camomila_1744312018069.jpg","width":1280,"height":720,"caption":"A camomila \u00e9 tradicionalmente consumida como ch\u00e1, preparado a partir de suas flores secas. - Cr\u00e9ditos: depositphotos.com \/ KateNovikova"},{"@type":"BreadcrumbList","@id":"https:\/\/www.correiobraziliense.com.br\/cbradar\/a-planta-que-ajuda-a-dormir-melhor-e-cuida-da-pressao\/#breadcrumb","itemListElement":[{"@type":"ListItem","position":1,"name":"In\u00edcio","item":"https:\/\/www.correiobraziliense.com.br\/cbradar\/"},{"@type":"ListItem","position":2,"name":"A planta que ajuda a dormir melhor e cuida da press\u00e3o"}]},{"@type":"WebSite","@id":"https:\/\/www.correiobraziliense.com.br\/cbradar\/#website","url":"https:\/\/www.correiobraziliense.com.br\/cbradar\/","name":"Correio Braziliense - Radar","description":"Acompanhe as \u00faltimas not\u00edcias e fique bem informado sobre tudo o que acontece no Brasil e no mundo.","potentialAction":[{"@type":"SearchAction","target":{"@type":"EntryPoint","urlTemplate":"https:\/\/www.correiobraziliense.com.br\/cbradar\/?s={search_term_string}"},"query-input":{"@type":"PropertyValueSpecification","valueRequired":true,"valueName":"search_term_string"}}],"inLanguage":"pt-BR"},{"@type":"Person","@id":"https:\/\/www.correiobraziliense.com.br\/cbradar\/#\/schema\/person\/7356666e12ec0ee53f348ee5db227032","name":"Daniely Cardoso","image":{"@type":"ImageObject","inLanguage":"pt-BR","@id":"https:\/\/www.correiobraziliense.com.br\/cbradar\/#\/schema\/person\/image\/","url":"https:\/\/secure.gravatar.com\/avatar\/4b80ddbd124d1f071b626d52d62e5dff?s=96&d=mm&r=g","contentUrl":"https:\/\/secure.gravatar.com\/avatar\/4b80ddbd124d1f071b626d52d62e5dff?s=96&d=mm&r=g","caption":"Daniely Cardoso"},"description":"Redatora nos portais CB Radar e EM Foco, formada pela Universidade Federal de Goi\u00e1s, em Goi\u00e2nia. Apaixonada por comunica\u00e7\u00e3o, arte, decora\u00e7\u00e3o e tend\u00eancias, atuo na produ\u00e7\u00e3o de conte\u00fados envolventes sobre curiosidades, moda, beleza e paisagismo, sempre com um olhar atento \u00e0s novidades do momento.","sameAs":["https:\/\/www.correiobraziliense.com.br\/cbradar"],"url":"https:\/\/www.correiobraziliense.com.br\/cbradar\/author\/danielymyth\/"}]}},"_links":{"self":[{"href":"https:\/\/www.correiobraziliense.com.br\/cbradar\/wp-json\/wp\/v2\/posts\/91050","targetHints":{"allow":["GET"]}}],"collection":[{"href":"https:\/\/www.correiobraziliense.com.br\/cbradar\/wp-json\/wp\/v2\/posts"}],"about":[{"href":"https:\/\/www.correiobraziliense.com.br\/cbradar\/wp-json\/wp\/v2\/types\/post"}],"author":[{"embeddable":true,"href":"https:\/\/www.correiobraziliense.com.br\/cbradar\/wp-json\/wp\/v2\/users\/9"}],"replies":[{"embeddable":true,"href":"https:\/\/www.correiobraziliense.com.br\/cbradar\/wp-json\/wp\/v2\/comments?post=91050"}],"version-history":[{"count":2,"href":"https:\/\/www.correiobraziliense.com.br\/cbradar\/wp-json\/wp\/v2\/posts\/91050\/revisions"}],"predecessor-version":[{"id":91055,"href":"https:\/\/www.correiobraziliense.com.br\/cbradar\/wp-json\/wp\/v2\/posts\/91050\/revisions\/91055"}],"wp:featuredmedia":[{"embeddable":true,"href":"https:\/\/www.correiobraziliense.com.br\/cbradar\/wp-json\/wp\/v2\/media\/21952"}],"wp:attachment":[{"href":"https:\/\/www.correiobraziliense.com.br\/cbradar\/wp-json\/wp\/v2\/media?parent=91050"}],"wp:term":[{"taxonomy":"category","embeddable":true,"href":"https:\/\/www.correiobraziliense.com.br\/cbradar\/wp-json\/wp\/v2\/categories?post=91050"},{"taxonomy":"post_tag","embeddable":true,"href":"https:\/\/www.correiobraziliense.com.br\/cbradar\/wp-json\/wp\/v2\/tags?post=91050"}],"curies":[{"name":"wp","href":"https:\/\/api.w.org\/{rel}","templated":true}]}}