{"id":91105,"date":"2025-08-22T22:33:00","date_gmt":"2025-08-23T01:33:00","guid":{"rendered":"https:\/\/www.correiobraziliense.com.br\/cbradar\/?p=91105"},"modified":"2025-08-22T16:36:08","modified_gmt":"2025-08-22T19:36:08","slug":"o-impacto-mais-perigoso-da-adultizacao-infantil-no-futuro","status":"publish","type":"post","link":"https:\/\/www.correiobraziliense.com.br\/cbradar\/o-impacto-mais-perigoso-da-adultizacao-infantil-no-futuro\/","title":{"rendered":"O impacto mais perigoso da Adultiza\u00e7\u00e3o Infantil no futuro"},"content":{"rendered":"\n<p>A<strong> Adultiza\u00e7\u00e3o Infantil<\/strong> \u00e9 um fen\u00f4meno crescente na sociedade moderna, caracterizado pelo envolvimento de crian\u00e7as em comportamentos e responsabilidades tipicamente associados a adultos. Esse processo pode ser desencadeado por diversos fatores, incluindo a influ\u00eancia da m\u00eddia e do ambiente social em que a crian\u00e7a est\u00e1 inserida. Com o f\u00e1cil acesso \u00e0 internet, televis\u00e3o e redes sociais, conte\u00fados que promovem padr\u00f5es adultos de comportamento e estilo de vida est\u00e3o cada vez mais acess\u00edveis \u00e0s crian\u00e7as.<\/p>\n\n\n\n<p>As crian\u00e7as, sob essas influ\u00eancias, come\u00e7am a adotar posturas que n\u00e3o condizem com sua idade, tais como o uso de roupas e acess\u00f3rios adultos, a imita\u00e7\u00e3o de comportamentos e atitudes de adultos, e a montagem de uma rotina exaustiva. Esses fatores podem impactar significativamente tanto o bem-estar emocional quanto o desenvolvimento psicol\u00f3gico das crian\u00e7as, levando \u00e0 ansiedade, confus\u00e3o e at\u00e9 depress\u00e3o, devido \u00e0 press\u00e3o precoce para corresponderem a tais padr\u00f5es.<\/p>\n\n\n\n<h2 class=\"wp-block-heading\">Como a m\u00eddia contribui para a  Adultiza\u00e7\u00e3o Infantil?<\/h2>\n\n\n<div class=\"wp-block-image\">\n<figure class=\"aligncenter size-large\"><img decoding=\"async\" width=\"1024\" height=\"576\" src=\"https:\/\/www.correiobraziliense.com.br\/cbradar\/wp-content\/uploads\/2025\/08\/crianca-sexy_1755891290205-1024x576.jpg\" alt=\"\" class=\"wp-image-91113\" srcset=\"https:\/\/www.correiobraziliense.com.br\/cbradar\/wp-content\/uploads\/2025\/08\/crianca-sexy_1755891290205-1024x576.jpg 1024w, https:\/\/www.correiobraziliense.com.br\/cbradar\/wp-content\/uploads\/2025\/08\/crianca-sexy_1755891290205-300x169.jpg 300w, https:\/\/www.correiobraziliense.com.br\/cbradar\/wp-content\/uploads\/2025\/08\/crianca-sexy_1755891290205-768x432.jpg 768w, https:\/\/www.correiobraziliense.com.br\/cbradar\/wp-content\/uploads\/2025\/08\/crianca-sexy_1755891290205-750x422.jpg 750w, https:\/\/www.correiobraziliense.com.br\/cbradar\/wp-content\/uploads\/2025\/08\/crianca-sexy_1755891290205-1140x641.jpg 1140w, https:\/\/www.correiobraziliense.com.br\/cbradar\/wp-content\/uploads\/2025\/08\/crianca-sexy_1755891290205.jpg 1280w\" sizes=\"(max-width: 1024px) 100vw, 1024px\" \/><figcaption class=\"wp-element-caption\">Adultiza\u00e7\u00e3o Infantil &#8211; Cr\u00e9ditos: depositphotos.com \/ kapinosova<\/figcaption><\/figure><\/div>\n\n\n<p>A m\u00eddia desempenha um papel central na prolifera\u00e7\u00e3o da  Adultiza\u00e7\u00e3o Infantil atrav\u00e9s da veicula\u00e7\u00e3o de imagens e programas que idealizam corpos e estilos de vida <a href=\"https:\/\/www.gov.br\/saude\/pt-br\" target=\"_blank\" rel=\"noreferrer noopener\">adultos<\/a>, influenciando crian\u00e7as a quererem imitar esses elementos. Propagandas, em especial, muitas vezes retratam crian\u00e7as em situa\u00e7\u00f5es e contextos que n\u00e3o s\u00e3o adequados, apresentando-as como mini adultos, o que pode moldar de forma irrevers\u00edvel a percep\u00e7\u00e3o de identidade e comportamento das crian\u00e7as.<\/p>\n\n\n\n<h2 class=\"wp-block-heading\">Quais os impactos da adultiza\u00e7\u00e3o no desenvolvimento infantil?<\/h2>\n\n\n\n<p>A antecipa\u00e7\u00e3o de preocupa\u00e7\u00f5es e responsabilidades adultas pode impactar negativamente o <a href=\"https:\/\/www.correiobraziliense.com.br\/cbradar\/dr-antonio-lopes-cirurgiao-a-verdade-chocante-sobre-a-bariatrica-nao-e-estetica-e-sobrevivencia\/\" target=\"_blank\" rel=\"noreferrer noopener\">desenvolvimento <\/a>infantil. Crian\u00e7as devem ter espa\u00e7o e tempo para brincadeiras criativas e aut\u00eanticas que s\u00e3o essenciais para o desenvolvimento cognitivo e emocional. A exposi\u00e7\u00e3o prematura a temas adultos, tais como a sexualidade e o consumismo, pode, portanto, reprimir estas experiencias fundamentais, limitando a imagina\u00e7\u00e3o e o aprendizado natural da crian\u00e7a.<\/p>\n\n\n\n<h2 class=\"wp-block-heading\">Quais s\u00e3o os riscos associados \u00e0  Adultiza\u00e7\u00e3o Infantil?<\/h2>\n\n\n\n<p>Os riscos da Adultiza\u00e7\u00e3o Infantil s\u00e3o amplos e significativos. Al\u00e9m dos impactos emocionais, tais como baixa autoestima e ansiedade, a viola\u00e7\u00e3o dos direitos b\u00e1sicos da crian\u00e7a \u00e9 uma preocupa\u00e7\u00e3o crucial. O direito de brincar, descansar e ser protegido \u00e9 frequentemente comprometido quando a crian\u00e7a \u00e9 incentivada a adotar comportamentos adultos. A press\u00e3o para se conformar a tais padr\u00f5es pode redefinir sua inf\u00e2ncia de maneira prejudicial.<\/p>\n\n\n\n<h2 class=\"wp-block-heading\">Quais as medidas para prevenir a Adultiza\u00e7\u00e3o Infantil?<\/h2>\n\n\n\n<p>Para mitigar a  Adultiza\u00e7\u00e3o Infantil, pais e respons\u00e1veis podem adotar um papel ativo em supervis\u00e3o e orienta\u00e7\u00e3o, promovendo um ambiente seguro e apropriado para a faixa et\u00e1ria das crian\u00e7as. Estabelecer limites de uso de m\u00eddia e incentivar atividades l\u00fadicas e criativas s\u00e3o passos fundamentais. Al\u00e9m disso, proporcionar um espa\u00e7o onde as crian\u00e7as possam expressar suas emo\u00e7\u00f5es e desenvolver sua identidade de forma saud\u00e1vel ajuda a proteger sua inoc\u00eancia e fomentar o desenvolvimento infantil saud\u00e1vel.<\/p>\n\n\n\n<p>Encerrando, \u00e9 essencial fortalecer a ideia de que a inf\u00e2ncia deve ser um per\u00edodo de crescimento, aprendizado e divers\u00e3o, livre das press\u00f5es e expectativas que a vida adulta imp\u00f5e. Proteger essa fase pode garantir um desenvolvimento emocional e psicol\u00f3gico mais equilibrado e saud\u00e1vel.<\/p>\n\n\n<a href=\"https:\/\/www.instagram.com\/dra.annaluisabf\/\" target=\"_blank\" rel=\"noopener\" style=\"text-decoration: none; color: inherit;\">\n    <span style=\"display: inline-block; border: 1px solid #ccc; border-radius: 10px; padding: 15px; max-width: 550px; font-family: sans-serif; box-shadow: 0 2px 5px rgba(0,0,0,0.1); width: 100%;\">\n\n      <!-- T\u00edtulo -->\n      <span style=\"display: block; margin: 0 0 15px 0; font-weight: bold; color: #2c3e50; text-align: center;\">\n        Entre em contato:\n      <\/span>\n\n      <!-- Linha do perfil -->\n      <span style=\"display: flex; align-items: center; gap: 15px;\">\n        <img decoding=\"async\"\n          src=\"https:\/\/www.correiobraziliense.com.br\/cbradar\/wp-content\/uploads\/2025\/08\/dra_anna_luisa.jpeg\"\n          alt=\"Foto da Dra. Anna Lu\u00edsa\"\n          style=\"border-radius: 50%; width: 80px; height: 80px; object-fit: cover;\"\n        \/>\n        <span style=\"display: flex; flex-direction: column;\">\n          <span style=\"font-size: 18px; font-weight: 700; color: #2c3e50;\">Dra. Anna Lu\u00edsa Barbosa Fernandes<\/span>\n          <span style=\"color: #555;\">CRM-GO 33.271<\/span>\n        <\/span>\n      <\/span>\n\n      <!-- Redes -->\n      <span style=\"display: flex; align-items: center; gap: 10px; margin-top: 12px;\">\n        <img decoding=\"async\" src=\"https:\/\/cdn-icons-png.flaticon.com\/24\/1384\/1384063.png\" alt=\"Instagram\" width=\"24\" height=\"24\" \/>\n        <span style=\"text-decoration: underline; color: #2c3e50;\">@dra.annaluisabf<\/span>\n      <\/span>\n\n    <\/span>\n  <\/a>","protected":false},"excerpt":{"rendered":"<p>A Adultiza\u00e7\u00e3o Infantil \u00e9 um fen\u00f4meno crescente na sociedade moderna, caracterizado pelo envolvimento de crian\u00e7as em comportamentos e responsabilidades tipicamente associados a adultos. Esse processo pode ser desencadeado por diversos fatores, incluindo a influ\u00eancia da m\u00eddia e do ambiente social em que a crian\u00e7a est\u00e1 inserida. Com o f\u00e1cil acesso \u00e0 internet, televis\u00e3o e redes [&hellip;]<\/p>\n","protected":false},"author":14,"featured_media":91112,"comment_status":"open","ping_status":"open","sticky":false,"template":"","format":"standard","meta":{"jnews-multi-image_gallery":[],"jnews_single_post":{"format":"standard"},"jnews_primary_category":[],"jnews_social_meta":[],"jnews_override_counter":[],"footnotes":""},"categories":[4404],"post_tag":[120,4377,1318],"class_list":["post-91105","post","type-post","status-publish","format-standard","has-post-thumbnail","hentry","category-saude","tag-bem-estar","tag-criancas","tag-saude-2"],"yoast_head":"<!-- This site is optimized with the Yoast SEO plugin v24.6 - https:\/\/yoast.com\/wordpress\/plugins\/seo\/ -->\n<title>O impacto mais perigoso da Adultiza\u00e7\u00e3o Infantil no futuro - Correio Braziliense - Radar<\/title>\n<meta name=\"description\" content=\"Adultiza\u00e7\u00e3o infantil est\u00e1 em alta e pode trazer s\u00e9rios preju\u00edzos \u00e0 inf\u00e2ncia e \u00e0 sa\u00fade emocional das crian\u00e7as.\" \/>\n<meta name=\"robots\" content=\"index, follow, max-snippet:-1, max-image-preview:large, max-video-preview:-1\" \/>\n<link rel=\"canonical\" href=\"https:\/\/www.correiobraziliense.com.br\/cbradar\/o-impacto-mais-perigoso-da-adultizacao-infantil-no-futuro\/\" \/>\n<meta property=\"og:locale\" content=\"pt_BR\" \/>\n<meta property=\"og:type\" content=\"article\" \/>\n<meta property=\"og:title\" content=\"O impacto mais perigoso da Adultiza\u00e7\u00e3o Infantil no futuro - Correio Braziliense - Radar\" \/>\n<meta property=\"og:description\" content=\"Adultiza\u00e7\u00e3o infantil est\u00e1 em alta e pode trazer s\u00e9rios preju\u00edzos \u00e0 inf\u00e2ncia e \u00e0 sa\u00fade emocional das crian\u00e7as.\" \/>\n<meta property=\"og:url\" content=\"https:\/\/www.correiobraziliense.com.br\/cbradar\/o-impacto-mais-perigoso-da-adultizacao-infantil-no-futuro\/\" \/>\n<meta property=\"og:site_name\" content=\"Correio Braziliense - Radar\" \/>\n<meta property=\"article:published_time\" content=\"2025-08-23T01:33:00+00:00\" \/>\n<meta property=\"og:image\" content=\"https:\/\/www.correiobraziliense.com.br\/cbradar\/wp-content\/uploads\/2025\/08\/crianca-_1755891257371.jpg\" \/>\n\t<meta property=\"og:image:width\" content=\"1278\" \/>\n\t<meta property=\"og:image:height\" content=\"720\" \/>\n\t<meta property=\"og:image:type\" content=\"image\/jpeg\" \/>\n<meta name=\"author\" content=\"guilherme_saude\" \/>\n<meta name=\"twitter:card\" content=\"summary_large_image\" \/>\n<meta name=\"twitter:label1\" content=\"Escrito por\" \/>\n\t<meta name=\"twitter:data1\" content=\"guilherme_saude\" \/>\n\t<meta name=\"twitter:label2\" content=\"Est. tempo de leitura\" \/>\n\t<meta name=\"twitter:data2\" content=\"4 minutos\" \/>\n<!-- \/ Yoast SEO plugin. -->","yoast_head_json":{"title":"O impacto mais perigoso da Adultiza\u00e7\u00e3o Infantil no futuro - Correio Braziliense - Radar","description":"Adultiza\u00e7\u00e3o infantil est\u00e1 em alta e pode trazer s\u00e9rios preju\u00edzos \u00e0 inf\u00e2ncia e \u00e0 sa\u00fade emocional das crian\u00e7as.","robots":{"index":"index","follow":"follow","max-snippet":"max-snippet:-1","max-image-preview":"max-image-preview:large","max-video-preview":"max-video-preview:-1"},"canonical":"https:\/\/www.correiobraziliense.com.br\/cbradar\/o-impacto-mais-perigoso-da-adultizacao-infantil-no-futuro\/","og_locale":"pt_BR","og_type":"article","og_title":"O impacto mais perigoso da Adultiza\u00e7\u00e3o Infantil no futuro - Correio Braziliense - Radar","og_description":"Adultiza\u00e7\u00e3o infantil est\u00e1 em alta e pode trazer s\u00e9rios preju\u00edzos \u00e0 inf\u00e2ncia e \u00e0 sa\u00fade emocional das crian\u00e7as.","og_url":"https:\/\/www.correiobraziliense.com.br\/cbradar\/o-impacto-mais-perigoso-da-adultizacao-infantil-no-futuro\/","og_site_name":"Correio Braziliense - Radar","article_published_time":"2025-08-23T01:33:00+00:00","og_image":[{"width":1278,"height":720,"url":"https:\/\/www.correiobraziliense.com.br\/cbradar\/wp-content\/uploads\/2025\/08\/crianca-_1755891257371.jpg","type":"image\/jpeg"}],"author":"guilherme_saude","twitter_card":"summary_large_image","twitter_misc":{"Escrito por":"guilherme_saude","Est. tempo de leitura":"4 minutos"},"schema":{"@context":"https:\/\/schema.org","@graph":[{"@type":"WebPage","@id":"https:\/\/www.correiobraziliense.com.br\/cbradar\/o-impacto-mais-perigoso-da-adultizacao-infantil-no-futuro\/","url":"https:\/\/www.correiobraziliense.com.br\/cbradar\/o-impacto-mais-perigoso-da-adultizacao-infantil-no-futuro\/","name":"O impacto mais perigoso da Adultiza\u00e7\u00e3o Infantil no futuro - Correio Braziliense - Radar","isPartOf":{"@id":"https:\/\/www.correiobraziliense.com.br\/cbradar\/#website"},"primaryImageOfPage":{"@id":"https:\/\/www.correiobraziliense.com.br\/cbradar\/o-impacto-mais-perigoso-da-adultizacao-infantil-no-futuro\/#primaryimage"},"image":{"@id":"https:\/\/www.correiobraziliense.com.br\/cbradar\/o-impacto-mais-perigoso-da-adultizacao-infantil-no-futuro\/#primaryimage"},"thumbnailUrl":"https:\/\/www.correiobraziliense.com.br\/cbradar\/wp-content\/uploads\/2025\/08\/crianca-_1755891257371.jpg","datePublished":"2025-08-23T01:33:00+00:00","author":{"@id":"https:\/\/www.correiobraziliense.com.br\/cbradar\/#\/schema\/person\/5aa4bf3c8fa699c267933611de12978b"},"description":"Adultiza\u00e7\u00e3o infantil est\u00e1 em alta e pode trazer s\u00e9rios preju\u00edzos \u00e0 inf\u00e2ncia e \u00e0 sa\u00fade emocional das crian\u00e7as.","breadcrumb":{"@id":"https:\/\/www.correiobraziliense.com.br\/cbradar\/o-impacto-mais-perigoso-da-adultizacao-infantil-no-futuro\/#breadcrumb"},"inLanguage":"pt-BR","potentialAction":[{"@type":"ReadAction","target":["https:\/\/www.correiobraziliense.com.br\/cbradar\/o-impacto-mais-perigoso-da-adultizacao-infantil-no-futuro\/"]}]},{"@type":"ImageObject","inLanguage":"pt-BR","@id":"https:\/\/www.correiobraziliense.com.br\/cbradar\/o-impacto-mais-perigoso-da-adultizacao-infantil-no-futuro\/#primaryimage","url":"https:\/\/www.correiobraziliense.com.br\/cbradar\/wp-content\/uploads\/2025\/08\/crianca-_1755891257371.jpg","contentUrl":"https:\/\/www.correiobraziliense.com.br\/cbradar\/wp-content\/uploads\/2025\/08\/crianca-_1755891257371.jpg","width":1278,"height":720,"caption":"Adultiza\u00e7\u00e3o Infantil - Cr\u00e9ditos: depositphotos.com \/ annadanilkova"},{"@type":"BreadcrumbList","@id":"https:\/\/www.correiobraziliense.com.br\/cbradar\/o-impacto-mais-perigoso-da-adultizacao-infantil-no-futuro\/#breadcrumb","itemListElement":[{"@type":"ListItem","position":1,"name":"In\u00edcio","item":"https:\/\/www.correiobraziliense.com.br\/cbradar\/"},{"@type":"ListItem","position":2,"name":"O impacto mais perigoso da Adultiza\u00e7\u00e3o Infantil no futuro"}]},{"@type":"WebSite","@id":"https:\/\/www.correiobraziliense.com.br\/cbradar\/#website","url":"https:\/\/www.correiobraziliense.com.br\/cbradar\/","name":"Correio Braziliense - Radar","description":"Acompanhe as \u00faltimas not\u00edcias e fique bem informado sobre tudo o que acontece no Brasil e no mundo.","potentialAction":[{"@type":"SearchAction","target":{"@type":"EntryPoint","urlTemplate":"https:\/\/www.correiobraziliense.com.br\/cbradar\/?s={search_term_string}"},"query-input":{"@type":"PropertyValueSpecification","valueRequired":true,"valueName":"search_term_string"}}],"inLanguage":"pt-BR"},{"@type":"Person","@id":"https:\/\/www.correiobraziliense.com.br\/cbradar\/#\/schema\/person\/5aa4bf3c8fa699c267933611de12978b","name":"guilherme_saude","image":{"@type":"ImageObject","inLanguage":"pt-BR","@id":"https:\/\/www.correiobraziliense.com.br\/cbradar\/#\/schema\/person\/image\/","url":"https:\/\/secure.gravatar.com\/avatar\/df9adfb835d344bc0af109d41756253f?s=96&d=mm&r=g","contentUrl":"https:\/\/secure.gravatar.com\/avatar\/df9adfb835d344bc0af109d41756253f?s=96&d=mm&r=g","caption":"guilherme_saude"},"url":"https:\/\/www.correiobraziliense.com.br\/cbradar\/author\/guilherme_saude\/"}]}},"_links":{"self":[{"href":"https:\/\/www.correiobraziliense.com.br\/cbradar\/wp-json\/wp\/v2\/posts\/91105","targetHints":{"allow":["GET"]}}],"collection":[{"href":"https:\/\/www.correiobraziliense.com.br\/cbradar\/wp-json\/wp\/v2\/posts"}],"about":[{"href":"https:\/\/www.correiobraziliense.com.br\/cbradar\/wp-json\/wp\/v2\/types\/post"}],"author":[{"embeddable":true,"href":"https:\/\/www.correiobraziliense.com.br\/cbradar\/wp-json\/wp\/v2\/users\/14"}],"replies":[{"embeddable":true,"href":"https:\/\/www.correiobraziliense.com.br\/cbradar\/wp-json\/wp\/v2\/comments?post=91105"}],"version-history":[{"count":1,"href":"https:\/\/www.correiobraziliense.com.br\/cbradar\/wp-json\/wp\/v2\/posts\/91105\/revisions"}],"predecessor-version":[{"id":91114,"href":"https:\/\/www.correiobraziliense.com.br\/cbradar\/wp-json\/wp\/v2\/posts\/91105\/revisions\/91114"}],"wp:featuredmedia":[{"embeddable":true,"href":"https:\/\/www.correiobraziliense.com.br\/cbradar\/wp-json\/wp\/v2\/media\/91112"}],"wp:attachment":[{"href":"https:\/\/www.correiobraziliense.com.br\/cbradar\/wp-json\/wp\/v2\/media?parent=91105"}],"wp:term":[{"taxonomy":"category","embeddable":true,"href":"https:\/\/www.correiobraziliense.com.br\/cbradar\/wp-json\/wp\/v2\/categories?post=91105"},{"taxonomy":"post_tag","embeddable":true,"href":"https:\/\/www.correiobraziliense.com.br\/cbradar\/wp-json\/wp\/v2\/post_tag?post=91105"}],"curies":[{"name":"wp","href":"https:\/\/api.w.org\/{rel}","templated":true}]}}