{"id":91170,"date":"2025-08-23T17:33:00","date_gmt":"2025-08-23T20:33:00","guid":{"rendered":"https:\/\/www.correiobraziliense.com.br\/cbradar\/?p=91170"},"modified":"2025-08-22T17:23:55","modified_gmt":"2025-08-22T20:23:55","slug":"o-tratamento-mais-inovador-contra-o-cancer-de-bexiga","status":"publish","type":"post","link":"https:\/\/www.correiobraziliense.com.br\/cbradar\/o-tratamento-mais-inovador-contra-o-cancer-de-bexiga\/","title":{"rendered":"O tratamento mais inovador contra o c\u00e2ncer de bexiga"},"content":{"rendered":"\n<p>O avan\u00e7o no tratamento do <strong>C\u00e2ncer de Bexiga<\/strong> com o uso de terapia combinada de anticorpos representa uma revolu\u00e7\u00e3o significativa no campo da oncologia. Recentemente aprovado pelo National Health Service (NHS) da Inglaterra, este m\u00e9todo inova ao aumentar consideravelmente as taxas de sobreviv\u00eancia e remiss\u00e3o em pacientes que lidam com essa forma agressiva de c\u00e2ncer. Anualmente, cerca de 1.250 pacientes poder\u00e3o se beneficiar desse tratamento, que promete alterar o panorama atual das terapias oncol\u00f3gicas.<\/p>\n\n\n\n<p>Os ensaios cl\u00ednicos foram um marco decisivo para a aprova\u00e7\u00e3o deste tratamento. Conforme indicam os resultados, pacientes com a doen\u00e7a em estado metast\u00e1tico, ou seja, espalhada para outras partes do corpo, viveram at\u00e9 duas vezes mais tempo ap\u00f3s receberem a nova terapia em compara\u00e7\u00e3o \u00e0 quimioterapia tradicional. Este processo inovador envolve a utiliza\u00e7\u00e3o do enfortumabe vedotina, que atua matando diretamente as c\u00e9lulas cancer\u00edgenas, e o pembrolizumabe, que ativa o sistema imunol\u00f3gico para atacar as c\u00e9lulas malignas remanescentes. A administra\u00e7\u00e3o desses medicamentos ocorre via infus\u00e3o intravenosa, especialmente em casos onde o c\u00e2ncer j\u00e1 se espalhou ou quando n\u00e3o \u00e9 poss\u00edvel remov\u00ea-lo cirurgicamente.<\/p>\n\n\n\n<h2 class=\"wp-block-heading\">Por que a combina\u00e7\u00e3o de anticorpos \u00e9 revolucion\u00e1ria?<\/h2>\n\n\n\n<p>O C\u00e2ncer de Bexiga \u00e9 notoriamente dif\u00edcil de tratar com m\u00e9todos convencionais de quimioterapia, com uma expectativa de vida reduzida para aqueles em est\u00e1gio metast\u00e1tico. Este novo tratamento, por\u00e9m, trouxe uma esperan\u00e7a renovada: a sobreviv\u00eancia em m\u00e9dia passou de 1,5 anos com quimioterapia tradicional para mais de 2,5 anos com a combina\u00e7\u00e3o de anticorpos. Al\u00e9m disso, a dura\u00e7\u00e3o em que o c\u00e2ncer foi mantido sob controle saltou de 6 meses para cerca de 1,5 anos.<\/p>\n\n\n\n<p>Outro dado impressionante \u00e9 o percentual de pacientes que n\u00e3o apresentam tra\u00e7os detect\u00e1veis da doen\u00e7a ap\u00f3s o tratamento: quase 30% em compara\u00e7\u00e3o a 12,5% com o uso da quimioterapia. Estes n\u00fameros evidenciam o efeito profundo que este <a href=\"https:\/\/www.gov.br\/saude\/pt-br\" target=\"_blank\" rel=\"noreferrer noopener\">tratamento <\/a>pode ter na qualidade de vida e na longevidade dos pacientes.<\/p>\n\n\n\n<h2 class=\"wp-block-heading\">Qual o impacto do tratamento no cotidiano dos pacientes?<\/h2>\n\n\n<div class=\"wp-block-image\">\n<figure class=\"aligncenter size-large\"><img decoding=\"async\" width=\"1024\" height=\"576\" src=\"https:\/\/www.correiobraziliense.com.br\/cbradar\/wp-content\/uploads\/2025\/08\/bexiga_1755894234352-1024x576.jpg\" alt=\"\" class=\"wp-image-91201\" srcset=\"https:\/\/www.correiobraziliense.com.br\/cbradar\/wp-content\/uploads\/2025\/08\/bexiga_1755894234352-1024x576.jpg 1024w, https:\/\/www.correiobraziliense.com.br\/cbradar\/wp-content\/uploads\/2025\/08\/bexiga_1755894234352-300x169.jpg 300w, https:\/\/www.correiobraziliense.com.br\/cbradar\/wp-content\/uploads\/2025\/08\/bexiga_1755894234352-768x432.jpg 768w, https:\/\/www.correiobraziliense.com.br\/cbradar\/wp-content\/uploads\/2025\/08\/bexiga_1755894234352-750x422.jpg 750w, https:\/\/www.correiobraziliense.com.br\/cbradar\/wp-content\/uploads\/2025\/08\/bexiga_1755894234352-1140x641.jpg 1140w, https:\/\/www.correiobraziliense.com.br\/cbradar\/wp-content\/uploads\/2025\/08\/bexiga_1755894234352.jpg 1280w\" sizes=\"(max-width: 1024px) 100vw, 1024px\" \/><figcaption class=\"wp-element-caption\">Bexiga &#8211; Cr\u00e9ditos: depositphotos.com \/ andegraund548<\/figcaption><\/figure><\/div>\n\n\n<p>A possibilidade de aumentar a expectativa de vida oferece n\u00e3o apenas mais tempo, mas tamb\u00e9m a chance de momentos preciosos com entes queridos, algo que, para muitos pacientes e suas fam\u00edlias, \u00e9 imensur\u00e1vel. De acordo com Peter Johnson, diretor cl\u00ednico nacional de c\u00e2ncer do NHS England, o impacto desta terapia vai al\u00e9m da efic\u00e1cia m\u00e9dica. Trata-se de proporcionar uma resposta s\u00f3lida a um problema que, at\u00e9 ent\u00e3o, apresentava poucas alternativas vi\u00e1veis ap\u00f3s a met\u00e1stase.<\/p>\n\n\n\n<h2 class=\"wp-block-heading\">Como funciona o tratamento com enfortumabe vedotina e pembrolizumabe?<\/h2>\n\n\n\n<p>O enfortumabe vedotina age como um agente direto, atacando as c\u00e9lulas cancer\u00edgenas, enquanto o pembrolizumabe fortalece o sistema imunol\u00f3gico para que ele possa identificar e destruir as c\u00e9lulas cancerosas restantes. Esta abordagem dupla aumenta a efic\u00e1cia do tratamento, oferecendo uma solu\u00e7\u00e3o mais completa e menos invasiva do que as op\u00e7\u00f5es cir\u00fargicas.<\/p>\n\n\n\n<p>Os avan\u00e7os na medicina oncol\u00f3gica, como este, redefinem o futuro do tratamento para c\u00e2nceres tradicionalmente complexos de se tratar. Com a ado\u00e7\u00e3o da terapia combinada de anticorpos, o NHS inaugura uma nova era de esperan\u00e7a e inova\u00e7\u00e3o para pacientes que lutam contra o C\u00e2ncer de Bexiga, enfatizando n\u00e3o apenas a sobreviv\u00eancia, mas tamb\u00e9m a <a href=\"https:\/\/www.correiobraziliense.com.br\/cbradar\/dr-antonio-lopes-cirurgiao-a-verdade-chocante-sobre-a-bariatrica-nao-e-estetica-e-sobrevivencia\/\" target=\"_blank\" rel=\"noreferrer noopener\">qualidade <\/a>de vida.<\/p>\n\n\n<a href=\"https:\/\/www.instagram.com\/dra.annaluisabf\/\" target=\"_blank\" rel=\"noopener\" style=\"text-decoration: none; color: inherit;\">\n    <span style=\"display: inline-block; border: 1px solid #ccc; border-radius: 10px; padding: 15px; max-width: 550px; font-family: sans-serif; box-shadow: 0 2px 5px rgba(0,0,0,0.1); width: 100%;\">\n\n      <!-- T\u00edtulo -->\n      <span style=\"display: block; margin: 0 0 15px 0; font-weight: bold; color: #2c3e50; text-align: center;\">\n        Entre em contato:\n      <\/span>\n\n      <!-- Linha do perfil -->\n      <span style=\"display: flex; align-items: center; gap: 15px;\">\n        <img decoding=\"async\"\n          src=\"https:\/\/www.correiobraziliense.com.br\/cbradar\/wp-content\/uploads\/2025\/08\/dra_anna_luisa.jpeg\"\n          alt=\"Foto da Dra. Anna Lu\u00edsa\"\n          style=\"border-radius: 50%; width: 80px; height: 80px; object-fit: cover;\"\n        \/>\n        <span style=\"display: flex; flex-direction: column;\">\n          <span style=\"font-size: 18px; font-weight: 700; color: #2c3e50;\">Dra. Anna Lu\u00edsa Barbosa Fernandes<\/span>\n          <span style=\"color: #555;\">CRM-GO 33.271<\/span>\n        <\/span>\n      <\/span>\n\n      <!-- Redes -->\n      <span style=\"display: flex; align-items: center; gap: 10px; margin-top: 12px;\">\n        <img decoding=\"async\" src=\"https:\/\/cdn-icons-png.flaticon.com\/24\/1384\/1384063.png\" alt=\"Instagram\" width=\"24\" height=\"24\" \/>\n        <span style=\"text-decoration: underline; color: #2c3e50;\">@dra.annaluisabf<\/span>\n      <\/span>\n\n    <\/span>\n  <\/a>","protected":false},"excerpt":{"rendered":"<p>O avan\u00e7o no tratamento do C\u00e2ncer de Bexiga com o uso de terapia combinada de anticorpos representa uma revolu\u00e7\u00e3o significativa no campo da oncologia. Recentemente aprovado pelo National Health Service (NHS) da Inglaterra, este m\u00e9todo inova ao aumentar consideravelmente as taxas de sobreviv\u00eancia e remiss\u00e3o em pacientes que lidam com essa forma agressiva de c\u00e2ncer. [&hellip;]<\/p>\n","protected":false},"author":14,"featured_media":91187,"comment_status":"open","ping_status":"open","sticky":false,"template":"","format":"standard","meta":{"jnews-multi-image_gallery":[],"jnews_single_post":{"format":"standard"},"jnews_primary_category":[],"jnews_social_meta":[],"jnews_override_counter":[],"footnotes":""},"categories":[4404],"tags":[9693,4752,1318,9692],"class_list":["post-91170","post","type-post","status-publish","format-standard","has-post-thumbnail","hentry","category-saude","tag-cancer-de-bexiga","tag-oncologia","tag-saude-2","tag-terapia-combinada-de-anticorpos"],"yoast_head":"<!-- This site is optimized with the Yoast SEO plugin v24.6 - https:\/\/yoast.com\/wordpress\/plugins\/seo\/ -->\n<title>O tratamento mais inovador contra o c\u00e2ncer de bexiga - Correio Braziliense - Radar<\/title>\n<meta name=\"description\" content=\"Avan\u00e7o hist\u00f3rico no c\u00e2ncer de bexiga mostra aumento nas taxas de sobreviv\u00eancia e remiss\u00e3o com terapia combinada de anticorpos.\" \/>\n<meta name=\"robots\" content=\"index, follow, max-snippet:-1, max-image-preview:large, max-video-preview:-1\" \/>\n<link rel=\"canonical\" href=\"https:\/\/www.correiobraziliense.com.br\/cbradar\/o-tratamento-mais-inovador-contra-o-cancer-de-bexiga\/\" \/>\n<meta property=\"og:locale\" content=\"pt_BR\" \/>\n<meta property=\"og:type\" content=\"article\" \/>\n<meta property=\"og:title\" content=\"O tratamento mais inovador contra o c\u00e2ncer de bexiga - Correio Braziliense - Radar\" \/>\n<meta property=\"og:description\" content=\"Avan\u00e7o hist\u00f3rico no c\u00e2ncer de bexiga mostra aumento nas taxas de sobreviv\u00eancia e remiss\u00e3o com terapia combinada de anticorpos.\" \/>\n<meta property=\"og:url\" content=\"https:\/\/www.correiobraziliense.com.br\/cbradar\/o-tratamento-mais-inovador-contra-o-cancer-de-bexiga\/\" \/>\n<meta property=\"og:site_name\" content=\"Correio Braziliense - Radar\" \/>\n<meta property=\"article:published_time\" content=\"2025-08-23T20:33:00+00:00\" \/>\n<meta property=\"og:image\" content=\"https:\/\/www.correiobraziliense.com.br\/cbradar\/wp-content\/uploads\/2025\/08\/bexiga_1755894004133.jpg\" \/>\n\t<meta property=\"og:image:width\" content=\"1280\" \/>\n\t<meta property=\"og:image:height\" content=\"720\" \/>\n\t<meta property=\"og:image:type\" content=\"image\/jpeg\" \/>\n<meta name=\"author\" content=\"guilherme_saude\" \/>\n<meta name=\"twitter:card\" content=\"summary_large_image\" \/>\n<meta name=\"twitter:label1\" content=\"Escrito por\" \/>\n\t<meta name=\"twitter:data1\" content=\"guilherme_saude\" \/>\n\t<meta name=\"twitter:label2\" content=\"Est. tempo de leitura\" \/>\n\t<meta name=\"twitter:data2\" content=\"4 minutos\" \/>\n<!-- \/ Yoast SEO plugin. -->","yoast_head_json":{"title":"O tratamento mais inovador contra o c\u00e2ncer de bexiga - Correio Braziliense - Radar","description":"Avan\u00e7o hist\u00f3rico no c\u00e2ncer de bexiga mostra aumento nas taxas de sobreviv\u00eancia e remiss\u00e3o com terapia combinada de anticorpos.","robots":{"index":"index","follow":"follow","max-snippet":"max-snippet:-1","max-image-preview":"max-image-preview:large","max-video-preview":"max-video-preview:-1"},"canonical":"https:\/\/www.correiobraziliense.com.br\/cbradar\/o-tratamento-mais-inovador-contra-o-cancer-de-bexiga\/","og_locale":"pt_BR","og_type":"article","og_title":"O tratamento mais inovador contra o c\u00e2ncer de bexiga - Correio Braziliense - Radar","og_description":"Avan\u00e7o hist\u00f3rico no c\u00e2ncer de bexiga mostra aumento nas taxas de sobreviv\u00eancia e remiss\u00e3o com terapia combinada de anticorpos.","og_url":"https:\/\/www.correiobraziliense.com.br\/cbradar\/o-tratamento-mais-inovador-contra-o-cancer-de-bexiga\/","og_site_name":"Correio Braziliense - Radar","article_published_time":"2025-08-23T20:33:00+00:00","og_image":[{"width":1280,"height":720,"url":"https:\/\/www.correiobraziliense.com.br\/cbradar\/wp-content\/uploads\/2025\/08\/bexiga_1755894004133.jpg","type":"image\/jpeg"}],"author":"guilherme_saude","twitter_card":"summary_large_image","twitter_misc":{"Escrito por":"guilherme_saude","Est. tempo de leitura":"4 minutos"},"schema":{"@context":"https:\/\/schema.org","@graph":[{"@type":"WebPage","@id":"https:\/\/www.correiobraziliense.com.br\/cbradar\/o-tratamento-mais-inovador-contra-o-cancer-de-bexiga\/","url":"https:\/\/www.correiobraziliense.com.br\/cbradar\/o-tratamento-mais-inovador-contra-o-cancer-de-bexiga\/","name":"O tratamento mais inovador contra o c\u00e2ncer de bexiga - Correio Braziliense - Radar","isPartOf":{"@id":"https:\/\/www.correiobraziliense.com.br\/cbradar\/#website"},"primaryImageOfPage":{"@id":"https:\/\/www.correiobraziliense.com.br\/cbradar\/o-tratamento-mais-inovador-contra-o-cancer-de-bexiga\/#primaryimage"},"image":{"@id":"https:\/\/www.correiobraziliense.com.br\/cbradar\/o-tratamento-mais-inovador-contra-o-cancer-de-bexiga\/#primaryimage"},"thumbnailUrl":"https:\/\/www.correiobraziliense.com.br\/cbradar\/wp-content\/uploads\/2025\/08\/bexiga_1755894004133.jpg","datePublished":"2025-08-23T20:33:00+00:00","author":{"@id":"https:\/\/www.correiobraziliense.com.br\/cbradar\/#\/schema\/person\/5aa4bf3c8fa699c267933611de12978b"},"description":"Avan\u00e7o hist\u00f3rico no c\u00e2ncer de bexiga mostra aumento nas taxas de sobreviv\u00eancia e remiss\u00e3o com terapia combinada de anticorpos.","breadcrumb":{"@id":"https:\/\/www.correiobraziliense.com.br\/cbradar\/o-tratamento-mais-inovador-contra-o-cancer-de-bexiga\/#breadcrumb"},"inLanguage":"pt-BR","potentialAction":[{"@type":"ReadAction","target":["https:\/\/www.correiobraziliense.com.br\/cbradar\/o-tratamento-mais-inovador-contra-o-cancer-de-bexiga\/"]}]},{"@type":"ImageObject","inLanguage":"pt-BR","@id":"https:\/\/www.correiobraziliense.com.br\/cbradar\/o-tratamento-mais-inovador-contra-o-cancer-de-bexiga\/#primaryimage","url":"https:\/\/www.correiobraziliense.com.br\/cbradar\/wp-content\/uploads\/2025\/08\/bexiga_1755894004133.jpg","contentUrl":"https:\/\/www.correiobraziliense.com.br\/cbradar\/wp-content\/uploads\/2025\/08\/bexiga_1755894004133.jpg","width":1280,"height":720,"caption":"Bexiga - Cr\u00e9ditos: depositphotos.com \/ Tharakorn"},{"@type":"BreadcrumbList","@id":"https:\/\/www.correiobraziliense.com.br\/cbradar\/o-tratamento-mais-inovador-contra-o-cancer-de-bexiga\/#breadcrumb","itemListElement":[{"@type":"ListItem","position":1,"name":"In\u00edcio","item":"https:\/\/www.correiobraziliense.com.br\/cbradar\/"},{"@type":"ListItem","position":2,"name":"O tratamento mais inovador contra o c\u00e2ncer de bexiga"}]},{"@type":"WebSite","@id":"https:\/\/www.correiobraziliense.com.br\/cbradar\/#website","url":"https:\/\/www.correiobraziliense.com.br\/cbradar\/","name":"Correio Braziliense - Radar","description":"Acompanhe as \u00faltimas not\u00edcias e fique bem informado sobre tudo o que acontece no Brasil e no mundo.","potentialAction":[{"@type":"SearchAction","target":{"@type":"EntryPoint","urlTemplate":"https:\/\/www.correiobraziliense.com.br\/cbradar\/?s={search_term_string}"},"query-input":{"@type":"PropertyValueSpecification","valueRequired":true,"valueName":"search_term_string"}}],"inLanguage":"pt-BR"},{"@type":"Person","@id":"https:\/\/www.correiobraziliense.com.br\/cbradar\/#\/schema\/person\/5aa4bf3c8fa699c267933611de12978b","name":"guilherme_saude","image":{"@type":"ImageObject","inLanguage":"pt-BR","@id":"https:\/\/www.correiobraziliense.com.br\/cbradar\/#\/schema\/person\/image\/","url":"https:\/\/secure.gravatar.com\/avatar\/df9adfb835d344bc0af109d41756253f?s=96&d=mm&r=g","contentUrl":"https:\/\/secure.gravatar.com\/avatar\/df9adfb835d344bc0af109d41756253f?s=96&d=mm&r=g","caption":"guilherme_saude"},"url":"https:\/\/www.correiobraziliense.com.br\/cbradar\/author\/guilherme_saude\/"}]}},"_links":{"self":[{"href":"https:\/\/www.correiobraziliense.com.br\/cbradar\/wp-json\/wp\/v2\/posts\/91170","targetHints":{"allow":["GET"]}}],"collection":[{"href":"https:\/\/www.correiobraziliense.com.br\/cbradar\/wp-json\/wp\/v2\/posts"}],"about":[{"href":"https:\/\/www.correiobraziliense.com.br\/cbradar\/wp-json\/wp\/v2\/types\/post"}],"author":[{"embeddable":true,"href":"https:\/\/www.correiobraziliense.com.br\/cbradar\/wp-json\/wp\/v2\/users\/14"}],"replies":[{"embeddable":true,"href":"https:\/\/www.correiobraziliense.com.br\/cbradar\/wp-json\/wp\/v2\/comments?post=91170"}],"version-history":[{"count":1,"href":"https:\/\/www.correiobraziliense.com.br\/cbradar\/wp-json\/wp\/v2\/posts\/91170\/revisions"}],"predecessor-version":[{"id":91202,"href":"https:\/\/www.correiobraziliense.com.br\/cbradar\/wp-json\/wp\/v2\/posts\/91170\/revisions\/91202"}],"wp:featuredmedia":[{"embeddable":true,"href":"https:\/\/www.correiobraziliense.com.br\/cbradar\/wp-json\/wp\/v2\/media\/91187"}],"wp:attachment":[{"href":"https:\/\/www.correiobraziliense.com.br\/cbradar\/wp-json\/wp\/v2\/media?parent=91170"}],"wp:term":[{"taxonomy":"category","embeddable":true,"href":"https:\/\/www.correiobraziliense.com.br\/cbradar\/wp-json\/wp\/v2\/categories?post=91170"},{"taxonomy":"post_tag","embeddable":true,"href":"https:\/\/www.correiobraziliense.com.br\/cbradar\/wp-json\/wp\/v2\/tags?post=91170"}],"curies":[{"name":"wp","href":"https:\/\/api.w.org\/{rel}","templated":true}]}}