{"id":91203,"date":"2025-08-23T19:03:00","date_gmt":"2025-08-23T22:03:00","guid":{"rendered":"https:\/\/www.correiobraziliense.com.br\/cbradar\/?p=91203"},"modified":"2025-08-22T17:34:29","modified_gmt":"2025-08-22T20:34:29","slug":"essa-fruta-tem-10-vezes-mais-vitamina-c-que-a-tangerina","status":"publish","type":"post","link":"https:\/\/www.correiobraziliense.com.br\/cbradar\/essa-fruta-tem-10-vezes-mais-vitamina-c-que-a-tangerina\/","title":{"rendered":"Essa fruta tem 10 vezes mais vitamina C que a tangerina"},"content":{"rendered":"\n<p>A <strong>Vitamina C <\/strong>desempenha um papel crucial na sa\u00fade humana, destacando-se por seus m\u00faltiplos benef\u00edcios e pela presen\u00e7a em uma variedade rica de frutas que muitas vezes passam despercebidas. Embora a laranja, o lim\u00e3o e a tangerina sejam as fontes mais lembradas dessa vitamina, outras frutas oferecem ainda mais esse nutriente essencial. A acerola, por exemplo, com impressionantes 1505 mg de Vitamina C a cada 100 g, supera em muito essas op\u00e7\u00f5es mais populares.<\/p>\n\n\n\n<p>Al\u00e9m da acerola, outras frutas tamb\u00e9m s\u00e3o not\u00e1veis pela riqueza em Vitamina C, como o caju com 257 mg por 100 g, a goiaba com 89,9 mg, e o kiwi com 70,8 mg. O camu-camu, fruto t\u00edpico da Amaz\u00f4nia, destaca-se n\u00e3o apenas por sua apar\u00eancia semelhante \u00e0 cereja, mas por concentrar 143,08 mg de Vitamina C a cada 100 g. Estas frutas, apesar de suas diversas apar\u00eancias e sabores, compartilham um atributo vital: s\u00e3o potentes aliadas para a manuten\u00e7\u00e3o da <a href=\"https:\/\/www.gov.br\/saude\/pt-br\" target=\"_blank\" rel=\"noreferrer noopener\">sa\u00fade <\/a>e do equil\u00edbrio nutricional.<\/p>\n\n\n\n<h2 class=\"wp-block-heading\">Quais s\u00e3o os benef\u00edcios da Vitamina C para o organismo?<\/h2>\n\n\n\n<p>A presen\u00e7a da Vitamina C na dieta vai al\u00e9m de apenas suprir uma necessidade di\u00e1ria espec\u00edfica; ela atua como um importante antioxidante, protegendo as c\u00e9lulas contra os danos dos radicais livres. O papel antioxidante \u00e9 crucial para retardar o envelhecimento precoce e prevenir doen\u00e7as cr\u00f4nicas. Al\u00e9m disso, a Vitamina C \u00e9 fundamental na produ\u00e7\u00e3o de col\u00e1geno, essencial para a sa\u00fade da pele, ossos e vasos sangu\u00edneos.<\/p>\n\n\n<div class=\"wp-block-image\">\n<figure class=\"aligncenter size-large\"><img decoding=\"async\" width=\"1024\" height=\"576\" src=\"https:\/\/www.correiobraziliense.com.br\/cbradar\/wp-content\/uploads\/2025\/08\/VITAMINA-C_1755894715996-1024x576.jpg\" alt=\"\" class=\"wp-image-91220\" srcset=\"https:\/\/www.correiobraziliense.com.br\/cbradar\/wp-content\/uploads\/2025\/08\/VITAMINA-C_1755894715996-1024x576.jpg 1024w, https:\/\/www.correiobraziliense.com.br\/cbradar\/wp-content\/uploads\/2025\/08\/VITAMINA-C_1755894715996-300x169.jpg 300w, https:\/\/www.correiobraziliense.com.br\/cbradar\/wp-content\/uploads\/2025\/08\/VITAMINA-C_1755894715996-768x432.jpg 768w, https:\/\/www.correiobraziliense.com.br\/cbradar\/wp-content\/uploads\/2025\/08\/VITAMINA-C_1755894715996-750x422.jpg 750w, https:\/\/www.correiobraziliense.com.br\/cbradar\/wp-content\/uploads\/2025\/08\/VITAMINA-C_1755894715996-1140x641.jpg 1140w, https:\/\/www.correiobraziliense.com.br\/cbradar\/wp-content\/uploads\/2025\/08\/VITAMINA-C_1755894715996.jpg 1280w\" sizes=\"(max-width: 1024px) 100vw, 1024px\" \/><figcaption class=\"wp-element-caption\">Vitamina C &#8211; Cr\u00e9ditos: depositphotos.com \/ VadimVasenin<\/figcaption><\/figure><\/div>\n\n\n<p>Outro benef\u00edcio significativo da Vitamina C est\u00e1 na sua capacidade de fortalecer o sistema imunol\u00f3gico. Ela estimula a produ\u00e7\u00e3o e efic\u00e1cia dos gl\u00f3bulos brancos, respons\u00e1veis por combater infec\u00e7\u00f5es e doen\u00e7as. Este fortalecimento do sistema imunol\u00f3gico \u00e9 particularmente valioso na preven\u00e7\u00e3o de resfriados e gripes, podendo at\u00e9 reduzir a dura\u00e7\u00e3o dos sintomas.<\/p>\n\n\n\n<h2 class=\"wp-block-heading\">Como a Vitamina C influencia a absor\u00e7\u00e3o de outros nutrientes?<\/h2>\n\n\n\n<p>Ao consumir <a href=\"https:\/\/www.gov.br\/saude\/pt-br\" target=\"_blank\" rel=\"noreferrer noopener\">alimentos <\/a>ricos em Vitamina C, tamb\u00e9m se aprimora a absor\u00e7\u00e3o de ferro, especialmente o ferro de origem vegetal. Este efeito sin\u00e9rgico \u00e9 essencial para prevenir a anemia e garantir que o oxig\u00eanio seja eficientemente transportado pelo corpo. Com isso, a vitamina contribui n\u00e3o apenas para a recupera\u00e7\u00e3o ap\u00f3s gripes, mas tamb\u00e9m para a manuten\u00e7\u00e3o geral da sa\u00fade.<\/p>\n\n\n\n<p>A Vitamina C ainda possui a\u00e7\u00e3o anti-inflamat\u00f3ria, ajudando a diminuir o risco de inflama\u00e7\u00f5es e promovendo a recupera\u00e7\u00e3o de les\u00f5es. Esses benef\u00edcios, combinados com a capacidade do nutriente de proteger a sa\u00fade cardiovascular, fazem da vitamina C um componente indispens\u00e1vel de uma alimenta\u00e7\u00e3o equilibrada.<\/p>\n\n\n\n<h2 class=\"wp-block-heading\">Qual \u00e9 a melhor maneira de consumir a Vitamina C?<\/h2>\n\n\n\n<p>Para maximizar os benef\u00edcios da ingest\u00e3o de Vitamina C, \u00e9 aconselh\u00e1vel consumir frutas e verduras frescas e cruas, uma vez que o nutriente \u00e9 sens\u00edvel ao calor e tende a se degradar durante o cozimento. Suplementar a dieta com sucos naturais feitos na hora \u00e9 uma excelente estrat\u00e9gia para garantir a preserva\u00e7\u00e3o do nutriente, evitando as perdas comuns aos sucos industrializados.<\/p>\n\n\n\n<p>A conserva\u00e7\u00e3o adequada dos alimentos \u00e9 igualmente importante: evitar armazenar cortes de frutas ou sucos por longos per\u00edodos ajuda a prevenir a oxida\u00e7\u00e3o da Vitamina C. Al\u00e9m disso, a combina\u00e7\u00e3o de alimentos ricos em Vitamina C com fontes de ferro pode potencializar a absor\u00e7\u00e3o desse mineral essencial.<\/p>\n\n\n\n<p>Em resumo, a Vitamina C desempenha um papel multifuncional na promo\u00e7\u00e3o da sa\u00fade, n\u00e3o apenas como um antioxidante poderoso, mas tamb\u00e9m como um componente crucial para o bom funcionamento imunol\u00f3gico e para a absor\u00e7\u00e3o de nutrientes vitais. Incorporar uma variedade de frutas ricas nesse nutriente na alimenta\u00e7\u00e3o di\u00e1ria \u00e9 uma maneira eficaz de assegurar uma dieta equilibrada e fortalecer a sa\u00fade geral do organismo.<\/p>\n\n\n<a href=\"https:\/\/www.instagram.com\/dra.annaluisabf\/\" target=\"_blank\" rel=\"noopener\" style=\"text-decoration: none; color: inherit;\">\n    <span style=\"display: inline-block; border: 1px solid #ccc; border-radius: 10px; padding: 15px; max-width: 550px; font-family: sans-serif; box-shadow: 0 2px 5px rgba(0,0,0,0.1); width: 100%;\">\n\n      <!-- T\u00edtulo -->\n      <span style=\"display: block; margin: 0 0 15px 0; font-weight: bold; color: #2c3e50; text-align: center;\">\n        Entre em contato:\n      <\/span>\n\n      <!-- Linha do perfil -->\n      <span style=\"display: flex; align-items: center; gap: 15px;\">\n        <img decoding=\"async\"\n          src=\"https:\/\/www.correiobraziliense.com.br\/cbradar\/wp-content\/uploads\/2025\/08\/dra_anna_luisa.jpeg\"\n          alt=\"Foto da Dra. Anna Lu\u00edsa\"\n          style=\"border-radius: 50%; width: 80px; height: 80px; object-fit: cover;\"\n        \/>\n        <span style=\"display: flex; flex-direction: column;\">\n          <span style=\"font-size: 18px; font-weight: 700; color: #2c3e50;\">Dra. Anna Lu\u00edsa Barbosa Fernandes<\/span>\n          <span style=\"color: #555;\">CRM-GO 33.271<\/span>\n        <\/span>\n      <\/span>\n\n      <!-- Redes -->\n      <span style=\"display: flex; align-items: center; gap: 10px; margin-top: 12px;\">\n        <img decoding=\"async\" src=\"https:\/\/cdn-icons-png.flaticon.com\/24\/1384\/1384063.png\" alt=\"Instagram\" width=\"24\" height=\"24\" \/>\n        <span style=\"text-decoration: underline; color: #2c3e50;\">@dra.annaluisabf<\/span>\n      <\/span>\n\n    <\/span>\n  <\/a>","protected":false},"excerpt":{"rendered":"<p>A Vitamina C desempenha um papel crucial na sa\u00fade humana, destacando-se por seus m\u00faltiplos benef\u00edcios e pela presen\u00e7a em uma variedade rica de frutas que muitas vezes passam despercebidas. Embora a laranja, o lim\u00e3o e a tangerina sejam as fontes mais lembradas dessa vitamina, outras frutas oferecem ainda mais esse nutriente essencial. A acerola, por [&hellip;]<\/p>\n","protected":false},"author":14,"featured_media":91216,"comment_status":"open","ping_status":"open","sticky":false,"template":"","format":"standard","meta":{"_yoast_wpseo_focuskw":"Vitamina","_yoast_wpseo_title":"","_yoast_wpseo_metadesc":"Essas frutas escondem n\u00edveis surpreendentes de vitamina C e podem transformar sua sa\u00fade com mais energia e prote\u00e7\u00e3o natural.","jnews-multi-image_gallery":[],"jnews_single_post":{"format":"standard"},"jnews_primary_category":[],"jnews_social_meta":[],"jnews_override_counter":[],"footnotes":""},"categories":[4404],"tags":[281,120,1318],"class_list":["post-91203","post","type-post","status-publish","format-standard","has-post-thumbnail","hentry","category-saude","tag-alimentacao","tag-bem-estar","tag-saude-2"],"yoast_head":"<!-- This site is optimized with the Yoast SEO plugin v24.6 - https:\/\/yoast.com\/wordpress\/plugins\/seo\/ -->\n<title>Essa fruta tem 10 vezes mais vitamina C que a tangerina - Correio Braziliense - Radar<\/title>\n<meta name=\"description\" content=\"Essas frutas escondem n\u00edveis surpreendentes de vitamina C e podem transformar sua sa\u00fade com mais energia e prote\u00e7\u00e3o natural.\" \/>\n<meta name=\"robots\" content=\"index, follow, max-snippet:-1, max-image-preview:large, max-video-preview:-1\" \/>\n<link rel=\"canonical\" href=\"https:\/\/www.correiobraziliense.com.br\/cbradar\/essa-fruta-tem-10-vezes-mais-vitamina-c-que-a-tangerina\/\" \/>\n<meta property=\"og:locale\" content=\"pt_BR\" \/>\n<meta property=\"og:type\" content=\"article\" \/>\n<meta property=\"og:title\" content=\"Essa fruta tem 10 vezes mais vitamina C que a tangerina - Correio Braziliense - Radar\" \/>\n<meta property=\"og:description\" content=\"Essas frutas escondem n\u00edveis surpreendentes de vitamina C e podem transformar sua sa\u00fade com mais energia e prote\u00e7\u00e3o natural.\" \/>\n<meta property=\"og:url\" content=\"https:\/\/www.correiobraziliense.com.br\/cbradar\/essa-fruta-tem-10-vezes-mais-vitamina-c-que-a-tangerina\/\" \/>\n<meta property=\"og:site_name\" content=\"Correio Braziliense - Radar\" \/>\n<meta property=\"article:published_time\" content=\"2025-08-23T22:03:00+00:00\" \/>\n<meta property=\"og:image\" content=\"https:\/\/www.correiobraziliense.com.br\/cbradar\/wp-content\/uploads\/2025\/08\/VITAMINA-C_1755894673038.jpg\" \/>\n\t<meta property=\"og:image:width\" content=\"1280\" \/>\n\t<meta property=\"og:image:height\" content=\"720\" \/>\n\t<meta property=\"og:image:type\" content=\"image\/jpeg\" \/>\n<meta name=\"author\" content=\"guilherme_saude\" \/>\n<meta name=\"twitter:card\" content=\"summary_large_image\" \/>\n<meta name=\"twitter:label1\" content=\"Escrito por\" \/>\n\t<meta name=\"twitter:data1\" content=\"guilherme_saude\" \/>\n\t<meta name=\"twitter:label2\" content=\"Est. tempo de leitura\" \/>\n\t<meta name=\"twitter:data2\" content=\"5 minutos\" \/>\n<!-- \/ Yoast SEO plugin. -->","yoast_head_json":{"title":"Essa fruta tem 10 vezes mais vitamina C que a tangerina - Correio Braziliense - Radar","description":"Essas frutas escondem n\u00edveis surpreendentes de vitamina C e podem transformar sua sa\u00fade com mais energia e prote\u00e7\u00e3o natural.","robots":{"index":"index","follow":"follow","max-snippet":"max-snippet:-1","max-image-preview":"max-image-preview:large","max-video-preview":"max-video-preview:-1"},"canonical":"https:\/\/www.correiobraziliense.com.br\/cbradar\/essa-fruta-tem-10-vezes-mais-vitamina-c-que-a-tangerina\/","og_locale":"pt_BR","og_type":"article","og_title":"Essa fruta tem 10 vezes mais vitamina C que a tangerina - Correio Braziliense - Radar","og_description":"Essas frutas escondem n\u00edveis surpreendentes de vitamina C e podem transformar sua sa\u00fade com mais energia e prote\u00e7\u00e3o natural.","og_url":"https:\/\/www.correiobraziliense.com.br\/cbradar\/essa-fruta-tem-10-vezes-mais-vitamina-c-que-a-tangerina\/","og_site_name":"Correio Braziliense - Radar","article_published_time":"2025-08-23T22:03:00+00:00","og_image":[{"width":1280,"height":720,"url":"https:\/\/www.correiobraziliense.com.br\/cbradar\/wp-content\/uploads\/2025\/08\/VITAMINA-C_1755894673038.jpg","type":"image\/jpeg"}],"author":"guilherme_saude","twitter_card":"summary_large_image","twitter_misc":{"Escrito por":"guilherme_saude","Est. tempo de leitura":"5 minutos"},"schema":{"@context":"https:\/\/schema.org","@graph":[{"@type":"WebPage","@id":"https:\/\/www.correiobraziliense.com.br\/cbradar\/essa-fruta-tem-10-vezes-mais-vitamina-c-que-a-tangerina\/","url":"https:\/\/www.correiobraziliense.com.br\/cbradar\/essa-fruta-tem-10-vezes-mais-vitamina-c-que-a-tangerina\/","name":"Essa fruta tem 10 vezes mais vitamina C que a tangerina - Correio Braziliense - Radar","isPartOf":{"@id":"https:\/\/www.correiobraziliense.com.br\/cbradar\/#website"},"primaryImageOfPage":{"@id":"https:\/\/www.correiobraziliense.com.br\/cbradar\/essa-fruta-tem-10-vezes-mais-vitamina-c-que-a-tangerina\/#primaryimage"},"image":{"@id":"https:\/\/www.correiobraziliense.com.br\/cbradar\/essa-fruta-tem-10-vezes-mais-vitamina-c-que-a-tangerina\/#primaryimage"},"thumbnailUrl":"https:\/\/www.correiobraziliense.com.br\/cbradar\/wp-content\/uploads\/2025\/08\/VITAMINA-C_1755894673038.jpg","datePublished":"2025-08-23T22:03:00+00:00","author":{"@id":"https:\/\/www.correiobraziliense.com.br\/cbradar\/#\/schema\/person\/5aa4bf3c8fa699c267933611de12978b"},"description":"Essas frutas escondem n\u00edveis surpreendentes de vitamina C e podem transformar sua sa\u00fade com mais energia e prote\u00e7\u00e3o natural.","breadcrumb":{"@id":"https:\/\/www.correiobraziliense.com.br\/cbradar\/essa-fruta-tem-10-vezes-mais-vitamina-c-que-a-tangerina\/#breadcrumb"},"inLanguage":"pt-BR","potentialAction":[{"@type":"ReadAction","target":["https:\/\/www.correiobraziliense.com.br\/cbradar\/essa-fruta-tem-10-vezes-mais-vitamina-c-que-a-tangerina\/"]}]},{"@type":"ImageObject","inLanguage":"pt-BR","@id":"https:\/\/www.correiobraziliense.com.br\/cbradar\/essa-fruta-tem-10-vezes-mais-vitamina-c-que-a-tangerina\/#primaryimage","url":"https:\/\/www.correiobraziliense.com.br\/cbradar\/wp-content\/uploads\/2025\/08\/VITAMINA-C_1755894673038.jpg","contentUrl":"https:\/\/www.correiobraziliense.com.br\/cbradar\/wp-content\/uploads\/2025\/08\/VITAMINA-C_1755894673038.jpg","width":1280,"height":720,"caption":"Vitamina C - Cr\u00e9ditos: depositphotos.com \/ VadimVasenin"},{"@type":"BreadcrumbList","@id":"https:\/\/www.correiobraziliense.com.br\/cbradar\/essa-fruta-tem-10-vezes-mais-vitamina-c-que-a-tangerina\/#breadcrumb","itemListElement":[{"@type":"ListItem","position":1,"name":"In\u00edcio","item":"https:\/\/www.correiobraziliense.com.br\/cbradar\/"},{"@type":"ListItem","position":2,"name":"Essa fruta tem 10 vezes mais vitamina C que a tangerina"}]},{"@type":"WebSite","@id":"https:\/\/www.correiobraziliense.com.br\/cbradar\/#website","url":"https:\/\/www.correiobraziliense.com.br\/cbradar\/","name":"Correio Braziliense - Radar","description":"Acompanhe as \u00faltimas not\u00edcias e fique bem informado sobre tudo o que acontece no Brasil e no mundo.","potentialAction":[{"@type":"SearchAction","target":{"@type":"EntryPoint","urlTemplate":"https:\/\/www.correiobraziliense.com.br\/cbradar\/?s={search_term_string}"},"query-input":{"@type":"PropertyValueSpecification","valueRequired":true,"valueName":"search_term_string"}}],"inLanguage":"pt-BR"},{"@type":"Person","@id":"https:\/\/www.correiobraziliense.com.br\/cbradar\/#\/schema\/person\/5aa4bf3c8fa699c267933611de12978b","name":"guilherme_saude","image":{"@type":"ImageObject","inLanguage":"pt-BR","@id":"https:\/\/www.correiobraziliense.com.br\/cbradar\/#\/schema\/person\/image\/","url":"https:\/\/secure.gravatar.com\/avatar\/df9adfb835d344bc0af109d41756253f?s=96&d=mm&r=g","contentUrl":"https:\/\/secure.gravatar.com\/avatar\/df9adfb835d344bc0af109d41756253f?s=96&d=mm&r=g","caption":"guilherme_saude"},"url":"https:\/\/www.correiobraziliense.com.br\/cbradar\/author\/guilherme_saude\/"}]}},"_links":{"self":[{"href":"https:\/\/www.correiobraziliense.com.br\/cbradar\/wp-json\/wp\/v2\/posts\/91203","targetHints":{"allow":["GET"]}}],"collection":[{"href":"https:\/\/www.correiobraziliense.com.br\/cbradar\/wp-json\/wp\/v2\/posts"}],"about":[{"href":"https:\/\/www.correiobraziliense.com.br\/cbradar\/wp-json\/wp\/v2\/types\/post"}],"author":[{"embeddable":true,"href":"https:\/\/www.correiobraziliense.com.br\/cbradar\/wp-json\/wp\/v2\/users\/14"}],"replies":[{"embeddable":true,"href":"https:\/\/www.correiobraziliense.com.br\/cbradar\/wp-json\/wp\/v2\/comments?post=91203"}],"version-history":[{"count":1,"href":"https:\/\/www.correiobraziliense.com.br\/cbradar\/wp-json\/wp\/v2\/posts\/91203\/revisions"}],"predecessor-version":[{"id":91222,"href":"https:\/\/www.correiobraziliense.com.br\/cbradar\/wp-json\/wp\/v2\/posts\/91203\/revisions\/91222"}],"wp:featuredmedia":[{"embeddable":true,"href":"https:\/\/www.correiobraziliense.com.br\/cbradar\/wp-json\/wp\/v2\/media\/91216"}],"wp:attachment":[{"href":"https:\/\/www.correiobraziliense.com.br\/cbradar\/wp-json\/wp\/v2\/media?parent=91203"}],"wp:term":[{"taxonomy":"category","embeddable":true,"href":"https:\/\/www.correiobraziliense.com.br\/cbradar\/wp-json\/wp\/v2\/categories?post=91203"},{"taxonomy":"post_tag","embeddable":true,"href":"https:\/\/www.correiobraziliense.com.br\/cbradar\/wp-json\/wp\/v2\/tags?post=91203"}],"curies":[{"name":"wp","href":"https:\/\/api.w.org\/{rel}","templated":true}]}}