{"id":91215,"date":"2025-08-23T14:03:00","date_gmt":"2025-08-23T17:03:00","guid":{"rendered":"https:\/\/www.correiobraziliense.com.br\/cbradar\/?p=91215"},"modified":"2025-08-22T17:33:00","modified_gmt":"2025-08-22T20:33:00","slug":"10-racas-de-caes-mais-amigaveis-de-todos-os-tempos","status":"publish","type":"post","link":"https:\/\/www.correiobraziliense.com.br\/cbradar\/10-racas-de-caes-mais-amigaveis-de-todos-os-tempos\/","title":{"rendered":"10 ra\u00e7as de c\u00e3es mais amig\u00e1veis de todos os tempos"},"content":{"rendered":"\n<p>Se voc\u00ea est\u00e1 pensando em adotar um amigo peludo, escolher a <strong>ra\u00e7a certa<\/strong> \u00e9 essencial. Aqui, destacamos algumas das <strong>ra\u00e7as de cachorros mais amistosas<\/strong> e am\u00e1veis, perfeitas para donos de primeira viagem:<\/p>\n\n\n\n<ul class=\"wp-block-list\">\n<li><strong>Labrador Retriever:<\/strong> Conhecidos por sua natureza gentil e afetuosa.<\/li>\n\n\n\n<li><strong>Golden Retriever:<\/strong> Eternamente leais e famosos por sua amizade.<\/li>\n\n\n\n<li><strong>Cavalier King Charles Spaniel:<\/strong> Extremamente adapt\u00e1veis e companheiros amorosos.<\/li>\n<\/ul>\n\n\n\n<h2 class=\"wp-block-heading\">Por que os labradores s\u00e3o t\u00e3o amig\u00e1veis?<\/h2>\n\n\n\n<p>Os <strong>Labradores<\/strong> s\u00e3o conhecidos por sua <strong>natureza f\u00e1cil e afetuosa<\/strong>. Eles se d\u00e3o bem com fam\u00edlias, crian\u00e7as e at\u00e9 mesmo estranhos. Sua natureza de agradar as pessoas torna-os f\u00e1ceis de treinar.<\/p>\n\n\n\n<h2 class=\"wp-block-heading\">Golden retrievers s\u00e3o excelentes para qualquer fam\u00edlia?<\/h2>\n\n\n\n<p>Os <strong>Golden Retrievers<\/strong> s\u00e3o pacientes, leais e famosamente amig\u00e1veis. Eles adoram estar perto de pessoas, tornando-os \u00f3timos <strong>cachorros de fam\u00edlia<\/strong> mesmo para os donos de primeira viagem.<\/p>\n\n\n\n<h2 class=\"wp-block-heading\">Cavalier king charles spaniel: companheiros adapt\u00e1veis<\/h2>\n\n\n\n<p>Esses c\u00e3es pequenos s\u00e3o extremamente <strong>afetuosos e adapt\u00e1veis<\/strong>&#8212; eles podem ajustar-se tanto a apartamentos quanto a grandes casas. Eles amam carinhos e companhia, o que os torna perfeitos para novos donos.<\/p>\n\n\n\n<figure class=\"wp-block-image size-large\"><img decoding=\"async\" width=\"1024\" height=\"576\" src=\"https:\/\/www.correiobraziliense.com.br\/cbradar\/wp-content\/uploads\/2025\/08\/cachorro_1755894757908-1024x576.jpg\" alt=\"10 ra\u00e7as de c\u00e3es mais amig\u00e1veis de todos os tempos\" class=\"wp-image-91219\" srcset=\"https:\/\/www.correiobraziliense.com.br\/cbradar\/wp-content\/uploads\/2025\/08\/cachorro_1755894757908-1024x576.jpg 1024w, https:\/\/www.correiobraziliense.com.br\/cbradar\/wp-content\/uploads\/2025\/08\/cachorro_1755894757908-300x169.jpg 300w, https:\/\/www.correiobraziliense.com.br\/cbradar\/wp-content\/uploads\/2025\/08\/cachorro_1755894757908-768x432.jpg 768w, https:\/\/www.correiobraziliense.com.br\/cbradar\/wp-content\/uploads\/2025\/08\/cachorro_1755894757908-750x422.jpg 750w, https:\/\/www.correiobraziliense.com.br\/cbradar\/wp-content\/uploads\/2025\/08\/cachorro_1755894757908-1140x641.jpg 1140w, https:\/\/www.correiobraziliense.com.br\/cbradar\/wp-content\/uploads\/2025\/08\/cachorro_1755894757908.jpg 1280w\" sizes=\"(max-width: 1024px) 100vw, 1024px\" \/><figcaption class=\"wp-element-caption\">cachorro. Cr\u00e9ditos: depositphotos.com \/ AllaSerebrina<\/figcaption><\/figure>\n\n\n\n<h2 class=\"wp-block-heading\">Outras ra\u00e7as amig\u00e1veis<\/h2>\n\n\n\n<p>Aqui est\u00e3o algumas outras ra\u00e7as que tamb\u00e9m s\u00e3o \u00f3timas para primeiros donos:<\/p>\n\n\n\n<ul class=\"wp-block-list\">\n<li><strong>Beagle<\/strong>: Curiosos, brincalh\u00f5es e \u00f3timos companheiros para crian\u00e7as.<\/li>\n\n\n\n<li><strong>Pug<\/strong>: Pequenos no tamanho, mas grandes em personalidade. Adoram aten\u00e7\u00e3o e s\u00e3o f\u00e1ceis de cuidar.<\/li>\n\n\n\n<li><strong>Bichon Frise:<\/strong> Alegres e carinhosos, s\u00e3o pequenos e hipoalerg\u00eanicos.<\/li>\n<\/ul>\n\n\n\n<h2 class=\"wp-block-heading\">Resumo de ra\u00e7as amig\u00e1veis para donos iniciantes<\/h2>\n\n\n\n<ul class=\"wp-block-list\">\n<li><strong>Escolher a ra\u00e7a certa<\/strong> \u00e9 essencial para se adaptar a novos donos.<\/li>\n\n\n\n<li>Cada ra\u00e7a possui caracter\u00edsticas que podem se adequar a diferentes estilos de vida.<\/li>\n\n\n\n<li><strong>Considerar suas necessidades<\/strong> e o ambiente \u00e9 crucial para uma boa experi\u00eancia.<\/li>\n<\/ul>\n","protected":false},"excerpt":{"rendered":"<p>Conhe\u00e7a as ra\u00e7as de cachorros perfeitas para donos de primeira viagem. De Labradores a Pugs, encontre o amigo peludo ideal.<\/p>\n","protected":false},"author":3,"featured_media":91218,"comment_status":"open","ping_status":"open","sticky":false,"template":"","format":"standard","meta":{"_yoast_wpseo_focuskw":"ra\u00e7as amig\u00e1veis","_yoast_wpseo_title":"%%title%%","_yoast_wpseo_metadesc":"Conhe\u00e7a as ra\u00e7as de cachorros perfeitas para donos de primeira viagem. De Labradores a Pugs, encontre o amigo peludo ideal.","jnews-multi-image_gallery":[],"jnews_single_post":{"format":"standard"},"jnews_primary_category":[],"jnews_social_meta":[],"jnews_override_counter":[],"footnotes":""},"categories":[112],"tags":[1977,378,144],"class_list":["post-91215","post","type-post","status-publish","format-standard","has-post-thumbnail","hentry","category-curiosidades","tag-animais-de-estimacao","tag-cachorro","tag-curiosidades"],"yoast_head":"<!-- This site is optimized with the Yoast SEO plugin v24.6 - https:\/\/yoast.com\/wordpress\/plugins\/seo\/ -->\n<title>10 ra\u00e7as de c\u00e3es mais amig\u00e1veis de todos os tempos<\/title>\n<meta name=\"description\" content=\"Conhe\u00e7a as ra\u00e7as de cachorros perfeitas para donos de primeira viagem. De Labradores a Pugs, encontre o amigo peludo ideal.\" \/>\n<meta name=\"robots\" content=\"index, follow, max-snippet:-1, max-image-preview:large, max-video-preview:-1\" \/>\n<link rel=\"canonical\" href=\"https:\/\/www.correiobraziliense.com.br\/cbradar\/10-racas-de-caes-mais-amigaveis-de-todos-os-tempos\/\" \/>\n<meta property=\"og:locale\" content=\"pt_BR\" \/>\n<meta property=\"og:type\" content=\"article\" \/>\n<meta property=\"og:title\" content=\"10 ra\u00e7as de c\u00e3es mais amig\u00e1veis de todos os tempos\" \/>\n<meta property=\"og:description\" content=\"Conhe\u00e7a as ra\u00e7as de cachorros perfeitas para donos de primeira viagem. De Labradores a Pugs, encontre o amigo peludo ideal.\" \/>\n<meta property=\"og:url\" content=\"https:\/\/www.correiobraziliense.com.br\/cbradar\/10-racas-de-caes-mais-amigaveis-de-todos-os-tempos\/\" \/>\n<meta property=\"og:site_name\" content=\"Correio Braziliense - Radar\" \/>\n<meta property=\"article:published_time\" content=\"2025-08-23T17:03:00+00:00\" \/>\n<meta property=\"og:image\" content=\"https:\/\/www.correiobraziliense.com.br\/cbradar\/wp-content\/uploads\/2025\/08\/cachorro_1755894648330.jpg\" \/>\n\t<meta property=\"og:image:width\" content=\"1280\" \/>\n\t<meta property=\"og:image:height\" content=\"720\" \/>\n\t<meta property=\"og:image:type\" content=\"image\/jpeg\" \/>\n<meta name=\"author\" content=\"Larissa Carvalho\" \/>\n<meta name=\"twitter:card\" content=\"summary_large_image\" \/>\n<meta name=\"twitter:label1\" content=\"Escrito por\" \/>\n\t<meta name=\"twitter:data1\" content=\"Larissa Carvalho\" \/>\n\t<meta name=\"twitter:label2\" content=\"Est. tempo de leitura\" \/>\n\t<meta name=\"twitter:data2\" content=\"2 minutos\" \/>\n<!-- \/ Yoast SEO plugin. -->","yoast_head_json":{"title":"10 ra\u00e7as de c\u00e3es mais amig\u00e1veis de todos os tempos","description":"Conhe\u00e7a as ra\u00e7as de cachorros perfeitas para donos de primeira viagem. De Labradores a Pugs, encontre o amigo peludo ideal.","robots":{"index":"index","follow":"follow","max-snippet":"max-snippet:-1","max-image-preview":"max-image-preview:large","max-video-preview":"max-video-preview:-1"},"canonical":"https:\/\/www.correiobraziliense.com.br\/cbradar\/10-racas-de-caes-mais-amigaveis-de-todos-os-tempos\/","og_locale":"pt_BR","og_type":"article","og_title":"10 ra\u00e7as de c\u00e3es mais amig\u00e1veis de todos os tempos","og_description":"Conhe\u00e7a as ra\u00e7as de cachorros perfeitas para donos de primeira viagem. De Labradores a Pugs, encontre o amigo peludo ideal.","og_url":"https:\/\/www.correiobraziliense.com.br\/cbradar\/10-racas-de-caes-mais-amigaveis-de-todos-os-tempos\/","og_site_name":"Correio Braziliense - Radar","article_published_time":"2025-08-23T17:03:00+00:00","og_image":[{"width":1280,"height":720,"url":"https:\/\/www.correiobraziliense.com.br\/cbradar\/wp-content\/uploads\/2025\/08\/cachorro_1755894648330.jpg","type":"image\/jpeg"}],"author":"Larissa Carvalho","twitter_card":"summary_large_image","twitter_misc":{"Escrito por":"Larissa Carvalho","Est. tempo de leitura":"2 minutos"},"schema":{"@context":"https:\/\/schema.org","@graph":[{"@type":"WebPage","@id":"https:\/\/www.correiobraziliense.com.br\/cbradar\/10-racas-de-caes-mais-amigaveis-de-todos-os-tempos\/","url":"https:\/\/www.correiobraziliense.com.br\/cbradar\/10-racas-de-caes-mais-amigaveis-de-todos-os-tempos\/","name":"10 ra\u00e7as de c\u00e3es mais amig\u00e1veis de todos os tempos","isPartOf":{"@id":"https:\/\/www.correiobraziliense.com.br\/cbradar\/#website"},"primaryImageOfPage":{"@id":"https:\/\/www.correiobraziliense.com.br\/cbradar\/10-racas-de-caes-mais-amigaveis-de-todos-os-tempos\/#primaryimage"},"image":{"@id":"https:\/\/www.correiobraziliense.com.br\/cbradar\/10-racas-de-caes-mais-amigaveis-de-todos-os-tempos\/#primaryimage"},"thumbnailUrl":"https:\/\/www.correiobraziliense.com.br\/cbradar\/wp-content\/uploads\/2025\/08\/cachorro_1755894648330.jpg","datePublished":"2025-08-23T17:03:00+00:00","author":{"@id":"https:\/\/www.correiobraziliense.com.br\/cbradar\/#\/schema\/person\/58422787644df994b53a19d3e56c1513"},"description":"Conhe\u00e7a as ra\u00e7as de cachorros perfeitas para donos de primeira viagem. De Labradores a Pugs, encontre o amigo peludo ideal.","breadcrumb":{"@id":"https:\/\/www.correiobraziliense.com.br\/cbradar\/10-racas-de-caes-mais-amigaveis-de-todos-os-tempos\/#breadcrumb"},"inLanguage":"pt-BR","potentialAction":[{"@type":"ReadAction","target":["https:\/\/www.correiobraziliense.com.br\/cbradar\/10-racas-de-caes-mais-amigaveis-de-todos-os-tempos\/"]}]},{"@type":"ImageObject","inLanguage":"pt-BR","@id":"https:\/\/www.correiobraziliense.com.br\/cbradar\/10-racas-de-caes-mais-amigaveis-de-todos-os-tempos\/#primaryimage","url":"https:\/\/www.correiobraziliense.com.br\/cbradar\/wp-content\/uploads\/2025\/08\/cachorro_1755894648330.jpg","contentUrl":"https:\/\/www.correiobraziliense.com.br\/cbradar\/wp-content\/uploads\/2025\/08\/cachorro_1755894648330.jpg","width":1280,"height":720,"caption":"cachorro. Cr\u00e9ditos: depositphotos.com \/ NatashaFedorova"},{"@type":"BreadcrumbList","@id":"https:\/\/www.correiobraziliense.com.br\/cbradar\/10-racas-de-caes-mais-amigaveis-de-todos-os-tempos\/#breadcrumb","itemListElement":[{"@type":"ListItem","position":1,"name":"In\u00edcio","item":"https:\/\/www.correiobraziliense.com.br\/cbradar\/"},{"@type":"ListItem","position":2,"name":"10 ra\u00e7as de c\u00e3es mais amig\u00e1veis de todos os tempos"}]},{"@type":"WebSite","@id":"https:\/\/www.correiobraziliense.com.br\/cbradar\/#website","url":"https:\/\/www.correiobraziliense.com.br\/cbradar\/","name":"Correio Braziliense - Radar","description":"Acompanhe as \u00faltimas not\u00edcias e fique bem informado sobre tudo o que acontece no Brasil e no mundo.","potentialAction":[{"@type":"SearchAction","target":{"@type":"EntryPoint","urlTemplate":"https:\/\/www.correiobraziliense.com.br\/cbradar\/?s={search_term_string}"},"query-input":{"@type":"PropertyValueSpecification","valueRequired":true,"valueName":"search_term_string"}}],"inLanguage":"pt-BR"},{"@type":"Person","@id":"https:\/\/www.correiobraziliense.com.br\/cbradar\/#\/schema\/person\/58422787644df994b53a19d3e56c1513","name":"Larissa Carvalho","image":{"@type":"ImageObject","inLanguage":"pt-BR","@id":"https:\/\/www.correiobraziliense.com.br\/cbradar\/#\/schema\/person\/image\/","url":"https:\/\/secure.gravatar.com\/avatar\/fe4f91a0de32b52a838d0d612abdc1aa?s=96&d=mm&r=g","contentUrl":"https:\/\/secure.gravatar.com\/avatar\/fe4f91a0de32b52a838d0d612abdc1aa?s=96&d=mm&r=g","caption":"Larissa Carvalho"},"url":"https:\/\/www.correiobraziliense.com.br\/cbradar\/author\/larissamyth\/"}]}},"_links":{"self":[{"href":"https:\/\/www.correiobraziliense.com.br\/cbradar\/wp-json\/wp\/v2\/posts\/91215","targetHints":{"allow":["GET"]}}],"collection":[{"href":"https:\/\/www.correiobraziliense.com.br\/cbradar\/wp-json\/wp\/v2\/posts"}],"about":[{"href":"https:\/\/www.correiobraziliense.com.br\/cbradar\/wp-json\/wp\/v2\/types\/post"}],"author":[{"embeddable":true,"href":"https:\/\/www.correiobraziliense.com.br\/cbradar\/wp-json\/wp\/v2\/users\/3"}],"replies":[{"embeddable":true,"href":"https:\/\/www.correiobraziliense.com.br\/cbradar\/wp-json\/wp\/v2\/comments?post=91215"}],"version-history":[{"count":2,"href":"https:\/\/www.correiobraziliense.com.br\/cbradar\/wp-json\/wp\/v2\/posts\/91215\/revisions"}],"predecessor-version":[{"id":91221,"href":"https:\/\/www.correiobraziliense.com.br\/cbradar\/wp-json\/wp\/v2\/posts\/91215\/revisions\/91221"}],"wp:featuredmedia":[{"embeddable":true,"href":"https:\/\/www.correiobraziliense.com.br\/cbradar\/wp-json\/wp\/v2\/media\/91218"}],"wp:attachment":[{"href":"https:\/\/www.correiobraziliense.com.br\/cbradar\/wp-json\/wp\/v2\/media?parent=91215"}],"wp:term":[{"taxonomy":"category","embeddable":true,"href":"https:\/\/www.correiobraziliense.com.br\/cbradar\/wp-json\/wp\/v2\/categories?post=91215"},{"taxonomy":"post_tag","embeddable":true,"href":"https:\/\/www.correiobraziliense.com.br\/cbradar\/wp-json\/wp\/v2\/tags?post=91215"}],"curies":[{"name":"wp","href":"https:\/\/api.w.org\/{rel}","templated":true}]}}