{"id":91440,"date":"2025-08-24T08:43:48","date_gmt":"2025-08-24T11:43:48","guid":{"rendered":"https:\/\/www.correiobraziliense.com.br\/cbradar\/?p=91440"},"modified":"2025-08-22T21:03:06","modified_gmt":"2025-08-23T00:03:06","slug":"alimentos-que-provocam-inchaco-facial-e-como-evitar-o-problema","status":"publish","type":"post","link":"https:\/\/www.correiobraziliense.com.br\/cbradar\/alimentos-que-provocam-inchaco-facial-e-como-evitar-o-problema\/","title":{"rendered":"Alimentos que provocam incha\u00e7o facial e como evitar o problema"},"content":{"rendered":"\n<p>Acordar com o rosto inchado ap\u00f3s uma refei\u00e7\u00e3o pode ser uma experi\u00eancia frustrante, particularmente depois de consumir <strong>sushi<\/strong> ou outros pratos ricos em sal. Este fen\u00f4meno n\u00e3o \u00e9 exclusivo de uma pequena parte da popula\u00e7\u00e3o, pois at\u00e9 celebridades como <strong>Julianne Moore<\/strong> evitam o consumo de certos <a href=\"https:\/\/www.correiobraziliense.com.br\/cbradar\/7-alimentos-que-protegem-seus-olhos-e-previnem-catarata-segundo-estudos\/\" target=\"_blank\" rel=\"noopener\">alimentos<\/a> antes de eventos importantes para evitar esse incha\u00e7o indesejado. Entender por que isso acontece e como evit\u00e1-lo pode ajudar a minimizar seus efeitos vis\u00edveis.<\/p>\n\n\n\n<p>O incha\u00e7o facial, muitas vezes, est\u00e1 ligado a dois fatores principais: reten\u00e7\u00e3o de l\u00edquidos e poss\u00edveis rea\u00e7\u00f5es imunol\u00f3gicas. De acordo com especialistas em nutri\u00e7\u00e3o, o consumo de alimentos ricos em s\u00f3dio aumenta a probabilidade de reten\u00e7\u00e3o de l\u00edquidos no corpo inteiro, incluindo o rosto. Al\u00e9m disso, alimentos que causam rea\u00e7\u00f5es inflamat\u00f3rias ou a libera\u00e7\u00e3o de histamina tamb\u00e9m podem resultar em um rosto ligeiramente inchado na manh\u00e3 seguinte. Vale destacar que, em cidades grandes como <strong>S\u00e3o Paulo<\/strong>, onde o consumo de alimentos industrializados \u00e9 elevado, esse fen\u00f4meno pode ser ainda mais comum devido \u00e0 oferta de op\u00e7\u00f5es com alto teor de s\u00f3dio.<\/p>\n\n\n\n<h2 class=\"wp-block-heading\">Quais alimentos podem provocar incha\u00e7o facial?<\/h2>\n\n\n\n<p>Embora o sal seja um dos principais vil\u00f5es quando se fala em reten\u00e7\u00e3o de l\u00edquidos, n\u00e3o \u00e9 o \u00fanico elemento a ser observado. A ingest\u00e3o de \u00e1lcool pode desidratar o corpo, levando a uma reten\u00e7\u00e3o exagerada de l\u00edquidos como forma de compensa\u00e7\u00e3o. Para aqueles sens\u00edveis a latic\u00ednios, mesmo uma intoler\u00e2ncia leve pode desencadear uma resposta inflamat\u00f3ria. Alimentos ricos em histamina, como <strong>queijos envelhecidos<\/strong>, <strong>vinho<\/strong> e produtos fermentados, tamb\u00e9m est\u00e3o na lista dos poss\u00edveis causadores de incha\u00e7o. Al\u00e9m disso, eventos como o <strong>Carnaval<\/strong> ou grandes festas, onde o consumo de bebidas alco\u00f3licas e comidas salgadas costuma ser maior, podem propiciar esse tipo de resposta do organismo.<\/p>\n\n\n<div class=\"wp-block-image\">\n<figure class=\"aligncenter size-large\"><img decoding=\"async\" width=\"1024\" height=\"576\" src=\"https:\/\/www.correiobraziliense.com.br\/cbradar\/wp-content\/uploads\/2025\/08\/vinho_1755906987588-1024x576.jpg\" alt=\"\" class=\"wp-image-91444\" srcset=\"https:\/\/www.correiobraziliense.com.br\/cbradar\/wp-content\/uploads\/2025\/08\/vinho_1755906987588-1024x576.jpg 1024w, https:\/\/www.correiobraziliense.com.br\/cbradar\/wp-content\/uploads\/2025\/08\/vinho_1755906987588-300x169.jpg 300w, https:\/\/www.correiobraziliense.com.br\/cbradar\/wp-content\/uploads\/2025\/08\/vinho_1755906987588-768x432.jpg 768w, https:\/\/www.correiobraziliense.com.br\/cbradar\/wp-content\/uploads\/2025\/08\/vinho_1755906987588-750x422.jpg 750w, https:\/\/www.correiobraziliense.com.br\/cbradar\/wp-content\/uploads\/2025\/08\/vinho_1755906987588-1140x641.jpg 1140w, https:\/\/www.correiobraziliense.com.br\/cbradar\/wp-content\/uploads\/2025\/08\/vinho_1755906987588.jpg 1280w\" sizes=\"(max-width: 1024px) 100vw, 1024px\" \/><figcaption class=\"wp-element-caption\">A ingest\u00e3o de \u00e1lcool pode desidratar o corpo, levando a uma reten\u00e7\u00e3o exagerada de l\u00edquidos como forma de compensa\u00e7\u00e3o &#8211; Cr\u00e9ditos: depositphotos.com \/ VitalikRadko<\/figcaption><\/figure><\/div>\n\n\n<h2 class=\"wp-block-heading\">Quem est\u00e1 mais propenso a este problema?<\/h2>\n\n\n\n<p>Todos somos suscet\u00edveis ao incha\u00e7o facial, especialmente ap\u00f3s consumir alimentos ricos em s\u00f3dio, por\u00e9m algumas pessoas est\u00e3o mais predispostas do que outras. Indiv\u00edduos com condi\u00e7\u00f5es de sa\u00fade preexistentes, como sensibilidade ao sal ou hipertens\u00e3o, devem ser ainda mais cautelosos. As flutua\u00e7\u00f5es hormonais, particularmente durante a <strong>TPM<\/strong> ou perimenopausa, tamb\u00e9m podem intensificar o problema. A falta de sono e a desidrata\u00e7\u00e3o s\u00e3o outros fatores que podem aumentar a probabilidade de acordar com o rosto inchado. Em esta\u00e7\u00f5es como o <strong>ver\u00e3o brasileiro<\/strong>, quando a temperatura est\u00e1 elevada, o risco de desidrata\u00e7\u00e3o e, por consequ\u00eancia, de incha\u00e7o facial, pode ser ainda maior.<\/p>\n\n\n\n<h2 class=\"wp-block-heading\">Como prevenir o incha\u00e7o facial?<\/h2>\n\n\n\n<p>Adotar algumas mudan\u00e7as simples na dieta e nos h\u00e1bitos pode reduzir a severidade do incha\u00e7o facial. Manter uma boa hidrata\u00e7\u00e3o bebendo bastante \u00e1gua \u00e9 fundamental. Incorporar vegetais e frutas ricos em pot\u00e1ssio na alimenta\u00e7\u00e3o ajuda a equilibrar o n\u00edvel de s\u00f3dio no organismo. Evitar refei\u00e7\u00f5es pesadas ou muito salgadas pr\u00f3ximo \u00e0 hora de dormir \u00e9 uma estrat\u00e9gia eficaz para promover uma melhor digest\u00e3o e reduzir a reten\u00e7\u00e3o de l\u00edquidos. Consultar um profissional de sa\u00fade, como um nutricionista, especialmente em cidades com grande oferta gastron\u00f4mica como <strong>Rio de Janeiro<\/strong>, pode ajudar a adaptar a alimenta\u00e7\u00e3o ao seu estilo de vida.<\/p>\n\n\n\n<h2 class=\"wp-block-heading\">Por que algumas pessoas experienciam mais incha\u00e7o do que outras?<\/h2>\n\n\n\n<p>A tend\u00eancia a experimentar incha\u00e7o facial em resposta a certos alimentos varia entre os indiv\u00edduos. As diferen\u00e7as nas sensibilidades alimentares pessoais, as respostas imunol\u00f3gicas e as condi\u00e7\u00f5es de sa\u00fade subjacentes desempenham um papel significativo nesse fen\u00f4meno. Portanto, entender o pr\u00f3prio corpo e as respostas \u00e0s diferentes comidas \u00e9 essencial para evitar inc\u00f4modos futuros.<\/p>\n\n\n\n<p>Embora o incha\u00e7o facial ap\u00f3s o consumo de determinados alimentos possa ser uma experi\u00eancia comum e geralmente inofensiva, ele pode sinalizar a necessidade de ajustes na dieta e nos h\u00e1bitos di\u00e1rios. Medidas preventivas como o monitoramento de alimentos problem\u00e1ticos e a melhoria da qualidade do sono podem ser eficazes na minimiza\u00e7\u00e3o desse desconforto que afeta a confian\u00e7a na apar\u00eancia.<\/p>\n","protected":false},"excerpt":{"rendered":"<p>Acordar com o rosto inchado ap\u00f3s uma refei\u00e7\u00e3o pode ser uma experi\u00eancia frustrante, particularmente depois de consumir sushi ou outros pratos ricos em sal. Este fen\u00f4meno n\u00e3o \u00e9 exclusivo de uma pequena parte da popula\u00e7\u00e3o, pois at\u00e9 celebridades como Julianne Moore evitam o consumo de certos alimentos antes de eventos importantes para evitar esse incha\u00e7o [&hellip;]<\/p>\n","protected":false},"author":9,"featured_media":91443,"comment_status":"open","ping_status":"open","sticky":false,"template":"","format":"standard","meta":{"_yoast_wpseo_focuskw":"Incha\u00e7o Facial","_yoast_wpseo_title":"%%title%% %%page%%","_yoast_wpseo_metadesc":"Acordar com o rosto inchado pode estar ligado ao consumo de sal, \u00e1lcool ou intoler\u00e2ncias. Veja os principais alimentos e como evitar.","jnews-multi-image_gallery":[],"jnews_single_post":{"format":"standard"},"jnews_primary_category":[],"jnews_social_meta":[],"jnews_override_counter":[],"footnotes":""},"categories":[119,4404],"post_tag":[1488,9704,5785],"class_list":["post-91440","post","type-post","status-publish","format-standard","has-post-thumbnail","hentry","category-bem-estar","category-saude","tag-dieta","tag-inchaco-facial","tag-retencao-de-liquidos"],"yoast_head":"<!-- This site is optimized with the Yoast SEO plugin v24.6 - https:\/\/yoast.com\/wordpress\/plugins\/seo\/ -->\n<title>Alimentos que provocam incha\u00e7o facial e como evitar o problema<\/title>\n<meta name=\"description\" content=\"Acordar com o rosto inchado pode estar ligado ao consumo de sal, \u00e1lcool ou intoler\u00e2ncias. Veja os principais alimentos e como evitar.\" \/>\n<meta name=\"robots\" content=\"index, follow, max-snippet:-1, max-image-preview:large, max-video-preview:-1\" \/>\n<link rel=\"canonical\" href=\"https:\/\/www.correiobraziliense.com.br\/cbradar\/alimentos-que-provocam-inchaco-facial-e-como-evitar-o-problema\/\" \/>\n<meta property=\"og:locale\" content=\"pt_BR\" \/>\n<meta property=\"og:type\" content=\"article\" \/>\n<meta property=\"og:title\" content=\"Alimentos que provocam incha\u00e7o facial e como evitar o problema\" \/>\n<meta property=\"og:description\" content=\"Acordar com o rosto inchado pode estar ligado ao consumo de sal, \u00e1lcool ou intoler\u00e2ncias. Veja os principais alimentos e como evitar.\" \/>\n<meta property=\"og:url\" content=\"https:\/\/www.correiobraziliense.com.br\/cbradar\/alimentos-que-provocam-inchaco-facial-e-como-evitar-o-problema\/\" \/>\n<meta property=\"og:site_name\" content=\"Correio Braziliense - Radar\" \/>\n<meta property=\"article:published_time\" content=\"2025-08-24T11:43:48+00:00\" \/>\n<meta property=\"og:image\" content=\"https:\/\/www.correiobraziliense.com.br\/cbradar\/wp-content\/uploads\/2025\/08\/queijos-envelhecidos_1755906916740.jpg\" \/>\n\t<meta property=\"og:image:width\" content=\"1280\" \/>\n\t<meta property=\"og:image:height\" content=\"720\" \/>\n\t<meta property=\"og:image:type\" content=\"image\/jpeg\" \/>\n<meta name=\"author\" content=\"Daniely Cardoso\" \/>\n<meta name=\"twitter:card\" content=\"summary_large_image\" \/>\n<meta name=\"twitter:label1\" content=\"Escrito por\" \/>\n\t<meta name=\"twitter:data1\" content=\"Daniely Cardoso\" \/>\n\t<meta name=\"twitter:label2\" content=\"Est. tempo de leitura\" \/>\n\t<meta name=\"twitter:data2\" content=\"4 minutos\" \/>\n<!-- \/ Yoast SEO plugin. -->","yoast_head_json":{"title":"Alimentos que provocam incha\u00e7o facial e como evitar o problema","description":"Acordar com o rosto inchado pode estar ligado ao consumo de sal, \u00e1lcool ou intoler\u00e2ncias. Veja os principais alimentos e como evitar.","robots":{"index":"index","follow":"follow","max-snippet":"max-snippet:-1","max-image-preview":"max-image-preview:large","max-video-preview":"max-video-preview:-1"},"canonical":"https:\/\/www.correiobraziliense.com.br\/cbradar\/alimentos-que-provocam-inchaco-facial-e-como-evitar-o-problema\/","og_locale":"pt_BR","og_type":"article","og_title":"Alimentos que provocam incha\u00e7o facial e como evitar o problema","og_description":"Acordar com o rosto inchado pode estar ligado ao consumo de sal, \u00e1lcool ou intoler\u00e2ncias. Veja os principais alimentos e como evitar.","og_url":"https:\/\/www.correiobraziliense.com.br\/cbradar\/alimentos-que-provocam-inchaco-facial-e-como-evitar-o-problema\/","og_site_name":"Correio Braziliense - Radar","article_published_time":"2025-08-24T11:43:48+00:00","og_image":[{"width":1280,"height":720,"url":"https:\/\/www.correiobraziliense.com.br\/cbradar\/wp-content\/uploads\/2025\/08\/queijos-envelhecidos_1755906916740.jpg","type":"image\/jpeg"}],"author":"Daniely Cardoso","twitter_card":"summary_large_image","twitter_misc":{"Escrito por":"Daniely Cardoso","Est. tempo de leitura":"4 minutos"},"schema":{"@context":"https:\/\/schema.org","@graph":[{"@type":"WebPage","@id":"https:\/\/www.correiobraziliense.com.br\/cbradar\/alimentos-que-provocam-inchaco-facial-e-como-evitar-o-problema\/","url":"https:\/\/www.correiobraziliense.com.br\/cbradar\/alimentos-que-provocam-inchaco-facial-e-como-evitar-o-problema\/","name":"Alimentos que provocam incha\u00e7o facial e como evitar o problema","isPartOf":{"@id":"https:\/\/www.correiobraziliense.com.br\/cbradar\/#website"},"primaryImageOfPage":{"@id":"https:\/\/www.correiobraziliense.com.br\/cbradar\/alimentos-que-provocam-inchaco-facial-e-como-evitar-o-problema\/#primaryimage"},"image":{"@id":"https:\/\/www.correiobraziliense.com.br\/cbradar\/alimentos-que-provocam-inchaco-facial-e-como-evitar-o-problema\/#primaryimage"},"thumbnailUrl":"https:\/\/www.correiobraziliense.com.br\/cbradar\/wp-content\/uploads\/2025\/08\/queijos-envelhecidos_1755906916740.jpg","datePublished":"2025-08-24T11:43:48+00:00","author":{"@id":"https:\/\/www.correiobraziliense.com.br\/cbradar\/#\/schema\/person\/7356666e12ec0ee53f348ee5db227032"},"description":"Acordar com o rosto inchado pode estar ligado ao consumo de sal, \u00e1lcool ou intoler\u00e2ncias. Veja os principais alimentos e como evitar.","breadcrumb":{"@id":"https:\/\/www.correiobraziliense.com.br\/cbradar\/alimentos-que-provocam-inchaco-facial-e-como-evitar-o-problema\/#breadcrumb"},"inLanguage":"pt-BR","potentialAction":[{"@type":"ReadAction","target":["https:\/\/www.correiobraziliense.com.br\/cbradar\/alimentos-que-provocam-inchaco-facial-e-como-evitar-o-problema\/"]}]},{"@type":"ImageObject","inLanguage":"pt-BR","@id":"https:\/\/www.correiobraziliense.com.br\/cbradar\/alimentos-que-provocam-inchaco-facial-e-como-evitar-o-problema\/#primaryimage","url":"https:\/\/www.correiobraziliense.com.br\/cbradar\/wp-content\/uploads\/2025\/08\/queijos-envelhecidos_1755906916740.jpg","contentUrl":"https:\/\/www.correiobraziliense.com.br\/cbradar\/wp-content\/uploads\/2025\/08\/queijos-envelhecidos_1755906916740.jpg","width":1280,"height":720,"caption":"Queijo envelhecido - Cr\u00e9ditos: depositphotos.com \/ ChiccoDodiFC"},{"@type":"BreadcrumbList","@id":"https:\/\/www.correiobraziliense.com.br\/cbradar\/alimentos-que-provocam-inchaco-facial-e-como-evitar-o-problema\/#breadcrumb","itemListElement":[{"@type":"ListItem","position":1,"name":"In\u00edcio","item":"https:\/\/www.correiobraziliense.com.br\/cbradar\/"},{"@type":"ListItem","position":2,"name":"Alimentos que provocam incha\u00e7o facial e como evitar o problema"}]},{"@type":"WebSite","@id":"https:\/\/www.correiobraziliense.com.br\/cbradar\/#website","url":"https:\/\/www.correiobraziliense.com.br\/cbradar\/","name":"Correio Braziliense - Radar","description":"Acompanhe as \u00faltimas not\u00edcias e fique bem informado sobre tudo o que acontece no Brasil e no mundo.","potentialAction":[{"@type":"SearchAction","target":{"@type":"EntryPoint","urlTemplate":"https:\/\/www.correiobraziliense.com.br\/cbradar\/?s={search_term_string}"},"query-input":{"@type":"PropertyValueSpecification","valueRequired":true,"valueName":"search_term_string"}}],"inLanguage":"pt-BR"},{"@type":"Person","@id":"https:\/\/www.correiobraziliense.com.br\/cbradar\/#\/schema\/person\/7356666e12ec0ee53f348ee5db227032","name":"Daniely Cardoso","image":{"@type":"ImageObject","inLanguage":"pt-BR","@id":"https:\/\/www.correiobraziliense.com.br\/cbradar\/#\/schema\/person\/image\/","url":"https:\/\/secure.gravatar.com\/avatar\/4b80ddbd124d1f071b626d52d62e5dff?s=96&d=mm&r=g","contentUrl":"https:\/\/secure.gravatar.com\/avatar\/4b80ddbd124d1f071b626d52d62e5dff?s=96&d=mm&r=g","caption":"Daniely Cardoso"},"description":"Redatora nos portais CB Radar e EM Foco, formada pela Universidade Federal de Goi\u00e1s, em Goi\u00e2nia. Apaixonada por comunica\u00e7\u00e3o, arte, decora\u00e7\u00e3o e tend\u00eancias, atuo na produ\u00e7\u00e3o de conte\u00fados envolventes sobre curiosidades, moda, beleza e paisagismo, sempre com um olhar atento \u00e0s novidades do momento.","sameAs":["https:\/\/www.correiobraziliense.com.br\/cbradar"],"url":"https:\/\/www.correiobraziliense.com.br\/cbradar\/author\/danielymyth\/"}]}},"_links":{"self":[{"href":"https:\/\/www.correiobraziliense.com.br\/cbradar\/wp-json\/wp\/v2\/posts\/91440","targetHints":{"allow":["GET"]}}],"collection":[{"href":"https:\/\/www.correiobraziliense.com.br\/cbradar\/wp-json\/wp\/v2\/posts"}],"about":[{"href":"https:\/\/www.correiobraziliense.com.br\/cbradar\/wp-json\/wp\/v2\/types\/post"}],"author":[{"embeddable":true,"href":"https:\/\/www.correiobraziliense.com.br\/cbradar\/wp-json\/wp\/v2\/users\/9"}],"replies":[{"embeddable":true,"href":"https:\/\/www.correiobraziliense.com.br\/cbradar\/wp-json\/wp\/v2\/comments?post=91440"}],"version-history":[{"count":2,"href":"https:\/\/www.correiobraziliense.com.br\/cbradar\/wp-json\/wp\/v2\/posts\/91440\/revisions"}],"predecessor-version":[{"id":91447,"href":"https:\/\/www.correiobraziliense.com.br\/cbradar\/wp-json\/wp\/v2\/posts\/91440\/revisions\/91447"}],"wp:featuredmedia":[{"embeddable":true,"href":"https:\/\/www.correiobraziliense.com.br\/cbradar\/wp-json\/wp\/v2\/media\/91443"}],"wp:attachment":[{"href":"https:\/\/www.correiobraziliense.com.br\/cbradar\/wp-json\/wp\/v2\/media?parent=91440"}],"wp:term":[{"taxonomy":"category","embeddable":true,"href":"https:\/\/www.correiobraziliense.com.br\/cbradar\/wp-json\/wp\/v2\/categories?post=91440"},{"taxonomy":"post_tag","embeddable":true,"href":"https:\/\/www.correiobraziliense.com.br\/cbradar\/wp-json\/wp\/v2\/post_tag?post=91440"}],"curies":[{"name":"wp","href":"https:\/\/api.w.org\/{rel}","templated":true}]}}