{"id":91605,"date":"2025-08-24T16:13:00","date_gmt":"2025-08-24T19:13:00","guid":{"rendered":"https:\/\/www.correiobraziliense.com.br\/cbradar\/?p=91605"},"modified":"2025-08-23T13:05:06","modified_gmt":"2025-08-23T16:05:06","slug":"treino-leve-para-manhas-agitadas-que-ativa-metabolismo-e-energia","status":"publish","type":"post","link":"https:\/\/www.correiobraziliense.com.br\/cbradar\/treino-leve-para-manhas-agitadas-que-ativa-metabolismo-e-energia\/","title":{"rendered":"Treino leve para manh\u00e3s agitadas que ativa metabolismo e energia"},"content":{"rendered":"\n<p>Para quem tem uma rotina matinal agitada, a ideia de encaixar um treino parece imposs\u00edvel. No entanto, a ci\u00eancia do exerc\u00edcio mostra que n\u00e3o s\u00e3o necess\u00e1rias horas na academia para colher benef\u00edcios significativos. Uma rotina curta e bem estruturada de movimentos leves ao acordar pode ser a ferramenta mais eficaz para combater a sonol\u00eancia, ativar o metabolismo e garantir mais disposi\u00e7\u00e3o ao longo do dia.<\/p>\n\n\n\n<p>\u00c9 crucial afirmar desde o in\u00edcio: <strong>este guia \u00e9 um exemplo de uma rotina de ativa\u00e7\u00e3o geral e n\u00e3o substitui um plano de treino completo.<\/strong> Al\u00e9m disso, qualquer pessoa com dores, les\u00f5es ou condi\u00e7\u00f5es de sa\u00fade pr\u00e9-existentes deve, obrigatoriamente, consultar um m\u00e9dico antes de iniciar esta ou qualquer outra pr\u00e1tica de exerc\u00edcios.<\/p>\n\n\n\n<h2 class=\"wp-block-heading\">Por que o movimento supera o caf\u00e9 no combate \u00e0 in\u00e9rcia do sono?<\/h2>\n\n\n<div class=\"wp-block-image\">\n<figure class=\"aligncenter size-large\"><img decoding=\"async\" width=\"1024\" height=\"576\" src=\"https:\/\/www.correiobraziliense.com.br\/cbradar\/wp-content\/uploads\/2025\/03\/rotina_1741013173032-1024x576.jpg\" alt=\"Treino leve para manh\u00e3s agitadas que ativa metabolismo e energia\" class=\"wp-image-8445\" srcset=\"https:\/\/www.correiobraziliense.com.br\/cbradar\/wp-content\/uploads\/2025\/03\/rotina_1741013173032-1024x576.jpg 1024w, https:\/\/www.correiobraziliense.com.br\/cbradar\/wp-content\/uploads\/2025\/03\/rotina_1741013173032-300x169.jpg 300w, https:\/\/www.correiobraziliense.com.br\/cbradar\/wp-content\/uploads\/2025\/03\/rotina_1741013173032-768x432.jpg 768w, https:\/\/www.correiobraziliense.com.br\/cbradar\/wp-content\/uploads\/2025\/03\/rotina_1741013173032-750x422.jpg 750w, https:\/\/www.correiobraziliense.com.br\/cbradar\/wp-content\/uploads\/2025\/03\/rotina_1741013173032-1140x641.jpg 1140w, https:\/\/www.correiobraziliense.com.br\/cbradar\/wp-content\/uploads\/2025\/03\/rotina_1741013173032.jpg 1280w\" sizes=\"(max-width: 1024px) 100vw, 1024px\" \/><figcaption class=\"wp-element-caption\">Caf\u00e9 da manha &#8211; Cr\u00e9ditos: depositphotos.com \/ HayDmitriy<\/figcaption><\/figure><\/div>\n\n\n<p>A sonol\u00eancia que sentimos ao acordar, conhecida como in\u00e9rcia do sono, \u00e9 um estado fisiol\u00f3gico real. Embora a cafe\u00edna seja um estimulante eficaz, o movimento f\u00edsico ataca o problema de uma forma mais fundamental. Ao se exercitar, mesmo que de forma leve, voc\u00ea desencadeia uma s\u00e9rie de respostas no corpo.<\/p>\n\n\n\n<p>O movimento aumenta a frequ\u00eancia card\u00edaca e a circula\u00e7\u00e3o, bombeando mais sangue e oxig\u00eanio para o c\u00e9rebro e para os m\u00fasculos. Conforme aponta a <strong><a href=\"https:\/\/www.sleepfoundation.org\" target=\"_blank\" rel=\"noreferrer noopener\">Sleep Foundation<\/a><\/strong>, o exerc\u00edcio tamb\u00e9m eleva a temperatura corporal, um dos principais sinais que o nosso rel\u00f3gio biol\u00f3gico utiliza para entender que o dia come\u00e7ou e que \u00e9 hora de estar em estado de alerta. Essa cascata de sinais fisiol\u00f3gicos proporciona um despertar mais completo e sustent\u00e1vel do que um simples est\u00edmulo qu\u00edmico.<\/p>\n\n\n\n<h2 class=\"wp-block-heading\">Como este treino &#8220;ativa&#8221; o metabolismo de forma suave?<\/h2>\n\n\n\n<p>A palavra &#8220;ativar&#8221; \u00e9 a chave. O objetivo de um treino matinal curto n\u00e3o \u00e9 uma queima cal\u00f3rica massiva, mas sim &#8220;acordar&#8221; o seu metabolismo para o dia. Ao realizar movimentos que engajam grandes grupos musculares, voc\u00ea est\u00e1 essencialmente &#8220;ligando&#8221; os principais motores metab\u00f3licos do seu corpo.<\/p>\n\n\n\n<p>Essa ativa\u00e7\u00e3o muscular melhora a <strong>sensibilidade \u00e0 insulina<\/strong>, o que significa que seu corpo se tornar\u00e1 mais eficiente em utilizar os carboidratos do seu caf\u00e9 da manh\u00e3 como energia, em vez de armazen\u00e1-los como gordura. Al\u00e9m disso, o pr\u00f3prio exerc\u00edcio cria um leve efeito t\u00e9rmico, aumentando o gasto energ\u00e9tico nas horas que se seguem.<\/p>\n\n\n\n<h2 class=\"wp-block-heading\">Qual uma sequ\u00eancia de exerc\u00edcios para um despertar completo?<\/h2>\n\n\n\n<p>Esta rotina de 10 minutos foca em mobilidade, ativa\u00e7\u00e3o e um leve est\u00edmulo cardiovascular. Realize cada exerc\u00edcio por cerca de 1 minuto, com uma pequena transi\u00e7\u00e3o entre eles.<\/p>\n\n\n\n<h3 class=\"wp-block-heading\">Rota\u00e7\u00f5es de bra\u00e7os e sauda\u00e7\u00e3o ao sol modificada<\/h3>\n\n\n\n<p>Comece com c\u00edrculos amplos com os bra\u00e7os para a frente e para tr\u00e1s para aquecer os ombros. Em seguida, inspire elevando os bra\u00e7os, expire inclinando o tronco para a frente com os joelhos levemente dobrados, inspire olhando \u00e0 frente com as costas retas e expire retornando.<\/p>\n\n\n\n<h3 class=\"wp-block-heading\">Agachamento com peso corporal<\/h3>\n\n\n\n<p>Ative os maiores m\u00fasculos do corpo. Mantenha as costas retas e agache como se fosse sentar em uma cadeira. A amplitude n\u00e3o precisa ser m\u00e1xima; o foco \u00e9 no movimento controlado.<\/p>\n\n\n\n<h3 class=\"wp-block-heading\">Rota\u00e7\u00e3o tor\u00e1cica em quatro apoios<\/h3>\n\n\n\n<p>Fique na posi\u00e7\u00e3o de quatro apoios. Coloque uma m\u00e3o na nuca e gire o tronco, levando o cotovelo em dire\u00e7\u00e3o ao teto (ao inspirar) e depois em dire\u00e7\u00e3o ao pulso de apoio (ao expirar). Mobiliza a coluna tor\u00e1cica, que fica r\u00edgida durante a noite.<\/p>\n\n\n\n<h3 class=\"wp-block-heading\">Prancha com eleva\u00e7\u00e3o de pernas alternada<\/h3>\n\n\n\n<p>Em posi\u00e7\u00e3o de prancha alta (com as m\u00e3os no ch\u00e3o), contraia o core e os gl\u00fateos e eleve uma perna de forma controlada, sem arquear a lombar. Alterne as pernas. Ativa o core e os gl\u00fateos, essenciais para a postura.<\/p>\n\n\n\n<h3 class=\"wp-block-heading\">Marcha estacion\u00e1ria com eleva\u00e7\u00e3o de joelhos<\/h3>\n\n\n\n<p>Para finalizar, marche no lugar, elevando bem os joelhos em dire\u00e7\u00e3o ao peito. Mantenha um ritmo constante para elevar a frequ\u00eancia card\u00edaca de forma suave e controlada.<\/p>\n\n\n\n<p>Leia tamb\u00e9m: <a href=\"https:\/\/www.correiobraziliense.com.br\/cbradar\/pequenas-trocas-no-cafe-da-manha-que-aceleram-o-metabolismo\" target=\"_blank\" rel=\"noreferrer noopener\">Pequenas trocas no caf\u00e9 da manh\u00e3 que aceleram o metabolismo<\/a><\/p>\n\n\n\n<h2 class=\"wp-block-heading\">Como a consist\u00eancia dessa pr\u00e1tica pode impactar a disposi\u00e7\u00e3o a longo prazo?<\/h2>\n\n\n\n<p>Os benef\u00edcios de uma rotina matinal v\u00e3o al\u00e9m do momento imediato. A consist\u00eancia \u00e9 a chave. Ao praticar esses movimentos todos os dias, voc\u00ea est\u00e1 criando um h\u00e1bito poderoso com efeitos cumulativos.<\/p>\n\n\n\n<ul class=\"wp-block-list\">\n<li><strong>Regula\u00e7\u00e3o do Ritmo Circadiano:<\/strong> O exerc\u00edcio matinal regular ajuda a ancorar o seu rel\u00f3gio biol\u00f3gico, o que pode levar a um sono de melhor qualidade \u00e0 noite.<\/li>\n\n\n\n<li><strong>Redu\u00e7\u00e3o do Estresse:<\/strong> Come\u00e7ar o dia com um momento de autocuidado e movimento consciente pode diminuir os n\u00edveis de cortisol e definir um tom mais calmo para o resto do dia.<\/li>\n\n\n\n<li><strong>Melhora da Consci\u00eancia Corporal:<\/strong> A pr\u00e1tica regular aumenta a sua percep\u00e7\u00e3o sobre a pr\u00f3pria postura e movimento, o que ajuda a prevenir dores e desconfortos.<\/li>\n<\/ul>\n\n\n\n<p>Leia tamb\u00e9m: <a href=\"https:\/\/www.correiobraziliense.com.br\/cbradar\/poucos-sabem-mas-essa-e-a-pressao-ideal-para-evitar-riscos-no-coracao\" target=\"_blank\" rel=\"noreferrer noopener\">Poucos sabem, mas essa \u00e9 a press\u00e3o ideal para evitar riscos no cora\u00e7\u00e3o<\/a><\/p>\n\n\n\n<h2 class=\"wp-block-heading\">Este tipo de rotina \u00e9 seguro para todos?<\/h2>\n\n\n\n<p>N\u00e3o. Embora os exerc\u00edcios selecionados sejam de baixo impacto e projetados para serem leves, &#8220;leve&#8221; \u00e9 um termo relativo. Conforme as diretrizes de seguran\u00e7a do <strong>American College of Sports Medicine (ACSM)<\/strong>, iniciar qualquer programa de exerc\u00edcios requer cautela.<\/p>\n\n\n\n<p>\u00c9 indispens\u00e1vel que pessoas com qualquer condi\u00e7\u00e3o de sa\u00fade pr\u00e9-existente \u2014 como dores nas costas ou articula\u00e7\u00f5es, problemas card\u00edacos, tontura ou um hist\u00f3rico de sedentarismo \u2014 consultem um <strong>m\u00e9dico<\/strong> antes de come\u00e7ar. Com a libera\u00e7\u00e3o m\u00e9dica, um <strong>fisioterapeuta<\/strong> ou um <strong>profissional de educa\u00e7\u00e3o f\u00edsica<\/strong> pode avaliar se esses movimentos s\u00e3o seguros para voc\u00ea e adaptar a rotina para suas necessidades espec\u00edficas, garantindo um come\u00e7o de dia com mais energia, mas, acima de tudo, com total seguran\u00e7a.<\/p>\n","protected":false},"excerpt":{"rendered":"<p>Para quem tem uma rotina matinal agitada, a ideia de encaixar um treino parece imposs\u00edvel. No entanto, a ci\u00eancia do exerc\u00edcio mostra que n\u00e3o s\u00e3o necess\u00e1rias horas na academia para colher benef\u00edcios significativos. Uma rotina curta e bem estruturada de movimentos leves ao acordar pode ser a ferramenta mais eficaz para combater a sonol\u00eancia, ativar [&hellip;]<\/p>\n","protected":false},"author":11,"featured_media":12641,"comment_status":"open","ping_status":"open","sticky":false,"template":"","format":"standard","meta":{"_yoast_wpseo_focuskw":"treino","_yoast_wpseo_title":"","_yoast_wpseo_metadesc":"Um treino leve para manh\u00e3s agitadas, ativa o metabolismo, aumenta a energia e prepara o corpo para um dia mais produtivo","jnews-multi-image_gallery":[],"jnews_single_post":{"format":"standard"},"jnews_primary_category":[],"jnews_social_meta":[],"jnews_override_counter":[],"footnotes":""},"categories":[119],"tags":[1318,1067],"class_list":["post-91605","post","type-post","status-publish","format-standard","has-post-thumbnail","hentry","category-bem-estar","tag-saude-2","tag-treino"],"yoast_head":"<!-- This site is optimized with the Yoast SEO plugin v24.6 - https:\/\/yoast.com\/wordpress\/plugins\/seo\/ -->\n<title>Treino leve para manh\u00e3s agitadas que ativa metabolismo e energia - Correio Braziliense - Radar<\/title>\n<meta name=\"description\" content=\"Um treino leve para manh\u00e3s agitadas, ativa o metabolismo, aumenta a energia e prepara o corpo para um dia mais produtivo\" \/>\n<meta name=\"robots\" content=\"index, follow, max-snippet:-1, max-image-preview:large, max-video-preview:-1\" \/>\n<link rel=\"canonical\" href=\"https:\/\/www.correiobraziliense.com.br\/cbradar\/treino-leve-para-manhas-agitadas-que-ativa-metabolismo-e-energia\/\" \/>\n<meta property=\"og:locale\" content=\"pt_BR\" \/>\n<meta property=\"og:type\" content=\"article\" \/>\n<meta property=\"og:title\" content=\"Treino leve para manh\u00e3s agitadas que ativa metabolismo e energia - Correio Braziliense - Radar\" \/>\n<meta property=\"og:description\" content=\"Um treino leve para manh\u00e3s agitadas, ativa o metabolismo, aumenta a energia e prepara o corpo para um dia mais produtivo\" \/>\n<meta property=\"og:url\" content=\"https:\/\/www.correiobraziliense.com.br\/cbradar\/treino-leve-para-manhas-agitadas-que-ativa-metabolismo-e-energia\/\" \/>\n<meta property=\"og:site_name\" content=\"Correio Braziliense - Radar\" \/>\n<meta property=\"article:published_time\" content=\"2025-08-24T19:13:00+00:00\" \/>\n<meta property=\"og:image\" content=\"https:\/\/www.correiobraziliense.com.br\/cbradar\/wp-content\/uploads\/2025\/03\/treino-fisico-ao-ar-livre_1741961139800.jpg\" \/>\n\t<meta property=\"og:image:width\" content=\"1280\" \/>\n\t<meta property=\"og:image:height\" content=\"720\" \/>\n\t<meta property=\"og:image:type\" content=\"image\/jpeg\" \/>\n<meta name=\"author\" content=\"Paulo Custodio\" \/>\n<meta name=\"twitter:card\" content=\"summary_large_image\" \/>\n<meta name=\"twitter:label1\" content=\"Escrito por\" \/>\n\t<meta name=\"twitter:data1\" content=\"Paulo Custodio\" \/>\n\t<meta name=\"twitter:label2\" content=\"Est. tempo de leitura\" \/>\n\t<meta name=\"twitter:data2\" content=\"6 minutos\" \/>\n<!-- \/ Yoast SEO plugin. -->","yoast_head_json":{"title":"Treino leve para manh\u00e3s agitadas que ativa metabolismo e energia - Correio Braziliense - Radar","description":"Um treino leve para manh\u00e3s agitadas, ativa o metabolismo, aumenta a energia e prepara o corpo para um dia mais produtivo","robots":{"index":"index","follow":"follow","max-snippet":"max-snippet:-1","max-image-preview":"max-image-preview:large","max-video-preview":"max-video-preview:-1"},"canonical":"https:\/\/www.correiobraziliense.com.br\/cbradar\/treino-leve-para-manhas-agitadas-que-ativa-metabolismo-e-energia\/","og_locale":"pt_BR","og_type":"article","og_title":"Treino leve para manh\u00e3s agitadas que ativa metabolismo e energia - Correio Braziliense - Radar","og_description":"Um treino leve para manh\u00e3s agitadas, ativa o metabolismo, aumenta a energia e prepara o corpo para um dia mais produtivo","og_url":"https:\/\/www.correiobraziliense.com.br\/cbradar\/treino-leve-para-manhas-agitadas-que-ativa-metabolismo-e-energia\/","og_site_name":"Correio Braziliense - Radar","article_published_time":"2025-08-24T19:13:00+00:00","og_image":[{"width":1280,"height":720,"url":"https:\/\/www.correiobraziliense.com.br\/cbradar\/wp-content\/uploads\/2025\/03\/treino-fisico-ao-ar-livre_1741961139800.jpg","type":"image\/jpeg"}],"author":"Paulo Custodio","twitter_card":"summary_large_image","twitter_misc":{"Escrito por":"Paulo Custodio","Est. tempo de leitura":"6 minutos"},"schema":{"@context":"https:\/\/schema.org","@graph":[{"@type":"WebPage","@id":"https:\/\/www.correiobraziliense.com.br\/cbradar\/treino-leve-para-manhas-agitadas-que-ativa-metabolismo-e-energia\/","url":"https:\/\/www.correiobraziliense.com.br\/cbradar\/treino-leve-para-manhas-agitadas-que-ativa-metabolismo-e-energia\/","name":"Treino leve para manh\u00e3s agitadas que ativa metabolismo e energia - Correio Braziliense - Radar","isPartOf":{"@id":"https:\/\/www.correiobraziliense.com.br\/cbradar\/#website"},"primaryImageOfPage":{"@id":"https:\/\/www.correiobraziliense.com.br\/cbradar\/treino-leve-para-manhas-agitadas-que-ativa-metabolismo-e-energia\/#primaryimage"},"image":{"@id":"https:\/\/www.correiobraziliense.com.br\/cbradar\/treino-leve-para-manhas-agitadas-que-ativa-metabolismo-e-energia\/#primaryimage"},"thumbnailUrl":"https:\/\/www.correiobraziliense.com.br\/cbradar\/wp-content\/uploads\/2025\/03\/treino-fisico-ao-ar-livre_1741961139800.jpg","datePublished":"2025-08-24T19:13:00+00:00","author":{"@id":"https:\/\/www.correiobraziliense.com.br\/cbradar\/#\/schema\/person\/4cec7857301a9a1a2ef249893cd908d3"},"description":"Um treino leve para manh\u00e3s agitadas, ativa o metabolismo, aumenta a energia e prepara o corpo para um dia mais produtivo","breadcrumb":{"@id":"https:\/\/www.correiobraziliense.com.br\/cbradar\/treino-leve-para-manhas-agitadas-que-ativa-metabolismo-e-energia\/#breadcrumb"},"inLanguage":"pt-BR","potentialAction":[{"@type":"ReadAction","target":["https:\/\/www.correiobraziliense.com.br\/cbradar\/treino-leve-para-manhas-agitadas-que-ativa-metabolismo-e-energia\/"]}]},{"@type":"ImageObject","inLanguage":"pt-BR","@id":"https:\/\/www.correiobraziliense.com.br\/cbradar\/treino-leve-para-manhas-agitadas-que-ativa-metabolismo-e-energia\/#primaryimage","url":"https:\/\/www.correiobraziliense.com.br\/cbradar\/wp-content\/uploads\/2025\/03\/treino-fisico-ao-ar-livre_1741961139800.jpg","contentUrl":"https:\/\/www.correiobraziliense.com.br\/cbradar\/wp-content\/uploads\/2025\/03\/treino-fisico-ao-ar-livre_1741961139800.jpg","width":1280,"height":720,"caption":"Treino - Cr\u00e9ditos: depositphotos.com \/ VeraVerano"},{"@type":"BreadcrumbList","@id":"https:\/\/www.correiobraziliense.com.br\/cbradar\/treino-leve-para-manhas-agitadas-que-ativa-metabolismo-e-energia\/#breadcrumb","itemListElement":[{"@type":"ListItem","position":1,"name":"In\u00edcio","item":"https:\/\/www.correiobraziliense.com.br\/cbradar\/"},{"@type":"ListItem","position":2,"name":"Treino leve para manh\u00e3s agitadas que ativa metabolismo e energia"}]},{"@type":"WebSite","@id":"https:\/\/www.correiobraziliense.com.br\/cbradar\/#website","url":"https:\/\/www.correiobraziliense.com.br\/cbradar\/","name":"Correio Braziliense - Radar","description":"Acompanhe as \u00faltimas not\u00edcias e fique bem informado sobre tudo o que acontece no Brasil e no mundo.","potentialAction":[{"@type":"SearchAction","target":{"@type":"EntryPoint","urlTemplate":"https:\/\/www.correiobraziliense.com.br\/cbradar\/?s={search_term_string}"},"query-input":{"@type":"PropertyValueSpecification","valueRequired":true,"valueName":"search_term_string"}}],"inLanguage":"pt-BR"},{"@type":"Person","@id":"https:\/\/www.correiobraziliense.com.br\/cbradar\/#\/schema\/person\/4cec7857301a9a1a2ef249893cd908d3","name":"Paulo Custodio","image":{"@type":"ImageObject","inLanguage":"pt-BR","@id":"https:\/\/www.correiobraziliense.com.br\/cbradar\/#\/schema\/person\/image\/","url":"https:\/\/secure.gravatar.com\/avatar\/bcd67168d1534e8fcf4f45c726a87cea?s=96&d=mm&r=g","contentUrl":"https:\/\/secure.gravatar.com\/avatar\/bcd67168d1534e8fcf4f45c726a87cea?s=96&d=mm&r=g","caption":"Paulo Custodio"},"sameAs":["https:\/\/www.correiobraziliense.com.br\/cbradar"],"url":"https:\/\/www.correiobraziliense.com.br\/cbradar\/author\/paulomyth\/"}]}},"_links":{"self":[{"href":"https:\/\/www.correiobraziliense.com.br\/cbradar\/wp-json\/wp\/v2\/posts\/91605","targetHints":{"allow":["GET"]}}],"collection":[{"href":"https:\/\/www.correiobraziliense.com.br\/cbradar\/wp-json\/wp\/v2\/posts"}],"about":[{"href":"https:\/\/www.correiobraziliense.com.br\/cbradar\/wp-json\/wp\/v2\/types\/post"}],"author":[{"embeddable":true,"href":"https:\/\/www.correiobraziliense.com.br\/cbradar\/wp-json\/wp\/v2\/users\/11"}],"replies":[{"embeddable":true,"href":"https:\/\/www.correiobraziliense.com.br\/cbradar\/wp-json\/wp\/v2\/comments?post=91605"}],"version-history":[{"count":1,"href":"https:\/\/www.correiobraziliense.com.br\/cbradar\/wp-json\/wp\/v2\/posts\/91605\/revisions"}],"predecessor-version":[{"id":91606,"href":"https:\/\/www.correiobraziliense.com.br\/cbradar\/wp-json\/wp\/v2\/posts\/91605\/revisions\/91606"}],"wp:featuredmedia":[{"embeddable":true,"href":"https:\/\/www.correiobraziliense.com.br\/cbradar\/wp-json\/wp\/v2\/media\/12641"}],"wp:attachment":[{"href":"https:\/\/www.correiobraziliense.com.br\/cbradar\/wp-json\/wp\/v2\/media?parent=91605"}],"wp:term":[{"taxonomy":"category","embeddable":true,"href":"https:\/\/www.correiobraziliense.com.br\/cbradar\/wp-json\/wp\/v2\/categories?post=91605"},{"taxonomy":"post_tag","embeddable":true,"href":"https:\/\/www.correiobraziliense.com.br\/cbradar\/wp-json\/wp\/v2\/tags?post=91605"}],"curies":[{"name":"wp","href":"https:\/\/api.w.org\/{rel}","templated":true}]}}