{"id":9176,"date":"2025-03-06T07:30:00","date_gmt":"2025-03-06T10:30:00","guid":{"rendered":"https:\/\/www.correiobraziliense.com.br\/cbradar\/?p=9176"},"modified":"2025-03-05T16:51:40","modified_gmt":"2025-03-05T19:51:40","slug":"como-e-viver-em-um-lugar-onde-a-temperatura-chega-a-%e2%88%9270-c","status":"publish","type":"post","link":"https:\/\/www.correiobraziliense.com.br\/cbradar\/como-e-viver-em-um-lugar-onde-a-temperatura-chega-a-%e2%88%9270-c\/","title":{"rendered":"Como \u00e9 viver em um lugar onde a temperatura chega a \u221270\u202f\u00b0C?"},"content":{"rendered":"\n<p>Para muitas pessoas, o inverno dura apenas alguns meses. Mas imagine viver em um lugar onde a temperatura extremamente sobe acima de <strong>-30\u00b0C<\/strong> , e o solo permanece congelado o ano inteiro. Esse lugar existe, e seu nome \u00e9 <strong>Oymyakon<\/strong>, na R\u00fassia.<\/p>\n\n\n\n<p>Essa pequena vila siberiana \u00e9 conhecida como <strong>o local habitado mais frio do mundo<\/strong>, onde o inverno pode ser brutal e a vida cotidiana \u00e9 um verdadeiro desafio. Mas como os moradores sobreviveram nesse frio extremo?<\/p>\n\n\n\n<h2 class=\"wp-block-heading\"><strong>Como Oymyakon se tornou a cidade mais fria do mundo?<\/strong><\/h2>\n\n\n\n<p>Localizada no cora\u00e7\u00e3o da Sib\u00e9ria, Oymyakon foi originalmente um local de parada para pastores de renas. No entanto, com o tempo, uma pequena comunidade se circula ali, apesar das condi\u00e7\u00f5es clim\u00e1ticas extremas.<\/p>\n\n\n\n<p>Em 1924, a temperatura mais baixa j\u00e1 registrada na vila atingiu incr\u00edveis <strong>-71,2\u00b0C<\/strong>, um recorde que permanece at\u00e9 hoje como a menor temperatura j\u00e1 medida em um lugar habitado.<\/p>\n\n\n\n<p>O motivo para tanto frio est\u00e1 na geografia do local. A vila fica em um vale cercado por montanhas, o que impede a entrada de ventos mais quentes e faz com que o ar frio fique &#8220;preso&#8221; ali, criando um clima congelante durante quase todo o ano.<\/p>\n\n\n\n<figure class=\"wp-block-image size-large\"><img decoding=\"async\" width=\"1024\" height=\"576\" src=\"https:\/\/www.correiobraziliense.com.br\/cbradar\/wp-content\/uploads\/2025\/03\/Russia-frio_1741179232015-1024x576.jpg\" alt=\"Como \u00e9 viver em um lugar onde a temperatura chega a \u221270\u202f\u00b0C?\" class=\"wp-image-9178\" srcset=\"https:\/\/www.correiobraziliense.com.br\/cbradar\/wp-content\/uploads\/2025\/03\/Russia-frio_1741179232015-1024x576.jpg 1024w, https:\/\/www.correiobraziliense.com.br\/cbradar\/wp-content\/uploads\/2025\/03\/Russia-frio_1741179232015-300x169.jpg 300w, https:\/\/www.correiobraziliense.com.br\/cbradar\/wp-content\/uploads\/2025\/03\/Russia-frio_1741179232015-768x432.jpg 768w, https:\/\/www.correiobraziliense.com.br\/cbradar\/wp-content\/uploads\/2025\/03\/Russia-frio_1741179232015-750x422.jpg 750w, https:\/\/www.correiobraziliense.com.br\/cbradar\/wp-content\/uploads\/2025\/03\/Russia-frio_1741179232015-1140x641.jpg 1140w, https:\/\/www.correiobraziliense.com.br\/cbradar\/wp-content\/uploads\/2025\/03\/Russia-frio_1741179232015.jpg 1280w\" sizes=\"(max-width: 1024px) 100vw, 1024px\" \/><figcaption class=\"wp-element-caption\">R\u00fassia. Cr\u00e9ditos: depositphotos.com \/ YuliyaKirayonakBO<\/figcaption><\/figure>\n\n\n\n<h2 class=\"wp-block-heading\"><strong>Como \u00e9 viver no lugar mais frio do mundo?<\/strong><\/h2>\n\n\n\n<p>O cotidiano em Oymyakon \u00e9 completamente diferente do que estamos habituados. O frio extremo afeta todos os aspectos da vida, desde a alimenta\u00e7\u00e3o at\u00e9 o transporte.<\/p>\n\n\n\n<ul class=\"wp-block-list\">\n<li><strong>Nenhum alimento cresce no solo<\/strong> \u2013 Como a terra est\u00e1 permanentemente congelada, a agricultura \u00e9 imposs\u00edvel. A alimenta\u00e7\u00e3o \u00e9 baseada em carne de rena, peixe congelado e latic\u00ednios.<\/li>\n\n\n\n<li><strong>Canos de \u00e1gua n\u00e3o funcionam<\/strong> \u2013 O frio \u00e9 t\u00e3o intenso que o congelamento subterr\u00e2neo. Os moradores precisam buscar \u00e1gua em po\u00e7os congelados ou armazen\u00e1-la em recipientes dentro de casa.<\/li>\n\n\n\n<li><strong>Os carros precisam ficar ligados o tempo todo<\/strong> \u2013 Se um carro for desligado no inverno, o motor pode congelar completamente e parar de funcionar.<\/li>\n\n\n\n<li><strong>As roupas s\u00e3o essenciais para a sobreviv\u00eancia<\/strong> \u2013 Sair sem v\u00e1rias camadas de roupas t\u00e9rmicas pode ser fatal em poucos minutos.<\/li>\n\n\n\n<li><strong>A vida segue normalmente<\/strong> \u2013 Mesmo com temperaturas extremas, as crian\u00e7as v\u00e3o \u00e0 escola, e o com\u00e9rcio local funciona. S\u00f3 quando o frio passa de -50\u00b0C as aulas s\u00e3o suspensas.<\/li>\n<\/ul>\n\n\n\n<h2 class=\"wp-block-heading\"><strong>Curiosidades sobre Oymyakon<\/strong><\/h2>\n\n\n\n<ul class=\"wp-block-list\">\n<li><strong>O inverno dura quase o ano todo<\/strong> \u2013 A neve cobre a cidade por <strong>nove meses<\/strong> do ano. O ver\u00e3o dura apenas algumas semanas, com temperaturas chegando no m\u00e1ximo a 20\u00b0C.<\/li>\n\n\n\n<li><strong>Pestanejar pode ser perigoso<\/strong> \u2013 Em temperaturas abaixo de -50\u00b0C, l\u00e1grimas e aquecedores podem congelar instantaneamente.<\/li>\n\n\n\n<li><strong>Nenhum celular funciona no inverno<\/strong> \u2013 O frio extremo faz com que as baterias descarreguem rapidamente e as telas de aparelhos eletr\u00f4nicos quebrem com facilidade.<\/li>\n\n\n\n<li><strong>Peixes e carnes s\u00e3o vendidos congelados naturalmente<\/strong> \u2013 No mercado, os alimentos ficam expostos ao ar livre, congelando sem necessidade de refrigera\u00e7\u00e3o.<\/li>\n\n\n\n<li><strong>Os dias e noites s\u00e3o extremos<\/strong> \u2013 No inverno, h\u00e1 dias com apenas <strong>tr\u00eas horas de luz solar<\/strong>, enquanto no ver\u00e3o, o sol pode brilhar por <strong>21 horas seguidas<\/strong> .<\/li>\n<\/ul>\n\n\n\n<h2 class=\"wp-block-heading\"><strong>Como os moradores lidam com o frio extremo?<\/strong><\/h2>\n\n\n\n<p>A popula\u00e7\u00e3o de Oymyakon, que gira em torno de <strong>500 pessoas<\/strong>, aprendeu a conviver com o frio de formas impressionantes. As casas s\u00e3o extremamente bem isoladas, e o aquecimento a lenha e a energia \u00e9 indispens\u00e1vel.<\/p>\n\n\n\n<p>Al\u00e9m disso, uma dieta rica em prote\u00ednas ajuda os moradores a manter a energia e a temperatura corporal. E, mesmo com o frio intenso, as tradi\u00e7\u00f5es locais continuam vivas, incluindo festas t\u00edpicas e corridas de tren\u00f3s puxados por c\u00e3es e renas.<\/p>\n\n\n\n<h2 class=\"wp-block-heading\"><strong>Voc\u00ea encararia esse frio?<\/strong><\/h2>\n\n\n\n<p>Oymyakon \u00e9 um dos lugares mais extremos do planeta, onde a sobreviv\u00eancia depende de prepara\u00e7\u00e3o e resist\u00eancia. Enquanto muitos fogem do inverno rigorosamente, os moradores desta vila siberiana enfrentam o frio todos os dias, mostrando uma incr\u00edvel capacidade humana de adapta\u00e7\u00e3o.<\/p>\n\n\n\n<p>Se voc\u00ea gosta de desafios, visitar Oymyakon pode ser uma experi\u00eancia inesquec\u00edvel \u2013 mas prepare-se para enfrentar um frio como voc\u00ea nunca sentiu antes.<\/p>\n","protected":false},"excerpt":{"rendered":"<p>Existe um lugar onde o inverno nunca acaba e as temperaturas chegam a \u221270\u202f\u00b0C. Como as pessoas vivem nesse frio extremo?<\/p>\n","protected":false},"author":3,"featured_media":9177,"comment_status":"open","ping_status":"open","sticky":false,"template":"","format":"standard","meta":{"_yoast_wpseo_focuskw":"lugar temperatua 70","_yoast_wpseo_title":"%%title%%","_yoast_wpseo_metadesc":"Existe um lugar onde o inverno nunca acaba e as temperaturas chegam a \u221270\u202f\u00b0C. Como as pessoas vivem nesse frio extremo?","jnews-multi-image_gallery":[],"jnews_single_post":{"format":"standard"},"jnews_primary_category":[],"jnews_social_meta":[],"jnews_override_counter":[],"footnotes":""},"categories":[108],"post_tag":[109],"class_list":["post-9176","post","type-post","status-publish","format-standard","has-post-thumbnail","hentry","category-cidades","tag-cidades"],"yoast_head":"<!-- This site is optimized with the Yoast SEO plugin v24.6 - https:\/\/yoast.com\/wordpress\/plugins\/seo\/ -->\n<title>Como \u00e9 viver em um lugar onde a temperatura chega a \u221270\u202f\u00b0C?<\/title>\n<meta name=\"description\" content=\"Existe um lugar onde o inverno nunca acaba e as temperaturas chegam a \u221270\u202f\u00b0C. Como as pessoas vivem nesse frio extremo?\" \/>\n<meta name=\"robots\" content=\"index, follow, max-snippet:-1, max-image-preview:large, max-video-preview:-1\" \/>\n<link rel=\"canonical\" href=\"https:\/\/www.correiobraziliense.com.br\/cbradar\/como-e-viver-em-um-lugar-onde-a-temperatura-chega-a-\u221270-c\/\" \/>\n<meta property=\"og:locale\" content=\"pt_BR\" \/>\n<meta property=\"og:type\" content=\"article\" \/>\n<meta property=\"og:title\" content=\"Como \u00e9 viver em um lugar onde a temperatura chega a \u221270\u202f\u00b0C?\" \/>\n<meta property=\"og:description\" content=\"Existe um lugar onde o inverno nunca acaba e as temperaturas chegam a \u221270\u202f\u00b0C. Como as pessoas vivem nesse frio extremo?\" \/>\n<meta property=\"og:url\" content=\"https:\/\/www.correiobraziliense.com.br\/cbradar\/como-e-viver-em-um-lugar-onde-a-temperatura-chega-a-\u221270-c\/\" \/>\n<meta property=\"og:site_name\" content=\"Correio Braziliense - Radar\" \/>\n<meta property=\"article:published_time\" content=\"2025-03-06T10:30:00+00:00\" \/>\n<meta property=\"og:image\" content=\"https:\/\/www.correiobraziliense.com.br\/cbradar\/wp-content\/uploads\/2025\/03\/Oymyakon_1741179199372.jpg\" \/>\n\t<meta property=\"og:image:width\" content=\"1280\" \/>\n\t<meta property=\"og:image:height\" content=\"720\" \/>\n\t<meta property=\"og:image:type\" content=\"image\/jpeg\" \/>\n<meta name=\"author\" content=\"Larissa Carvalho\" \/>\n<meta name=\"twitter:card\" content=\"summary_large_image\" \/>\n<meta name=\"twitter:label1\" content=\"Escrito por\" \/>\n\t<meta name=\"twitter:data1\" content=\"Larissa Carvalho\" \/>\n\t<meta name=\"twitter:label2\" content=\"Est. tempo de leitura\" \/>\n\t<meta name=\"twitter:data2\" content=\"4 minutos\" \/>\n<!-- \/ Yoast SEO plugin. -->","yoast_head_json":{"title":"Como \u00e9 viver em um lugar onde a temperatura chega a \u221270\u202f\u00b0C?","description":"Existe um lugar onde o inverno nunca acaba e as temperaturas chegam a \u221270\u202f\u00b0C. Como as pessoas vivem nesse frio extremo?","robots":{"index":"index","follow":"follow","max-snippet":"max-snippet:-1","max-image-preview":"max-image-preview:large","max-video-preview":"max-video-preview:-1"},"canonical":"https:\/\/www.correiobraziliense.com.br\/cbradar\/como-e-viver-em-um-lugar-onde-a-temperatura-chega-a-\u221270-c\/","og_locale":"pt_BR","og_type":"article","og_title":"Como \u00e9 viver em um lugar onde a temperatura chega a \u221270\u202f\u00b0C?","og_description":"Existe um lugar onde o inverno nunca acaba e as temperaturas chegam a \u221270\u202f\u00b0C. Como as pessoas vivem nesse frio extremo?","og_url":"https:\/\/www.correiobraziliense.com.br\/cbradar\/como-e-viver-em-um-lugar-onde-a-temperatura-chega-a-\u221270-c\/","og_site_name":"Correio Braziliense - Radar","article_published_time":"2025-03-06T10:30:00+00:00","og_image":[{"width":1280,"height":720,"url":"https:\/\/www.correiobraziliense.com.br\/cbradar\/wp-content\/uploads\/2025\/03\/Oymyakon_1741179199372.jpg","type":"image\/jpeg"}],"author":"Larissa Carvalho","twitter_card":"summary_large_image","twitter_misc":{"Escrito por":"Larissa Carvalho","Est. tempo de leitura":"4 minutos"},"schema":{"@context":"https:\/\/schema.org","@graph":[{"@type":"WebPage","@id":"https:\/\/www.correiobraziliense.com.br\/cbradar\/como-e-viver-em-um-lugar-onde-a-temperatura-chega-a-%e2%88%9270-c\/","url":"https:\/\/www.correiobraziliense.com.br\/cbradar\/como-e-viver-em-um-lugar-onde-a-temperatura-chega-a-%e2%88%9270-c\/","name":"Como \u00e9 viver em um lugar onde a temperatura chega a \u221270\u202f\u00b0C?","isPartOf":{"@id":"https:\/\/www.correiobraziliense.com.br\/cbradar\/#website"},"primaryImageOfPage":{"@id":"https:\/\/www.correiobraziliense.com.br\/cbradar\/como-e-viver-em-um-lugar-onde-a-temperatura-chega-a-%e2%88%9270-c\/#primaryimage"},"image":{"@id":"https:\/\/www.correiobraziliense.com.br\/cbradar\/como-e-viver-em-um-lugar-onde-a-temperatura-chega-a-%e2%88%9270-c\/#primaryimage"},"thumbnailUrl":"https:\/\/www.correiobraziliense.com.br\/cbradar\/wp-content\/uploads\/2025\/03\/Oymyakon_1741179199372.jpg","datePublished":"2025-03-06T10:30:00+00:00","author":{"@id":"https:\/\/www.correiobraziliense.com.br\/cbradar\/#\/schema\/person\/58422787644df994b53a19d3e56c1513"},"description":"Existe um lugar onde o inverno nunca acaba e as temperaturas chegam a \u221270\u202f\u00b0C. Como as pessoas vivem nesse frio extremo?","breadcrumb":{"@id":"https:\/\/www.correiobraziliense.com.br\/cbradar\/como-e-viver-em-um-lugar-onde-a-temperatura-chega-a-%e2%88%9270-c\/#breadcrumb"},"inLanguage":"pt-BR","potentialAction":[{"@type":"ReadAction","target":["https:\/\/www.correiobraziliense.com.br\/cbradar\/como-e-viver-em-um-lugar-onde-a-temperatura-chega-a-%e2%88%9270-c\/"]}]},{"@type":"ImageObject","inLanguage":"pt-BR","@id":"https:\/\/www.correiobraziliense.com.br\/cbradar\/como-e-viver-em-um-lugar-onde-a-temperatura-chega-a-%e2%88%9270-c\/#primaryimage","url":"https:\/\/www.correiobraziliense.com.br\/cbradar\/wp-content\/uploads\/2025\/03\/Oymyakon_1741179199372.jpg","contentUrl":"https:\/\/www.correiobraziliense.com.br\/cbradar\/wp-content\/uploads\/2025\/03\/Oymyakon_1741179199372.jpg","width":1280,"height":720,"caption":"Oymyakon. Cr\u00e9ditos: depositphotos.com \/ hlalex"},{"@type":"BreadcrumbList","@id":"https:\/\/www.correiobraziliense.com.br\/cbradar\/como-e-viver-em-um-lugar-onde-a-temperatura-chega-a-%e2%88%9270-c\/#breadcrumb","itemListElement":[{"@type":"ListItem","position":1,"name":"In\u00edcio","item":"https:\/\/www.correiobraziliense.com.br\/cbradar\/"},{"@type":"ListItem","position":2,"name":"Como \u00e9 viver em um lugar onde a temperatura chega a \u221270\u202f\u00b0C?"}]},{"@type":"WebSite","@id":"https:\/\/www.correiobraziliense.com.br\/cbradar\/#website","url":"https:\/\/www.correiobraziliense.com.br\/cbradar\/","name":"Correio Braziliense - Radar","description":"Acompanhe as \u00faltimas not\u00edcias e fique bem informado sobre tudo o que acontece no Brasil e no mundo.","potentialAction":[{"@type":"SearchAction","target":{"@type":"EntryPoint","urlTemplate":"https:\/\/www.correiobraziliense.com.br\/cbradar\/?s={search_term_string}"},"query-input":{"@type":"PropertyValueSpecification","valueRequired":true,"valueName":"search_term_string"}}],"inLanguage":"pt-BR"},{"@type":"Person","@id":"https:\/\/www.correiobraziliense.com.br\/cbradar\/#\/schema\/person\/58422787644df994b53a19d3e56c1513","name":"Larissa Carvalho","image":{"@type":"ImageObject","inLanguage":"pt-BR","@id":"https:\/\/www.correiobraziliense.com.br\/cbradar\/#\/schema\/person\/image\/","url":"https:\/\/secure.gravatar.com\/avatar\/fe4f91a0de32b52a838d0d612abdc1aa?s=96&d=mm&r=g","contentUrl":"https:\/\/secure.gravatar.com\/avatar\/fe4f91a0de32b52a838d0d612abdc1aa?s=96&d=mm&r=g","caption":"Larissa Carvalho"},"url":"https:\/\/www.correiobraziliense.com.br\/cbradar\/author\/larissamyth\/"}]}},"_links":{"self":[{"href":"https:\/\/www.correiobraziliense.com.br\/cbradar\/wp-json\/wp\/v2\/posts\/9176","targetHints":{"allow":["GET"]}}],"collection":[{"href":"https:\/\/www.correiobraziliense.com.br\/cbradar\/wp-json\/wp\/v2\/posts"}],"about":[{"href":"https:\/\/www.correiobraziliense.com.br\/cbradar\/wp-json\/wp\/v2\/types\/post"}],"author":[{"embeddable":true,"href":"https:\/\/www.correiobraziliense.com.br\/cbradar\/wp-json\/wp\/v2\/users\/3"}],"replies":[{"embeddable":true,"href":"https:\/\/www.correiobraziliense.com.br\/cbradar\/wp-json\/wp\/v2\/comments?post=9176"}],"version-history":[{"count":1,"href":"https:\/\/www.correiobraziliense.com.br\/cbradar\/wp-json\/wp\/v2\/posts\/9176\/revisions"}],"predecessor-version":[{"id":9179,"href":"https:\/\/www.correiobraziliense.com.br\/cbradar\/wp-json\/wp\/v2\/posts\/9176\/revisions\/9179"}],"wp:featuredmedia":[{"embeddable":true,"href":"https:\/\/www.correiobraziliense.com.br\/cbradar\/wp-json\/wp\/v2\/media\/9177"}],"wp:attachment":[{"href":"https:\/\/www.correiobraziliense.com.br\/cbradar\/wp-json\/wp\/v2\/media?parent=9176"}],"wp:term":[{"taxonomy":"category","embeddable":true,"href":"https:\/\/www.correiobraziliense.com.br\/cbradar\/wp-json\/wp\/v2\/categories?post=9176"},{"taxonomy":"post_tag","embeddable":true,"href":"https:\/\/www.correiobraziliense.com.br\/cbradar\/wp-json\/wp\/v2\/post_tag?post=9176"}],"curies":[{"name":"wp","href":"https:\/\/api.w.org\/{rel}","templated":true}]}}