{"id":91889,"date":"2025-08-24T08:03:00","date_gmt":"2025-08-24T11:03:00","guid":{"rendered":"https:\/\/www.correiobraziliense.com.br\/cbradar\/?p=91889"},"modified":"2025-08-23T19:38:52","modified_gmt":"2025-08-23T22:38:52","slug":"o-sintoma-inesperado-que-pode-ser-um-alerta-para-aneurisma-cerebral","status":"publish","type":"post","link":"https:\/\/www.correiobraziliense.com.br\/cbradar\/o-sintoma-inesperado-que-pode-ser-um-alerta-para-aneurisma-cerebral\/","title":{"rendered":"O sintoma inesperado que pode ser um alerta para Aneurisma Cerebral"},"content":{"rendered":"\n<p><strong>Por Dr. Diego Bandeira, Neurologista<\/strong><\/p>\n\n\n\n<p>Um <strong>Aneurisma Cerebral<\/strong> \u00e9 uma dilata\u00e7\u00e3o anormal de uma art\u00e9ria causada pelo enfraquecimento da parede do vaso. Muitas vezes, ele permanece silencioso e s\u00f3 \u00e9 descoberto de forma incidental em exames de imagem. O perigo maior \u00e9 quando ocorre a ruptura, provocando uma hemorragia cerebral grave, que pode levar \u00e0 morte ou deixar sequelas importantes.<\/p>\n\n\n\n<blockquote class=\"instagram-media\" data-instgrm-permalink=\"https:\/\/www.instagram.com\/reel\/C8Vajq9OzvF\/?utm_source=ig_embed&amp;utm_campaign=loading\" data-instgrm-version=\"14\" style=\" background:#FFF; border:0; border-radius:3px; box-shadow:0 0 1px 0 rgba(0,0,0,0.5),0 1px 10px 0 rgba(0,0,0,0.15); margin: 1px; max-width:540px; min-width:326px; padding:0; width:99.375%; width:-webkit-calc(100% - 2px); width:calc(100% - 2px);\"><div style=\"padding:16px;\"> <a href=\"https:\/\/www.instagram.com\/reel\/C8Vajq9OzvF\/?utm_source=ig_embed&amp;utm_campaign=loading\" style=\" background:#FFFFFF; line-height:0; padding:0 0; text-align:center; text-decoration:none; width:100%;\" target=\"_blank\"> <div style=\" display: flex; flex-direction: row; align-items: center;\"> <div style=\"background-color: #F4F4F4; border-radius: 50%; flex-grow: 0; height: 40px; margin-right: 14px; width: 40px;\"><\/div> <div style=\"display: flex; flex-direction: column; flex-grow: 1; justify-content: center;\"> <div style=\" background-color: #F4F4F4; border-radius: 4px; flex-grow: 0; height: 14px; margin-bottom: 6px; width: 100px;\"><\/div> <div style=\" background-color: #F4F4F4; border-radius: 4px; flex-grow: 0; height: 14px; width: 60px;\"><\/div><\/div><\/div><div style=\"padding: 19% 0;\"><\/div> <div style=\"display:block; height:50px; margin:0 auto 12px; width:50px;\"><svg width=\"50px\" height=\"50px\" viewBox=\"0 0 60 60\" version=\"1.1\" xmlns=\"https:\/\/www.w3.org\/2000\/svg\" xmlns:xlink=\"https:\/\/www.w3.org\/1999\/xlink\"><g stroke=\"none\" stroke-width=\"1\" fill=\"none\" fill-rule=\"evenodd\"><g transform=\"translate(-511.000000, -20.000000)\" fill=\"#000000\"><g><path d=\"M556.869,30.41 C554.814,30.41 553.148,32.076 553.148,34.131 C553.148,36.186 554.814,37.852 556.869,37.852 C558.924,37.852 560.59,36.186 560.59,34.131 C560.59,32.076 558.924,30.41 556.869,30.41 M541,60.657 C535.114,60.657 530.342,55.887 530.342,50 C530.342,44.114 535.114,39.342 541,39.342 C546.887,39.342 551.658,44.114 551.658,50 C551.658,55.887 546.887,60.657 541,60.657 M541,33.886 C532.1,33.886 524.886,41.1 524.886,50 C524.886,58.899 532.1,66.113 541,66.113 C549.9,66.113 557.115,58.899 557.115,50 C557.115,41.1 549.9,33.886 541,33.886 M565.378,62.101 C565.244,65.022 564.756,66.606 564.346,67.663 C563.803,69.06 563.154,70.057 562.106,71.106 C561.058,72.155 560.06,72.803 558.662,73.347 C557.607,73.757 556.021,74.244 553.102,74.378 C549.944,74.521 548.997,74.552 541,74.552 C533.003,74.552 532.056,74.521 528.898,74.378 C525.979,74.244 524.393,73.757 523.338,73.347 C521.94,72.803 520.942,72.155 519.894,71.106 C518.846,70.057 518.197,69.06 517.654,67.663 C517.244,66.606 516.755,65.022 516.623,62.101 C516.479,58.943 516.448,57.996 516.448,50 C516.448,42.003 516.479,41.056 516.623,37.899 C516.755,34.978 517.244,33.391 517.654,32.338 C518.197,30.938 518.846,29.942 519.894,28.894 C520.942,27.846 521.94,27.196 523.338,26.654 C524.393,26.244 525.979,25.756 528.898,25.623 C532.057,25.479 533.004,25.448 541,25.448 C548.997,25.448 549.943,25.479 553.102,25.623 C556.021,25.756 557.607,26.244 558.662,26.654 C560.06,27.196 561.058,27.846 562.106,28.894 C563.154,29.942 563.803,30.938 564.346,32.338 C564.756,33.391 565.244,34.978 565.378,37.899 C565.522,41.056 565.552,42.003 565.552,50 C565.552,57.996 565.522,58.943 565.378,62.101 M570.82,37.631 C570.674,34.438 570.167,32.258 569.425,30.349 C568.659,28.377 567.633,26.702 565.965,25.035 C564.297,23.368 562.623,22.342 560.652,21.575 C558.743,20.834 556.562,20.326 553.369,20.18 C550.169,20.033 549.148,20 541,20 C532.853,20 531.831,20.033 528.631,20.18 C525.438,20.326 523.257,20.834 521.349,21.575 C519.376,22.342 517.703,23.368 516.035,25.035 C514.368,26.702 513.342,28.377 512.574,30.349 C511.834,32.258 511.326,34.438 511.181,37.631 C511.035,40.831 511,41.851 511,50 C511,58.147 511.035,59.17 511.181,62.369 C511.326,65.562 511.834,67.743 512.574,69.651 C513.342,71.625 514.368,73.296 516.035,74.965 C517.703,76.634 519.376,77.658 521.349,78.425 C523.257,79.167 525.438,79.673 528.631,79.82 C531.831,79.965 532.853,80.001 541,80.001 C549.148,80.001 550.169,79.965 553.369,79.82 C556.562,79.673 558.743,79.167 560.652,78.425 C562.623,77.658 564.297,76.634 565.965,74.965 C567.633,73.296 568.659,71.625 569.425,69.651 C570.167,67.743 570.674,65.562 570.82,62.369 C570.966,59.17 571,58.147 571,50 C571,41.851 570.966,40.831 570.82,37.631\"><\/path><\/g><\/g><\/g><\/svg><\/div><div style=\"padding-top: 8px;\"> <div style=\" color:#3897f0; font-family:Arial,sans-serif; font-size:14px; font-style:normal; font-weight:550; line-height:18px;\">Ver essa foto no Instagram<\/div><\/div><div style=\"padding: 12.5% 0;\"><\/div> <div style=\"display: flex; flex-direction: row; margin-bottom: 14px; align-items: center;\"><div> <div style=\"background-color: #F4F4F4; border-radius: 50%; height: 12.5px; width: 12.5px; transform: translateX(0px) translateY(7px);\"><\/div> <div style=\"background-color: #F4F4F4; height: 12.5px; transform: rotate(-45deg) translateX(3px) translateY(1px); width: 12.5px; flex-grow: 0; margin-right: 14px; margin-left: 2px;\"><\/div> <div style=\"background-color: #F4F4F4; border-radius: 50%; height: 12.5px; width: 12.5px; transform: translateX(9px) translateY(-18px);\"><\/div><\/div><div style=\"margin-left: 8px;\"> <div style=\" background-color: #F4F4F4; border-radius: 50%; flex-grow: 0; height: 20px; width: 20px;\"><\/div> <div style=\" width: 0; height: 0; border-top: 2px solid transparent; border-left: 6px solid #f4f4f4; border-bottom: 2px solid transparent; transform: translateX(16px) translateY(-4px) rotate(30deg)\"><\/div><\/div><div style=\"margin-left: auto;\"> <div style=\" width: 0px; border-top: 8px solid #F4F4F4; border-right: 8px solid transparent; transform: translateY(16px);\"><\/div> <div style=\" background-color: #F4F4F4; flex-grow: 0; height: 12px; width: 16px; transform: translateY(-4px);\"><\/div> <div style=\" width: 0; height: 0; border-top: 8px solid #F4F4F4; border-left: 8px solid transparent; transform: translateY(-4px) translateX(8px);\"><\/div><\/div><\/div> <div style=\"display: flex; flex-direction: column; flex-grow: 1; justify-content: center; margin-bottom: 24px;\"> <div style=\" background-color: #F4F4F4; border-radius: 4px; flex-grow: 0; height: 14px; margin-bottom: 6px; width: 224px;\"><\/div> <div style=\" background-color: #F4F4F4; border-radius: 4px; flex-grow: 0; height: 14px; width: 144px;\"><\/div><\/div><\/a><p style=\" color:#c9c8cd; font-family:Arial,sans-serif; font-size:14px; line-height:17px; margin-bottom:0; margin-top:8px; overflow:hidden; padding:8px 0 7px; text-align:center; text-overflow:ellipsis; white-space:nowrap;\"><a href=\"https:\/\/www.instagram.com\/reel\/C8Vajq9OzvF\/?utm_source=ig_embed&amp;utm_campaign=loading\" style=\" color:#c9c8cd; font-family:Arial,sans-serif; font-size:14px; font-style:normal; font-weight:normal; line-height:17px; text-decoration:none;\" target=\"_blank\">Uma publica\u00e7\u00e3o compartilhada por Diego Bandeira (@diegobandeiraneuro)<\/a><\/p><\/div><\/blockquote>\n<script async src=\"\/\/www.instagram.com\/embed.js\"><\/script>\n\n\n\n<p>Em alguns casos, no entanto, o aneurisma d\u00e1 sinais de alerta antes da ruptura. O mais caracter\u00edstico \u00e9 a dor de cabe\u00e7a s\u00fabita e intensa, muitas vezes descrita pelo paciente como \u201ca pior dor da vida\u201d. Essa dor, chamada de <strong>cefaleia sentinela<\/strong>, pode aparecer dias ou at\u00e9 semanas antes do rompimento. Diferencia-se das dores habituais porque surge de maneira abrupta, costuma ser localizada em ponto diferente do comum e pode estar associada a esfor\u00e7o f\u00edsico, tosse ou rela\u00e7\u00f5es sexuais. Estudos mostram que at\u00e9 um ter\u00e7o dos <a href=\"https:\/\/www.gov.br\/saude\/pt-br\" target=\"_blank\" rel=\"noreferrer noopener\">pacientes <\/a>que sofrem ruptura j\u00e1 havia apresentado esse tipo de dor anteriormente.<\/p>\n\n\n\n<h2 class=\"wp-block-heading\">Quais s\u00e3o as causas e fatores de risco para aneurismas?<\/h2>\n\n\n\n<p>A forma\u00e7\u00e3o de um aneurisma pode ser influenciada por fatores heredit\u00e1rios e adquiridos. Doen\u00e7as gen\u00e9ticas que tornam as art\u00e9rias mais fr\u00e1geis, como a S\u00edndrome de Marfan e a S\u00edndrome de Ehlers-Danlos, aumentam a probabilidade de desenvolvimento. Entre os fatores adquiridos, destacam-se hipertens\u00e3o arterial mal controlada, tabagismo e consumo excessivo de \u00e1lcool.<\/p>\n\n\n\n<p>O hist\u00f3rico familiar de aneurismas ou de hemorragia cerebral tamb\u00e9m eleva o risco. Al\u00e9m disso, doen\u00e7as reumatol\u00f3gicas e inflamat\u00f3rias cr\u00f4nicas podem fragilizar os vasos, predispondo ao surgimento dessa condi\u00e7\u00e3o.<\/p>\n\n\n<div class=\"wp-block-image\">\n<figure class=\"aligncenter is-resized\"><img decoding=\"async\" src=\"https:\/\/lh7-rt.googleusercontent.com\/docsz\/AD_4nXfP76XSaLI_z5a7OGhGdS8PXhNZwsEiJ_IdpIRBo4yOe8_Bf3KpLz8l9NCPFRXDcgeCBt6hjxfAnnw2T8If4w_w8TMpbWVOre8ceXtfFZssVm0jm7LvjebCxzHZEpnTbz2kW6C2RwaT__grSCk7hA?key=0Db2nZ91aT2F1RQmCizBqw\" alt=\"image1.jpg\" style=\"width:1040px;height:auto\"\/><figcaption class=\"wp-element-caption\">Aneurisma &#8211; Cr\u00e9ditos: depositphotos.com \/ roobcio<\/figcaption><\/figure><\/div>\n\n\n<h2 class=\"wp-block-heading\">Como s\u00e3o diagnosticados e tratados os aneurismas cerebrais?<\/h2>\n\n\n\n<p>O diagn\u00f3stico de um aneurisma exige exames de imagem avan\u00e7ados. A angiotomografia e a angiorresson\u00e2ncia s\u00e3o capazes de identificar a dilata\u00e7\u00e3o arterial. Em situa\u00e7\u00f5es espec\u00edficas, a arteriografia cerebral digital \u00e9 utilizada, pois permite uma vis\u00e3o detalhada da circula\u00e7\u00e3o cerebral.<\/p>\n\n\n\n<p>Uma vez confirmado o diagn\u00f3stico, o tratamento depende do tamanho, da localiza\u00e7\u00e3o e das caracter\u00edsticas do aneurisma, bem como das condi\u00e7\u00f5es gerais do paciente. As duas principais formas de tratamento s\u00e3o a emboliza\u00e7\u00e3o endovascular, que consiste na introdu\u00e7\u00e3o de espirais met\u00e1licas dentro do aneurisma para isol\u00e1-lo do fluxo sangu\u00edneo, e a clipagem cir\u00fargica, em que um clipe de tit\u00e2nio \u00e9 colocado na base do aneurisma durante uma microcirurgia. Nos \u00faltimos anos, t\u00e9cnicas menos invasivas v\u00eam ganhando espa\u00e7o, proporcionando recupera\u00e7\u00e3o mais r\u00e1pida e resultados est\u00e9ticos melhores.<\/p>\n\n\n\n<h2 class=\"wp-block-heading\">O aneurisma pode ser prevenido ou evitado?<\/h2>\n\n\n\n<p>N\u00e3o \u00e9 poss\u00edvel impedir totalmente o surgimento de um aneurisma, sobretudo quando existe predisposi\u00e7\u00e3o gen\u00e9tica. Contudo, \u00e9 poss\u00edvel reduzir os riscos de crescimento e ruptura com mudan\u00e7as de estilo de vida. O controle rigoroso da press\u00e3o arterial, a suspens\u00e3o do tabagismo, a modera\u00e7\u00e3o no consumo de \u00e1lcool e a pr\u00e1tica regular de h\u00e1bitos saud\u00e1veis exercem papel fundamental na preven\u00e7\u00e3o de complica\u00e7\u00f5es.<\/p>\n\n\n\n<p>Indiv\u00edduos com hist\u00f3rico familiar positivo devem ser avaliados periodicamente. Em alguns casos, o rastreamento por exames de imagem \u00e9 recomendado para detectar precocemente altera\u00e7\u00f5es vasculares.<\/p>\n\n\n\n<h2 class=\"wp-block-heading\">Incid\u00eancia do aneurisma em diferentes grupos populacionais<\/h2>\n\n\n\n<p>Os aneurismas cerebrais s\u00e3o um pouco mais frequentes em mulheres, embora os motivos n\u00e3o sejam totalmente compreendidos. Fatores hormonais e gen\u00e9ticos parecem estar envolvidos. A faixa et\u00e1ria mais acometida \u00e9 entre 35 e 60 anos, mas casos em <a href=\"https:\/\/www.correiobraziliense.com.br\/cbradar\/o-melhor-tratamento-para-labios-ressecados-que-voce-precisa-conhecer\/\" target=\"_blank\" rel=\"noreferrer noopener\">crian\u00e7as <\/a>e adolescentes tamb\u00e9m podem ocorrer, embora sejam menos comuns.<\/p>\n\n\n\n<p>Pessoas com doen\u00e7as do col\u00e1geno, hist\u00f3rico familiar de aneurisma ou condi\u00e7\u00f5es que fragilizam os vasos sangu\u00edneos devem permanecer em vigil\u00e2ncia constante. A aten\u00e7\u00e3o a sintomas incomuns, associada a um acompanhamento m\u00e9dico regular, \u00e9 decisiva para reduzir o impacto dessa doen\u00e7a na vida das pessoas.<\/p>\n\n\n\n<p style=\"margin: 0; padding: 0; text-align: center;\">   <a href=\"https:\/\/www.instagram.com\/diegobandeiraneuro\/\" target=\"_blank\" rel=\"noopener\"      style=\"text-decoration: none; color: inherit; display: inline-block; width: 60%; margin: 0 auto; border: 1px solid #ccc; border-radius: 10px; padding: 15px; font-family: sans-serif; box-shadow: 0 2px 5px rgba(0,0,0,0.1); cursor: pointer; text-align: center; box-sizing: border-box;\">      <span style=\"display: block; margin-bottom: 15px; font-weight: bold; color: #2c3e50;\">       Precisa de um m\u00e9dico? Entre em contato:     <\/span>      <span style=\"display: block;\">       <span style=\"display: block; font-size: 1.1em; font-weight: 600; line-height: 1.4;\">         Dr. Diego Bandeira       <\/span>       <span style=\"display: block; font-size: 0.9em; color: #0073aa; line-height: 1.4; font-style: italic;\">         M\u00e9dico Neurologista       <\/span>       <span style=\"display: block; font-size: 0.9em; color: #555; line-height: 1.4;\">         CRM-CE: 11.379       <\/span>       <span style=\"display: block; font-size: 0.9em; color: #555; line-height: 1.4; font-style: italic;\">         RQE: 6.584       <\/span>     <\/span>   <\/a> <\/p>\n","protected":false},"excerpt":{"rendered":"<p>Por Dr. Diego Bandeira, Neurologista Um Aneurisma Cerebral \u00e9 uma dilata\u00e7\u00e3o anormal de uma art\u00e9ria causada pelo enfraquecimento da parede do vaso. Muitas vezes, ele permanece silencioso e s\u00f3 \u00e9 descoberto de forma incidental em exames de imagem. O perigo maior \u00e9 quando ocorre a ruptura, provocando uma hemorragia cerebral grave, que pode levar \u00e0 [&hellip;]<\/p>\n","protected":false},"author":14,"featured_media":91897,"comment_status":"open","ping_status":"open","sticky":false,"template":"","format":"standard","meta":{"jnews-multi-image_gallery":[],"jnews_single_post":{"format":"standard"},"jnews_primary_category":[],"jnews_social_meta":[],"jnews_override_counter":[],"footnotes":""},"categories":[4404],"post_tag":[120,698,565],"class_list":["post-91889","post","type-post","status-publish","format-standard","has-post-thumbnail","hentry","category-saude","tag-bem-estar","tag-cerebro","tag-saude"],"yoast_head":"<!-- This site is optimized with the Yoast SEO plugin v24.6 - https:\/\/yoast.com\/wordpress\/plugins\/seo\/ -->\n<title>O sintoma inesperado que pode ser um alerta para Aneurisma Cerebral - Correio Braziliense - Radar<\/title>\n<meta name=\"description\" content=\"Dor de cabe\u00e7a s\u00fabita e intensa pode ser sinal de aneurisma cerebral. Descubra os fatores de risco e formas de preven\u00e7\u00e3o.\" \/>\n<meta name=\"robots\" content=\"index, follow, max-snippet:-1, max-image-preview:large, max-video-preview:-1\" \/>\n<link rel=\"canonical\" href=\"https:\/\/www.correiobraziliense.com.br\/cbradar\/o-sintoma-inesperado-que-pode-ser-um-alerta-para-aneurisma-cerebral\/\" \/>\n<meta property=\"og:locale\" content=\"pt_BR\" \/>\n<meta property=\"og:type\" content=\"article\" \/>\n<meta property=\"og:title\" content=\"O sintoma inesperado que pode ser um alerta para Aneurisma Cerebral - Correio Braziliense - Radar\" \/>\n<meta property=\"og:description\" content=\"Dor de cabe\u00e7a s\u00fabita e intensa pode ser sinal de aneurisma cerebral. Descubra os fatores de risco e formas de preven\u00e7\u00e3o.\" \/>\n<meta property=\"og:url\" content=\"https:\/\/www.correiobraziliense.com.br\/cbradar\/o-sintoma-inesperado-que-pode-ser-um-alerta-para-aneurisma-cerebral\/\" \/>\n<meta property=\"og:site_name\" content=\"Correio Braziliense - Radar\" \/>\n<meta property=\"article:published_time\" content=\"2025-08-24T11:03:00+00:00\" \/>\n<meta property=\"og:image\" content=\"https:\/\/www.correiobraziliense.com.br\/cbradar\/wp-content\/uploads\/2025\/08\/cair-no-chao-idoso_1755988140960.jpg\" \/>\n\t<meta property=\"og:image:width\" content=\"1280\" \/>\n\t<meta property=\"og:image:height\" content=\"720\" \/>\n\t<meta property=\"og:image:type\" content=\"image\/jpeg\" \/>\n<meta name=\"author\" content=\"guilherme_saude\" \/>\n<meta name=\"twitter:card\" content=\"summary_large_image\" \/>\n<meta name=\"twitter:label1\" content=\"Escrito por\" \/>\n\t<meta name=\"twitter:data1\" content=\"guilherme_saude\" \/>\n\t<meta name=\"twitter:label2\" content=\"Est. tempo de leitura\" \/>\n\t<meta name=\"twitter:data2\" content=\"4 minutos\" \/>\n<!-- \/ Yoast SEO plugin. -->","yoast_head_json":{"title":"O sintoma inesperado que pode ser um alerta para Aneurisma Cerebral - Correio Braziliense - Radar","description":"Dor de cabe\u00e7a s\u00fabita e intensa pode ser sinal de aneurisma cerebral. Descubra os fatores de risco e formas de preven\u00e7\u00e3o.","robots":{"index":"index","follow":"follow","max-snippet":"max-snippet:-1","max-image-preview":"max-image-preview:large","max-video-preview":"max-video-preview:-1"},"canonical":"https:\/\/www.correiobraziliense.com.br\/cbradar\/o-sintoma-inesperado-que-pode-ser-um-alerta-para-aneurisma-cerebral\/","og_locale":"pt_BR","og_type":"article","og_title":"O sintoma inesperado que pode ser um alerta para Aneurisma Cerebral - Correio Braziliense - Radar","og_description":"Dor de cabe\u00e7a s\u00fabita e intensa pode ser sinal de aneurisma cerebral. Descubra os fatores de risco e formas de preven\u00e7\u00e3o.","og_url":"https:\/\/www.correiobraziliense.com.br\/cbradar\/o-sintoma-inesperado-que-pode-ser-um-alerta-para-aneurisma-cerebral\/","og_site_name":"Correio Braziliense - Radar","article_published_time":"2025-08-24T11:03:00+00:00","og_image":[{"width":1280,"height":720,"url":"https:\/\/www.correiobraziliense.com.br\/cbradar\/wp-content\/uploads\/2025\/08\/cair-no-chao-idoso_1755988140960.jpg","type":"image\/jpeg"}],"author":"guilherme_saude","twitter_card":"summary_large_image","twitter_misc":{"Escrito por":"guilherme_saude","Est. tempo de leitura":"4 minutos"},"schema":{"@context":"https:\/\/schema.org","@graph":[{"@type":"WebPage","@id":"https:\/\/www.correiobraziliense.com.br\/cbradar\/o-sintoma-inesperado-que-pode-ser-um-alerta-para-aneurisma-cerebral\/","url":"https:\/\/www.correiobraziliense.com.br\/cbradar\/o-sintoma-inesperado-que-pode-ser-um-alerta-para-aneurisma-cerebral\/","name":"O sintoma inesperado que pode ser um alerta para Aneurisma Cerebral - Correio Braziliense - Radar","isPartOf":{"@id":"https:\/\/www.correiobraziliense.com.br\/cbradar\/#website"},"primaryImageOfPage":{"@id":"https:\/\/www.correiobraziliense.com.br\/cbradar\/o-sintoma-inesperado-que-pode-ser-um-alerta-para-aneurisma-cerebral\/#primaryimage"},"image":{"@id":"https:\/\/www.correiobraziliense.com.br\/cbradar\/o-sintoma-inesperado-que-pode-ser-um-alerta-para-aneurisma-cerebral\/#primaryimage"},"thumbnailUrl":"https:\/\/www.correiobraziliense.com.br\/cbradar\/wp-content\/uploads\/2025\/08\/cair-no-chao-idoso_1755988140960.jpg","datePublished":"2025-08-24T11:03:00+00:00","author":{"@id":"https:\/\/www.correiobraziliense.com.br\/cbradar\/#\/schema\/person\/5aa4bf3c8fa699c267933611de12978b"},"description":"Dor de cabe\u00e7a s\u00fabita e intensa pode ser sinal de aneurisma cerebral. Descubra os fatores de risco e formas de preven\u00e7\u00e3o.","breadcrumb":{"@id":"https:\/\/www.correiobraziliense.com.br\/cbradar\/o-sintoma-inesperado-que-pode-ser-um-alerta-para-aneurisma-cerebral\/#breadcrumb"},"inLanguage":"pt-BR","potentialAction":[{"@type":"ReadAction","target":["https:\/\/www.correiobraziliense.com.br\/cbradar\/o-sintoma-inesperado-que-pode-ser-um-alerta-para-aneurisma-cerebral\/"]}]},{"@type":"ImageObject","inLanguage":"pt-BR","@id":"https:\/\/www.correiobraziliense.com.br\/cbradar\/o-sintoma-inesperado-que-pode-ser-um-alerta-para-aneurisma-cerebral\/#primaryimage","url":"https:\/\/www.correiobraziliense.com.br\/cbradar\/wp-content\/uploads\/2025\/08\/cair-no-chao-idoso_1755988140960.jpg","contentUrl":"https:\/\/www.correiobraziliense.com.br\/cbradar\/wp-content\/uploads\/2025\/08\/cair-no-chao-idoso_1755988140960.jpg","width":1280,"height":720,"caption":"Aneurisma Cerebral - Cr\u00e9ditos: depositphotos.com \/ Prot56"},{"@type":"BreadcrumbList","@id":"https:\/\/www.correiobraziliense.com.br\/cbradar\/o-sintoma-inesperado-que-pode-ser-um-alerta-para-aneurisma-cerebral\/#breadcrumb","itemListElement":[{"@type":"ListItem","position":1,"name":"In\u00edcio","item":"https:\/\/www.correiobraziliense.com.br\/cbradar\/"},{"@type":"ListItem","position":2,"name":"O sintoma inesperado que pode ser um alerta para Aneurisma Cerebral"}]},{"@type":"WebSite","@id":"https:\/\/www.correiobraziliense.com.br\/cbradar\/#website","url":"https:\/\/www.correiobraziliense.com.br\/cbradar\/","name":"Correio Braziliense - Radar","description":"Acompanhe as \u00faltimas not\u00edcias e fique bem informado sobre tudo o que acontece no Brasil e no mundo.","potentialAction":[{"@type":"SearchAction","target":{"@type":"EntryPoint","urlTemplate":"https:\/\/www.correiobraziliense.com.br\/cbradar\/?s={search_term_string}"},"query-input":{"@type":"PropertyValueSpecification","valueRequired":true,"valueName":"search_term_string"}}],"inLanguage":"pt-BR"},{"@type":"Person","@id":"https:\/\/www.correiobraziliense.com.br\/cbradar\/#\/schema\/person\/5aa4bf3c8fa699c267933611de12978b","name":"guilherme_saude","image":{"@type":"ImageObject","inLanguage":"pt-BR","@id":"https:\/\/www.correiobraziliense.com.br\/cbradar\/#\/schema\/person\/image\/","url":"https:\/\/secure.gravatar.com\/avatar\/df9adfb835d344bc0af109d41756253f?s=96&d=mm&r=g","contentUrl":"https:\/\/secure.gravatar.com\/avatar\/df9adfb835d344bc0af109d41756253f?s=96&d=mm&r=g","caption":"guilherme_saude"},"url":"https:\/\/www.correiobraziliense.com.br\/cbradar\/author\/guilherme_saude\/"}]}},"_links":{"self":[{"href":"https:\/\/www.correiobraziliense.com.br\/cbradar\/wp-json\/wp\/v2\/posts\/91889","targetHints":{"allow":["GET"]}}],"collection":[{"href":"https:\/\/www.correiobraziliense.com.br\/cbradar\/wp-json\/wp\/v2\/posts"}],"about":[{"href":"https:\/\/www.correiobraziliense.com.br\/cbradar\/wp-json\/wp\/v2\/types\/post"}],"author":[{"embeddable":true,"href":"https:\/\/www.correiobraziliense.com.br\/cbradar\/wp-json\/wp\/v2\/users\/14"}],"replies":[{"embeddable":true,"href":"https:\/\/www.correiobraziliense.com.br\/cbradar\/wp-json\/wp\/v2\/comments?post=91889"}],"version-history":[{"count":1,"href":"https:\/\/www.correiobraziliense.com.br\/cbradar\/wp-json\/wp\/v2\/posts\/91889\/revisions"}],"predecessor-version":[{"id":91901,"href":"https:\/\/www.correiobraziliense.com.br\/cbradar\/wp-json\/wp\/v2\/posts\/91889\/revisions\/91901"}],"wp:featuredmedia":[{"embeddable":true,"href":"https:\/\/www.correiobraziliense.com.br\/cbradar\/wp-json\/wp\/v2\/media\/91897"}],"wp:attachment":[{"href":"https:\/\/www.correiobraziliense.com.br\/cbradar\/wp-json\/wp\/v2\/media?parent=91889"}],"wp:term":[{"taxonomy":"category","embeddable":true,"href":"https:\/\/www.correiobraziliense.com.br\/cbradar\/wp-json\/wp\/v2\/categories?post=91889"},{"taxonomy":"post_tag","embeddable":true,"href":"https:\/\/www.correiobraziliense.com.br\/cbradar\/wp-json\/wp\/v2\/post_tag?post=91889"}],"curies":[{"name":"wp","href":"https:\/\/api.w.org\/{rel}","templated":true}]}}