{"id":9191,"date":"2025-03-06T20:10:00","date_gmt":"2025-03-06T23:10:00","guid":{"rendered":"https:\/\/www.correiobraziliense.com.br\/cbradar\/?p=9191"},"modified":"2025-03-05T15:41:19","modified_gmt":"2025-03-05T18:41:19","slug":"a-cidade-que-tem-mais-bicicletas-do-que-pessoas","status":"publish","type":"post","link":"https:\/\/www.correiobraziliense.com.br\/cbradar\/a-cidade-que-tem-mais-bicicletas-do-que-pessoas\/","title":{"rendered":"A cidade que tem mais bicicletas do que pessoas"},"content":{"rendered":"\n<p>Enquanto muitas cidades lutam contra congestionamentos e polui\u00e7\u00e3o, h\u00e1 um lugar onde as bicicletas s\u00e3o o principal meio de transporte e ultrapassam a quantidade de habitantes. <strong>Amsterd\u00e3<\/strong>, na Holanda, \u00e9 conhecida mundialmente como a \u201ccapital das bicicletas\u201d, com mais de <strong>900 mil bicicletas para apenas 800 mil moradores<\/strong>.<\/p>\n\n\n\n<p>Mas como essa cultura surgiu? O que faz Amsterd\u00e3 ser t\u00e3o diferente de outras metr\u00f3poles? Vamos entender por que essa cidade se tornou um verdadeiro para\u00edso para ciclistas.<\/p>\n\n\n\n<h2 class=\"wp-block-heading\"><strong>Como Amsterd\u00e3 se tornou a capital das bicicletas?<\/strong><\/h2>\n\n\n\n<p>Nos anos 1950 e 1960, como em muitas cidades ao redor do mundo, os carros come\u00e7aram a tomar conta das ruas de Amsterd\u00e3. O crescimento urbano trouxe problemas como polui\u00e7\u00e3o, congestionamentos e um aumento no n\u00famero de atropelamentos.<\/p>\n\n\n\n<p>A virada aconteceu nos anos 1970, quando movimentos populares come\u00e7aram a exigir ruas mais seguras e uma melhor qualidade de vida. O governo atendeu aos pedidos e passou a investir fortemente em infraestrutura para ciclistas, criando <strong>ciclovias exclusivas, estacionamentos para bicicletas e at\u00e9 sem\u00e1foros pr\u00f3prios<\/strong>.<\/p>\n\n\n\n<p>Hoje, a bicicleta n\u00e3o \u00e9 apenas um meio de transporte alternativo \u2013 \u00e9 o principal meio de locomo\u00e7\u00e3o da cidade.<\/p>\n\n\n\n<figure class=\"wp-block-image size-large\"><img decoding=\"async\" width=\"1024\" height=\"576\" src=\"https:\/\/www.correiobraziliense.com.br\/cbradar\/wp-content\/uploads\/2025\/03\/Amsterda_1741180555269-1024x576.jpg\" alt=\"A cidade que tem mais bicicletas do que pessoas\" class=\"wp-image-9193\" srcset=\"https:\/\/www.correiobraziliense.com.br\/cbradar\/wp-content\/uploads\/2025\/03\/Amsterda_1741180555269-1024x576.jpg 1024w, https:\/\/www.correiobraziliense.com.br\/cbradar\/wp-content\/uploads\/2025\/03\/Amsterda_1741180555269-300x169.jpg 300w, https:\/\/www.correiobraziliense.com.br\/cbradar\/wp-content\/uploads\/2025\/03\/Amsterda_1741180555269-768x432.jpg 768w, https:\/\/www.correiobraziliense.com.br\/cbradar\/wp-content\/uploads\/2025\/03\/Amsterda_1741180555269-750x422.jpg 750w, https:\/\/www.correiobraziliense.com.br\/cbradar\/wp-content\/uploads\/2025\/03\/Amsterda_1741180555269-1140x641.jpg 1140w, https:\/\/www.correiobraziliense.com.br\/cbradar\/wp-content\/uploads\/2025\/03\/Amsterda_1741180555269.jpg 1280w\" sizes=\"(max-width: 1024px) 100vw, 1024px\" \/><figcaption class=\"wp-element-caption\">Amsterd\u00e3. Cr\u00e9ditos: depositphotos.com \/ yasonya<\/figcaption><\/figure>\n\n\n\n<h2 class=\"wp-block-heading\"><strong>Como a cultura da bicicleta influencia o dia a dia?<\/strong><\/h2>\n\n\n\n<p>Andar de bicicleta em Amsterd\u00e3 n\u00e3o \u00e9 apenas um h\u00e1bito, mas um estilo de vida. A cidade foi planejada para que a bicicleta seja a maneira mais eficiente de se locomover, com ruas projetadas para dar prioridade aos ciclistas.<\/p>\n\n\n\n<p>Al\u00e9m de evitar tr\u00e2nsito e reduzir custos com transporte, o uso intenso da bicicleta traz outros benef\u00edcios, como um <strong>ambiente mais limpo, menos polui\u00e7\u00e3o sonora e uma popula\u00e7\u00e3o mais ativa fisicamente<\/strong>.<\/p>\n\n\n\n<p>Os moradores n\u00e3o veem a bicicleta como um s\u00edmbolo de status ou esporte, mas como parte essencial do cotidiano. Chova ou fa\u00e7a sol, crian\u00e7as, idosos e at\u00e9 executivos de terno pedalam para o trabalho, para a escola ou para qualquer outro compromisso.<\/p>\n\n\n\n<h2 class=\"wp-block-heading\"><strong>Curiosidades sobre Amsterd\u00e3 e suas bicicletas<\/strong><\/h2>\n\n\n\n<ul class=\"wp-block-list\">\n<li><strong>Mais de 500 km de ciclovias<\/strong> \u2013 A cidade tem uma das maiores redes de ciclovias do mundo.<\/li>\n\n\n\n<li><strong>Estacionamento para bicicletas gigantes<\/strong> \u2013 Existem estacionamentos que comportam mais de 10 mil bicicletas.<\/li>\n\n\n\n<li><strong>Bicicletas no canal<\/strong> \u2013 Todos os anos, cerca de 15 mil bicicletas caem nos famosos canais da cidade.<\/li>\n\n\n\n<li><strong>Multas para ciclistas<\/strong> \u2013 Apesar da liberdade, existem regras e multas para quem desrespeita as leis de tr\u00e2nsito de bicicleta.<\/li>\n\n\n\n<li><strong>Bicicletas s\u00e3o prioridade no tr\u00e2nsito<\/strong> \u2013 Em muitas \u00e1reas, os ciclistas t\u00eam mais espa\u00e7o e direitos do que os carros.<\/li>\n<\/ul>\n\n\n\n<h2 class=\"wp-block-heading\"><strong>Amsterd\u00e3 pode ser um exemplo para outras cidades?<\/strong><\/h2>\n\n\n\n<p>O sucesso da cultura da bicicleta em Amsterd\u00e3 mostra que \u00e9 poss\u00edvel transformar o tr\u00e2nsito de uma cidade com planejamento e incentivos corretos. Enquanto muitos lugares continuam dependentes de carros e enfrentam congestionamentos di\u00e1rios, a capital holandesa prova que uma alternativa mais sustent\u00e1vel e saud\u00e1vel \u00e9 poss\u00edvel.<\/p>\n\n\n\n<p>Para quem visita Amsterd\u00e3, andar de bicicleta n\u00e3o \u00e9 apenas uma forma de transporte \u2013 \u00e9 uma experi\u00eancia cultural. E para o resto do mundo, a cidade serve de inspira\u00e7\u00e3o para um futuro onde as ruas sejam mais humanas, menos polu\u00eddas e mais seguras para todos.<\/p>\n","protected":false},"excerpt":{"rendered":"<p>Existe uma cidade onde as bicicletas superam a popula\u00e7\u00e3o e dominam as ruas. Como isso aconteceu? Descubra sobre esse lugar surpreendente.<\/p>\n","protected":false},"author":3,"featured_media":9192,"comment_status":"open","ping_status":"open","sticky":false,"template":"","format":"standard","meta":{"_yoast_wpseo_focuskw":"cidade bicicletas","_yoast_wpseo_title":"%%title%%","_yoast_wpseo_metadesc":"Existe uma cidade onde as bicicletas superam a popula\u00e7\u00e3o e dominam as ruas. Como isso aconteceu? Descubra sobre esse lugar surpreendente.","jnews-multi-image_gallery":[],"jnews_single_post":{"format":"standard"},"jnews_primary_category":[],"jnews_social_meta":[],"jnews_override_counter":[],"footnotes":""},"categories":[108],"post_tag":[469,109],"class_list":["post-9191","post","type-post","status-publish","format-standard","has-post-thumbnail","hentry","category-cidades","tag-alemanha","tag-cidades"],"yoast_head":"<!-- This site is optimized with the Yoast SEO plugin v24.6 - https:\/\/yoast.com\/wordpress\/plugins\/seo\/ -->\n<title>A cidade que tem mais bicicletas do que pessoas<\/title>\n<meta name=\"description\" content=\"Existe uma cidade onde as bicicletas superam a popula\u00e7\u00e3o e dominam as ruas. Como isso aconteceu? Descubra sobre esse lugar surpreendente.\" \/>\n<meta name=\"robots\" content=\"index, follow, max-snippet:-1, max-image-preview:large, max-video-preview:-1\" \/>\n<link rel=\"canonical\" href=\"https:\/\/www.correiobraziliense.com.br\/cbradar\/a-cidade-que-tem-mais-bicicletas-do-que-pessoas\/\" \/>\n<meta property=\"og:locale\" content=\"pt_BR\" \/>\n<meta property=\"og:type\" content=\"article\" \/>\n<meta property=\"og:title\" content=\"A cidade que tem mais bicicletas do que pessoas\" \/>\n<meta property=\"og:description\" content=\"Existe uma cidade onde as bicicletas superam a popula\u00e7\u00e3o e dominam as ruas. Como isso aconteceu? Descubra sobre esse lugar surpreendente.\" \/>\n<meta property=\"og:url\" content=\"https:\/\/www.correiobraziliense.com.br\/cbradar\/a-cidade-que-tem-mais-bicicletas-do-que-pessoas\/\" \/>\n<meta property=\"og:site_name\" content=\"Correio Braziliense - Radar\" \/>\n<meta property=\"article:published_time\" content=\"2025-03-06T23:10:00+00:00\" \/>\n<meta property=\"og:image\" content=\"https:\/\/www.correiobraziliense.com.br\/cbradar\/wp-content\/uploads\/2025\/03\/Amsterda_1741180529686.jpg\" \/>\n\t<meta property=\"og:image:width\" content=\"1280\" \/>\n\t<meta property=\"og:image:height\" content=\"720\" \/>\n\t<meta property=\"og:image:type\" content=\"image\/jpeg\" \/>\n<meta name=\"author\" content=\"Larissa Carvalho\" \/>\n<meta name=\"twitter:card\" content=\"summary_large_image\" \/>\n<meta name=\"twitter:label1\" content=\"Escrito por\" \/>\n\t<meta name=\"twitter:data1\" content=\"Larissa Carvalho\" \/>\n\t<meta name=\"twitter:label2\" content=\"Est. tempo de leitura\" \/>\n\t<meta name=\"twitter:data2\" content=\"4 minutos\" \/>\n<!-- \/ Yoast SEO plugin. -->","yoast_head_json":{"title":"A cidade que tem mais bicicletas do que pessoas","description":"Existe uma cidade onde as bicicletas superam a popula\u00e7\u00e3o e dominam as ruas. Como isso aconteceu? Descubra sobre esse lugar surpreendente.","robots":{"index":"index","follow":"follow","max-snippet":"max-snippet:-1","max-image-preview":"max-image-preview:large","max-video-preview":"max-video-preview:-1"},"canonical":"https:\/\/www.correiobraziliense.com.br\/cbradar\/a-cidade-que-tem-mais-bicicletas-do-que-pessoas\/","og_locale":"pt_BR","og_type":"article","og_title":"A cidade que tem mais bicicletas do que pessoas","og_description":"Existe uma cidade onde as bicicletas superam a popula\u00e7\u00e3o e dominam as ruas. Como isso aconteceu? Descubra sobre esse lugar surpreendente.","og_url":"https:\/\/www.correiobraziliense.com.br\/cbradar\/a-cidade-que-tem-mais-bicicletas-do-que-pessoas\/","og_site_name":"Correio Braziliense - Radar","article_published_time":"2025-03-06T23:10:00+00:00","og_image":[{"width":1280,"height":720,"url":"https:\/\/www.correiobraziliense.com.br\/cbradar\/wp-content\/uploads\/2025\/03\/Amsterda_1741180529686.jpg","type":"image\/jpeg"}],"author":"Larissa Carvalho","twitter_card":"summary_large_image","twitter_misc":{"Escrito por":"Larissa Carvalho","Est. tempo de leitura":"4 minutos"},"schema":{"@context":"https:\/\/schema.org","@graph":[{"@type":"WebPage","@id":"https:\/\/www.correiobraziliense.com.br\/cbradar\/a-cidade-que-tem-mais-bicicletas-do-que-pessoas\/","url":"https:\/\/www.correiobraziliense.com.br\/cbradar\/a-cidade-que-tem-mais-bicicletas-do-que-pessoas\/","name":"A cidade que tem mais bicicletas do que pessoas","isPartOf":{"@id":"https:\/\/www.correiobraziliense.com.br\/cbradar\/#website"},"primaryImageOfPage":{"@id":"https:\/\/www.correiobraziliense.com.br\/cbradar\/a-cidade-que-tem-mais-bicicletas-do-que-pessoas\/#primaryimage"},"image":{"@id":"https:\/\/www.correiobraziliense.com.br\/cbradar\/a-cidade-que-tem-mais-bicicletas-do-que-pessoas\/#primaryimage"},"thumbnailUrl":"https:\/\/www.correiobraziliense.com.br\/cbradar\/wp-content\/uploads\/2025\/03\/Amsterda_1741180529686.jpg","datePublished":"2025-03-06T23:10:00+00:00","author":{"@id":"https:\/\/www.correiobraziliense.com.br\/cbradar\/#\/schema\/person\/58422787644df994b53a19d3e56c1513"},"description":"Existe uma cidade onde as bicicletas superam a popula\u00e7\u00e3o e dominam as ruas. Como isso aconteceu? Descubra sobre esse lugar surpreendente.","breadcrumb":{"@id":"https:\/\/www.correiobraziliense.com.br\/cbradar\/a-cidade-que-tem-mais-bicicletas-do-que-pessoas\/#breadcrumb"},"inLanguage":"pt-BR","potentialAction":[{"@type":"ReadAction","target":["https:\/\/www.correiobraziliense.com.br\/cbradar\/a-cidade-que-tem-mais-bicicletas-do-que-pessoas\/"]}]},{"@type":"ImageObject","inLanguage":"pt-BR","@id":"https:\/\/www.correiobraziliense.com.br\/cbradar\/a-cidade-que-tem-mais-bicicletas-do-que-pessoas\/#primaryimage","url":"https:\/\/www.correiobraziliense.com.br\/cbradar\/wp-content\/uploads\/2025\/03\/Amsterda_1741180529686.jpg","contentUrl":"https:\/\/www.correiobraziliense.com.br\/cbradar\/wp-content\/uploads\/2025\/03\/Amsterda_1741180529686.jpg","width":1280,"height":720,"caption":"Amsterd\u00e3. Cr\u00e9ditos: depositphotos.com \/ IraGirichBO"},{"@type":"BreadcrumbList","@id":"https:\/\/www.correiobraziliense.com.br\/cbradar\/a-cidade-que-tem-mais-bicicletas-do-que-pessoas\/#breadcrumb","itemListElement":[{"@type":"ListItem","position":1,"name":"In\u00edcio","item":"https:\/\/www.correiobraziliense.com.br\/cbradar\/"},{"@type":"ListItem","position":2,"name":"A cidade que tem mais bicicletas do que pessoas"}]},{"@type":"WebSite","@id":"https:\/\/www.correiobraziliense.com.br\/cbradar\/#website","url":"https:\/\/www.correiobraziliense.com.br\/cbradar\/","name":"Correio Braziliense - Radar","description":"Acompanhe as \u00faltimas not\u00edcias e fique bem informado sobre tudo o que acontece no Brasil e no mundo.","potentialAction":[{"@type":"SearchAction","target":{"@type":"EntryPoint","urlTemplate":"https:\/\/www.correiobraziliense.com.br\/cbradar\/?s={search_term_string}"},"query-input":{"@type":"PropertyValueSpecification","valueRequired":true,"valueName":"search_term_string"}}],"inLanguage":"pt-BR"},{"@type":"Person","@id":"https:\/\/www.correiobraziliense.com.br\/cbradar\/#\/schema\/person\/58422787644df994b53a19d3e56c1513","name":"Larissa Carvalho","image":{"@type":"ImageObject","inLanguage":"pt-BR","@id":"https:\/\/www.correiobraziliense.com.br\/cbradar\/#\/schema\/person\/image\/","url":"https:\/\/secure.gravatar.com\/avatar\/fe4f91a0de32b52a838d0d612abdc1aa?s=96&d=mm&r=g","contentUrl":"https:\/\/secure.gravatar.com\/avatar\/fe4f91a0de32b52a838d0d612abdc1aa?s=96&d=mm&r=g","caption":"Larissa Carvalho"},"url":"https:\/\/www.correiobraziliense.com.br\/cbradar\/author\/larissamyth\/"}]}},"_links":{"self":[{"href":"https:\/\/www.correiobraziliense.com.br\/cbradar\/wp-json\/wp\/v2\/posts\/9191","targetHints":{"allow":["GET"]}}],"collection":[{"href":"https:\/\/www.correiobraziliense.com.br\/cbradar\/wp-json\/wp\/v2\/posts"}],"about":[{"href":"https:\/\/www.correiobraziliense.com.br\/cbradar\/wp-json\/wp\/v2\/types\/post"}],"author":[{"embeddable":true,"href":"https:\/\/www.correiobraziliense.com.br\/cbradar\/wp-json\/wp\/v2\/users\/3"}],"replies":[{"embeddable":true,"href":"https:\/\/www.correiobraziliense.com.br\/cbradar\/wp-json\/wp\/v2\/comments?post=9191"}],"version-history":[{"count":1,"href":"https:\/\/www.correiobraziliense.com.br\/cbradar\/wp-json\/wp\/v2\/posts\/9191\/revisions"}],"predecessor-version":[{"id":9194,"href":"https:\/\/www.correiobraziliense.com.br\/cbradar\/wp-json\/wp\/v2\/posts\/9191\/revisions\/9194"}],"wp:featuredmedia":[{"embeddable":true,"href":"https:\/\/www.correiobraziliense.com.br\/cbradar\/wp-json\/wp\/v2\/media\/9192"}],"wp:attachment":[{"href":"https:\/\/www.correiobraziliense.com.br\/cbradar\/wp-json\/wp\/v2\/media?parent=9191"}],"wp:term":[{"taxonomy":"category","embeddable":true,"href":"https:\/\/www.correiobraziliense.com.br\/cbradar\/wp-json\/wp\/v2\/categories?post=9191"},{"taxonomy":"post_tag","embeddable":true,"href":"https:\/\/www.correiobraziliense.com.br\/cbradar\/wp-json\/wp\/v2\/post_tag?post=9191"}],"curies":[{"name":"wp","href":"https:\/\/api.w.org\/{rel}","templated":true}]}}