{"id":91926,"date":"2025-08-24T17:33:00","date_gmt":"2025-08-24T20:33:00","guid":{"rendered":"https:\/\/www.correiobraziliense.com.br\/cbradar\/?p=91926"},"modified":"2025-08-23T20:05:06","modified_gmt":"2025-08-23T23:05:06","slug":"esse-e-o-metodo-mais-eficaz-para-reduzir-estresse-em-2025","status":"publish","type":"post","link":"https:\/\/www.correiobraziliense.com.br\/cbradar\/esse-e-o-metodo-mais-eficaz-para-reduzir-estresse-em-2025\/","title":{"rendered":"Esse \u00e9 o m\u00e9todo mais eficaz para reduzir estresse em 2025"},"content":{"rendered":"\n<p>Cuidar da <strong>Sa\u00fade Mental<\/strong> \u00e9 crucial para o bem-estar geral e a qualidade de vida. De acordo com a Organiza\u00e7\u00e3o Mundial da Sa\u00fade, transtornos como ansiedade e depress\u00e3o impactam milh\u00f5es de pessoas, e pr\u00e1ticas preventivas s\u00e3o fundamentais para mitigar esses efeitos. Uma mente saud\u00e1vel n\u00e3o s\u00f3 melhora a produtividade e os relacionamentos, como tamb\u00e9m afeta positivamente a <a href=\"https:\/\/www.gov.br\/saude\/pt-br\" target=\"_blank\" rel=\"noreferrer noopener\">sa\u00fade <\/a>f\u00edsica. Estudos da Universidade de Harvard demonstram que pr\u00e1ticas di\u00e1rias como mindfulness e exerc\u00edcios f\u00edsicos ajudam a regular o estresse e aumentam a resili\u00eancia emocional.<\/p>\n\n\n\n<p>Ao longo da vida adulta, o ritmo acelerado pode sobrecarregar a mente, tornando essencial a incorpora\u00e7\u00e3o de h\u00e1bitos que promovem a Sa\u00fade Mental. A implementa\u00e7\u00e3o de pequenas mudan\u00e7as na rotina, como a pr\u00e1tica da medita\u00e7\u00e3o e a manuten\u00e7\u00e3o de conex\u00f5es sociais significativas, pode trazer grandes benef\u00edcios.<\/p>\n\n\n\n<h2 class=\"wp-block-heading\">Quais s\u00e3o os h\u00e1bitos simples para melhorar a Sa\u00fade Mental?<\/h2>\n\n\n\n<p>Adotar certos h\u00e1bitos di\u00e1rios pode transformar significativamente o bem-estar mental. Entre eles, incluem-se: medita\u00e7\u00e3o regular, journaling, exerc\u00edcios f\u00edsicos, sono adequado, <a href=\"https:\/\/www.correiobraziliense.com.br\/cbradar\/dr-antonio-lopes-cirurgiao-a-verdade-chocante-sobre-a-bariatrica-nao-e-estetica-e-sobrevivencia\/\" target=\"_blank\" rel=\"noreferrer noopener\">alimenta\u00e7\u00e3o <\/a>saud\u00e1vel, conex\u00e3o social, pausas conscientes, gratid\u00e3o, leitura, e controle do tempo de tela. Cada uma dessas pr\u00e1ticas traz benef\u00edcios comprovados pela ci\u00eancia.<\/p>\n\n\n<div class=\"wp-block-image\">\n<figure class=\"aligncenter size-large\"><img decoding=\"async\" width=\"1024\" height=\"576\" src=\"https:\/\/www.correiobraziliense.com.br\/cbradar\/wp-content\/uploads\/2025\/06\/saude-mental_1749823907820-1024x576.jpg\" alt=\"\" class=\"wp-image-52642\" srcset=\"https:\/\/www.correiobraziliense.com.br\/cbradar\/wp-content\/uploads\/2025\/06\/saude-mental_1749823907820-1024x576.jpg 1024w, https:\/\/www.correiobraziliense.com.br\/cbradar\/wp-content\/uploads\/2025\/06\/saude-mental_1749823907820-300x169.jpg 300w, https:\/\/www.correiobraziliense.com.br\/cbradar\/wp-content\/uploads\/2025\/06\/saude-mental_1749823907820-768x432.jpg 768w, https:\/\/www.correiobraziliense.com.br\/cbradar\/wp-content\/uploads\/2025\/06\/saude-mental_1749823907820-750x422.jpg 750w, https:\/\/www.correiobraziliense.com.br\/cbradar\/wp-content\/uploads\/2025\/06\/saude-mental_1749823907820-1140x641.jpg 1140w, https:\/\/www.correiobraziliense.com.br\/cbradar\/wp-content\/uploads\/2025\/06\/saude-mental_1749823907820.jpg 1280w\" sizes=\"(max-width: 1024px) 100vw, 1024px\" \/><figcaption class=\"wp-element-caption\">Sa\u00fade mental &#8211; Cr\u00e9ditos: depositphotos.com \/ HayDmitriy<\/figcaption><\/figure><\/div>\n\n\n<p>Por exemplo, a medita\u00e7\u00e3o, praticada por apenas cinco minutos di\u00e1rios, vem sendo associada \u00e0 redu\u00e7\u00e3o do estresse e ao aumento do foco. Sess\u00f5es de journaling, onde se registram pensamentos e emo\u00e7\u00f5es, ajudam a clarear a mente. J\u00e1 caminhadas di\u00e1rias de 20 minutos n\u00e3o s\u00f3 melhoram o condicionamento f\u00edsico, mas tamb\u00e9m elevam o humor.<\/p>\n\n\n\n<h2 class=\"wp-block-heading\">Como come\u00e7ar a implementar novos h\u00e1bitos?<\/h2>\n\n\n\n<p>O processo de implementa\u00e7\u00e3o desses h\u00e1bitos deve ser gradual para que sejam sustent\u00e1veis. A Sociedade Brasileira de Psicologia sugere come\u00e7ar por um \u00fanico h\u00e1bito que seja f\u00e1cil de incorporar \u00e0 rotina, como a medita\u00e7\u00e3o matinal. Aplicativos gratuitos, como Insight Timer, est\u00e3o facilmente dispon\u00edveis e ajudam a guiar essa pr\u00e1tica di\u00e1ria.<\/p>\n\n\n\n<p>Ap\u00f3s uma semana, adicione um novo h\u00e1bito, como o journaling noturno. Estabelecer metas pequenas e realistas \u00e9 crucial para evitar a sobrecarga, garantindo que novos comportamentos se tornem parte natural da rotina di\u00e1ria.<\/p>\n\n\n\n<h2 class=\"wp-block-heading\">Quais os Benef\u00edcios de Longo Prazo Destes H\u00e1bitos?<\/h2>\n\n\n\n<p>A incorpora\u00e7\u00e3o cont\u00ednua desses h\u00e1bitos pode levar a melhorias significativas no humor, na resist\u00eancia ao estresse e na resili\u00eancia emocional. Pesquisas da Universidade de Oxford indicam que a pr\u00e1tica regular da medita\u00e7\u00e3o aumenta a densidade da mat\u00e9ria cinzenta no c\u00e9rebro, o que favorece a concentra\u00e7\u00e3o. Al\u00e9m disso, a gratid\u00e3o e as conex\u00f5es sociais fortalecem os la\u00e7os interpessoais, enquanto padr\u00f5es de sono regulares podem prevenir transtornos como a depress\u00e3o.<\/p>\n\n\n\n<p>No contexto brasileiro, onde os desafios de Sa\u00fade Mental s\u00e3o uma preocupa\u00e7\u00e3o crescente, a ado\u00e7\u00e3o desses h\u00e1bitos pode reduzir a depend\u00eancia de medicamentos e proporcionar uma melhor qualidade de vida.<\/p>\n\n\n\n<h2 class=\"wp-block-heading\">Como manter os h\u00e1bitos de Sa\u00fade Mental ao longo de 2025?<\/h2>\n\n\n\n<p>A manuten\u00e7\u00e3o desses h\u00e1bitos em 2025 requer planejamento cuidadoso e a cria\u00e7\u00e3o de um ambiente favor\u00e1vel. Designar um espa\u00e7o calmo e atraente em casa para atividades como medita\u00e7\u00e3o ou journaling pode tornar essas pr\u00e1ticas mais agrad\u00e1veis. Participar de grupos de apoio locais ou comunidades online pode proporcionar motiva\u00e7\u00e3o adicional.<\/p>\n\n\n\n<p>Utilizar aplicativos como Habitica, que gamifica a constru\u00e7\u00e3o de h\u00e1bitos, pode tornar o processo de manter Sa\u00fade Mental agrad\u00e1vel. Recompensas pessoais, como pequenas indulg\u00eancias ap\u00f3s completar uma semana consistente de pr\u00e1ticas, incentivam a continuidade desses comportamentos ben\u00e9ficos. Com esfor\u00e7o e dedica\u00e7\u00e3o, esses h\u00e1bitos podem transformar 2025 em uma jornada de Sa\u00fade Mental equilibrada e satisfat\u00f3ria.<\/p>\n\n\n<a href=\"https:\/\/www.instagram.com\/dra.annaluisabf\/\" target=\"_blank\" rel=\"noopener\" style=\"text-decoration: none; color: inherit;\">\n    <span style=\"display: inline-block; border: 1px solid #ccc; border-radius: 10px; padding: 15px; max-width: 550px; font-family: sans-serif; box-shadow: 0 2px 5px rgba(0,0,0,0.1); width: 100%;\">\n\n      <!-- T\u00edtulo -->\n      <span style=\"display: block; margin: 0 0 15px 0; font-weight: bold; color: #2c3e50; text-align: center;\">\n        Entre em contato:\n      <\/span>\n\n      <!-- Linha do perfil -->\n      <span style=\"display: flex; align-items: center; gap: 15px;\">\n        <img decoding=\"async\"\n          src=\"https:\/\/www.correiobraziliense.com.br\/cbradar\/wp-content\/uploads\/2025\/08\/dra_anna_luisa.jpeg\"\n          alt=\"Foto da Dra. Anna Lu\u00edsa\"\n          style=\"border-radius: 50%; width: 80px; height: 80px; object-fit: cover;\"\n        \/>\n        <span style=\"display: flex; flex-direction: column;\">\n          <span style=\"font-size: 18px; font-weight: 700; color: #2c3e50;\">Dra. Anna Lu\u00edsa Barbosa Fernandes<\/span>\n          <span style=\"color: #555;\">CRM-GO 33.271<\/span>\n        <\/span>\n      <\/span>\n\n      <!-- Redes -->\n      <span style=\"display: flex; align-items: center; gap: 10px; margin-top: 12px;\">\n        <img decoding=\"async\" src=\"https:\/\/cdn-icons-png.flaticon.com\/24\/1384\/1384063.png\" alt=\"Instagram\" width=\"24\" height=\"24\" \/>\n        <span style=\"text-decoration: underline; color: #2c3e50;\">@dra.annaluisabf<\/span>\n      <\/span>\n\n    <\/span>\n  <\/a>","protected":false},"excerpt":{"rendered":"<p>Cuidar da Sa\u00fade Mental \u00e9 crucial para o bem-estar geral e a qualidade de vida. De acordo com a Organiza\u00e7\u00e3o Mundial da Sa\u00fade, transtornos como ansiedade e depress\u00e3o impactam milh\u00f5es de pessoas, e pr\u00e1ticas preventivas s\u00e3o fundamentais para mitigar esses efeitos. Uma mente saud\u00e1vel n\u00e3o s\u00f3 melhora a produtividade e os relacionamentos, como tamb\u00e9m afeta [&hellip;]<\/p>\n","protected":false},"author":14,"featured_media":52641,"comment_status":"open","ping_status":"open","sticky":false,"template":"","format":"standard","meta":{"jnews-multi-image_gallery":[],"jnews_single_post":{"format":"standard"},"jnews_primary_category":[],"jnews_social_meta":[],"jnews_override_counter":[],"footnotes":""},"categories":[4404],"post_tag":[120,1318,405],"class_list":["post-91926","post","type-post","status-publish","format-standard","has-post-thumbnail","hentry","category-saude","tag-bem-estar","tag-saude-2","tag-saude-mental"],"yoast_head":"<!-- This site is optimized with the Yoast SEO plugin v24.6 - https:\/\/yoast.com\/wordpress\/plugins\/seo\/ -->\n<title>Esse \u00e9 o m\u00e9todo mais eficaz para reduzir estresse em 2025 - Correio Braziliense - Radar<\/title>\n<meta name=\"description\" content=\"Conhe\u00e7a segredos simples para reduzir ansiedade e estresse com pr\u00e1ticas comprovadas que fortalecem mente e emo\u00e7\u00f5es.\" \/>\n<meta name=\"robots\" content=\"index, follow, max-snippet:-1, max-image-preview:large, max-video-preview:-1\" \/>\n<link rel=\"canonical\" href=\"https:\/\/www.correiobraziliense.com.br\/cbradar\/esse-e-o-metodo-mais-eficaz-para-reduzir-estresse-em-2025\/\" \/>\n<meta property=\"og:locale\" content=\"pt_BR\" \/>\n<meta property=\"og:type\" content=\"article\" \/>\n<meta property=\"og:title\" content=\"Esse \u00e9 o m\u00e9todo mais eficaz para reduzir estresse em 2025 - Correio Braziliense - Radar\" \/>\n<meta property=\"og:description\" content=\"Conhe\u00e7a segredos simples para reduzir ansiedade e estresse com pr\u00e1ticas comprovadas que fortalecem mente e emo\u00e7\u00f5es.\" \/>\n<meta property=\"og:url\" content=\"https:\/\/www.correiobraziliense.com.br\/cbradar\/esse-e-o-metodo-mais-eficaz-para-reduzir-estresse-em-2025\/\" \/>\n<meta property=\"og:site_name\" content=\"Correio Braziliense - Radar\" \/>\n<meta property=\"article:published_time\" content=\"2025-08-24T20:33:00+00:00\" \/>\n<meta property=\"og:image\" content=\"https:\/\/www.correiobraziliense.com.br\/cbradar\/wp-content\/uploads\/2025\/06\/saude-mental_1749823871855.jpg\" \/>\n\t<meta property=\"og:image:width\" content=\"1280\" \/>\n\t<meta property=\"og:image:height\" content=\"720\" \/>\n\t<meta property=\"og:image:type\" content=\"image\/jpeg\" \/>\n<meta name=\"author\" content=\"guilherme_saude\" \/>\n<meta name=\"twitter:card\" content=\"summary_large_image\" \/>\n<meta name=\"twitter:label1\" content=\"Escrito por\" \/>\n\t<meta name=\"twitter:data1\" content=\"guilherme_saude\" \/>\n\t<meta name=\"twitter:label2\" content=\"Est. tempo de leitura\" \/>\n\t<meta name=\"twitter:data2\" content=\"4 minutos\" \/>\n<!-- \/ Yoast SEO plugin. -->","yoast_head_json":{"title":"Esse \u00e9 o m\u00e9todo mais eficaz para reduzir estresse em 2025 - Correio Braziliense - Radar","description":"Conhe\u00e7a segredos simples para reduzir ansiedade e estresse com pr\u00e1ticas comprovadas que fortalecem mente e emo\u00e7\u00f5es.","robots":{"index":"index","follow":"follow","max-snippet":"max-snippet:-1","max-image-preview":"max-image-preview:large","max-video-preview":"max-video-preview:-1"},"canonical":"https:\/\/www.correiobraziliense.com.br\/cbradar\/esse-e-o-metodo-mais-eficaz-para-reduzir-estresse-em-2025\/","og_locale":"pt_BR","og_type":"article","og_title":"Esse \u00e9 o m\u00e9todo mais eficaz para reduzir estresse em 2025 - Correio Braziliense - Radar","og_description":"Conhe\u00e7a segredos simples para reduzir ansiedade e estresse com pr\u00e1ticas comprovadas que fortalecem mente e emo\u00e7\u00f5es.","og_url":"https:\/\/www.correiobraziliense.com.br\/cbradar\/esse-e-o-metodo-mais-eficaz-para-reduzir-estresse-em-2025\/","og_site_name":"Correio Braziliense - Radar","article_published_time":"2025-08-24T20:33:00+00:00","og_image":[{"width":1280,"height":720,"url":"https:\/\/www.correiobraziliense.com.br\/cbradar\/wp-content\/uploads\/2025\/06\/saude-mental_1749823871855.jpg","type":"image\/jpeg"}],"author":"guilherme_saude","twitter_card":"summary_large_image","twitter_misc":{"Escrito por":"guilherme_saude","Est. tempo de leitura":"4 minutos"},"schema":{"@context":"https:\/\/schema.org","@graph":[{"@type":"WebPage","@id":"https:\/\/www.correiobraziliense.com.br\/cbradar\/esse-e-o-metodo-mais-eficaz-para-reduzir-estresse-em-2025\/","url":"https:\/\/www.correiobraziliense.com.br\/cbradar\/esse-e-o-metodo-mais-eficaz-para-reduzir-estresse-em-2025\/","name":"Esse \u00e9 o m\u00e9todo mais eficaz para reduzir estresse em 2025 - Correio Braziliense - Radar","isPartOf":{"@id":"https:\/\/www.correiobraziliense.com.br\/cbradar\/#website"},"primaryImageOfPage":{"@id":"https:\/\/www.correiobraziliense.com.br\/cbradar\/esse-e-o-metodo-mais-eficaz-para-reduzir-estresse-em-2025\/#primaryimage"},"image":{"@id":"https:\/\/www.correiobraziliense.com.br\/cbradar\/esse-e-o-metodo-mais-eficaz-para-reduzir-estresse-em-2025\/#primaryimage"},"thumbnailUrl":"https:\/\/www.correiobraziliense.com.br\/cbradar\/wp-content\/uploads\/2025\/06\/saude-mental_1749823871855.jpg","datePublished":"2025-08-24T20:33:00+00:00","author":{"@id":"https:\/\/www.correiobraziliense.com.br\/cbradar\/#\/schema\/person\/5aa4bf3c8fa699c267933611de12978b"},"description":"Conhe\u00e7a segredos simples para reduzir ansiedade e estresse com pr\u00e1ticas comprovadas que fortalecem mente e emo\u00e7\u00f5es.","breadcrumb":{"@id":"https:\/\/www.correiobraziliense.com.br\/cbradar\/esse-e-o-metodo-mais-eficaz-para-reduzir-estresse-em-2025\/#breadcrumb"},"inLanguage":"pt-BR","potentialAction":[{"@type":"ReadAction","target":["https:\/\/www.correiobraziliense.com.br\/cbradar\/esse-e-o-metodo-mais-eficaz-para-reduzir-estresse-em-2025\/"]}]},{"@type":"ImageObject","inLanguage":"pt-BR","@id":"https:\/\/www.correiobraziliense.com.br\/cbradar\/esse-e-o-metodo-mais-eficaz-para-reduzir-estresse-em-2025\/#primaryimage","url":"https:\/\/www.correiobraziliense.com.br\/cbradar\/wp-content\/uploads\/2025\/06\/saude-mental_1749823871855.jpg","contentUrl":"https:\/\/www.correiobraziliense.com.br\/cbradar\/wp-content\/uploads\/2025\/06\/saude-mental_1749823871855.jpg","width":1280,"height":720,"caption":"Sa\u00fade - Cr\u00e9ditos: depositphotos.com \/ EpicStockMedia"},{"@type":"BreadcrumbList","@id":"https:\/\/www.correiobraziliense.com.br\/cbradar\/esse-e-o-metodo-mais-eficaz-para-reduzir-estresse-em-2025\/#breadcrumb","itemListElement":[{"@type":"ListItem","position":1,"name":"In\u00edcio","item":"https:\/\/www.correiobraziliense.com.br\/cbradar\/"},{"@type":"ListItem","position":2,"name":"Esse \u00e9 o m\u00e9todo mais eficaz para reduzir estresse em 2025"}]},{"@type":"WebSite","@id":"https:\/\/www.correiobraziliense.com.br\/cbradar\/#website","url":"https:\/\/www.correiobraziliense.com.br\/cbradar\/","name":"Correio Braziliense - Radar","description":"Acompanhe as \u00faltimas not\u00edcias e fique bem informado sobre tudo o que acontece no Brasil e no mundo.","potentialAction":[{"@type":"SearchAction","target":{"@type":"EntryPoint","urlTemplate":"https:\/\/www.correiobraziliense.com.br\/cbradar\/?s={search_term_string}"},"query-input":{"@type":"PropertyValueSpecification","valueRequired":true,"valueName":"search_term_string"}}],"inLanguage":"pt-BR"},{"@type":"Person","@id":"https:\/\/www.correiobraziliense.com.br\/cbradar\/#\/schema\/person\/5aa4bf3c8fa699c267933611de12978b","name":"guilherme_saude","image":{"@type":"ImageObject","inLanguage":"pt-BR","@id":"https:\/\/www.correiobraziliense.com.br\/cbradar\/#\/schema\/person\/image\/","url":"https:\/\/secure.gravatar.com\/avatar\/df9adfb835d344bc0af109d41756253f?s=96&d=mm&r=g","contentUrl":"https:\/\/secure.gravatar.com\/avatar\/df9adfb835d344bc0af109d41756253f?s=96&d=mm&r=g","caption":"guilherme_saude"},"url":"https:\/\/www.correiobraziliense.com.br\/cbradar\/author\/guilherme_saude\/"}]}},"_links":{"self":[{"href":"https:\/\/www.correiobraziliense.com.br\/cbradar\/wp-json\/wp\/v2\/posts\/91926","targetHints":{"allow":["GET"]}}],"collection":[{"href":"https:\/\/www.correiobraziliense.com.br\/cbradar\/wp-json\/wp\/v2\/posts"}],"about":[{"href":"https:\/\/www.correiobraziliense.com.br\/cbradar\/wp-json\/wp\/v2\/types\/post"}],"author":[{"embeddable":true,"href":"https:\/\/www.correiobraziliense.com.br\/cbradar\/wp-json\/wp\/v2\/users\/14"}],"replies":[{"embeddable":true,"href":"https:\/\/www.correiobraziliense.com.br\/cbradar\/wp-json\/wp\/v2\/comments?post=91926"}],"version-history":[{"count":1,"href":"https:\/\/www.correiobraziliense.com.br\/cbradar\/wp-json\/wp\/v2\/posts\/91926\/revisions"}],"predecessor-version":[{"id":91927,"href":"https:\/\/www.correiobraziliense.com.br\/cbradar\/wp-json\/wp\/v2\/posts\/91926\/revisions\/91927"}],"wp:featuredmedia":[{"embeddable":true,"href":"https:\/\/www.correiobraziliense.com.br\/cbradar\/wp-json\/wp\/v2\/media\/52641"}],"wp:attachment":[{"href":"https:\/\/www.correiobraziliense.com.br\/cbradar\/wp-json\/wp\/v2\/media?parent=91926"}],"wp:term":[{"taxonomy":"category","embeddable":true,"href":"https:\/\/www.correiobraziliense.com.br\/cbradar\/wp-json\/wp\/v2\/categories?post=91926"},{"taxonomy":"post_tag","embeddable":true,"href":"https:\/\/www.correiobraziliense.com.br\/cbradar\/wp-json\/wp\/v2\/post_tag?post=91926"}],"curies":[{"name":"wp","href":"https:\/\/api.w.org\/{rel}","templated":true}]}}