{"id":91944,"date":"2025-08-25T11:43:00","date_gmt":"2025-08-25T14:43:00","guid":{"rendered":"https:\/\/www.correiobraziliense.com.br\/cbradar\/?p=91944"},"modified":"2025-08-24T03:48:46","modified_gmt":"2025-08-24T06:48:46","slug":"a-cidade-imperial-brasileira-que-e-um-verdadeiro-tesouro-colonial","status":"publish","type":"post","link":"https:\/\/www.correiobraziliense.com.br\/cbradar\/a-cidade-imperial-brasileira-que-e-um-verdadeiro-tesouro-colonial\/","title":{"rendered":"A cidade imperial brasileira que \u00e9 um verdadeiro tesouro colonial"},"content":{"rendered":"\n<p><strong><a href=\"https:\/\/www.ouropreto.mg.gov.br\/portal\" target=\"_blank\" rel=\"noreferrer noopener\">Ouro Preto<\/a><\/strong>, na regi\u00e3o central de <strong>Minas Gerais<\/strong>, <strong>Brasil<\/strong>, a 100 km de <strong>Belo Horizonte<\/strong> e pr\u00f3xima \u00e0 <strong>Mariana<\/strong> e <strong>Congonhas<\/strong>, \u00e9 conhecida como \u201c<strong>Cidade Imperial<\/strong>\u201d. Com arquitetura barroca preservada e rica hist\u00f3ria colonial, <strong>Ouro Preto<\/strong> \u00e9 destino tur\u00edstico imperd\u00edvel. Vivencie o que torna esta cidade um patrim\u00f4nio da humanidade no cora\u00e7\u00e3o mineiro.<\/p>\n\n\n\n<ul class=\"wp-block-list\">\n<li>Patrim\u00f4nio Mundial da UNESCO com arquitetura colonial \u00fanica.<\/li>\n\n\n\n<li>Centro hist\u00f3rico preservado com igrejas barrocas centen\u00e1rias.<\/li>\n\n\n\n<li>Destino cultural com museus e tradi\u00e7\u00f5es art\u00edsticas seculares.<\/li>\n<\/ul>\n\n\n\n<h2 class=\"wp-block-heading\">Quais s\u00e3o as principais atra\u00e7\u00f5es tur\u00edsticas de Ouro Preto?<\/h2>\n\n\n\n<p>A <strong>Igreja S\u00e3o Francisco de Assis<\/strong> encanta com obras de <strong>Aleijadinho<\/strong> e pinturas de <strong>Mestre Ata\u00edde<\/strong>. \u00c9 considerada obra-prima do barroco mineiro, segundo o <strong>Melhores Destinos<\/strong>.<\/p>\n\n\n\n<p>A <strong>Mina da Passagem<\/strong> oferece experi\u00eancia \u00fanica em mina subterr\u00e2nea do s\u00e9culo XVIII. Seus 315 metros de profundidade revelam hist\u00f3ria da explora\u00e7\u00e3o aur\u00edfera colonial.<\/p>\n\n\n\n<p>O <strong>Museu da Inconfid\u00eancia<\/strong> preserva importante acervo sobre <strong>Tiradentes<\/strong> e Inconfid\u00eancia Mineira. Instalado na antiga <strong>Casa de C\u00e2mara e Cadeia<\/strong>, retrata per\u00edodo crucial da hist\u00f3ria brasileira.<\/p>\n\n\n\n<p>A <strong>Casa dos Contos<\/strong> abriga museu da moeda e importante arquivo hist\u00f3rico. Constru\u00e7\u00e3o colonial, serviu como casa de fundi\u00e7\u00e3o e pris\u00e3o de inconfidentes.<\/p>\n\n\n\n<p>O <strong>Teatro Municipal<\/strong> impressiona pela arquitetura e programa\u00e7\u00e3o cultural diversificada. Seu projeto neocl\u00e1ssico do s\u00e9culo XIX mant\u00e9m tradi\u00e7\u00e3o art\u00edstica centen\u00e1ria.<\/p>\n\n\n\n<ul class=\"wp-block-list\">\n<li><strong>Igreja S\u00e3o Francisco de Assis<\/strong>: Obra-prima barroca de Aleijadinho.<\/li>\n\n\n\n<li><strong>Mina da Passagem<\/strong>: Experi\u00eancia em mina colonial subterr\u00e2nea.<\/li>\n\n\n\n<li><strong>Museu da Inconfid\u00eancia<\/strong>: Acervo hist\u00f3rico sobre per\u00edodo colonial.<\/li>\n\n\n\n<li><strong>Casa dos Contos<\/strong>: Museu da moeda em constru\u00e7\u00e3o hist\u00f3rica.<\/li>\n\n\n\n<li><strong>Teatro Municipal<\/strong>: Patrim\u00f4nio arquitet\u00f4nico e cultural.<\/li>\n<\/ul>\n\n\n<div class=\"wp-block-image\">\n<figure class=\"aligncenter size-large\"><img decoding=\"async\" width=\"1024\" height=\"576\" src=\"https:\/\/www.correiobraziliense.com.br\/cbradar\/wp-content\/uploads\/2025\/02\/Ouro-Preto_1740200160283-1024x576.jpg\" alt=\"Arquitetura hist\u00f3rica e qualidade de vida em uma s\u00f3 cidade\" class=\"wp-image-4930\" srcset=\"https:\/\/www.correiobraziliense.com.br\/cbradar\/wp-content\/uploads\/2025\/02\/Ouro-Preto_1740200160283-1024x576.jpg 1024w, https:\/\/www.correiobraziliense.com.br\/cbradar\/wp-content\/uploads\/2025\/02\/Ouro-Preto_1740200160283-300x169.jpg 300w, https:\/\/www.correiobraziliense.com.br\/cbradar\/wp-content\/uploads\/2025\/02\/Ouro-Preto_1740200160283-768x432.jpg 768w, https:\/\/www.correiobraziliense.com.br\/cbradar\/wp-content\/uploads\/2025\/02\/Ouro-Preto_1740200160283-750x422.jpg 750w, https:\/\/www.correiobraziliense.com.br\/cbradar\/wp-content\/uploads\/2025\/02\/Ouro-Preto_1740200160283-1140x641.jpg 1140w, https:\/\/www.correiobraziliense.com.br\/cbradar\/wp-content\/uploads\/2025\/02\/Ouro-Preto_1740200160283.jpg 1280w\" sizes=\"(max-width: 1024px) 100vw, 1024px\" \/><figcaption class=\"wp-element-caption\">Ouro Preto \/\/ Cr\u00e9ditos: depositphotos.com \/ diegograndi<\/figcaption><\/figure><\/div>\n\n\n<h2 class=\"wp-block-heading\">Como \u00e9 a vida cultural em Ouro Preto?<\/h2>\n\n\n\n<p><strong>Ouro Preto<\/strong> vibra com o <strong>Festival de Inverno<\/strong>, que re\u00fane m\u00fasica cl\u00e1ssica e popular durante julho. As <strong>rep\u00fablicas estudantis<\/strong> da <strong>UFOP<\/strong> mant\u00eam tradi\u00e7\u00f5es centen\u00e1rias e vida acad\u00eamica intensa.<\/p>\n\n\n\n<p>O <strong>Carnaval de Ouro Preto<\/strong> transforma as ladeiras coloniais em palco de blocos tradicionais. Considerado um dos mais aut\u00eanticos do pa\u00eds, preserva caracter\u00edsticas originais do folguedo brasileiro.<\/p>\n\n\n\n<p>A gastronomia local destaca pratos da cozinha mineira como <strong>feij\u00e3o tropeiro<\/strong> e <strong>frango com quiabo<\/strong>. Restaurantes no centro hist\u00f3rico servem receitas transmitidas por gera\u00e7\u00f5es de cozinheiras tradicionais.<\/p>\n\n\n\n<figure class=\"wp-block-embed aligncenter is-type-video is-provider-youtube wp-block-embed-youtube wp-embed-aspect-16-9 wp-has-aspect-ratio\"><div class=\"wp-block-embed__wrapper\">\n<div class=\"jeg_video_container jeg_video_content\"><iframe loading=\"lazy\" title=\"Ouro Preto, Minas Gerais, Brasil 4K HDR Drone\" width=\"500\" height=\"281\" src=\"https:\/\/www.youtube.com\/embed\/9GY2_qO4-mw?start=4351&#038;feature=oembed\" frameborder=\"0\" allow=\"accelerometer; autoplay; clipboard-write; encrypted-media; gyroscope; picture-in-picture; web-share\" referrerpolicy=\"strict-origin-when-cross-origin\" allowfullscreen><\/iframe><\/div>\n<\/div><figcaption class=\"wp-element-caption\">Ouro Preto \/\/ Cr\u00e9ditos: YouTube @TheTMax<\/figcaption><\/figure>\n\n\n\n<h2 class=\"wp-block-heading\">Por que Ouro Preto \u00e9 refer\u00eancia em arte barroca?<\/h2>\n\n\n\n<p><strong>Ouro Preto<\/strong> concentra o maior conjunto de arte barroca das <strong>Am\u00e9ricas<\/strong>, segundo a <strong>Secretaria de Cultura de Minas Gerais<\/strong>. A cidade preserva obras de <strong>Aleijadinho<\/strong>, <strong>Mestre Ata\u00edde<\/strong> e outros artistas coloniais.<\/p>\n\n\n\n<p>As treze igrejas hist\u00f3ricas abrigam pinturas, esculturas e talhas douradas \u00fanicas. O <strong>Santu\u00e1rio do Bom Jesus de Matosinhos<\/strong> em <strong>Congonhas<\/strong> complementa o roteiro art\u00edstico regional.<\/p>\n\n\n\n<p>A <strong>Escola de Minas da UFOP<\/strong> forma especialistas em restaura\u00e7\u00e3o e conserva\u00e7\u00e3o. Seus laborat\u00f3rios desenvolvem t\u00e9cnicas para preserva\u00e7\u00e3o do patrim\u00f4nio hist\u00f3rico nacional.<\/p>\n\n\n<div class=\"wp-block-image\">\n<figure class=\"aligncenter size-large\"><img decoding=\"async\" width=\"1024\" height=\"576\" src=\"https:\/\/www.correiobraziliense.com.br\/cbradar\/wp-content\/uploads\/2025\/06\/ouro-preto_1749324894304-1024x576.jpg\" alt=\"\" class=\"wp-image-49816\" srcset=\"https:\/\/www.correiobraziliense.com.br\/cbradar\/wp-content\/uploads\/2025\/06\/ouro-preto_1749324894304-1024x576.jpg 1024w, https:\/\/www.correiobraziliense.com.br\/cbradar\/wp-content\/uploads\/2025\/06\/ouro-preto_1749324894304-300x169.jpg 300w, https:\/\/www.correiobraziliense.com.br\/cbradar\/wp-content\/uploads\/2025\/06\/ouro-preto_1749324894304-768x432.jpg 768w, https:\/\/www.correiobraziliense.com.br\/cbradar\/wp-content\/uploads\/2025\/06\/ouro-preto_1749324894304-750x422.jpg 750w, https:\/\/www.correiobraziliense.com.br\/cbradar\/wp-content\/uploads\/2025\/06\/ouro-preto_1749324894304-1140x641.jpg 1140w, https:\/\/www.correiobraziliense.com.br\/cbradar\/wp-content\/uploads\/2025\/06\/ouro-preto_1749324894304.jpg 1280w\" sizes=\"(max-width: 1024px) 100vw, 1024px\" \/><figcaption class=\"wp-element-caption\">Ouro Preto, Minas Gerais \/\/ Cr\u00e9ditos: depositphotos.com \/ fredpinheiro.hotmail.com.br<\/figcaption><\/figure><\/div>\n\n\n<h2 class=\"wp-block-heading\">A primeira capital de Minas Gerais<\/h2>\n\n\n\n<p><strong>Ouro Preto<\/strong> foi primeira capital de <strong>Minas Gerais<\/strong> de 1720 a 1897. A descoberta do ouro transformou o arraial em cidade mais rica do <strong>Brasil<\/strong> colonial.<\/p>\n\n\n\n<p>A <strong>Casa dos Governadores<\/strong> no <strong>Pal\u00e1cio dos Governadores<\/strong> administrava toda prov\u00edncia mineira. O poder pol\u00edtico e econ\u00f4mico concentrado atraiu artistas, intelectuais e comerciantes europeus.<\/p>\n\n\n\n<p>A transfer\u00eancia da capital para <strong>Belo Horizonte<\/strong> preservou o conjunto arquitet\u00f4nico colonial. O &#8220;abandono&#8221; pol\u00edtico salvou <strong>Ouro Preto<\/strong> da moderniza\u00e7\u00e3o destruidora do patrim\u00f4nio hist\u00f3rico.<\/p>\n\n\n<div class=\"wp-block-image\">\n<figure class=\"aligncenter size-large\"><img decoding=\"async\" width=\"1024\" height=\"576\" src=\"https:\/\/www.correiobraziliense.com.br\/cbradar\/wp-content\/uploads\/2025\/06\/ouro-preto_1749324881923-1024x576.jpg\" alt=\"\" class=\"wp-image-49817\" srcset=\"https:\/\/www.correiobraziliense.com.br\/cbradar\/wp-content\/uploads\/2025\/06\/ouro-preto_1749324881923-1024x576.jpg 1024w, https:\/\/www.correiobraziliense.com.br\/cbradar\/wp-content\/uploads\/2025\/06\/ouro-preto_1749324881923-300x169.jpg 300w, https:\/\/www.correiobraziliense.com.br\/cbradar\/wp-content\/uploads\/2025\/06\/ouro-preto_1749324881923-768x432.jpg 768w, https:\/\/www.correiobraziliense.com.br\/cbradar\/wp-content\/uploads\/2025\/06\/ouro-preto_1749324881923-750x422.jpg 750w, https:\/\/www.correiobraziliense.com.br\/cbradar\/wp-content\/uploads\/2025\/06\/ouro-preto_1749324881923-1140x641.jpg 1140w, https:\/\/www.correiobraziliense.com.br\/cbradar\/wp-content\/uploads\/2025\/06\/ouro-preto_1749324881923.jpg 1280w\" sizes=\"(max-width: 1024px) 100vw, 1024px\" \/><figcaption class=\"wp-element-caption\">Ouro Preto, Minas Gerais \/\/ Cr\u00e9ditos: depositphotos.com \/ fredpinheiro.hotmail.com.br<\/figcaption><\/figure><\/div>\n\n\n<h2 class=\"wp-block-heading\">Melhor \u00e9poca para visitar Ouro Preto?<\/h2>\n\n\n\n<p>Entre <strong>maio<\/strong> e <strong>agosto<\/strong>, <strong>Ouro Preto<\/strong> tem temperaturas entre 8\u202f\u00b0C e 22\u202f\u00b0C, segundo o <strong>Climatempo<\/strong>. Inverno \u00e9 ideal para caminhadas pelas ladeiras e visita\u00e7\u00e3o aos museus.<\/p>\n\n\n\n<p>O <strong>outono<\/strong> (mar\u00e7o a junho) apresenta clima seco e dias ensolarados, perfeitos para fotografias. Temperaturas amenas entre 12\u202f\u00b0C e 24\u202f\u00b0C favorecem passeios pelos monumentos hist\u00f3ricos.<\/p>\n\n\n\n<p>A <strong>primavera<\/strong> (setembro a dezembro) traz chuvas ocasionais que real\u00e7am o verde das montanhas. Temperaturas entre 16\u202f\u00b0C e 26\u202f\u00b0C s\u00e3o agrad\u00e1veis para explora\u00e7\u00e3o cultural.<\/p>\n\n\n\n<p>O <strong>ver\u00e3o<\/strong> pode ter chuvas frequentes, mas oferece vegeta\u00e7\u00e3o exuberante na <strong>Serra do Espinha\u00e7o<\/strong>. Per\u00edodo do <strong>Carnaval<\/strong> e festivais estudantis que animam a cidade hist\u00f3rica.<\/p>\n\n\n\n<p><strong>Leia tamb\u00e9m: <a href=\"https:\/\/www.correiobraziliense.com.br\/cbradar\/essa-cidade-paranaense-encanta-com-sua-qualidade-de-vida-excelente\/\" target=\"_blank\" rel=\"noreferrer noopener\">Essa cidade paranaense encanta com sua qualidade de vida excelente.<\/a><\/strong><\/p>\n\n\n\n<h2 class=\"wp-block-heading\">Por que morar em Ouro Preto?<\/h2>\n\n\n\n<p>Embora seja destino tur\u00edstico, <strong>Ouro Preto<\/strong> oferece qualidade de vida diferenciada. A presen\u00e7a da <strong>UFOP<\/strong> garante movimento cultural permanente e oportunidades educacionais.<\/p>\n\n\n\n<p>O custo de vida \u00e9 menor comparado \u00e0s capitais, especialmente em moradia. Casas coloniais adaptadas e apartamentos modernos atendem diferentes perfis de moradores.<\/p>\n\n\n\n<p>A proximidade de <strong>Belo Horizonte<\/strong> facilita acesso a servi\u00e7os especializados. O <strong>Trem da Vale<\/strong> conecta diariamente as duas cidades em viagem c\u00eanica pela montanha.<\/p>\n\n\n\n<h2 class=\"wp-block-heading\">Vivencie Ouro Preto<\/h2>\n\n\n\n<p><strong>Ouro Preto<\/strong> preserva tr\u00eas s\u00e9culos de hist\u00f3ria brasileira em <strong>Minas Gerais<\/strong>. Das igrejas barrocas aos museus, do <strong>Carnaval<\/strong> \u00e0 <strong>UFOP<\/strong>, \u00e9 patrim\u00f4nio vivo da humanidade. Planeje sua viagem para vivenciar o charme da <strong>Cidade Imperial<\/strong> que encanta o mundo.<\/p>\n\n\n\n<ul class=\"wp-block-list\">\n<li>Patrim\u00f4nio Mundial da UNESCO com arquitetura \u00fanica.<\/li>\n\n\n\n<li>Arte barroca preservada em museus e igrejas hist\u00f3ricas.<\/li>\n\n\n\n<li>Vida universit\u00e1ria que mant\u00e9m tradi\u00e7\u00f5es seculares vivas.<\/li>\n<\/ul>\n","protected":false},"excerpt":{"rendered":"<p>Ouro Preto, na regi\u00e3o central de Minas Gerais, Brasil, a 100 km de Belo Horizonte e pr\u00f3xima \u00e0 Mariana e Congonhas, \u00e9 conhecida como \u201cCidade Imperial\u201d. Com arquitetura barroca preservada e rica hist\u00f3ria colonial, Ouro Preto \u00e9 destino tur\u00edstico imperd\u00edvel. Vivencie o que torna esta cidade um patrim\u00f4nio da humanidade no cora\u00e7\u00e3o mineiro. Quais s\u00e3o [&hellip;]<\/p>\n","protected":false},"author":8,"featured_media":4931,"comment_status":"open","ping_status":"open","sticky":false,"template":"","format":"standard","meta":{"_yoast_wpseo_focuskw":"cidade","_yoast_wpseo_title":"","_yoast_wpseo_metadesc":"Conhe\u00e7a a cidade imperial que \u00e9 um tesouro do Brasil colonial, repleta de hist\u00f3ria, charme e riquezas culturais preservadas.","jnews-multi-image_gallery":[],"jnews_single_post":{"format":"standard"},"jnews_primary_category":[],"jnews_social_meta":[],"jnews_override_counter":[],"footnotes":""},"categories":[108,111],"post_tag":[225,7574,388,963],"class_list":["post-91944","post","type-post","status-publish","format-standard","has-post-thumbnail","hentry","category-cidades","category-turismo","tag-brasil","tag-cidade-colonial","tag-minas-gerais","tag-ouro-preto"],"yoast_head":"<!-- This site is optimized with the Yoast SEO plugin v24.6 - https:\/\/yoast.com\/wordpress\/plugins\/seo\/ -->\n<title>A cidade imperial brasileira que \u00e9 um verdadeiro tesouro colonial - Correio Braziliense - Radar<\/title>\n<meta name=\"description\" content=\"Conhe\u00e7a a cidade imperial que \u00e9 um tesouro do Brasil colonial, repleta de hist\u00f3ria, charme e riquezas culturais preservadas.\" \/>\n<meta name=\"robots\" content=\"index, follow, max-snippet:-1, max-image-preview:large, max-video-preview:-1\" \/>\n<link rel=\"canonical\" href=\"https:\/\/www.correiobraziliense.com.br\/cbradar\/a-cidade-imperial-brasileira-que-e-um-verdadeiro-tesouro-colonial\/\" \/>\n<meta property=\"og:locale\" content=\"pt_BR\" \/>\n<meta property=\"og:type\" content=\"article\" \/>\n<meta property=\"og:title\" content=\"A cidade imperial brasileira que \u00e9 um verdadeiro tesouro colonial - Correio Braziliense - Radar\" \/>\n<meta property=\"og:description\" content=\"Conhe\u00e7a a cidade imperial que \u00e9 um tesouro do Brasil colonial, repleta de hist\u00f3ria, charme e riquezas culturais preservadas.\" \/>\n<meta property=\"og:url\" content=\"https:\/\/www.correiobraziliense.com.br\/cbradar\/a-cidade-imperial-brasileira-que-e-um-verdadeiro-tesouro-colonial\/\" \/>\n<meta property=\"og:site_name\" content=\"Correio Braziliense - Radar\" \/>\n<meta property=\"article:published_time\" content=\"2025-08-25T14:43:00+00:00\" \/>\n<meta property=\"og:image\" content=\"https:\/\/www.correiobraziliense.com.br\/cbradar\/wp-content\/uploads\/2025\/02\/Ouro-Preto_1740200148774.jpg\" \/>\n\t<meta property=\"og:image:width\" content=\"1280\" \/>\n\t<meta property=\"og:image:height\" content=\"720\" \/>\n\t<meta property=\"og:image:type\" content=\"image\/jpeg\" \/>\n<meta name=\"author\" content=\"Maura Pereira\" \/>\n<meta name=\"twitter:card\" content=\"summary_large_image\" \/>\n<meta name=\"twitter:label1\" content=\"Escrito por\" \/>\n\t<meta name=\"twitter:data1\" content=\"Maura Pereira\" \/>\n\t<meta name=\"twitter:label2\" content=\"Est. tempo de leitura\" \/>\n\t<meta name=\"twitter:data2\" content=\"6 minutos\" \/>\n<!-- \/ Yoast SEO plugin. -->","yoast_head_json":{"title":"A cidade imperial brasileira que \u00e9 um verdadeiro tesouro colonial - Correio Braziliense - Radar","description":"Conhe\u00e7a a cidade imperial que \u00e9 um tesouro do Brasil colonial, repleta de hist\u00f3ria, charme e riquezas culturais preservadas.","robots":{"index":"index","follow":"follow","max-snippet":"max-snippet:-1","max-image-preview":"max-image-preview:large","max-video-preview":"max-video-preview:-1"},"canonical":"https:\/\/www.correiobraziliense.com.br\/cbradar\/a-cidade-imperial-brasileira-que-e-um-verdadeiro-tesouro-colonial\/","og_locale":"pt_BR","og_type":"article","og_title":"A cidade imperial brasileira que \u00e9 um verdadeiro tesouro colonial - Correio Braziliense - Radar","og_description":"Conhe\u00e7a a cidade imperial que \u00e9 um tesouro do Brasil colonial, repleta de hist\u00f3ria, charme e riquezas culturais preservadas.","og_url":"https:\/\/www.correiobraziliense.com.br\/cbradar\/a-cidade-imperial-brasileira-que-e-um-verdadeiro-tesouro-colonial\/","og_site_name":"Correio Braziliense - Radar","article_published_time":"2025-08-25T14:43:00+00:00","og_image":[{"width":1280,"height":720,"url":"https:\/\/www.correiobraziliense.com.br\/cbradar\/wp-content\/uploads\/2025\/02\/Ouro-Preto_1740200148774.jpg","type":"image\/jpeg"}],"author":"Maura Pereira","twitter_card":"summary_large_image","twitter_misc":{"Escrito por":"Maura Pereira","Est. tempo de leitura":"6 minutos"},"schema":{"@context":"https:\/\/schema.org","@graph":[{"@type":"WebPage","@id":"https:\/\/www.correiobraziliense.com.br\/cbradar\/a-cidade-imperial-brasileira-que-e-um-verdadeiro-tesouro-colonial\/","url":"https:\/\/www.correiobraziliense.com.br\/cbradar\/a-cidade-imperial-brasileira-que-e-um-verdadeiro-tesouro-colonial\/","name":"A cidade imperial brasileira que \u00e9 um verdadeiro tesouro colonial - Correio Braziliense - Radar","isPartOf":{"@id":"https:\/\/www.correiobraziliense.com.br\/cbradar\/#website"},"primaryImageOfPage":{"@id":"https:\/\/www.correiobraziliense.com.br\/cbradar\/a-cidade-imperial-brasileira-que-e-um-verdadeiro-tesouro-colonial\/#primaryimage"},"image":{"@id":"https:\/\/www.correiobraziliense.com.br\/cbradar\/a-cidade-imperial-brasileira-que-e-um-verdadeiro-tesouro-colonial\/#primaryimage"},"thumbnailUrl":"https:\/\/www.correiobraziliense.com.br\/cbradar\/wp-content\/uploads\/2025\/02\/Ouro-Preto_1740200148774.jpg","datePublished":"2025-08-25T14:43:00+00:00","author":{"@id":"https:\/\/www.correiobraziliense.com.br\/cbradar\/#\/schema\/person\/4053c651a9bfc785afc6f4cbc9032fd3"},"description":"Conhe\u00e7a a cidade imperial que \u00e9 um tesouro do Brasil colonial, repleta de hist\u00f3ria, charme e riquezas culturais preservadas.","breadcrumb":{"@id":"https:\/\/www.correiobraziliense.com.br\/cbradar\/a-cidade-imperial-brasileira-que-e-um-verdadeiro-tesouro-colonial\/#breadcrumb"},"inLanguage":"pt-BR","potentialAction":[{"@type":"ReadAction","target":["https:\/\/www.correiobraziliense.com.br\/cbradar\/a-cidade-imperial-brasileira-que-e-um-verdadeiro-tesouro-colonial\/"]}]},{"@type":"ImageObject","inLanguage":"pt-BR","@id":"https:\/\/www.correiobraziliense.com.br\/cbradar\/a-cidade-imperial-brasileira-que-e-um-verdadeiro-tesouro-colonial\/#primaryimage","url":"https:\/\/www.correiobraziliense.com.br\/cbradar\/wp-content\/uploads\/2025\/02\/Ouro-Preto_1740200148774.jpg","contentUrl":"https:\/\/www.correiobraziliense.com.br\/cbradar\/wp-content\/uploads\/2025\/02\/Ouro-Preto_1740200148774.jpg","width":1280,"height":720,"caption":"Em Ouro Preto, explore igrejas barrocas, museus e o charme das ladeiras cheias de hist\u00f3ria. \/\/ Cr\u00e9ditos: depositphotos.com \/ diegograndi"},{"@type":"BreadcrumbList","@id":"https:\/\/www.correiobraziliense.com.br\/cbradar\/a-cidade-imperial-brasileira-que-e-um-verdadeiro-tesouro-colonial\/#breadcrumb","itemListElement":[{"@type":"ListItem","position":1,"name":"In\u00edcio","item":"https:\/\/www.correiobraziliense.com.br\/cbradar\/"},{"@type":"ListItem","position":2,"name":"A cidade imperial brasileira que \u00e9 um verdadeiro tesouro colonial"}]},{"@type":"WebSite","@id":"https:\/\/www.correiobraziliense.com.br\/cbradar\/#website","url":"https:\/\/www.correiobraziliense.com.br\/cbradar\/","name":"Correio Braziliense - Radar","description":"Acompanhe as \u00faltimas not\u00edcias e fique bem informado sobre tudo o que acontece no Brasil e no mundo.","potentialAction":[{"@type":"SearchAction","target":{"@type":"EntryPoint","urlTemplate":"https:\/\/www.correiobraziliense.com.br\/cbradar\/?s={search_term_string}"},"query-input":{"@type":"PropertyValueSpecification","valueRequired":true,"valueName":"search_term_string"}}],"inLanguage":"pt-BR"},{"@type":"Person","@id":"https:\/\/www.correiobraziliense.com.br\/cbradar\/#\/schema\/person\/4053c651a9bfc785afc6f4cbc9032fd3","name":"Maura Pereira","image":{"@type":"ImageObject","inLanguage":"pt-BR","@id":"https:\/\/www.correiobraziliense.com.br\/cbradar\/#\/schema\/person\/image\/","url":"https:\/\/secure.gravatar.com\/avatar\/3effd6bdadfa447f15089c7f7144eaa6?s=96&d=mm&r=g","contentUrl":"https:\/\/secure.gravatar.com\/avatar\/3effd6bdadfa447f15089c7f7144eaa6?s=96&d=mm&r=g","caption":"Maura Pereira"},"sameAs":["https:\/\/www.correiobraziliense.com.br\/"],"url":"https:\/\/www.correiobraziliense.com.br\/cbradar\/author\/mauramyth\/"}]}},"_links":{"self":[{"href":"https:\/\/www.correiobraziliense.com.br\/cbradar\/wp-json\/wp\/v2\/posts\/91944","targetHints":{"allow":["GET"]}}],"collection":[{"href":"https:\/\/www.correiobraziliense.com.br\/cbradar\/wp-json\/wp\/v2\/posts"}],"about":[{"href":"https:\/\/www.correiobraziliense.com.br\/cbradar\/wp-json\/wp\/v2\/types\/post"}],"author":[{"embeddable":true,"href":"https:\/\/www.correiobraziliense.com.br\/cbradar\/wp-json\/wp\/v2\/users\/8"}],"replies":[{"embeddable":true,"href":"https:\/\/www.correiobraziliense.com.br\/cbradar\/wp-json\/wp\/v2\/comments?post=91944"}],"version-history":[{"count":18,"href":"https:\/\/www.correiobraziliense.com.br\/cbradar\/wp-json\/wp\/v2\/posts\/91944\/revisions"}],"predecessor-version":[{"id":92071,"href":"https:\/\/www.correiobraziliense.com.br\/cbradar\/wp-json\/wp\/v2\/posts\/91944\/revisions\/92071"}],"wp:featuredmedia":[{"embeddable":true,"href":"https:\/\/www.correiobraziliense.com.br\/cbradar\/wp-json\/wp\/v2\/media\/4931"}],"wp:attachment":[{"href":"https:\/\/www.correiobraziliense.com.br\/cbradar\/wp-json\/wp\/v2\/media?parent=91944"}],"wp:term":[{"taxonomy":"category","embeddable":true,"href":"https:\/\/www.correiobraziliense.com.br\/cbradar\/wp-json\/wp\/v2\/categories?post=91944"},{"taxonomy":"post_tag","embeddable":true,"href":"https:\/\/www.correiobraziliense.com.br\/cbradar\/wp-json\/wp\/v2\/post_tag?post=91944"}],"curies":[{"name":"wp","href":"https:\/\/api.w.org\/{rel}","templated":true}]}}